{"id":10397,"date":"2017-05-15T18:32:29","date_gmt":"2017-05-15T21:32:29","guid":{"rendered":"http:\/\/www.jornalrol.com.br\/?p=10397"},"modified":"2023-05-29T09:57:58","modified_gmt":"2023-05-29T12:57:58","slug":"usp-promove-de-3-a-6-de-outubro-na-cidade-universitaria-o-simposio-cem-anos-que-abalaram-o-mundo","status":"publish","type":"post","link":"http:\/\/jornalrol.com.br\/?p=10397","title":{"rendered":"USP promove, de 3 a 6 de outubro, na Cidade Universit\u00e1ria, o Simp\u00f3sio &#039;Cem anos que abalaram o mundo&#039;"},"content":{"rendered":"<div class=\"pdfprnt-buttons pdfprnt-buttons-post pdfprnt-top-right\"><a href=\"http:\/\/jornalrol.com.br\/index.php?rest_route=%2Fwp%2Fv2%2Fposts%2F10397&print=pdf\" class=\"pdfprnt-button pdfprnt-button-pdf\" target=\"_blank\" ><\/a><a href=\"http:\/\/jornalrol.com.br\/index.php?rest_route=%2Fwp%2Fv2%2Fposts%2F10397&print=print\" class=\"pdfprnt-button pdfprnt-button-print\" target=\"_blank\" ><img decoding=\"async\" src=\"https:\/\/jornalrol.com.br\/wp-content\/plugins\/pdf-print\/images\/print.png\" alt=\"image_print\" title=\"Conte\u00fado de impress\u00e3o\" \/><\/a><\/div><h2 style=\"text-align: center;\"><strong> <a href=\"http:\/\/www.jornalrol.com.br\/wp-content\/uploads\/2017\/05\/logo_1_0.png\"><img loading=\"lazy\" decoding=\"async\" class=\"size-medium wp-image-10398 aligncenter\" src=\"http:\/\/www.jornalrol.com.br\/wp-content\/uploads\/2017\/05\/logo_1_0-300x212.png\" alt=\"\" width=\"300\" height=\"212\" \/><\/a><\/strong><\/h2>\n<h2 style=\"text-align: center;\"><strong>\u00a0<\/strong><strong>USP promove o Simp\u00f3sio &#8216;Cem anos que abalaram o mundo&#8217;, visando discutir os cem anos da Revolu\u00e7\u00e3o Russa de 1917\u00a0<\/strong><\/h2>\n<p><!--more--><\/p>\n<p>&nbsp;<\/p>\n<p><strong>3\u00aa. Feira \/ 3 de outubro<\/strong><\/p>\n<p>9:00 hs. (AH): <strong>A REVOLU\u00c7\u00c3O DE OUTUBRO ENTRE UTOPIA E HIST\u00d3RIA<\/strong>: Osvaldo Coggiola (Universidade de S\u00e3o Paulo) Debatedor: Rodrigo Ricupero<\/p>\n<p>9:00 hs. (ANS):<strong> MARX E A R\u00daSSIA:<\/strong> Danilo Nakamura, Ricardo Martins Rizzo, Paulo Barsotti, Luis Antonio Costa<\/p>\n<p>9:00 hs. (AG): <strong>POPULISMO E MARXISMO NA R\u00daSSIA:<\/strong> L\u00facio Flavio de Almeida, Cl\u00e1udio Maia, Andr\u00e9 Keysel, Henrique Canary, Ram\u00f3n Pe\u00f1a Castro<\/p>\n<p>9:00 hs. (CPJ):<strong> A REVOLU\u00c7\u00c3O RUSSA E OS<\/strong> <strong>EUA:<\/strong> Sean Purdy, Mary Anne Junqueira, Elizabeth Cancelli, Rodrigo Medina Zagni<\/p>\n<p>9:00 &#8211; 13:00 (SV): <strong>Comunica\u00e7\u00f5es Livres<\/strong><\/p>\n<p>14:00 hs. (AH): <strong>A CONTROV\u00c9RSIA ENTRE ESLAV\u00d3FILOS, OCIDENTALISTAS E EURASIANISTAS:<\/strong> Angelo Segrillo, Giuliana T. de Almeida, Priscila Nascimento Marques, Lucas Simone<\/p>\n<p>14:00 hs. (AG):<strong> REVOLU\u00c7\u00c3O SOVI\u00c9TICA, MEIO AMBIENTE E ORGANIZA\u00c7\u00c3O ESPACIAL: <\/strong>Elvio Rodrigues Martins, Ruy Moreira, Carlos Walter Porto Gon\u00e7alves, Douglas Santos<\/p>\n<p>14:00 hs. (ANS): <strong>A REVOLU\u00c7\u00c3O SOVI\u00c9TICA E A EDUCA\u00c7\u00c3O:<\/strong> Ana Paula Hey, \u00cdtalo de Aquino, Roberto Lehrer, Julio Turra, C\u00e9sar Minto<\/p>\n<p>14:00 hs. (CPJ): <strong>A REVOLU\u00c7\u00c3O DE OUTUBRO E A EMANCIPA\u00c7\u00c3O DOS JUDEUS:<\/strong> Arlene Clemesha, Saul Kirschbaum, Samuel Feldberg, Jayme Brener<\/p>\n<p>14:00 hs. (SV): <strong>O SIL\u00caNCIO DOS VENCIDOS: OS COMUNISTAS E A REVOLU\u00c7\u00c3O DE 1930:<\/strong> Marcos A. Silva, Helo\u00edsa Faria Cruz, Jos\u00e9 Carlos Barreiro, Marco Aurelio Garcia, Sergio Alves de Souza<\/p>\n<p>17:00 hs. (AH): <strong>REVOLU\u00c7\u00c3O RUSSA E INTELECTUAIS BRASILEIROS:<\/strong>Luiz Bernardo Peric\u00e1s, Deni Rubbo, Rafael Bivar Marquese, Angelica Lovatto<\/p>\n<p>17:00 hs. (AG): <strong>ROSA LUXEMBURGO, GEORG LUK\u00c1CS, WALTER BENJAMIN E A REVOLU\u00c7\u00c3O DE OUTUBRO:<\/strong> Isabel Loureiro, Jorge Grespan, Francisco Alambert, Wolfgang Leo Maar<\/p>\n<p>17:00 hs. (ANS): <strong>UMA \u201cREVOLU\u00c7\u00c3O CONTRA <em>O CAPITAL<\/em>\u201d? GRAMSCI E A REVOLU\u00c7\u00c3O RUSSA: <\/strong>\u00c1lvaro Bianchi (Unicamp) Debatedor: C\u00edcero Ara\u00fajo<\/p>\n<p>17:00 hs. (CPJ):\u00a0 <strong>A NOVA POL\u00cdTICA ECON\u00d4MICA (NEP) 1921-1929:<\/strong>Joana Salem Vasconcellos, Marcos Cordeiro Pires, Luiz E. Sim\u00f5es de Souza, Andr\u00e9 Martins, Glaudionor Barbosa<\/p>\n<p>17:00 hs. (SV): <strong>A REVOLU\u00c7\u00c3O E A URSS EM CONTRACULTURAS:<\/strong>Adri\u00e1n Pablo Fanjul, Andr\u00e9ia Menezes, Larissa Locosselli, Jos\u00e9 Mauricio Rocha<\/p>\n<p>17:00 hs. (CAPH): <strong>A REVOLU\u00c7\u00c3O H\u00daNGARA DE 1919:<\/strong> Tibor Rabockzai (Universidade de S\u00e3o Paulo) Debatedor: Everaldo de Andrade<\/p>\n<p>19:30 hs. (AH): <strong>A CULTURA E AS ARTES NA UNI\u00c3O SOVI\u00c9TICA:<\/strong> Clara de Freitas Figueiredo, Thyago Mar\u00e3o Villela, Peterson Pessoa, Marcos Napolitano, Luiz Renato Martins<\/p>\n<p>19:30 hs. (ANS): <strong>CAMPESINATO E QUEST\u00c3O AGR\u00c1RIA NA R\u00daSSIA:<\/strong>Ariovaldo Umbelino de Oliveira, Manoel Fernandes, Carlos Borba, Val\u00e9ria De Marcos, Gilmar Mauro<\/p>\n<p>19:30 hs. (AG): <strong>1917 EM S\u00c3O PAULO, GREVE GERAL:<\/strong> Cl\u00e1udio Batalha, Christina Roquette Lopreato, Luigi Biondi, Eujacio Silveira, Bruno Rodrigo, Gilberto Maringoni, com estreia do filme <strong><em>1917, a Greve Geral<\/em><\/strong>, de Carlos Pronzato, e relan\u00e7amento de <strong><em>O Ano Vermelho<\/em><\/strong> de Luiz Alberto Moniz Bandeira<\/p>\n<p>19:30 hs. (CPJ): <strong>A REVOLU\u00c7\u00c3O DE OUTUBRO E A FRAN\u00c7A:<\/strong> G\u00e9rard Goujon (\u00c9ducation Nationale, Fran\u00e7a) Debatedor: Carlos A. Zeron<\/p>\n<p>19:30 hs. (SV): <strong>A REVOLU\u00c7\u00c3O RUSSA E AS EDI\u00c7\u00d5ES MARXISTAS:<\/strong>Marisa Midori Deaecto, Lincoln Secco, Flamarion Mau\u00e9s, Dainis Karepovs<\/p>\n<p>19:30 hs. (CAPH): <strong>CHE GUEVARA E A REVOLU\u00c7\u00c3O RUSSA:<\/strong> Roberto Massari (Funda\u00e7\u00e3o Internacional Che Guevara) Debatedor: Luiz Bernardo Peric\u00e1s<\/p>\n<p>&nbsp;<\/p>\n<p><strong>4\u00aa. Feira \/ 4 de outubro<\/strong><\/p>\n<p>9:00 hs. (AH): <strong>REVOLU\u00c7\u00c3O RUSSA E REVOLU\u00c7\u00c3O ALEM\u00c3:<\/strong> Ricardo Musse, Luiz Enrique Vieira de Souza, Felipe Demier, Fabio Mascaro Querido<\/p>\n<p>9:00 hs. (ANS): <strong>A REVOLU\u00c7\u00c3O RUSSA E O CINEMA:<\/strong> Marcos A. Silva, Mauricio Cardoso, Wagner Pinheiro Pereira, Alessandro Gamo<\/p>\n<p>9:00 hs. (AG): <strong>A REVOLU\u00c7\u00c3O SOVI\u00c9TICA E O EXTREMO ORIENTE:<\/strong>Andrea Longobardi, Wladimir Pomar, Luciano Martorano, Shu Sheng, Fernando Leit\u00e3o<\/p>\n<p>9:00 hs. (CPJ):<strong> JOHN REED, GEORGE ORWELL E OUTRAS ESCRITAS SOBRE A REVOLU\u00c7\u00c3O: <\/strong>Daniel Puglia, Marcos C\u00e9sar Soares, Tercio Redondo, Ros\u00e2ngela Sarteschi, Matheus Cardoso da Silva<\/p>\n<p>9:00 &#8211; 13:00 (SV): <strong>Comunica\u00e7\u00f5es Livres<\/strong><\/p>\n<p>14:00 hs. (AH): <strong>A REVOLU\u00c7\u00c3O DE OUTUBRO E OS B\u00c1LC\u00c3S:<\/strong> Savas Michael-Matsas (Centro Christian Rakovsky, Atenas) Debatedor: Rodrigo Medina Zagni<\/p>\n<p>14:00 hs. (ANS): <strong>DA COMUNA AOS SOVIETS, DE MARX A MARCUSE:<\/strong>Wolfgang Leo Maar (Universidade Federal de S\u00e3o Carlos) Debatedora: Sara Albieri<\/p>\n<p>14:00 hs. (AG): <strong>A DERROTA<\/strong> <strong>DO OUTUBRO ALEM\u00c3O:<\/strong> Isabel Loureiro (Unesp) Debatedora: Rosa Rosa Gomes<\/p>\n<p>14:00 hs. (CPJ): <strong>A REVOLU\u00c7\u00c3O DE OUTUBRO E O MUNDO \u00c1RABE E MU\u00c7ULMANO:<\/strong> Reginaldo Nasser, Malcon Arriaga, Aldo Sauda, Paulo Farah<\/p>\n<p>14:00 hs. (SV): <strong>CAPITAL FINANCEIRO E IMPERIALISMO, GUERRA MUNDIAL E REVOLU\u00c7\u00c3O:<\/strong> Edmilson Costa, Sofia Manzano, Apoena Cosenza, F\u00e1tima Previdelli<\/p>\n<p>17:00 hs. (AH): <strong>REVOLU\u00c7\u00c3O RUSSA E REVOLU\u00c7\u00c3O MUNDIAL: REVOLU\u00c7\u00c3O PERMANENTE?<\/strong> Daniel Gaido (Universidad de C\u00f3rdoba) Debatedor: Jo\u00e3o Machado<\/p>\n<p>17:00 hs. (AG): <strong>VANGUARDAS RUSSAS MODERNISTAS E REALISMO SOCIALISTA:<\/strong> Bruno Gomide, Rubens Machado, Francisco Foot Hardman, Quezia Brand\u00e3o, Valentim Facioli<\/p>\n<p>17:00 hs. (ANS): <strong>REVOLU\u00c7\u00c3O SOVI\u00c9TICA E REVOLU\u00c7\u00c3O ESPANHOLA:<\/strong> Ant\u00f4nio Rago, Ana L\u00facia Gomes Muniz, Fernando Camargo, Ivan Rodrigues Martin, Ismara Izepe de Souza<\/p>\n<p>17:00 hs. (CPJ): <strong>A REVOLU\u00c7\u00c3O DE OUTUBRO E O IMP\u00c9RIO OTOMANO:<\/strong> Heitor Carvalho Loureiro, Jos\u00e9 Farhat, Ramez Philippe Maaluf, Soraya Misleh, Nelson Bacic Olic<\/p>\n<p>17:00 hs. (SV): <strong>1989-1991: FIM DO MARXISMO?<\/strong> Mariano Schlez (Universidad del Sur, Argentina) Debatedora: Paula Marcelino<\/p>\n<p>17:00 hs. (CAPH): <strong>A REVOLU\u00c7\u00c3O DE OUTUBRO E A HOMOSSEXUALIDADE:<\/strong> Wilson Hon\u00f3rio da Silva (Faculdades Integradas Guarulhos) Debatedoras: Amanda Palha e Gisele Sanfroni<\/p>\n<p>19:30 hs. (AH): <strong>REVOLU\u00c7\u00c3O RUSSA E INTELECTUALIDADE EUROPEIA:<\/strong> Vladimir Safatle &#8211; Paulo Arantes (Universidade de S\u00e3o Paulo)<\/p>\n<p>19:30 hs. (ANS): <strong>O BOLCHEVISMO: AVATAR POL\u00cdTICO OU ALTERNATIVA HIST\u00d3RICA? <\/strong>\u00a0Jorge Altamira (Universidad Obrera, Buenos Aires) Debatedor: Antonio Bertelli<\/p>\n<p>19:30 hs. (AG): <strong>A<\/strong> <strong>URSS E A REVOLU\u00c7\u00c3O CUBANA:<\/strong> \u00c1quilas Mendes, Ram\u00f3n Pe\u00f1a Castro, Carlos Alberto Bar\u00e3o, Jos\u00e9 R. Mao Jr, Stella Grenat (Universidad de Buenos Aires)<\/p>\n<p>19:30 hs. (CPJ): <strong>O PCB E A UNI\u00c3O SOVI\u00c9TICA:<\/strong> Milton Pinheiro, Carlos Fernando Quadros, Marcus Dezemone, Augusto Buonicuore, Marly Vianna<\/p>\n<p>19:30 hs. (SV): <strong>REVOLU\u00c7\u00d5ES: AS ESQUINAS PERIGOSAS DA HIST\u00d3RIA:<\/strong> Val\u00e9rio Arcary (Instituto Federal de Educa\u00e7\u00e3o, Ci\u00eancia e Tecnologia) Debatedores: Valter Pomar e Ana Carolina Ramos<\/p>\n<p>19:30 hs. (CAPH): <strong>CONSELHISTAS, ANARQUISTAS E REVOLU\u00c7\u00c3O RUSSA:<\/strong> Margareth Rago, Felipe Correa, Gabriel Zacarias, Ricardo Rugai<\/p>\n<p>&nbsp;<\/p>\n<p><strong>5\u00aa<\/strong><strong>. Feira \/ 5 de outubro<\/strong><\/p>\n<p>9:00 hs. (AH): <strong>REVOLU\u00c7\u00c3O E CI\u00caNCIA SOVI\u00c9TICA:<\/strong> Pedro Ramos, Gildo Magalh\u00e3es, Jo\u00e3o Zanetic, Marcia Regina Barros da Silva, Francisco de Assis Queiroz, Douglas Anfra<\/p>\n<p>9:00 hs. (AG): <strong>LITERATURA RUSSA E REVOLU\u00c7\u00c3O:<\/strong> Arlete Cavaliere, No\u00e9 Oliveira Policarpo Polli, Fatima Bianchi, M\u00e1rio Ramos Francisco Jr<\/p>\n<p>9:00 hs. (ANS): <strong>OS ESPORTES NA UNI\u00c3O SOVI\u00c9TICA:<\/strong> Fl\u00e1vio de Campos, Luiz Henrique de Toledo, Wagner Xavier Camargo, Jos\u00e9 Carlos Marques<\/p>\n<p>9:00 hs. (CPJ): <strong>OPOSI\u00c7\u00c3O DE ESQUERDA E TROTSKISMO NO BRASIL:<\/strong>Tullo Vigevani, Dainis Karepovs, Jos\u00e9 Castilho Marques Neto, Felipe Gallindo, Iram J\u00e1come Rodrigues<\/p>\n<p>9:00 hs. (SV): <strong>AS REBELI\u00d5ES ANTIBUROCR\u00c1TICAS NA EUROPA ORIENTAL: <\/strong>Jo\u00e3o Pedro Bueno, Francine Iegelski. Osvaldo Coggiola, Tibor Rabockzai<\/p>\n<p>14:00 hs. (AH): <strong>AS MULHERES NA REVOLU\u00c7\u00c3O RUSSA:<\/strong> Joana El-Jaick Andrade, Alana Moraes, Daniela Mussi, Diana Assun\u00e7\u00e3o, Iole Il\u00edada<\/p>\n<p>14:00 hs. (AG): <strong>LYSSENKO E O DRAMA DA GEN\u00c9TICA SOVI\u00c9TICA:<\/strong>Boris Vargaftig (ICB \u2013 USP) Debatedores: Carlos Winter e Fabio Andrioni<\/p>\n<p>14:00 hs. (ANS): <strong>O BOLCHEVISMO, A COMINTERN E A QUEST\u00c3O NEGRA:<\/strong> Emerson Santos, Wilson Hon\u00f3rio da Silva, Eduardo Janu\u00e1rio, Fernando Frias, Aru\u00e3 de Lima, Claudiceia Durans<\/p>\n<p>14:00 hs. (CPJ): <strong>IT\u00c1LIA: CONSELHOS OPER\u00c1RIOS E PARTIDO COMUNISTA:<\/strong> Jos\u00e9 L. del Roio, Francesco Schettino, Elisabetta Santoro, Homero Santiago<\/p>\n<p>14:00 hs. (SV): <strong>HUMOR RUSSO E HUMOR SOVI\u00c9TICO<\/strong>: Elias Thom\u00e9 Saliba (Universidade de S\u00e3o Paulo) Debatedor: Francisco Alambert<\/p>\n<p>17:00 hs. (AH): <strong>A UNI\u00c3O SOVI\u00c9TICA E A \u00c1FRICA:<\/strong> Marina Gusm\u00e3o de Mendon\u00e7a, Leila Hernandez, Maria Cristina Wissenbach, T\u00e2nia Macedo, Jos\u00e9 Luiz Caba\u00e7o, Carlos Alberto Bar\u00e3o<\/p>\n<p>17:00 hs. (AG): <strong>IMPERIALISMO E CRISE CAPITALISTA: A ERA DAS REVOLU\u00c7\u00d5ES:<\/strong> Francesco Schettino (Universit\u00e0 di Campania) Debatedora: Sofia Manzano<\/p>\n<p>17:00 hs. (ANS): <strong>FIM DO COMUNISMO OU COLAPSO DA MODERNIZA\u00c7\u00c3O? <\/strong>Carlos de Almeida Toledo, Anselmo Alfredo, Marildo Menegat, Virg\u00ednia Fontes<\/p>\n<p>17:00 hs. (CPJ): <strong>LENIN E LENINISMO: O QUE FAZER? <\/strong>Anderson Deo, Antonio Carlos Mazzeo, Val\u00e9rio Arcary, Andr\u00e9 Ferrari<\/p>\n<p>17:00 hs. (SV): <strong>HISTORIOGRAFIA SOVI\u00c9TICA E HISTORIOGRAFIA FRANCO-BRIT\u00c2NICA:<\/strong> Mauricio Parisi (USP) &#8211; Priscila Gomes Correa (Universidade do Estado da Bahia)<\/p>\n<p>19:30 hs. (AH): <strong>A INTERNACIONAL COMUNISTA, DA COMINTERN AO KOMINFORM:<\/strong> Lincoln Secco, Antonio Bertelli, Antonio C. Mazzeo, Sean Purdy<\/p>\n<p>19:30 hs. (AG): <strong>O ESTADO NA SOCIEDADE SOVI\u00c9TICA: <\/strong>Alysson Leandro Mascaro, Camilo Onoda Caldas, Silvio Luiz de Almeida, Luiz Felipe Os\u00f3rio<\/p>\n<p>19:30 hs. (ANS): <strong>PERESTRO\u00cfKA: PORQUE N\u00c3O DEU CERTO?<\/strong> Lenina Pomeranz (Universidade de S\u00e3o Paulo) &#8211; Jos\u00e9 Arbex (PUC)<\/p>\n<p>19:30 hs. (CPJ): <strong>FIDEL CASTRO E CHE GUEVARA ENTRE LENDA E REALIDADE:<\/strong> Luiz Bernardo Peric\u00e1s (Universidade de S\u00e3o Paulo) Debatedores: Daniel Gaido e \u00c1quilas Mendes<\/p>\n<p>19:30 hs. (SV): <strong>O COMUM E O COMUNISMO, ONTEM E HOJE:<\/strong> Jean Tible, Henrique Parra, Ricardo Teixeira, Tatiana Roque<\/p>\n<p>19:30 hs. (CAPH): <strong>A REVOLU\u00c7\u00c3O DE OUTUBRO E PORTUGAL:<\/strong> Raquel Varela (Universidade Nova de Lisboa) Debatedora: Vera Ferlini<\/p>\n<p>&nbsp;<\/p>\n<p><strong>6\u00aa<\/strong><strong>. Feira \/ 6 de outubro<\/strong><\/p>\n<p>9:00 hs. (AH): <strong>A EXPERI\u00caNCIA JUR\u00cdDICA SOVI\u00c9TICA: <\/strong>Guilherme Cortez, Jorge Souto Maior, M\u00e1rcio Bilharino Naves, Marcus Orione<\/p>\n<p>9:00 hs. (AG): <strong>REVOLU\u00c7\u00c3O SOVI\u00c9TICA E ORGANIZA\u00c7\u00c3O DO TRABALHO (LENIN E TAYLOR): <\/strong>Afr\u00e2nio Catani (Universidade de S\u00e3o Paulo) Debatedora: Angela Lazagna<\/p>\n<p>9:00 hs. (ANS): <strong>REVOLU\u00c7\u00c3O RUSSA E PENSAMENTO LATINO-AMERICANO:<\/strong> Gilberto Maringoni, Igor Fuser, Gabriela Pellegrino, Vinicius Moraes, Flavio Benedito<\/p>\n<p>9:00 hs. (CPJ): <strong>A REVOLU\u00c7\u00c3O RUSSA E O BRASIL<\/strong>: Frederico Duarte Bartz, Felipe Castilho de Lacerda, Lidiane Rodrigues, Christiano Britto Monteiro, Rosana de Moraes<\/p>\n<p>9:00 hs. (SV): <strong>A REVOLU\u00c7\u00c3O RUSSA NAS LITERATURAS HISP\u00c2NICAS:<\/strong>Margareth Santos, Pablo Gasparini, Gabriel Lima, Graciela Foglia<\/p>\n<p>14:00 hs. (AH): <strong>PCB, PC do B, TROTSKISTAS, PT: AS METAMORFOSES DO COMUNISMO BRASILEIRO:<\/strong> Jo\u00e3o Quartim de Moraes, Murilo Leal, Pedro Pomar, Carlos Zacarias, Eduardo Almeida<\/p>\n<p>14:00 hs. (ANS): <strong>GEOPOL\u00cdTICA E GEO-HIST\u00d3RIA DA REVOLU\u00c7\u00c3O SOVI\u00c9TICA: <\/strong>Andr\u00e9 Martin, Erivaldo C. de Oliveira, Rafael Duarte Villa, Valter Pomar, Wanderley Messias da Costa<\/p>\n<p>14:00 HS. (AG): <strong>O STALINISMO: SOCIALISMO OU ANOMALIA HIST\u00d3RICA?<\/strong> Breno Altman, Waldo Melmerstein, Darlan Montenegro, Zilda Iokoi, Andr\u00e9 Singer<\/p>\n<p>14:00 hs. (CPJ): <strong>GUERRA FRIA E HEGEMONIA DO D\u00d3LAR:<\/strong> Maria Lucia Fattorelli (Auditoria Cidad\u00e3 da D\u00edvida) Debatedores: Jos\u00e9 Menezes Gomes e Leda Paulani<\/p>\n<p>14:00 hs. (SV): <strong>CHILE 1973: FIM DA REVOLU\u00c7\u00c3O SOCIALISTA?<\/strong> Enio Bucchioni, Hor\u00e1cio Guti\u00e9rrez, Paulo Fernando L. Pereira de Araujo, Pl\u00ednio de Arruda Sampaio Jr<\/p>\n<p>17:00 hs. (AH): <strong>O FIM DA URSS: AN\u00c1LISE DAS CAUSAS:<\/strong> Angelo Segrillo, Gilson Dantas (UnB), Rob\u00e9rio Paulino (UFRN), Martin Hernandez, L\u00edvia Cotrim<\/p>\n<p>17:00 hs. (AG): <strong>A REVOLU\u00c7\u00c3O RUSSA E A AM\u00c9RICA LATINA:<\/strong>Fernando Sarti Ferreira, Everaldo Andrade, Liz N\u00e1tali Soria, Felipe Deveza, Yuri Martins Fontes<\/p>\n<p>17:00 hs. (ANS): <strong>A<\/strong> <strong>ESQUERDA NO BRASIL HOJE:<\/strong> Jo\u00e3o Batista de Ara\u00fajo (Bab\u00e1), Val\u00e9rio Arcary, Mauro Iasi, Guilherme Boulos, Breno Altman, Z\u00e9 Maria, Gilmar Mauro<\/p>\n<p>17:00 hs. (CPJ): <strong>O PARTIDO COMUNISTA PORTUGU\u00caS E A \u201cREVOLU\u00c7\u00c3O DOS CRAVOS\u201d:<\/strong> Raquel Varela (Universidade Nova de Lisboa) Debatedor: Lincoln Secco<\/p>\n<p>17:00 hs. (SV): <strong>M\u00daSICA E REVOLU\u00c7\u00c3O SOVI\u00c9TICA:<\/strong> Jos\u00e9 Geraldo Vinci de Moraes (USP) Debatedor: Antonio C. Mazzeo<\/p>\n<p>19:30 hs. (AH): <strong>A REVOLU\u00c7\u00c3O DE OUTUBRO E O S\u00c9CULO XXI:<\/strong> Jorge Altamira, Savas Michael-Matsas, Plinio de Arruda Sampaio Jr, Valter Pomar, Eduardo Almeida<\/p>\n<p>19:30 hs. (AG): <strong>A URSS, BALAN\u00c7O ECON\u00d4MICO:<\/strong> Jos\u00e9 Menezes Gomes, Xabier Arrizabalo (Universidad Complutense de Madrid), Leda Paulani, Vitor Schincariol<\/p>\n<p>19:30 hs. (ANS):<strong> CLASSE OPER\u00c1RIA E REVOLU\u00c7\u00c3O: O PROLETARIADO AINDA \u00c9 AQUELE?<\/strong> Ricardo Antunes (Unicamp) &#8211; Iram J\u00e1come Rodrigues (USP) &#8211; Ruy Braga (USP)<\/p>\n<p>19:30 hs. (CPJ): <strong>IMPERIALISMO E REVOLU\u00c7\u00c3O, ONTEM E HOJE:<\/strong>Virg\u00ednia Fontes (UFF), L\u00facio Flavio de Almeida (PUC), Ant\u00f4nio Roberto Espinosa (Unifesp), Regina Gadelha (UFRJ)<\/p>\n<p>19:30 hs. (SV): <strong>A R\u00daSSIA DE PUTIN E A REVOLU\u00c7\u00c3O DE OUTUBRO:<\/strong>Joimar de Castro Menezes (Universidade S\u00e3o Judas Tadeu) Debatedora: Lidiane Rodrigues<\/p>\n<p>19:30 hs. (CAPH): <strong>L\u00caNIN E A REVOLU\u00c7\u00c3O RUSSA:<\/strong> Vladimir Palmeira (Faculdades Hon\u00f3rio Alonso) Debatedor: Francisco Miraglia<\/p>\n<p><strong>AH: Anfiteatro de Hist\u00f3ria &#8211; AG: Anfiteatro de Geografia &#8211; ANS: Anfiteatro Nicolau Sevcenko &#8211; CPJ: Sala Caio Prado J\u00fanior &#8211; SV: Sala de V\u00eddeo &#8211; CAPH: Centro de Apoio \u00e0 Pesquisa Hist\u00f3rica<\/strong><\/p>\n<p><strong>Comiss\u00e3o Organizadora<\/strong>: <em>Osvaldo Coggiola, Jorge Grespan, Sean Purdy, Everaldo de Andrade, Milton Pinheiro, Francisco Alambert, Angelo Segrillo, Lincoln Secco, Rodrigo Ricupero, Luiz B. Peric\u00e1s, Adri\u00e1n Fanjul<\/em><\/p>\n<p>&nbsp;<\/p>\n<p><strong>Apoio: Laborat\u00f3rio de Estudos da \u00c1sia (LEA), C\u00e1tedra Jaime Cortes\u00e3o, GMarx, Boitempo Editorial, Programa de P\u00f3s-Gradua\u00e7\u00e3o em Hist\u00f3ria Econ\u00f4mica, NEPH (N\u00facleo de Economia Pol\u00edtica e Hist\u00f3ria Econ\u00f4mica), Centro de Estudos Africanos, LUDENS (N\u00facleo de Pesquisa sobre Futebol e Modalidades L\u00fadicas), CEDHAL, CAHIS, NACI, Programa de P\u00f3s-Gradua\u00e7\u00e3o em Integra\u00e7\u00e3o da Am\u00e9rica Latina (PROLAM)<\/strong><\/p>\n<p><strong>Inscri\u00e7\u00f5es: <\/strong><a href=\"http:\/\/cemanosrevolucaorussa.fflch.usp.br\/\" data-saferedirecturl=\"https:\/\/www.google.com\/url?hl=pt-BR&amp;q=http:\/\/cemanosrevolucaorussa.fflch.usp.br\/&amp;source=gmail&amp;ust=1494967581503000&amp;usg=AFQjCNEHUSDG_zj7L6otEMvpTdB_9ivEZw\"><em>http:\/\/cemanosrevolucaorussa.fflch.usp.br\/<\/em><\/a>\u00a0 \u00a0&amp;nb sp;<\/p>\n<p><strong>SER\u00c3O FORNECIDOS CERTIFICADOS DE FREQU\u00caNCIA<\/strong><\/p>\n","protected":false},"excerpt":{"rendered":"<p>\u00a0USP promove o Simp\u00f3sio &#8216;Cem anos que abalaram o mundo&#8217;, visando discutir os cem anos da Revolu\u00e7\u00e3o Russa de 1917\u00a0<\/p>\n","protected":false},"author":6,"featured_media":0,"comment_status":"closed","ping_status":"closed","sticky":false,"template":"","format":"standard","meta":{"_jetpack_newsletter_access":"","_jetpack_dont_email_post_to_subs":false,"_jetpack_newsletter_tier_id":0,"_jetpack_memberships_contains_paywalled_content":false,"_jetpack_memberships_contains_paid_content":false,"footnotes":""},"categories":[7,58],"tags":[6896,7540,7994],"class_list":["post-10397","post","type-post","status-publish","format-standard","hentry","category-comunicacao","category-poesias","tag-politica","tag-revolucao-russa","tag-simposio"],"aioseo_notices":[],"views":577,"jetpack_featured_media_url":"","jetpack_sharing_enabled":true,"jetpack_likes_enabled":true,"jetpack-related-posts":[{"id":3131,"url":"http:\/\/jornalrol.com.br\/?p=3131","url_meta":{"origin":10397,"position":0},"title":"Artigo de Marcelo Paiva Pereira: &#039;Arquitetura sustent\u00e1vel: edificando o meio ambiente&#039;","author":"Helio Rubens","date":"2 de setembro de 2015","format":false,"excerpt":"Marcelo Paiva Pereira: 'ARQUITETURA SUSTENT\u00c1VEL: EDIFICANDO O MEIO AMBIENTE' A arquitetura sustent\u00e1vel \u00e9 um ramo da arquitetura e urbanismo e um novo conceito com vistas a preservar o meio ambiente natural em benef\u00edcio das presentes e futuras gera\u00e7\u00f5es, garantindo o conforto ambiental a que todos tem direito. O presente texto,\u2026","rel":"","context":"Em &quot;Comunica\u00e7\u00e3o&quot;","block_context":{"text":"Comunica\u00e7\u00e3o","link":"http:\/\/jornalrol.com.br\/?cat=7"},"img":{"alt_text":"arquitetura","src":"https:\/\/i0.wp.com\/www.jornalrol.com.br\/wp-content\/uploads\/2015\/09\/arquitetura1-300x192.jpg?resize=350%2C200","width":350,"height":200},"classes":[]},{"id":9266,"url":"http:\/\/jornalrol.com.br\/?p=9266","url_meta":{"origin":10397,"position":1},"title":"Marcelo Paiva Pereira: &#039;A Revolu\u00e7\u00e3o Russa&#039;","author":"Helio Rubens","date":"6 de abril de 2017","format":false,"excerpt":"Marcelo Augusto Paiva Pereira - 'A REVOLU\u00c7\u00c3O RUSSA' \u00a0 Revolu\u00e7\u00e3o russa \u00e9 o nome atribu\u00eddo ao per\u00edodo em que ocorreram duas revolu\u00e7\u00f5es \u2013 fevereiro e outubro \u2013 em 1917, na R\u00fassia do Czar Nicolau II. Apesar de terem sido conduzidas pelos membros do partido social-democrata russo, se distinguiram ideologicamente por\u2026","rel":"","context":"Em &quot;Comunica\u00e7\u00e3o&quot;","block_context":{"text":"Comunica\u00e7\u00e3o","link":"http:\/\/jornalrol.com.br\/?cat=7"},"img":{"alt_text":"","src":"https:\/\/i0.wp.com\/www.jornalrol.com.br\/wp-content\/uploads\/2015\/09\/Marcelo-Paiva1-300x200.jpg?resize=350%2C200","width":350,"height":200},"classes":[]},{"id":14049,"url":"http:\/\/jornalrol.com.br\/?p=14049","url_meta":{"origin":10397,"position":2},"title":"O projeto CineCaf\u00e9 do Sesc Sorocaba apresenta hoje (ter\u00e7a-feira), \u00e0s 19h, o filme &#039;Leviat\u00e3&#039;","author":"Sergio Diniz da Costa","date":"24 de outubro de 2017","format":false,"excerpt":"O projeto\u00a0CineCaf\u00e9\u00a0do\u00a0Sesc Sorocaba\u00a0apresenta no m\u00eas de outubro a 'Mostra de filmes Russos', de 10 a 31 (ter\u00e7as), \u00e0s 19h, no Teatro da Unidade \u00a0 O projeto\u00a0CineCaf\u00e9\u00a0do\u00a0Sesc Sorocaba\u00a0apresenta no m\u00eas de outubro a 'Mostra de filmes Russos', de 10 a 31 (ter\u00e7as), \u00e0s 19h, no Teatro da Unidade. Em homenagem ao\u2026","rel":"","context":"Em &quot;Comunica\u00e7\u00e3o&quot;","block_context":{"text":"Comunica\u00e7\u00e3o","link":"http:\/\/jornalrol.com.br\/?cat=7"},"img":{"alt_text":"","src":"https:\/\/i0.wp.com\/www.jornalrol.com.br\/wp-content\/uploads\/2017\/10\/Leviat%C3%A3-300x178.jpg?resize=350%2C200","width":350,"height":200},"classes":[]},{"id":14200,"url":"http:\/\/jornalrol.com.br\/?p=14200","url_meta":{"origin":10397,"position":3},"title":"O projeto CineCaf\u00e9 do Sesc Sorocaba apresenta, no dia 31 de outubro (ter\u00e7a-feira), \u00e0s 19h, o filme &#039;Ascens\u00e3o&#039;","author":"Sergio Diniz da Costa","date":"28 de outubro de 2017","format":false,"excerpt":"'Ascens\u00e3o'\u00a0, o filme que encerra a mostra dia 31, se passa em pleno inverno da Segunda Guerra Mundial, onde um grupo de guerrilheiros russos luta para sobreviver em meio ao frio e aos nazistas \u00a0 O projeto\u00a0CineCaf\u00e9\u00a0do\u00a0Sesc Sorocaba\u00a0apresenta no m\u00eas de outubro a 'Mostra de Filmes Russos', de 10 a\u2026","rel":"","context":"Em &quot;Comunica\u00e7\u00e3o&quot;","block_context":{"text":"Comunica\u00e7\u00e3o","link":"http:\/\/jornalrol.com.br\/?cat=7"},"img":{"alt_text":"","src":"https:\/\/i0.wp.com\/www.jornalrol.com.br\/wp-content\/uploads\/2017\/10\/cinema-520x320-300x185.jpg?resize=350%2C200","width":350,"height":200},"classes":[]},{"id":48222,"url":"http:\/\/jornalrol.com.br\/?p=48222","url_meta":{"origin":10397,"position":4},"title":"Mini curr\u00edculo de Jorge Alfredo Orsi","author":"Helio Rubens","date":"31 de janeiro de 2022","format":false,"excerpt":"JORGE ALFREDO ORSI \u00a0 \u00a0 CURRICULUM VITAE : \u00a0 1.0- DADOS PESSOAIS:- \u00a0 1.1\u2013 JORGE ALFREDO ORSI 1.2\u2013 Filia\u00e7\u00e3o:- Jo\u00e3o Orsi e Eunice Machado Orsi 1.3- Naturalidade:- Tatu\u00ed \u2013 SP 1.4\u2013 Nacionalidade:- Brasileiro 1.5\u2013 Data de nascimento:- 03 de Maio de 1954 1.6\u2013 Estado Civil:- Casado 1.7\u2013 Carteira de Identidade:-\u2026","rel":"","context":"Em &quot;Comunica\u00e7\u00e3o&quot;","block_context":{"text":"Comunica\u00e7\u00e3o","link":"http:\/\/jornalrol.com.br\/?cat=7"},"img":{"alt_text":"","src":"https:\/\/i0.wp.com\/jornalrol.com.br\/wp-content\/uploads\/2022\/01\/WhatsApp-Image-2020-12-11-at-22.27.02-1-188x300.jpeg?resize=350%2C200","width":350,"height":200},"classes":[]},{"id":1871,"url":"http:\/\/jornalrol.com.br\/?p=1871","url_meta":{"origin":10397,"position":5},"title":"EVENTO EM SP DEBATE OS TR\u00caS ANOS DE APROVA\u00c7\u00c3O DO C\u00d3DIGO FLORESTAL","author":"Helio Rubens","date":"16 de maio de 2015","format":false,"excerpt":"Governo, academia, sociedade civil e iniciativa privada aproveitam a data para analisar o atual est\u00e1gio de implanta\u00e7\u00e3o do C\u00f3digo Florestal e seus desafios no Estado e no Pa\u00eds Ap\u00f3s a dif\u00edcil e desgastante aprova\u00e7\u00e3o do novo C\u00f3digo Florestal surgiram in\u00fameros desafios para a sua efetiva regulamenta\u00e7\u00e3o. Nesse per\u00edodo de tr\u00eas\u2026","rel":"","context":"Em &quot;Comunica\u00e7\u00e3o&quot;","block_context":{"text":"Comunica\u00e7\u00e3o","link":"http:\/\/jornalrol.com.br\/?cat=7"},"img":{"alt_text":"","src":"","width":0,"height":0},"classes":[]}],"_links":{"self":[{"href":"http:\/\/jornalrol.com.br\/index.php?rest_route=\/wp\/v2\/posts\/10397","targetHints":{"allow":["GET"]}}],"collection":[{"href":"http:\/\/jornalrol.com.br\/index.php?rest_route=\/wp\/v2\/posts"}],"about":[{"href":"http:\/\/jornalrol.com.br\/index.php?rest_route=\/wp\/v2\/types\/post"}],"author":[{"embeddable":true,"href":"http:\/\/jornalrol.com.br\/index.php?rest_route=\/wp\/v2\/users\/6"}],"replies":[{"embeddable":true,"href":"http:\/\/jornalrol.com.br\/index.php?rest_route=%2Fwp%2Fv2%2Fcomments&post=10397"}],"version-history":[{"count":1,"href":"http:\/\/jornalrol.com.br\/index.php?rest_route=\/wp\/v2\/posts\/10397\/revisions"}],"predecessor-version":[{"id":56420,"href":"http:\/\/jornalrol.com.br\/index.php?rest_route=\/wp\/v2\/posts\/10397\/revisions\/56420"}],"wp:attachment":[{"href":"http:\/\/jornalrol.com.br\/index.php?rest_route=%2Fwp%2Fv2%2Fmedia&parent=10397"}],"wp:term":[{"taxonomy":"category","embeddable":true,"href":"http:\/\/jornalrol.com.br\/index.php?rest_route=%2Fwp%2Fv2%2Fcategories&post=10397"},{"taxonomy":"post_tag","embeddable":true,"href":"http:\/\/jornalrol.com.br\/index.php?rest_route=%2Fwp%2Fv2%2Ftags&post=10397"}],"curies":[{"name":"wp","href":"https:\/\/api.w.org\/{rel}","templated":true}]}}