{"id":10942,"date":"2017-06-07T08:10:15","date_gmt":"2017-06-07T11:10:15","guid":{"rendered":"http:\/\/www.jornalrol.com.br\/?p=10942"},"modified":"2017-06-07T08:10:15","modified_gmt":"2017-06-07T11:10:15","slug":"adriana-da-rocha-leite-comunicacao-ou-nao","status":"publish","type":"post","link":"http:\/\/jornalrol.com.br\/?p=10942","title":{"rendered":"Adriana da Rocha Leite: &#039;Comunica\u00e7\u00e3o ou n\u00e3o?&#039;"},"content":{"rendered":"<div class=\"pdfprnt-buttons pdfprnt-buttons-post pdfprnt-top-right\"><a href=\"http:\/\/jornalrol.com.br\/index.php?rest_route=%2Fwp%2Fv2%2Fposts%2F10942&print=pdf\" class=\"pdfprnt-button pdfprnt-button-pdf\" target=\"_blank\" ><\/a><a href=\"http:\/\/jornalrol.com.br\/index.php?rest_route=%2Fwp%2Fv2%2Fposts%2F10942&print=print\" class=\"pdfprnt-button pdfprnt-button-print\" target=\"_blank\" ><img decoding=\"async\" src=\"https:\/\/jornalrol.com.br\/wp-content\/plugins\/pdf-print\/images\/print.png\" alt=\"image_print\" title=\"Conte\u00fado de impress\u00e3o\" \/><\/a><\/div><h2 style=\"text-align: center;\"><strong><a href=\"http:\/\/www.jornalrol.com.br\/wp-content\/uploads\/2017\/04\/adrian-rocha.jpg\"><img loading=\"lazy\" decoding=\"async\" class=\"size-medium wp-image-9448 aligncenter\" src=\"http:\/\/www.jornalrol.com.br\/wp-content\/uploads\/2017\/04\/adrian-rocha-199x300.jpg\" alt=\"\" width=\"199\" height=\"300\" \/><\/a><\/strong><strong>Adriana da Rocha Leite: &#8216;Comunica\u00e7\u00e3o ou n\u00e3o?&#8217;<\/strong><\/h2>\n<p><!--more--><\/p>\n<p>&nbsp;<\/p>\n<p>Falar bem nem sempre \u00e9 sin\u00f4nimo de boa comunica\u00e7\u00e3o. Excessos de palavras dif\u00edceis e fala prolixa dificultam a compreens\u00e3o do conte\u00fado. E sem apreender\u00a0 este, o que se transmite pode ser muita coisa, mas\u00a0 certamente n\u00e3o \u00e9 comunica\u00e7\u00e3o.O bom comunicador pensa em seu p\u00fablico: qual e como \u00e9 a sua plateia. O que ela busca? Qual a import\u00e2ncia do tema\/assunto?Falar por falar \u00e9 perda de tempo e de energia. Para todos. Pode fazer bem ao ego do &#8220;falador&#8221; mas certamente n\u00e3o ser\u00e1 relevante e cair\u00e1 no abismo eterno do esquecimento.Comunica\u00e7\u00e3o pressup\u00f5e portanto, entendimento. Capta\u00e7\u00e3o do conte\u00fado transmitido. Compreens\u00e3o da linguagem utilizada e de seus s\u00edmbolos.<br \/>\nN\u00e3o sem raz\u00e3o os cursos de orat\u00f3ria se propagam, afinal, h\u00e1, em todos e em cada um de n\u00f3s, o desejo de ser reconhecido como grande orador\/oradora: o discurso inesquec\u00edvel, eternizado em cita\u00e7\u00f5es.Mas n\u00e3o \u00e9 somente em palestras, cursos e apresenta\u00e7\u00f5es que se busca e se exige uma boa comunica\u00e7\u00e3o. O cotidiano \u00e9 nosso espa\u00e7o para experimenta\u00e7\u00f5es . Gosto de enxerg\u00e1-lo como um est\u00e1gio, uma oportunidade de aprender, na pr\u00e1tica, como as situa\u00e7\u00f5es, acontecem e se desenvolvem.<br \/>\nMas \u00e9 exatamente no dia a dia que nos descuidamos da boa comunica\u00e7\u00e3o. Falamos qualquer coisa, de qualquer jeito, sem pensar em sem se preocupar com\u00a0 o interlocutor, com a agravante de termos a &#8220;palavra final, representada pela verdade absoluta que \u00e9 a minha ideia, a minha vis\u00e3o. E n\u00e3o raro lascamos o famigerado &#8220;concorda comigo?&#8221;&#8216;, desrespeitando o direito do outro a ter uma opini\u00e3o divergente, afinal , poucas pessoas t\u00eam coragem para n\u00e3o somente dizer que discorda como tamb\u00e9m apresentar argumentos para tal.<br \/>\nTagarela-se sobre tudo e qualquer coisa-assunto, como se fosse especialista, inclusive ousando discordar destes .<br \/>\nE assim nos sentimos satisfeitos em nossa arrog\u00e2ncia verbal, acreditando que somos imbat\u00edveis na arte de falar e nisto h\u00e1 uma certa verdade, pois nada mais limitado para a comunica\u00e7\u00e3o do que a simples fala. Concorda comigo??<\/p>\n","protected":false},"excerpt":{"rendered":"<p>Adriana da Rocha Leite: &#8216;Comunica\u00e7\u00e3o ou n\u00e3o?&#8217;<\/p>\n","protected":false},"author":6,"featured_media":0,"comment_status":"closed","ping_status":"closed","sticky":false,"template":"","format":"standard","meta":{"_jetpack_newsletter_access":"","_jetpack_dont_email_post_to_subs":false,"_jetpack_newsletter_tier_id":0,"_jetpack_memberships_contains_paywalled_content":false,"_jetpack_memberships_contains_paid_content":false,"footnotes":""},"categories":[7],"tags":[639,2456],"class_list":["post-10942","post","type-post","status-publish","format-standard","hentry","category-comunicacao","tag-adriana-da-rocha-leite","tag-cronica"],"aioseo_notices":[],"views":428,"jetpack_featured_media_url":"","jetpack_sharing_enabled":true,"jetpack_likes_enabled":true,"jetpack-related-posts":[{"id":8446,"url":"http:\/\/jornalrol.com.br\/?p=8446","url_meta":{"origin":10942,"position":0},"title":"Este livro \u00e9 recomendado pelo ROL: &#039;Fale, Crian\u00e7a!&#039;, de Adriana da Rocha Leite e \u00c9lcio M\u00e1rio Pinto","author":"Helio Rubens","date":"1 de mar\u00e7o de 2017","format":false,"excerpt":"Este livro \u00e9 recomendado pelo ROL! \u00a0 O casal de escritores Adriana da Rocha Leite, ela advogada especializada em media\u00e7\u00e3o e \u00c9lcio M\u00e1rio Pinto,diretor de escola, uniram seus talentos e ideais e apresentaram \u00a0o livro 'Fale, Crian\u00e7a', uma proposta de media\u00e7\u00e3o infantil. \"A media\u00e7\u00e3o, como mecanismo de solu\u00e7\u00e3o de conflitos,\u2026","rel":"","context":"Em &quot;Comunica\u00e7\u00e3o&quot;","block_context":{"text":"Comunica\u00e7\u00e3o","link":"http:\/\/jornalrol.com.br\/?cat=7"},"img":{"alt_text":"","src":"https:\/\/i0.wp.com\/www.jornalrol.com.br\/wp-content\/uploads\/2017\/03\/Livro-Fale-Crian%C3%A7a-de-Adriana-Rocha-e-%C3%89lcio-Mario-001-199x300.jpg?resize=350%2C200","width":350,"height":200},"classes":[]},{"id":8669,"url":"http:\/\/jornalrol.com.br\/?p=8669","url_meta":{"origin":10942,"position":1},"title":"Livro Recomendado pelo ROL: &#039;Absolutices&#039;, de Adriana da Rocha Leite","author":"Helio Rubens","date":"13 de mar\u00e7o de 2017","format":false,"excerpt":"Livro Recomendado pelo ROL: 'Absolutices', de Adriana da Rocha Leite \u00a0 O livro cont\u00e9m trilogias que tratam do amor de um anjo por um humano. Diz a autora: \"Absolutices n\u00e3o \u00e9 uma hist\u00f3ria de fic\u00e7\u00e3o, ainda que eu a tenha recheado de elementos ficcionais. \u00c9 uma hist\u00f3ria de amor verdadeira:\u2026","rel":"","context":"Em &quot;Comunica\u00e7\u00e3o&quot;","block_context":{"text":"Comunica\u00e7\u00e3o","link":"http:\/\/jornalrol.com.br\/?cat=7"},"img":{"alt_text":"","src":"https:\/\/i0.wp.com\/www.jornalrol.com.br\/wp-content\/uploads\/2017\/03\/Livro-Absolutices-de-Adriana-Rocha-001-212x300.jpg?resize=350%2C200","width":350,"height":200},"classes":[]},{"id":11264,"url":"http:\/\/jornalrol.com.br\/?p=11264","url_meta":{"origin":10942,"position":2},"title":"Adriana da Rocha Leite: &#039;Um minuto de sil\u00eancio, por favor!&#039;","author":"Sergio Diniz da Costa","date":"25 de junho de 2017","format":false,"excerpt":"Adriana da Rocha Leite: UM MINUTO DE SIL\u00caNCIO, POR FAVOR!' \u00a0 \u00a0 O sil\u00eancio \u00e9 eloquente. Talvez isso explique o porqu\u00ea de nosso inc\u00f4modo com ele. Faz com que tenhamos contato com nossos vazios internos. Obriga-nos a ouvir verdades inc\u00f4modas. N\u00e3o sabemos o que fazer diante de tantas observa\u00e7\u00f5es e\u2026","rel":"","context":"Em &quot;Comunica\u00e7\u00e3o&quot;","block_context":{"text":"Comunica\u00e7\u00e3o","link":"http:\/\/jornalrol.com.br\/?cat=7"},"img":{"alt_text":"","src":"https:\/\/i0.wp.com\/www.jornalrol.com.br\/wp-content\/uploads\/2017\/04\/adrian-rocha-199x300.jpg?resize=350%2C200","width":350,"height":200},"classes":[]},{"id":16442,"url":"http:\/\/jornalrol.com.br\/?p=16442","url_meta":{"origin":10942,"position":3},"title":"Adriana da Rocha Leite: &#039;Acordando&#039;","author":"Sergio Diniz da Costa","date":"14 de fevereiro de 2018","format":false,"excerpt":"Adriana da Rocha Leite: 'Acordando'* \u00a0 'Acordando' \u00e9 o 10\u00ba Cap\u00edtulo do livro 'Esti(g)ma', publicado pela Crearte Editora, 2015)","rel":"","context":"Em &quot;Comunica\u00e7\u00e3o&quot;","block_context":{"text":"Comunica\u00e7\u00e3o","link":"http:\/\/jornalrol.com.br\/?cat=7"},"img":{"alt_text":"","src":"https:\/\/i0.wp.com\/www.jornalrol.com.br\/wp-content\/uploads\/2018\/02\/Slide1-1-208x300.jpg?resize=350%2C200","width":350,"height":200},"classes":[]},{"id":54287,"url":"http:\/\/jornalrol.com.br\/?p=54287","url_meta":{"origin":10942,"position":4},"title":"Adriana Rocha: &#039;Reagindo ao conflito&#039;","author":"Adriana Rocha","date":"25 de mar\u00e7o de 2023","format":false,"excerpt":"Reagindo ao conflito A abordagem adequada em rela\u00e7\u00e3o ao conflito pode ser transformadora de rela\u00e7\u00f5es, ou seja, a forma como se lida com tais situa\u00e7\u00f5es deve impulsionar o amadurecimento emocional e, consequentemente, o relacional. Mas como conseguir tal proeza? O autoconhecimento \u00e9 o primeiro passo: \u00e9 preciso perceber que sentimentos\u2026","rel":"","context":"Em &quot;Comunica\u00e7\u00e3o&quot;","block_context":{"text":"Comunica\u00e7\u00e3o","link":"http:\/\/jornalrol.com.br\/?cat=7"},"img":{"alt_text":"","src":"https:\/\/i0.wp.com\/jornalrol.com.br\/wp-content\/uploads\/2023\/01\/8eeeebed-959c-4183-a649-1614d101409b.jpg?resize=350%2C200","width":350,"height":200,"srcset":"https:\/\/i0.wp.com\/jornalrol.com.br\/wp-content\/uploads\/2023\/01\/8eeeebed-959c-4183-a649-1614d101409b.jpg?resize=350%2C200 1x, https:\/\/i0.wp.com\/jornalrol.com.br\/wp-content\/uploads\/2023\/01\/8eeeebed-959c-4183-a649-1614d101409b.jpg?resize=525%2C300 1.5x"},"classes":[]},{"id":8994,"url":"http:\/\/jornalrol.com.br\/?p=8994","url_meta":{"origin":10942,"position":5},"title":"Livro Recomendado pelo ROL: &#039;O Tormento da (i)Mortalidade&#039;, de Adriana da Rocha Leite","author":"Helio Rubens","date":"26 de mar\u00e7o de 2017","format":false,"excerpt":"'O Tormento da (i)Mortalidade', de Adriana da Rocha Leite \u00a0 Este livro revela um rito de passagem, de perdas e de resili\u00eancia: verdadeira metamorfose do Ser que precisa renascer diante da mudan\u00e7a inexor\u00e1vel vivenciada. \u00a0 \u00a0","rel":"","context":"Em &quot;Comunica\u00e7\u00e3o&quot;","block_context":{"text":"Comunica\u00e7\u00e3o","link":"http:\/\/jornalrol.com.br\/?cat=7"},"img":{"alt_text":"","src":"https:\/\/i0.wp.com\/www.jornalrol.com.br\/wp-content\/uploads\/2017\/03\/0d47d9b7-0ae3-4964-a324-2b12575bd0ed-214x300.jpg?resize=350%2C200","width":350,"height":200},"classes":[]}],"_links":{"self":[{"href":"http:\/\/jornalrol.com.br\/index.php?rest_route=\/wp\/v2\/posts\/10942","targetHints":{"allow":["GET"]}}],"collection":[{"href":"http:\/\/jornalrol.com.br\/index.php?rest_route=\/wp\/v2\/posts"}],"about":[{"href":"http:\/\/jornalrol.com.br\/index.php?rest_route=\/wp\/v2\/types\/post"}],"author":[{"embeddable":true,"href":"http:\/\/jornalrol.com.br\/index.php?rest_route=\/wp\/v2\/users\/6"}],"replies":[{"embeddable":true,"href":"http:\/\/jornalrol.com.br\/index.php?rest_route=%2Fwp%2Fv2%2Fcomments&post=10942"}],"version-history":[{"count":0,"href":"http:\/\/jornalrol.com.br\/index.php?rest_route=\/wp\/v2\/posts\/10942\/revisions"}],"wp:attachment":[{"href":"http:\/\/jornalrol.com.br\/index.php?rest_route=%2Fwp%2Fv2%2Fmedia&parent=10942"}],"wp:term":[{"taxonomy":"category","embeddable":true,"href":"http:\/\/jornalrol.com.br\/index.php?rest_route=%2Fwp%2Fv2%2Fcategories&post=10942"},{"taxonomy":"post_tag","embeddable":true,"href":"http:\/\/jornalrol.com.br\/index.php?rest_route=%2Fwp%2Fv2%2Ftags&post=10942"}],"curies":[{"name":"wp","href":"https:\/\/api.w.org\/{rel}","templated":true}]}}