{"id":10952,"date":"2017-06-07T09:57:15","date_gmt":"2017-06-07T12:57:15","guid":{"rendered":"http:\/\/www.jornalrol.com.br\/?p=10952"},"modified":"2017-06-07T09:57:15","modified_gmt":"2017-06-07T12:57:15","slug":"cine-clube-de-itapetininga-exibe-dia-11-filmes-do-festival-do-minuto","status":"publish","type":"post","link":"http:\/\/jornalrol.com.br\/?p=10952","title":{"rendered":"Cine Clube de Itapetininga exibe dia 11 filmes do Festival do Minuto"},"content":{"rendered":"<div class=\"pdfprnt-buttons pdfprnt-buttons-post pdfprnt-top-right\"><a href=\"http:\/\/jornalrol.com.br\/index.php?rest_route=%2Fwp%2Fv2%2Fposts%2F10952&print=pdf\" class=\"pdfprnt-button pdfprnt-button-pdf\" target=\"_blank\" ><\/a><a href=\"http:\/\/jornalrol.com.br\/index.php?rest_route=%2Fwp%2Fv2%2Fposts%2F10952&print=print\" class=\"pdfprnt-button pdfprnt-button-print\" target=\"_blank\" ><img decoding=\"async\" src=\"https:\/\/jornalrol.com.br\/wp-content\/plugins\/pdf-print\/images\/print.png\" alt=\"image_print\" title=\"Conte\u00fado de impress\u00e3o\" \/><\/a><\/div><div class=\"nH\"><\/div>\n<div class=\"nH aHU\">\n<div class=\"nH hx\">\n<div class=\"nH\">\n<div class=\"h7  ie nH oy8Mbf\" tabindex=\"-1\">\n<div class=\"Bk\">\n<div class=\"G3 G2\">\n<div id=\":n4\">\n<div class=\"adn ads\">\n<div class=\"gs\">\n<h2 class=\"tx78Ic\" style=\"text-align: center;\"><strong><a href=\"http:\/\/www.jornalrol.com.br\/cine-clube-de-itapetininga-exibe-dia-11-filmes-do-festival-do-minuto\/festival\/\" rel=\"attachment wp-att-10953\"><img loading=\"lazy\" decoding=\"async\" class=\"aligncenter size-full wp-image-10953\" src=\"http:\/\/www.jornalrol.com.br\/wp-content\/uploads\/2017\/06\/festival.png\" alt=\"\" width=\"200\" height=\"183\" \/><\/a><\/strong><strong>\u00a0<\/strong><strong>Cine Clube de Itapetininga exibe filmes do Festival do Minuto<\/strong><\/h2>\n<div id=\":nq\" class=\"ii gt adP adO\"><\/div>\n<\/div>\n<\/div>\n<\/div>\n<\/div>\n<\/div>\n<\/div>\n<\/div>\n<\/div>\n<\/div>\n<p><!--more--><\/p>\n<p><span id=\"m_9037288714387924178yui_3_16_0_1_1496751760626_13140\">O Cine Clube de Itapetininga exibe filmes do Festival do Minuto<b id=\"m_9037288714387924178yui_3_16_0_1_1496751760626_13141\">\u00a0dia 11 de JUNHO de 2017, DOMINGO, com<\/b> inicio exatamente \u00e0s 17 horas.<u><\/u><u><\/u><\/span><\/p>\n<div id=\":nq\" class=\"ii gt adP adO\">\n<div id=\":pf\" class=\"a3s aXjCH m15c7d75c952206d5\">\n<div>\n<div>\n<div id=\"m_9037288714387924178yui_3_16_0_1_1496751760626_13138\">\n<div id=\"m_9037288714387924178yui_3_16_0_1_1496751760626_13143\"><span id=\"m_9037288714387924178yui_3_16_0_1_1496751760626_13144\">Criado em 1991, o Festival do Minuto trabalha com a sele\u00e7\u00e3o de imagens em movimento \u2013 de amadores e profissionais \u2013 para o exerc\u00edcio da s\u00edntese em trabalhos com dura\u00e7\u00e3o m\u00e1xima de 60 segundos. <\/span><\/div>\n<div><span id=\"m_9037288714387924178yui_3_16_0_1_1496751760626_13144\">Foi o pioneiro no formato no mundo, tendo inspirado a cria\u00e7\u00e3o de Festivais do Minuto em mais de 50 pa\u00edses. <\/span><\/div>\n<div><span id=\"m_9037288714387924178yui_3_16_0_1_1496751760626_13144\">Ao longo de seus 25 anos, o Festival do Minuto acompanhou a evolu\u00e7\u00e3o dos v\u00eddeos, apoiando o uso de novas tecnologias (como celulares, c\u00e2meras port\u00e1teis) e conceitos de narrativa, edi\u00e7\u00e3o, som e imagem. <\/span><\/div>\n<div><\/div>\n<div><span id=\"m_9037288714387924178yui_3_16_0_1_1496751760626_13144\">Em Itapetininga, ser\u00e3o exibidas 3 Mostras do Festival: Melhores Minutos 2016, Anima\u00e7\u00e3o 2017 e Universit\u00e1ria.<u><\/u><u><\/u><\/span><\/div>\n<div><\/div>\n<div id=\"m_9037288714387924178yui_3_16_0_1_1496751760626_13146\"><span id=\"m_9037288714387924178yui_3_16_0_1_1496751760626_13147\">A exibi\u00e7\u00e3o \u00e9 no CINE JANELAS, localizado ao lado do Posto de Sa\u00fade Dr. Genefredo Monteiro, \u00e0 Pra\u00e7a 9 de Julho, 518 no centro a cidade.<\/span><\/div>\n<div><\/div>\n<div><span id=\"m_9037288714387924178yui_3_16_0_1_1496751760626_13147\">Haver\u00e1 sorteio de livro entre os presentes e roda de conversa ap\u00f3s a exibi\u00e7\u00e3o, mediada pela coordenadora Isadora Menk.<u><\/u><u><\/u><\/span><\/div>\n<div><\/div>\n<div id=\"m_9037288714387924178yui_3_16_0_1_1496751760626_13149\"><span id=\"m_9037288714387924178yui_3_16_0_1_1496751760626_13150\">Abaixo seguem os trailers do FESTIVAL DO MINUTO e a foto.<u><\/u><u><\/u><\/span><\/div>\n<div id=\"m_9037288714387924178yui_3_16_0_1_1496751760626_13152\"><span id=\"m_9037288714387924178yui_3_16_0_1_1496751760626_13153\">Mais informa\u00e7\u00f5es com Angelo Lourival Ricchetti pelo fone 15 3272 7525, pelo celular 15 9 9171 7672 e e-mail <a href=\"mailto:aricchetti@yahoo.com\" target=\"_blank\" rel=\"noopener noreferrer\">aricchetti@yahoo.com<\/a>.<u><\/u><u><\/u><\/span><\/div>\n<div id=\"m_9037288714387924178yui_3_16_0_1_1496751760626_13155\"><a id=\"m_9037288714387924178yui_3_16_0_1_1496751760626_13156\" href=\"https:\/\/www.youtube.com\/watch?v=OWOI6w8yWtU&amp;feature=youtu.be\" target=\"_blank\" rel=\"noopener noreferrer\" data-saferedirecturl=\"https:\/\/www.google.com\/url?hl=pt-BR&amp;q=https:\/\/www.youtube.com\/watch?v%3DOWOI6w8yWtU%26feature%3Dyoutu.be&amp;source=gmail&amp;ust=1496925390290000&amp;usg=AFQjCNHPzfgNJoA4Oe4-r3bhfhYiZv2Njg\">https:\/\/www.youtube.com\/watch?<wbr \/>v=OWOI6w8yWtU&amp;feature=youtu.be<\/a><u><\/u><u><\/u><\/div>\n<div id=\"m_9037288714387924178yui_3_16_0_1_1496751760626_13158\"><a id=\"m_9037288714387924178yui_3_16_0_1_1496751760626_13159\" href=\"https:\/\/www.youtube.com\/watch?v=woSHX-zHe6c&amp;feature=youtu.be\" target=\"_blank\" rel=\"noopener noreferrer\" data-saferedirecturl=\"https:\/\/www.google.com\/url?hl=pt-BR&amp;q=https:\/\/www.youtube.com\/watch?v%3DwoSHX-zHe6c%26feature%3Dyoutu.be&amp;source=gmail&amp;ust=1496925390290000&amp;usg=AFQjCNEDIjPgoB5XNCN4tH0_QUMgmbGQXg\">https:\/\/www.youtube.com\/watch?<wbr \/>v=woSHX-zHe6c&amp;feature=youtu.be<\/a><u><\/u><u><\/u><\/div>\n<div id=\"m_9037288714387924178yui_3_16_0_1_1496751760626_13161\"><a id=\"m_9037288714387924178yui_3_16_0_1_1496751760626_13162\" href=\"https:\/\/www.youtube.com\/watch?v=_oo5W-J_1XM&amp;feature=youtu.be\" target=\"_blank\" rel=\"noopener noreferrer\" data-saferedirecturl=\"https:\/\/www.google.com\/url?hl=pt-BR&amp;q=https:\/\/www.youtube.com\/watch?v%3D_oo5W-J_1XM%26feature%3Dyoutu.be&amp;source=gmail&amp;ust=1496925390290000&amp;usg=AFQjCNFZG2EFgXlzb8kW5WwQ1wmeuzhsFw\">https:\/\/www.youtube.com\/watch?<wbr \/>v=_oo5W-J_1XM&amp;feature=youtu.be<\/a><u><\/u><u><\/u><\/div>\n<div id=\"m_9037288714387924178yui_3_16_0_1_1496751760626_13164\"><a id=\"m_9037288714387924178yui_3_16_0_1_1496751760626_13165\" href=\"https:\/\/www.youtube.com\/watch?v=3b9Aus4oGO0&amp;feature=youtu.be\" target=\"_blank\" rel=\"noopener noreferrer\" data-saferedirecturl=\"https:\/\/www.google.com\/url?hl=pt-BR&amp;q=https:\/\/www.youtube.com\/watch?v%3D3b9Aus4oGO0%26feature%3Dyoutu.be&amp;source=gmail&amp;ust=1496925390290000&amp;usg=AFQjCNG_wctzrY53uKtVyTNSwfcoaEU8PA\">https:\/\/www.youtube.com\/watch?<wbr \/>v=3b9Aus4oGO0&amp;feature=youtu.be<\/a><u><\/u><u><\/u><\/div>\n<div id=\"m_9037288714387924178yui_3_16_0_1_1496751760626_13167\">foto: <a id=\"m_9037288714387924178yui_3_16_0_1_1496751760626_13168\" href=\"https:\/\/www.festivaldominuto.com.br\/assets\/logo-pt-BR-f1333e0c1669877ede6123dec37debefcd8968f843d4684fd6da2fe86f813dea.png\" target=\"_blank\" rel=\"noopener noreferrer\" data-saferedirecturl=\"https:\/\/www.google.com\/url?hl=pt-BR&amp;q=https:\/\/www.festivaldominuto.com.br\/assets\/logo-pt-BR-f1333e0c1669877ede6123dec37debefcd8968f843d4684fd6da2fe86f813dea.png&amp;source=gmail&amp;ust=1496925390290000&amp;usg=AFQjCNGN2sUf8PU5CLzIDBXlv97kyIdJKw\">https:\/\/www.festivaldominuto.<wbr \/>com.br\/assets\/logo-pt-BR-<wbr \/>f1333e0c1669877ede6123dec37deb<wbr \/>efcd8968f843d4684fd6da2fe86f81<wbr \/>3dea.png<\/a><\/div>\n<\/div>\n<\/div>\n<\/div>\n<\/div>\n<\/div>\n","protected":false},"excerpt":{"rendered":"<p>\u00a0Cine Clube de Itapetininga exibe filmes do Festival do Minuto<\/p>\n","protected":false},"author":3,"featured_media":0,"comment_status":"closed","ping_status":"closed","sticky":false,"template":"","format":"standard","meta":{"_jetpack_newsletter_access":"","_jetpack_dont_email_post_to_subs":false,"_jetpack_newsletter_tier_id":0,"_jetpack_memberships_contains_paywalled_content":false,"_jetpack_memberships_contains_paid_content":false,"footnotes":""},"categories":[7],"tags":[3879],"class_list":["post-10952","post","type-post","status-publish","format-standard","hentry","category-comunicacao","tag-festival-do-minuto"],"aioseo_notices":[],"views":791,"jetpack_featured_media_url":"","jetpack_sharing_enabled":true,"jetpack_likes_enabled":true,"jetpack-related-posts":[{"id":4983,"url":"http:\/\/jornalrol.com.br\/?p=4983","url_meta":{"origin":10952,"position":0},"title":"Filme &#039;O Tambor&#039; ser\u00e1 exibido pelo Cine Clube de Itapetininga dia 23","author":"Helio Rubens","date":"17 de maio de 2016","format":false,"excerpt":"O in\u00edcio da exibi\u00e7\u00e3o ser\u00e1 \u00e0s 19 horas do dia 23 no Cine Janelas Segunda feira, dia\u00a023de maio, \u00e0s 19 horas em ponto, ser\u00e1 exibido e\u00a0\u00a0e debatido\u00a0o filme 'O Tambor', no CINE JANELAS, anexo ao Posto de Sa\u00fade Dr. Genefredo Monteiro, Audit\u00f3rio Abilio Victor, Pra\u00e7a ( de Julho, 518, centro\u2026","rel":"","context":"Em &quot;Comunica\u00e7\u00e3o&quot;","block_context":{"text":"Comunica\u00e7\u00e3o","link":"http:\/\/jornalrol.com.br\/?cat=7"},"img":{"alt_text":"","src":"","width":0,"height":0},"classes":[]},{"id":4953,"url":"http:\/\/jornalrol.com.br\/?p=4953","url_meta":{"origin":10952,"position":1},"title":"Filme &#039;O Tambor&#039; ser\u00e1 exibido pelo Cine Clube de Itapetininga","author":"Helio Rubens","date":"16 de maio de 2016","format":false,"excerpt":"O incio da exibi\u00e7\u00e3o ser\u00e1 \u00e0s 19 horas do dia 29 no Cine Janelas Segunda feira, dia\u00a029 de maio, \u00e0s 19 horas em ponto, ser\u00e1 exibido e\u00a0\u00a0e debatido\u00a0o filme 'O Tambor', no CINE JANELAS, anexo ao Posto de Sa\u00fade Dr. Genefredo Monteiro, Audit\u00f3rio Abilio Victor, Pra\u00e7a ( de Julho, 518,\u2026","rel":"","context":"Em &quot;Comunica\u00e7\u00e3o&quot;","block_context":{"text":"Comunica\u00e7\u00e3o","link":"http:\/\/jornalrol.com.br\/?cat=7"},"img":{"alt_text":"","src":"","width":0,"height":0},"classes":[]},{"id":2571,"url":"http:\/\/jornalrol.com.br\/?p=2571","url_meta":{"origin":10952,"position":2},"title":"Cine Clube de Itapetininga vai exibir gratuitamente o filme &#039;Mon Oncle&#039;","author":"Helio Rubens","date":"14 de julho de 2015","format":false,"excerpt":"O Cine Clube de Itapetininga apresenta gratuitamente o filme 'MEU TIO', DE JACQUES TATI A apresenta\u00e7\u00e3o ser\u00e1 no dia 23 de Julho quinta-feira, \u00e0s 19h30. O roteiro conta a hist\u00f3ria do 'Senhor Hulot' (Jacques Tati), que vive em um bairro pobre e antigo de Paris, enquanto sua irm\u00e3 e seu\u2026","rel":"","context":"Em &quot;Comunica\u00e7\u00e3o&quot;","block_context":{"text":"Comunica\u00e7\u00e3o","link":"http:\/\/jornalrol.com.br\/?cat=7"},"img":{"alt_text":"","src":"","width":0,"height":0},"classes":[]},{"id":11561,"url":"http:\/\/jornalrol.com.br\/?p=11561","url_meta":{"origin":10952,"position":3},"title":"Cine Clube de Itapetininga exibe gratuitamente o filme &#039;Paterson&#039;, de Jim Jarmusch, no dia 16 de Julho","author":"Helio Rubens","date":"11 de julho de 2017","format":false,"excerpt":"O filme 'Paterson'\u00a0mostra poesia al\u00e9m do cotidiano banal Uma das sensa\u00e7\u00f5es do Festival de Cannes de 2016 O\u00a0Cine Clube de Itapetininga exibe gratuitamente o filme PATERSON, de Jim Jarmusch no dia 16 de Julho pr\u00f3ximo, domingo, com inicio exatamente \u00e0s 17 horas. Na cidade de Paterson, em Nova Jersey -\u2026","rel":"","context":"Em &quot;Comunica\u00e7\u00e3o&quot;","block_context":{"text":"Comunica\u00e7\u00e3o","link":"http:\/\/jornalrol.com.br\/?cat=7"},"img":{"alt_text":"","src":"https:\/\/i0.wp.com\/www.jornalrol.com.br\/wp-content\/uploads\/2017\/07\/paterson-300x200.jpg?resize=350%2C200","width":350,"height":200},"classes":[]},{"id":1660,"url":"http:\/\/jornalrol.com.br\/?p=1660","url_meta":{"origin":10952,"position":4},"title":"Itapetininga: CINE CLUBE EXIBIR\u00c1 &#039;A GUERRA DO FOGO&#039;","author":"Helio Rubens","date":"19 de abril de 2015","format":false,"excerpt":"O Cine Clube de Itapetininga \u00e9 uma inciativa do Instituto Julio Prestes Segundo Angelo Ricchetti, o coordenador do projeto Cine Clube do Instituto Julio Prestes, \u00a0\"antes dos seres humanos, o planeta Terra era habitado por homin\u00eddeos\". Segundo ele, o filme 'A GUERRA DO FOGO' \u00a0mostra dois grupos de hoinideos: \u00a0em\u2026","rel":"","context":"Em &quot;Comunica\u00e7\u00e3o&quot;","block_context":{"text":"Comunica\u00e7\u00e3o","link":"http:\/\/jornalrol.com.br\/?cat=7"},"img":{"alt_text":"","src":"","width":0,"height":0},"classes":[]},{"id":7532,"url":"http:\/\/jornalrol.com.br\/?p=7532","url_meta":{"origin":10952,"position":5},"title":"Um filme \u00e1rabe ser\u00e1 exibido pelo Cine Clube de Itapetininga no domingo dia 22","author":"Helio Rubens","date":"16 de janeiro de 2017","format":false,"excerpt":"\u00a0'A COR DO PARA\u00cdSO' \u00e9 o nome do filme que ser\u00e1 exibido pelo Cine Clube de Itapetininga, em parceria com a Secretaria de Cultura O coordenador do Cine Clube, Angelo Lourival Ricchetti, est\u00e1 convidando\u00a0para todos assistirem ao filme 'A COR DO PARA\u00cdSO', do cineasta do Ir\u00e3 Majid Majidid. A exibi\u00e7\u00e3o\u2026","rel":"","context":"Em &quot;Comunica\u00e7\u00e3o&quot;","block_context":{"text":"Comunica\u00e7\u00e3o","link":"http:\/\/jornalrol.com.br\/?cat=7"},"img":{"alt_text":"Filme A cor do paraiso 5","src":"https:\/\/i0.wp.com\/www.jornalrol.com.br\/wp-content\/uploads\/2017\/01\/Filme-A-cor-do-paraiso-5-261x300.jpg?resize=350%2C200","width":350,"height":200},"classes":[]}],"_links":{"self":[{"href":"http:\/\/jornalrol.com.br\/index.php?rest_route=\/wp\/v2\/posts\/10952","targetHints":{"allow":["GET"]}}],"collection":[{"href":"http:\/\/jornalrol.com.br\/index.php?rest_route=\/wp\/v2\/posts"}],"about":[{"href":"http:\/\/jornalrol.com.br\/index.php?rest_route=\/wp\/v2\/types\/post"}],"author":[{"embeddable":true,"href":"http:\/\/jornalrol.com.br\/index.php?rest_route=\/wp\/v2\/users\/3"}],"replies":[{"embeddable":true,"href":"http:\/\/jornalrol.com.br\/index.php?rest_route=%2Fwp%2Fv2%2Fcomments&post=10952"}],"version-history":[{"count":0,"href":"http:\/\/jornalrol.com.br\/index.php?rest_route=\/wp\/v2\/posts\/10952\/revisions"}],"wp:attachment":[{"href":"http:\/\/jornalrol.com.br\/index.php?rest_route=%2Fwp%2Fv2%2Fmedia&parent=10952"}],"wp:term":[{"taxonomy":"category","embeddable":true,"href":"http:\/\/jornalrol.com.br\/index.php?rest_route=%2Fwp%2Fv2%2Fcategories&post=10952"},{"taxonomy":"post_tag","embeddable":true,"href":"http:\/\/jornalrol.com.br\/index.php?rest_route=%2Fwp%2Fv2%2Ftags&post=10952"}],"curies":[{"name":"wp","href":"https:\/\/api.w.org\/{rel}","templated":true}]}}