{"id":10957,"date":"2017-06-07T10:09:05","date_gmt":"2017-06-07T13:09:05","guid":{"rendered":"http:\/\/www.jornalrol.com.br\/?p=10957"},"modified":"2017-06-07T10:09:05","modified_gmt":"2017-06-07T13:09:05","slug":"celso-lungaretti-edson-fachin-e-reinaldo-azevedo-um-deles-pisou-feio-na-bola-e-tem-de-ser-punido","status":"publish","type":"post","link":"http:\/\/jornalrol.com.br\/?p=10957","title":{"rendered":"Celso Lungaretti: &#039;Edson Fachin e Reinaldo Azevedo: um deles pisou feio na bola e tem de ser punido&#039;"},"content":{"rendered":"<div class=\"pdfprnt-buttons pdfprnt-buttons-post pdfprnt-top-right\"><a href=\"http:\/\/jornalrol.com.br\/index.php?rest_route=%2Fwp%2Fv2%2Fposts%2F10957&print=pdf\" class=\"pdfprnt-button pdfprnt-button-pdf\" target=\"_blank\" ><\/a><a href=\"http:\/\/jornalrol.com.br\/index.php?rest_route=%2Fwp%2Fv2%2Fposts%2F10957&print=print\" class=\"pdfprnt-button pdfprnt-button-print\" target=\"_blank\" ><img decoding=\"async\" src=\"https:\/\/jornalrol.com.br\/wp-content\/plugins\/pdf-print\/images\/print.png\" alt=\"image_print\" title=\"Conte\u00fado de impress\u00e3o\" \/><\/a><\/div><div class=\"nH\"><\/div>\n<div class=\"nH aHU\">\n<div class=\"nH hx\">\n<div class=\"nH\">\n<div class=\"h7  ie nH oy8Mbf\" tabindex=\"-1\">\n<div class=\"Bk\">\n<div class=\"G3 G2\">\n<div>\n<div id=\":n9\">\n<div class=\"adn ads\">\n<div class=\"gs\">\n<h2 class=\"tx78Ic\" style=\"text-align: center;\"><a href=\"http:\/\/www.jornalrol.com.br\/celso-lungaretti-mensagem-de-aniversario\/foto-celso3-abril-17\/\" rel=\"attachment wp-att-9671\"><img loading=\"lazy\" decoding=\"async\" class=\"aligncenter size-medium wp-image-9671\" src=\"http:\/\/www.jornalrol.com.br\/wp-content\/uploads\/2017\/04\/Foto-Celso3-abril-17-225x300.jpg\" alt=\"\" width=\"225\" height=\"300\" \/><\/a><br \/>\nCELSO LUNGARETTI:<br \/>\n&#8216;N\u00c3O H\u00c1 MEIO TERMO: FACHIN TEM DE SER AFASTADO DO STF<br \/>\nOU REINALDO AZEVEDO PROCESSADO COMO CALUNIADOR&#8217;<\/h2>\n<h2 class=\"aHl\" style=\"text-align: center;\"><\/h2>\n<div id=\":nj\" class=\"ii gt adP adO\"><\/div>\n<\/div>\n<\/div>\n<\/div>\n<\/div>\n<\/div>\n<\/div>\n<\/div>\n<\/div>\n<\/div>\n<\/div>\n<p><!--more--><\/p>\n<div id=\":nj\" class=\"ii gt adP adO\">\n<div id=\":wt\" class=\"a3s aXjCH m15c7cf706d49c14b\">\n<div dir=\"ltr\">\n<div>.<\/div>\n<div>\n<table class=\"m_-5303758087610871495gmail-tr-caption-container\" cellspacing=\"0\" cellpadding=\"0\">\n<tbody>\n<tr>\n<td><a href=\"http:\/\/paduacampos.com.br\/2012\/wp-content\/uploads\/2015\/12\/luiz-edson-fachin20.jpeg\" target=\"_blank\" rel=\"noopener noreferrer\" data-saferedirecturl=\"https:\/\/www.google.com\/url?hl=pt-BR&amp;q=http:\/\/paduacampos.com.br\/2012\/wp-content\/uploads\/2015\/12\/luiz-edson-fachin20.jpeg&amp;source=gmail&amp;ust=1496925390462000&amp;usg=AFQjCNEeSQJZ2aw0a-C4xOtY57CtZR7pDQ\"><img loading=\"lazy\" decoding=\"async\" class=\"CToWUd aligncenter\" src=\"https:\/\/ci6.googleusercontent.com\/proxy\/qN4obrWPE8ls7oo59X35hB7UG3kCxDXQM260S52IcrQ3xGo1N1WGDDAI5lcyPwoRQRLSHp4WtMVgBHk0QZ5MC5JHwUbwGb5zBYBGx5vQrrKZkQlGzuSW1wHSl6f78EQqN8SahnKheh2IBxx0jSXkCubOTYjOhIm0cL-wQgVtUsX3rw-QIpvwrlPgrknglB2HrQiFRiTLYCF_d35clollrPK6TBHNyJhNfNMhOFKfcw1jJdJTsWpEjU8vrCFAQGtmWJ25w350jPLrBIxfxF26YRAsaVQ5-VS8d1U0tQ8Fu5swDxdkE8uPKVBei20jbnW4hPbd-l81=s0-d-e1-ft#https:\/\/images-blogger-opensocial.googleusercontent.com\/gadgets\/proxy?url=http%3A%2F%2Fpaduacampos.com.br%2F2012%2Fwp-content%2Fuploads%2F2015%2F12%2Fluiz-edson-fachin20.jpeg&amp;container=blogger&amp;gadget=a&amp;rewriteMime=image%2F*\" width=\"400\" height=\"300\" border=\"0\" \/><\/a><\/td>\n<\/tr>\n<tr>\n<td class=\"m_-5303758087610871495gmail-tr-caption\"><b>Poder\u00e1 ser Fachin quem receba o cart\u00e3o vermelho&#8230;<\/b><\/td>\n<\/tr>\n<\/tbody>\n<\/table>\n<div>\n<p><b>O<\/b>\u00a0jornalista Reinaldo Azevedo fez acusa\u00e7\u00f5es grav\u00edssimas contra o ministro Edson Fachin, do Supremo Tribunal Federal:<\/p>\n<\/div>\n<blockquote class=\"m_-5303758087610871495gmail-tr_bq\"><p>\u2014\u00a0quando visitava senadores para angariar apoio \u00e0 sua pretens\u00e3o de tornar-se ministro do STF, Fachin teria estado num jantar com Joesley Batista, na mans\u00e3o do empres\u00e1rio em Bras\u00edlia, l\u00e1 permanecendo das 21 horas at\u00e9 as 6 horas do dia seguinte;<\/p><\/blockquote>\n<blockquote class=\"m_-5303758087610871495gmail-tr_bq\"><p>\u2014 um dos presentes teria sido o senador Renan Calheiros, que at\u00e9 ent\u00e3o n\u00e3o estaria vendo Fachin como um bom nome para o Supremo;<\/p><\/blockquote>\n<blockquote class=\"m_-5303758087610871495gmail-tr_bq\"><p>\u2014 depois da longa conversa, Calheiros teria mudado de opini\u00e3o..<\/p><\/blockquote>\n<div>\n<p>H\u00e1 mais, segundo RA:<\/p>\n<\/div>\n<blockquote class=\"m_-5303758087610871495gmail-tr_bq\"><p><b>&#8220;<\/b>Todo mundo sabe em Bras\u00edlia que Fachin visitou o gabinete de alguns senadores, quando ainda candidato ao posto, escoltado por ningu\u00e9m menos do que Ricardo Saud, que vinha a ser justamente o\u00a0<b><i>homem da mala<\/i><\/b>\u00a0da J&amp;F. Era ele que pagava boa parte dos benef\u00edcios a quase 2 mil pol\u00edticos, na contabilidade admitida pelo pr\u00f3prio Joesley<b>&#8220;<\/b>.<\/p><\/blockquote>\n<table class=\"m_-5303758087610871495gmail-tr-caption-container\" cellspacing=\"0\" cellpadding=\"0\">\n<tbody>\n<tr>\n<td><a href=\"http:\/\/www.gazetadopovo.com.br\/rodrigo-constantino\/assets\/jpg\/blog-1710.jpg\" target=\"_blank\" rel=\"noopener noreferrer\" data-saferedirecturl=\"https:\/\/www.google.com\/url?hl=pt-BR&amp;q=http:\/\/www.gazetadopovo.com.br\/rodrigo-constantino\/assets\/jpg\/blog-1710.jpg&amp;source=gmail&amp;ust=1496925390462000&amp;usg=AFQjCNFEhixnTonX6iYAOjK-0qoLw0lVkA\"><img loading=\"lazy\" decoding=\"async\" class=\"CToWUd aligncenter\" src=\"https:\/\/ci3.googleusercontent.com\/proxy\/JReo4ei8Lb3g_kc9gwduvTAkryHn6vgT3g5o7h0w6WEuHn3qld0-Eis4OkbVXzUSESwFAbCxO3HmW09Q57BLld_gOQlJBuIJ45z2j7bw7OCuUh08bH4wqVMcjcue6Ms17ClHdYqv5nxrXgA9eIBeRIR0LCyK4aM9mJI3kCrpzv_s_IEKIYBJf4wlMkN6l6qYS11ID3DF_dqJYfccmfdomlCXJGv0MS2BrlmHTPdNJkRI64ESyQGB83UMFaiocQSYdaOzpjYF7_V49XmZQl3bH1OJ33FmzVmFpaHY0znxVRkSa1LQiLn4I0tl6g=s0-d-e1-ft#https:\/\/images-blogger-opensocial.googleusercontent.com\/gadgets\/proxy?url=http%3A%2F%2Fwww.gazetadopovo.com.br%2Frodrigo-constantino%2Fassets%2Fjpg%2Fblog-1710.jpg&amp;container=blogger&amp;gadget=a&amp;rewriteMime=image%2F*\" width=\"400\" height=\"266\" border=\"0\" \/><\/a><\/td>\n<\/tr>\n<tr>\n<td class=\"m_-5303758087610871495gmail-tr-caption\"><b>&#8230;dependendo de quem consiga botar os pingos nos is.<\/b><\/td>\n<\/tr>\n<\/tbody>\n<\/table>\n<div>\n<p>Ou seja, insinua\u00e7\u00f5es \u00e0 parte, a J&amp;F teria atuado efetivamente em favor da candidatura de Fachin ao Supremo, com este, contudo, n\u00e3o se declarando depois impedido de aprovar a dela\u00e7\u00e3o premiada dos executivos dessa empresa.<\/p>\n<\/div>\n<div><\/div>\n<div>\n<p>Se isto for verdade, Fachin ter\u00e1 descumprido seu dever de distanciar-se de um processo com o qual teria envolvimento de ordem pessoal. Pior: desempenhou papel decisivo para que fosse aprovada a criticad\u00edssima\u00a0<b><i>dela\u00e7\u00e3o super-premiada<\/i><\/b>\u00a0de Joesley Batista, dando ensejo a que sua atua\u00e7\u00e3o possa agora ser vista como retribui\u00e7\u00e3o do favor prestado por um bandido.<\/p>\n<\/div>\n<div><\/div>\n<div>\n<p>Inexistindo um esclarecimento convincente do Fachin, n\u00e3o s\u00f3 sua decis\u00e3o relativa \u00e0 dela\u00e7\u00e3o da J&amp;F teria de ser anulada, como a relatoria do\u00a0<b><i>petrol\u00e3o<\/i><\/b>\u00a0precisaria trocar de m\u00e3os e sua pr\u00f3pria condi\u00e7\u00e3o de ministro do Supremo se tornaria insustent\u00e1vel.<\/p>\n<\/div>\n<div><\/div>\n<div>\n<p>Se, pelo contr\u00e1rio, ele comprovar que tudo n\u00e3o passa de uma falsidade, tem de tomar imediatamente as mais rigorosas provid\u00eancias poss\u00edveis contra o autor de t\u00e3o infamante cal\u00fania.<\/p>\n<\/div>\n<div><\/div>\n<div>\n<p>Trata-se de um epis\u00f3dio que clama por um esclarecimento cabal e uma puni\u00e7\u00e3o exemplar, seja do que ter\u00e1 escondido uma informa\u00e7\u00e3o que o desqualificaria para uma tarefa importante, seja do que ter\u00e1 espalhado aos quatro ventos uma mentira cabeluda.<\/p>\n<\/div>\n<div><\/div>\n<div>\n<p>A \u00fanica coisa que n\u00e3o pode \u00e9 nada acontecer a nenhum dos dois.<\/p>\n<div id=\"m_-5303758087610871495gmail-yui_3_15_0_1_1493996158281_1263\">\n<div id=\"m_-5303758087610871495gmail-yui_3_15_0_1_1493996158281_1263\">\n<p><span id=\"m_-5303758087610871495gmail-yui_3_15_0_1_1493996158281_1262\"><span id=\"m_-5303758087610871495gmail-yui_3_15_0_1_1493996158281_1261\"><span id=\"m_-5303758087610871495gmail-yui_3_15_0_1_1493996158281_1260\"><b><span id=\"m_-5303758087610871495gmail-yui_3_15_0_1_1493996158281_1269\">OUTROS POSTS RECENTES DO BLOGUE<\/span>\u00a0<a id=\"m_-5303758087610871495gmail-yui_3_15_0_1_1493996158281_1259\" href=\"https:\/\/naufrago-da-utopia.blogspot.com.br\/\" target=\"_blank\" rel=\"noopener noreferrer\" data-saferedirecturl=\"https:\/\/www.google.com\/url?hl=pt-BR&amp;q=https:\/\/naufrago-da-utopia.blogspot.com.br\/&amp;source=gmail&amp;ust=1496925390462000&amp;usg=AFQjCNEUQbUlhBTKTV7T5A7KV1s-lXn0pg\"><span id=\"m_-5303758087610871495gmail-yui_3_15_0_1_1493996158281_1258\"><u id=\"m_-5303758087610871495gmail-yui_3_15_0_1_1493996158281_1257\">N\u00c1UFRAGO DA UTOPIA<\/u><\/span><\/a>\u00a0<span id=\"m_-5303758087610871495gmail-yui_3_15_0_1_1493996158281_1285\">(clique p\/ abrir):<\/span><\/b><\/span><\/span><\/span><\/p>\n<\/div>\n<div id=\"m_-5303758087610871495gmail-yui_3_15_0_1_1493996158281_1230\">\n<p><span id=\"m_-5303758087610871495gmail-yui_3_15_0_1_1493996158281_1250\"><span id=\"m_-5303758087610871495gmail-yui_3_15_0_1_1493996158281_1249\"><b><a id=\"m_-5303758087610871495gmail-yui_3_15_0_1_1493996158281_1248\" href=\"https:\/\/naufrago-da-utopia.blogspot.com.br\/2017\/06\/assistimos-um-derretimento-amplo-geral.html\" target=\"_blank\" rel=\"noopener noreferrer\" data-saferedirecturl=\"https:\/\/www.google.com\/url?hl=pt-BR&amp;q=https:\/\/naufrago-da-utopia.blogspot.com.br\/2017\/06\/assistimos-um-derretimento-amplo-geral.html&amp;source=gmail&amp;ust=1496925390462000&amp;usg=AFQjCNGmXKhpc2UfEUIoGTVjyxxRrNpOHw\"><span id=\"m_-5303758087610871495gmail-yui_3_15_0_1_1493996158281_1247\"><span id=\"m_-5303758087610871495gmail-yui_3_15_0_1_1493996158281_1246\">ASSISTIMOS A UM DERRETIMENTO AMPLO, GERAL E IRRESTRITO.<\/span><\/span><\/a><\/b><\/span><\/span><\/p>\n<p><a id=\"m_-5303758087610871495gmail-yui_3_15_0_1_1493996158281_1244\" href=\"https:\/\/naufrago-da-utopia.blogspot.com.br\/2017\/06\/a-crise-e-de-todo-o-sistema-agonizam-o.html\" target=\"_blank\" rel=\"noopener noreferrer\" data-saferedirecturl=\"https:\/\/www.google.com\/url?hl=pt-BR&amp;q=https:\/\/naufrago-da-utopia.blogspot.com.br\/2017\/06\/a-crise-e-de-todo-o-sistema-agonizam-o.html&amp;source=gmail&amp;ust=1496925390462000&amp;usg=AFQjCNHEbbHjIg-AE_VrORqQ_OVcuIc9EA\"><span id=\"m_-5303758087610871495gmail-yui_3_15_0_1_1493996158281_1243\"><span id=\"m_-5303758087610871495gmail-yui_3_15_0_1_1493996158281_1242\"><b>A CRISE \u00c9 DE TODO O SISTEMA: AGONIZAM O CAPITAL, O ESTADO E SEUS REPRESENTANTES POL\u00cdTICOS DA DIREITA E DA ESQUERDA.<\/b><\/span><\/span><\/a><\/p>\n<p><b><span id=\"m_-5303758087610871495gmail-yui_3_15_0_1_1493996158281_1229\"><span id=\"m_-5303758087610871495gmail-yui_3_15_0_1_1493996158281_1240\"><span id=\"m_-5303758087610871495gmail-yui_3_15_0_1_1493996158281_1239\"><a id=\"m_-5303758087610871495gmail-yui_3_15_0_1_1493996158281_1238\" href=\"https:\/\/naufrago-da-utopia.blogspot.com.br\/2017\/06\/derrubada-do-temer-para-o-poder.html\" target=\"_blank\" rel=\"noopener noreferrer\" data-saferedirecturl=\"https:\/\/www.google.com\/url?hl=pt-BR&amp;q=https:\/\/naufrago-da-utopia.blogspot.com.br\/2017\/06\/derrubada-do-temer-para-o-poder.html&amp;source=gmail&amp;ust=1496925390462000&amp;usg=AFQjCNGiXyMtQvobimm3NpWbL8ZuWqCAGw\"><span id=\"m_-5303758087610871495gmail-yui_3_15_0_1_1493996158281_1237\"><span id=\"m_-5303758087610871495gmail-yui_3_15_0_1_1493996158281_1236\">DERRUBADA DO TEMER? PARA O PODER ECON\u00d4MICO TANTO D\u00c1 COMO TANTO DEU, DESDE QUE AS REFORMAS SIGAM ADIANTE.<\/span><\/span><\/a><\/span><\/span><br \/>\n<a id=\"m_-5303758087610871495gmail-yui_3_15_0_1_1493996158281_1234\" href=\"https:\/\/naufrago-da-utopia.blogspot.com.br\/2017\/06\/o-cavernario-planeta-trump.html\" target=\"_blank\" rel=\"noopener noreferrer\" data-saferedirecturl=\"https:\/\/www.google.com\/url?hl=pt-BR&amp;q=https:\/\/naufrago-da-utopia.blogspot.com.br\/2017\/06\/o-cavernario-planeta-trump.html&amp;source=gmail&amp;ust=1496925390462000&amp;usg=AFQjCNFmNkakmV4TtmO72oNNQdVRjqeMhA\"><span id=\"m_-5303758087610871495gmail-yui_3_15_0_1_1493996158281_1233\"><span id=\"m_-5303758087610871495gmail-yui_3_15_0_1_1493996158281_1232\">O CAVERN\u00c1RIO PLANETA TRUMP<\/span><\/span><\/a><br \/>\n<span id=\"m_-5303758087610871495gmail-yui_3_15_0_1_1493996158281_1228\"><span id=\"m_-5303758087610871495gmail-yui_3_15_0_1_1493996158281_1227\"><a id=\"m_-5303758087610871495gmail-yui_3_15_0_1_1493996158281_1226\" href=\"https:\/\/naufrago-da-utopia.blogspot.com.br\/2017\/04\/1917-heroica-greve-geral-que-custou.htmlhttps:\/\/naufrago-da-utopia.blogspot.com.br\/2017\/06\/musicos-e-cancoes-que-iluminaram-minha.html\" target=\"_blank\" rel=\"noopener noreferrer\" data-saferedirecturl=\"https:\/\/www.google.com\/url?hl=pt-BR&amp;q=https:\/\/naufrago-da-utopia.blogspot.com.br\/2017\/04\/1917-heroica-greve-geral-que-custou.htmlhttps:\/\/naufrago-da-utopia.blogspot.com.br\/2017\/06\/musicos-e-cancoes-que-iluminaram-minha.html&amp;source=gmail&amp;ust=1496925390463000&amp;usg=AFQjCNE7h22zQvyPbch_GO50g-Az_74qNA\"><span id=\"m_-5303758087610871495gmail-yui_3_15_0_1_1493996158281_1225\"><span id=\"m_-5303758087610871495gmail-yui_3_15_0_1_1493996158281_1224\">M\u00daSICOS E CAN\u00c7\u00d5ES QUE ILUMINARAM A MINHA VIDA: VEJA A S\u00c9RIE COMPLETA AQUI.<\/span><\/span><\/a><\/span><\/span><\/span><\/b><\/p>\n<\/div>\n<div id=\"m_-5303758087610871495gmail-yui_3_15_0_1_1493996158281_1222\">\n<p><span id=\"m_-5303758087610871495gmail-yui_3_15_0_1_1493996158281_1275\"><span id=\"m_-5303758087610871495gmail-yui_3_15_0_1_1493996158281_1274\"><b><a id=\"m_-5303758087610871495gmail-yui_3_15_0_1_1493996158281_1273\" href=\"https:\/\/naufrago-da-utopia.blogspot.com.br\/2017\/06\/shakespeare-seria-reprovado-em-qualquer.html\" target=\"_blank\" rel=\"noopener noreferrer\" data-saferedirecturl=\"https:\/\/www.google.com\/url?hl=pt-BR&amp;q=https:\/\/naufrago-da-utopia.blogspot.com.br\/2017\/06\/shakespeare-seria-reprovado-em-qualquer.html&amp;source=gmail&amp;ust=1496925390463000&amp;usg=AFQjCNEH_W-sr-HCXh9HxP2OzyC9hgFw8A\"><span id=\"m_-5303758087610871495gmail-yui_3_15_0_1_1493996158281_1272\"><span id=\"m_-5303758087610871495gmail-yui_3_15_0_1_1493996158281_1271\">SHAKESPEARE SERIA REPROVADO EM QUALQUER VESTIBULAR DO BRASIL, NO QUESITO &#8220;REDA\u00c7\u00c3O&#8221;&#8230;<\/span><\/span><\/a><br \/>\n<\/b><\/span><\/span><\/p>\n<\/div>\n<div id=\"m_-5303758087610871495gmail-yui_3_15_0_1_1493996158281_1146\">\n<p><span id=\"m_-5303758087610871495gmail-yui_3_15_0_3_1493996158281_8\"><b><a id=\"m_-5303758087610871495gmail-yui_3_15_0_1_1493996158281_1215\" href=\"https:\/\/naufrago-da-utopia.blogspot.com.br\/2017\/05\/o-blogue-naufrago-da-utopia-atinge.html\" target=\"_blank\" rel=\"noopener noreferrer\" data-saferedirecturl=\"https:\/\/www.google.com\/url?hl=pt-BR&amp;q=https:\/\/naufrago-da-utopia.blogspot.com.br\/2017\/05\/o-blogue-naufrago-da-utopia-atinge.html&amp;source=gmail&amp;ust=1496925390463000&amp;usg=AFQjCNETVgQw9bV0kfsDJpWhShKIYLCZ8g\"><span id=\"m_-5303758087610871495gmail-yui_3_15_0_1_1493996158281_1213\"><span id=\"m_-5303758087610871495gmail-yui_3_15_0_1_1493996158281_1211\">O BLOGUE &#8220;N\u00c1UFRAGO DA UTOPIA&#8221; ATINGE A MARCA DE 2 MILH\u00d5ES DE ACESSOS. COM AS PR\u00d3PRIAS FOR\u00c7AS E SEM VENDER SUA ALMA.<\/span><\/span><\/a>\u00a0<\/b><\/span><\/p>\n<\/div>\n<\/div>\n<div id=\"m_-5303758087610871495gmail-yui_3_15_0_1_1493996158281_1230\">\n<p><span id=\"m_-5303758087610871495gmail-yui_3_15_0_1_1493996158281_1250\"><span id=\"m_-5303758087610871495gmail-yui_3_15_0_1_1493996158281_1249\"><b><a id=\"m_-5303758087610871495gmail-yui_3_15_0_1_1493996158281_1248\" href=\"https:\/\/naufrago-da-utopia.blogspot.com.br\/2017\/05\/a-importancia-de-uma-comunicacao-livre_31.html\" target=\"_blank\" rel=\"noopener noreferrer\" data-saferedirecturl=\"https:\/\/www.google.com\/url?hl=pt-BR&amp;q=https:\/\/naufrago-da-utopia.blogspot.com.br\/2017\/05\/a-importancia-de-uma-comunicacao-livre_31.html&amp;source=gmail&amp;ust=1496925390463000&amp;usg=AFQjCNHjX-sNmyXcuYMufkDn2aBP8QVZ1w\"><span id=\"m_-5303758087610871495gmail-yui_3_15_0_1_1493996158281_1247\"><span id=\"m_-5303758087610871495gmail-yui_3_15_0_1_1493996158281_1246\">A IMPORT\u00c2NCIA DE UMA COMUNICA\u00c7\u00c3O LIVRE DO JUGO DO CAPITAL<\/span><\/span><\/a><\/b><\/span><\/span><\/p>\n<p><a id=\"m_-5303758087610871495gmail-yui_3_15_0_1_1493996158281_1244\" href=\"https:\/\/naufrago-da-utopia.blogspot.com.br\/2017\/05\/a-esquerda-da-minha-vida.html\" target=\"_blank\" rel=\"noopener noreferrer\" data-saferedirecturl=\"https:\/\/www.google.com\/url?hl=pt-BR&amp;q=https:\/\/naufrago-da-utopia.blogspot.com.br\/2017\/05\/a-esquerda-da-minha-vida.html&amp;source=gmail&amp;ust=1496925390463000&amp;usg=AFQjCNH4uX6uG0LEMCGDwc5XyfGhgQ8pqQ\"><span id=\"m_-5303758087610871495gmail-yui_3_15_0_1_1493996158281_1243\"><span id=\"m_-5303758087610871495gmail-yui_3_15_0_1_1493996158281_1242\"><b>A ESQUERDA DA MINHA VIDA<\/b><\/span><\/span><\/a><\/p>\n<\/div>\n<\/div>\n<\/div>\n<\/div>\n<\/div>\n<\/div>\n<p>&nbsp;<\/p>\n<p>&nbsp;<\/p>\n","protected":false},"excerpt":{"rendered":"<p>CELSO LUNGARETTI: &#8216;N\u00c3O H\u00c1 MEIO TERMO: FACHIN TEM DE SER AFASTADO DO STF OU REINALDO AZEVEDO PROCESSADO COMO CALUNIADOR&#8217;<\/p>\n","protected":false},"author":3,"featured_media":0,"comment_status":"closed","ping_status":"closed","sticky":false,"template":"","format":"standard","meta":{"_jetpack_newsletter_access":"","_jetpack_dont_email_post_to_subs":false,"_jetpack_newsletter_tier_id":0,"_jetpack_memberships_contains_paywalled_content":false,"_jetpack_memberships_contains_paid_content":false,"footnotes":""},"categories":[7],"tags":[1797],"class_list":["post-10957","post","type-post","status-publish","format-standard","hentry","category-comunicacao","tag-celso-lungaretti"],"aioseo_notices":[],"views":426,"jetpack_featured_media_url":"","jetpack_sharing_enabled":true,"jetpack_likes_enabled":true,"jetpack-related-posts":[{"id":10677,"url":"http:\/\/jornalrol.com.br\/?p=10677","url_meta":{"origin":10957,"position":0},"title":"Celso Lungaretti: &#039;Fachin pisou feio na bola: convulsionou o pa\u00eds por causa de uma grava\u00e7\u00e3o fajutada e passou como um trator sobre o sigilo da fonte&#039;","author":"Helio Rubens","date":"24 de maio de 2017","format":false,"excerpt":"\u00a0CELSO LUNGARETTI: GRAVA\u00c7\u00c3O ADULTERADA \u00c9 DO TIPO 'MADE IN PARAGUAY': CORTARAM MAIS DE 6 MINUTOS!!! Ricardo Molina, o perito contratado por Michel Temer para verificar a idoneidade da grava\u00e7\u00e3o da conversa incriminat\u00f3ria que o procurador-geral da Rep\u00fablica Rodrigo Janot e o ministro do Supremo Edson Fachin\u00a0aben\u00e7oaram, declarou nesta 3\u00aa feira,\u2026","rel":"","context":"Em &quot;Comunica\u00e7\u00e3o&quot;","block_context":{"text":"Comunica\u00e7\u00e3o","link":"http:\/\/jornalrol.com.br\/?cat=7"},"img":{"alt_text":"","src":"https:\/\/i0.wp.com\/www.jornalrol.com.br\/wp-content\/uploads\/2017\/04\/Foto-Celso3-abril-17-225x300.jpg?resize=350%2C200","width":350,"height":200},"classes":[]},{"id":11398,"url":"http:\/\/jornalrol.com.br\/?p=11398","url_meta":{"origin":10957,"position":1},"title":"Celso Lungaretti: &#039;Nova revela\u00e7\u00e3o da imprensa confirma: Fachin \u00e9 o homologador de dela\u00e7\u00f5es mais desatento de todos os tempos","author":"Helio Rubens","date":"6 de julho de 2017","format":false,"excerpt":"DESCOBERTO MAIS UM MOTIVO QUE IMPEDIA FACHIN DE\u00a0HOMOLOGAR A DELA\u00c7\u00c3O PREMIADA DO GRUPO J&F Al\u00e9m de, ao que tudo indica, haver contado com forte apoio do grupo J&F na sua campanha para ascender a ministro do Supremo Tribunal Federal, Edson Fachin tem uma\u00a0liga\u00e7\u00e3o perigosa\u00a0indiscut\u00edvel e inquestion\u00e1vel com o alcaguete premiad\u00edssimo\u2026","rel":"","context":"Em &quot;Comunica\u00e7\u00e3o&quot;","block_context":{"text":"Comunica\u00e7\u00e3o","link":"http:\/\/jornalrol.com.br\/?cat=7"},"img":{"alt_text":"","src":"https:\/\/ci5.googleusercontent.com\/proxy\/CcnMJxEKt_rYDs6LLDvoL42_yHHS0kY1ROHpjetfeG0ar9FGhLn9NXlBpyxg1orJgb_hMZgdBPg7_Gkv3hm8_5l7Go7ED0zjBUmP_-7R8Ti9SPms8LFGOaZ2QwUHrrF5tqBnYUP_lQ1dE0qPiecc1rBQzjwOLNp4G7EREkI0FSRfmO7feB8SGCf8aZZlXZS_oDUbP8bA6y-TmBcTlXKowTmKyDcKiZhdpBM1faQ-LgzpEGukT8iQhaI5bbMGODHpWgzd46yzXzujzNg7pl20s0V4l6RZJuZKlnRp-T-jKc03jDHX5_oPVZLP6d18PzmIdNoXiKStYKUzl5cI22BnHQ0MFgHkg8o=s0-d-e1-ft#https:\/\/images-blogger-opensocial.googleusercontent.com\/gadgets\/proxy?url=http%3A%2F%2Fresumosdasnovelas.net%2Fwp-content%2Fuploads%2F2016%2F01%2FLiga%25C3%25A7%25C3%25B5es-Perigosas-Logo.png&container=blogger&gadget=a&rewriteMime=image%2F*","width":350,"height":200},"classes":[]},{"id":4105,"url":"http:\/\/jornalrol.com.br\/?p=4105","url_meta":{"origin":10957,"position":2},"title":"Artigo de Celso Lungaretti: &#039;Ombudsman da &#039;Folha&#039; ou Guarda-Costas de Azevedo?","author":"Helio Rubens","date":"30 de janeiro de 2016","format":false,"excerpt":"PARA PROTEGER REINALDO AZEVEDO, OMBUDSMAN DA \"FOLHA\" FALTA COM O DEVER, IGNORA LEITORES QUEIXOSOS E DESRESPEITA CIDAD\u00c3OS IDOSOS Por Celso Lungaretti, no blogue\u00a0N\u00e1ufrago da Utopia. Reinaldo Azevedo: pego na mentira. H\u00e1 exatas duas semanas a\u00a0Folha de S. Paulo\u00a0publicou uma coluna de Reinaldo Azevedo na qual, para satanizar o ex-presidente Luiz\u2026","rel":"","context":"Em &quot;Comunica\u00e7\u00e3o&quot;","block_context":{"text":"Comunica\u00e7\u00e3o","link":"http:\/\/jornalrol.com.br\/?cat=7"},"img":{"alt_text":"","src":"https:\/\/ci5.googleusercontent.com\/proxy\/ldqT5KcbljcE37jdwsHElZEntaJ-7fNvTzvl2vErV2NNFak3T-5ec5o6lnoEcL8mCcidHGwfuK4CugVRLPhktjEH7NFzW65gMHPreahosLAzCI3oKlGjDNAFEBbGC42rGKL1ejJMnn9tQ6wlbUBOdxJ_HEvc8XdN9MXmv6JeT2ls7bQkMtlhMk0KTgPNnpZiKphpVMsKU0P7g5cIJ17n9LKT6JEkACN36UJ0CjHFB0lPStsJrEGfAI8EZq2N3b01nmZVuIiDTezPXXovvrGunlccmzy--mA6LQF_IAO3BJDHYLq2hpw4Bm1gaUfRtNNCQ4rXK6ep4iM0=s0-d-e1-ft#https:\/\/images-blogger-opensocial.googleusercontent.com\/gadgets\/proxy?url=http%3A%2F%2Fwww.portalimprensa.com.br%2Fcontent_file_storage%2F2013%2F11%2F27%2Freinaldoazevedo2ok.jpg&container=blogger&gadget=a&rewriteMime=image%2F*","width":350,"height":200},"classes":[]},{"id":1932,"url":"http:\/\/jornalrol.com.br\/?p=1932","url_meta":{"origin":10957,"position":3},"title":"Artigo de Celso Lungaretti: &#039;O BRASIL EM COMPASSO DE ESPERA&#039;","author":"Helio Rubens","date":"21 de maio de 2015","format":false,"excerpt":"Do blogue\u00a0N\u00e1ufrago da utopia\u00a0- Celso Lungaretti Antes que algu\u00e9m \u00a0me indagasse se desistira de remar contra a corrente, aqui vim, mesmo n\u00e3o tendo algo de novo para dizer. O notici\u00e1rio \u00e9 que me inspira --ou n\u00e3o. Assim, em fases de estagna\u00e7\u00e3o como a atual, sinto-me qual \u00a0peixe fora d'\u00e1gua. Que\u2026","rel":"","context":"Em &quot;Comunica\u00e7\u00e3o&quot;","block_context":{"text":"Comunica\u00e7\u00e3o","link":"http:\/\/jornalrol.com.br\/?cat=7"},"img":{"alt_text":"","src":"https:\/\/ci5.googleusercontent.com\/proxy\/2-sNh7aYjuoK4ZkgWYpL_xTZgBbH2A23OVaCSN9CRm7mpa7Wpo2lxNOPPuKx7mKFjZqwOdyaT8KyHavr193G6IPO_41q_4lz58DFQkMtT4E=s0-d-e1-ft#https:\/\/caideboca.files.wordpress.com\/2008\/07\/inflacao.jpg","width":350,"height":200},"classes":[]},{"id":6109,"url":"http:\/\/jornalrol.com.br\/?p=6109","url_meta":{"origin":10957,"position":4},"title":"Artigo de Celso Lungaretti: &#039;AS SAUDADES DA DITADURA BATERAM FORTE NO REINALDO AZEVEDO: ELE EXORTA TEMER A APLICAR A LEI DE SEGURAN\u00c7A NACIONAL!&#039;","author":"Helio Rubens","date":"4 de setembro de 2016","format":false,"excerpt":"REINALDO AZEVEDO QUER VER MANIFESTANTE QUE ESPATIFAR VIDRA\u00c7A DE BANCO PEGANDO 3 ANOS DE PRIS\u00c3O Por Celso Lungaretti, no blogue N\u00e1ufrago da Utopia \u00a0 O\u00a0jornalista ultradireitista Reinaldo Azevedo defende o emprego de uma lei ditatorial contra os participantes de manifesta\u00e7\u00f5es violentas contra o governo de Michel Temer. E se trata\u2026","rel":"","context":"Em &quot;Comunica\u00e7\u00e3o&quot;","block_context":{"text":"Comunica\u00e7\u00e3o","link":"http:\/\/jornalrol.com.br\/?cat=7"},"img":{"alt_text":"","src":"https:\/\/i0.wp.com\/2.bp.blogspot.com\/-mfd6huMlQ4g\/V8tk0DtJJ8I\/AAAAAAAAB1c\/ZsXSmNqOtqUzjMQIFeVybg5tQ0Dr6GQhACLcB\/s400\/RAto.jpg?resize=350%2C200&ssl=1","width":350,"height":200},"classes":[]},{"id":4227,"url":"http:\/\/jornalrol.com.br\/?p=4227","url_meta":{"origin":10957,"position":5},"title":"Artigo de Celso Lungaretti: &quot;\u00c9 assim que acaba o mundo. N\u00e3o com estrondo, mas com um suspiro&#8230;&quot;","author":"Helio Rubens","date":"13 de fevereiro de 2016","format":false,"excerpt":"Celso Lungaretti: DOIS PERDIDOS NUMA TARDE SUJA \u00a0 Por Celso Lungaretti, no blogue\u00a0N\u00e1ufrago da Utopia. \u00a0 Dilma manteve um encontro de agonizantes com Lula e, ao que tudo indica, foi tempo jogado fora. Ela dever\u00e1 permanecer em cima do muro enquanto seu criador \u00e9 destru\u00eddo e vai insistir em impor\u2026","rel":"","context":"Em &quot;Comunica\u00e7\u00e3o&quot;","block_context":{"text":"Comunica\u00e7\u00e3o","link":"http:\/\/jornalrol.com.br\/?cat=7"},"img":{"alt_text":"","src":"https:\/\/ci4.googleusercontent.com\/proxy\/u6BAPh4I0HJBslKp5z1pReF0LletoBwOLHXlPjJ6Kc0kc_T4WUByEsxzgqRSiEpgm6_bvbin31IOu82U3wcLi1nANeYY5sKoJZqnhWyKh0F_wtdYQ8VT2uH_bPuu_CqS-M1HxI2yjXVjIJjLv2RT=s0-d-e1-ft#https:\/\/skoob.s3.amazonaws.com\/livros\/45872\/DOIS_PERDIDOS_NUMA_NOITE_SUJA_1355446284B.jpg","width":350,"height":200},"classes":[]}],"_links":{"self":[{"href":"http:\/\/jornalrol.com.br\/index.php?rest_route=\/wp\/v2\/posts\/10957","targetHints":{"allow":["GET"]}}],"collection":[{"href":"http:\/\/jornalrol.com.br\/index.php?rest_route=\/wp\/v2\/posts"}],"about":[{"href":"http:\/\/jornalrol.com.br\/index.php?rest_route=\/wp\/v2\/types\/post"}],"author":[{"embeddable":true,"href":"http:\/\/jornalrol.com.br\/index.php?rest_route=\/wp\/v2\/users\/3"}],"replies":[{"embeddable":true,"href":"http:\/\/jornalrol.com.br\/index.php?rest_route=%2Fwp%2Fv2%2Fcomments&post=10957"}],"version-history":[{"count":0,"href":"http:\/\/jornalrol.com.br\/index.php?rest_route=\/wp\/v2\/posts\/10957\/revisions"}],"wp:attachment":[{"href":"http:\/\/jornalrol.com.br\/index.php?rest_route=%2Fwp%2Fv2%2Fmedia&parent=10957"}],"wp:term":[{"taxonomy":"category","embeddable":true,"href":"http:\/\/jornalrol.com.br\/index.php?rest_route=%2Fwp%2Fv2%2Fcategories&post=10957"},{"taxonomy":"post_tag","embeddable":true,"href":"http:\/\/jornalrol.com.br\/index.php?rest_route=%2Fwp%2Fv2%2Ftags&post=10957"}],"curies":[{"name":"wp","href":"https:\/\/api.w.org\/{rel}","templated":true}]}}