{"id":10962,"date":"2017-06-07T12:45:56","date_gmt":"2017-06-07T15:45:56","guid":{"rendered":"http:\/\/www.jornalrol.com.br\/?p=10962"},"modified":"2017-06-07T12:45:56","modified_gmt":"2017-06-07T15:45:56","slug":"nesta-sexta-feira-dia-09-de-junho-a-partir-das-22h-a-banda-carioca-ciclanos-e-fulanos-faz-apresentacao-unica-em-itu-nesta-sexta-feira","status":"publish","type":"post","link":"http:\/\/jornalrol.com.br\/?p=10962","title":{"rendered":"Nesta sexta-feira, dia 09 de junho, a partir das 22h, a Banda carioca &#039;Fulanos e Ciclanos&#039; faz apresenta\u00e7\u00e3o \u00fanica em Itu"},"content":{"rendered":"<div class=\"pdfprnt-buttons pdfprnt-buttons-post pdfprnt-top-right\"><a href=\"http:\/\/jornalrol.com.br\/index.php?rest_route=%2Fwp%2Fv2%2Fposts%2F10962&print=pdf\" class=\"pdfprnt-button pdfprnt-button-pdf\" target=\"_blank\" ><\/a><a href=\"http:\/\/jornalrol.com.br\/index.php?rest_route=%2Fwp%2Fv2%2Fposts%2F10962&print=print\" class=\"pdfprnt-button pdfprnt-button-print\" target=\"_blank\" ><img decoding=\"async\" src=\"https:\/\/jornalrol.com.br\/wp-content\/plugins\/pdf-print\/images\/print.png\" alt=\"image_print\" title=\"Conte\u00fado de impress\u00e3o\" \/><\/a><\/div><h2 style=\"text-align: center;\"><strong><a href=\"http:\/\/www.jornalrol.com.br\/wp-content\/uploads\/2017\/06\/14409578_1407005842661984_3971458520066928880_o.jpg\"><img loading=\"lazy\" decoding=\"async\" class=\"size-medium wp-image-10963 aligncenter\" src=\"http:\/\/www.jornalrol.com.br\/wp-content\/uploads\/2017\/06\/14409578_1407005842661984_3971458520066928880_o-300x198.jpg\" alt=\"\" width=\"300\" height=\"198\" \/><\/a><\/strong><strong><i>Com misturas do MPB, Hip Hop, ritmos Jamaicanos e tempero do universo praieiro, o grupo promete movimentar a cidade.<\/i><\/strong><\/h2>\n<p><!--more--><\/p>\n<p>&nbsp;<\/p>\n<p>Nesta sexta-feira, dia 09 de junho, a cidade dos exageros ficar\u00e1 pequena com o talento da carioca Ana Terra Blanco e dos Paulistas Gabriel Chadan e Alan Alves, trazendo os maiores sucessos do grupo\u00a0<strong>Fulanos e Ciclanos<\/strong>, que traz para a cidade em \u00fanica apresenta\u00e7\u00e3o, misturas de ritmos brasileiros no Santo Jorge Bar, a partir das 22h.<\/p>\n<p>A banda \u00e9 fruto da fus\u00e3o dos mais diversos ritmos brasileiros. Nascida e criada na cidade do Rio de Janeiro, respira brasilidades e vive a miss\u00e3o de transmitir ess\u00eancia e cultura, atrav\u00e9s da m\u00fasica. Com letras que refletem a realidade do pa\u00eds, o senso de consci\u00eancia \u00e9 a mensagem central transmitidas aos ouvintes. Formada pela carioca Ana Terra Blanco e os paulistas Gabriel Chadan e Alan Alves, a banda vem conquistando sucesso com diversos shows e apresenta\u00e7\u00f5es do Rio de Janeiro at\u00e9 Florian\u00f3polis. Com composi\u00e7\u00f5es autorais que sustentam o discurso original do reggae,\u00a0a banda\u00a0ainda revive com\u00a0arranjos \u00fanicos, os sucessos de\u00a0Charlie Brown Jr., O Rappa, Natiruts, Tim Maia, e entre outros cantores e grupos que s\u00e3o refer\u00eancias para os artistas. A banda promete muita divers\u00e3o e energia para a cidade de Itu.<\/p>\n<p><strong>\u00a0<\/strong><\/p>\n<p><strong>A Banda<\/strong><\/p>\n<p>Ana Terra Blaco \u00e9 atriz, dan\u00e7arina, cantora, pianista e vive m\u00fasica desde crian\u00e7a. Dentre alguns dos trabalhos de destaque est\u00e3o as novelas\u00a0Malha\u00e7\u00e3o\u00a0e\u00a0Gera\u00e7\u00e3o Brasil,\u00a0da\u00a0Rede Globo.\u00a0 Al\u00e9m do\u00a0<strong>Fulanos e Ciclanos<\/strong>, atualmente est\u00e1 atuando no espet\u00e1culo\u00a0\u201dOn Line\u201d, do ator\u00a0Paulo Gustavo. \u00c9 neta do compositor e \u00edcone da bossa nova,\u00a0Billy Blanco. O paulista Gabriel Chadan \u00e9 cantor, violonista, e percussionista e, antes de subir aos palcos ficou conhecido por participar de novelas como Avenida Brasil, Amor \u00e0 Vida, A Lei do Amor e recentemente retornou ao elenco de Malha\u00e7\u00e3o. J\u00e1 o compositor e produtor musical Alan Alves completa a banda levando beats inovadores e peso necess\u00e1rio para as improvisa\u00e7\u00f5es durante os shows, al\u00e9m disso, \u00e9 propriet\u00e1rio de um dos maiores centros multiculturais do interior de S\u00e3o Paulo, o Villa Mandacaru.<\/p>\n<p>Saiba mais sobre a banda acessando <a href=\"http:\/\/facebook.com\/fulanoseciclanos\" data-saferedirecturl=\"https:\/\/www.google.com\/url?hl=pt-BR&amp;q=http:\/\/facebook.com\/fulanoseciclanos&amp;source=gmail&amp;ust=1496936246489000&amp;usg=AFQjCNGuuOj94rl4vuoGVnKWjR17b9bBYw\">facebook.com\/fulanoseciclanos<\/a>.<br \/>\nYoutube &#8211; <a href=\"https:\/\/www.youtube.com\/user\/fulanosoficial\/videos\" data-saferedirecturl=\"https:\/\/www.google.com\/url?hl=pt-BR&amp;q=https:\/\/www.youtube.com\/user\/fulanosoficial\/videos&amp;source=gmail&amp;ust=1496936246489000&amp;usg=AFQjCNET_bZg4qxqfpkZU_F4TT12DwBCzA\">https:\/\/www.youtube.com\/user\/fulanosoficial\/videos<\/a><\/p>\n<p>&nbsp;<\/p>\n<p><strong>SERVI\u00c7O<br \/>\nShow Fulanos e Ciclanos<br \/>\n<\/strong>Data: 09\/06<br \/>\nHor\u00e1rio: 22h<br \/>\nLocal: Sannto Jorge Bar \u2013 Rua Madre Maria Bas\u00edlia, 941, Villa Nova, Itu (SP)<br \/>\nIngressos: R$15 (mulher) \/ R$20 (homem)<br \/>\nTelefone: (11) 98730 8814<\/p>\n<p>V\u00eddeo de divulga\u00e7\u00e3o &#8211;\u00a0<a href=\"https:\/\/we.tl\/vjvPNgYamJ\" data-saferedirecturl=\"https:\/\/www.google.com\/url?hl=pt-BR&amp;q=https:\/\/we.tl\/vjvPNgYamJ&amp;source=gmail&amp;ust=1496936246489000&amp;usg=AFQjCNFYwNkb5jUO3hxKBmoQpSbCgV5fkw\">https:\/\/we.tl\/vjvPNgYamJ<\/a><\/p>\n","protected":false},"excerpt":{"rendered":"<p>Com misturas do MPB, Hip Hop, ritmos Jamaicanos e tempero do universo praieiro, o grupo promete movimentar a cidade.<\/p>\n","protected":false},"author":6,"featured_media":0,"comment_status":"closed","ping_status":"closed","sticky":false,"template":"","format":"standard","meta":{"_jetpack_newsletter_access":"","_jetpack_dont_email_post_to_subs":false,"_jetpack_newsletter_tier_id":0,"_jetpack_memberships_contains_paywalled_content":false,"_jetpack_memberships_contains_paid_content":false,"footnotes":""},"categories":[7],"tags":[1087,1290,5900],"class_list":["post-10962","post","type-post","status-publish","format-standard","hentry","category-comunicacao","tag-artesespetaculos","tag-banda-ciclanos-e-fulanos","tag-musica"],"aioseo_notices":[],"views":608,"jetpack_featured_media_url":"","jetpack_sharing_enabled":true,"jetpack_likes_enabled":true,"jetpack-related-posts":[{"id":26609,"url":"http:\/\/jornalrol.com.br\/?p=26609","url_meta":{"origin":10962,"position":0},"title":"Sesc Sorocaba traz diversas apresenta\u00e7\u00f5es musicais durante o m\u00eas de maio no projeto Som na \u00c1rea","author":"Sergio Diniz da Costa","date":"30 de abril de 2019","format":false,"excerpt":"A banda Afrocidade se apresenta no dia 03, \u00e0s 20h, no anfiteatro da unidade O\u00a0Sesc Sorocaba\u00a0traz diversas apresenta\u00e7\u00f5es musicais durante o m\u00eas de maio no projeto\u00a0Som na \u00c1rea. De\u00a03 a 31, sextas, \u00e0s 20h e domingos, \u00e0s 17h, bandas e grupos de estilos variados como afrobeat, folk, rock, soul, rap,\u2026","rel":"","context":"Em &quot;Comunica\u00e7\u00e3o&quot;","block_context":{"text":"Comunica\u00e7\u00e3o","link":"http:\/\/jornalrol.com.br\/?cat=7"},"img":{"alt_text":"","src":"https:\/\/i0.wp.com\/www.jornalrol.com.br\/wp-content\/uploads\/2019\/04\/Afrocidade-300x141.jpg?resize=350%2C200","width":350,"height":200},"classes":[]},{"id":8248,"url":"http:\/\/jornalrol.com.br\/?p=8248","url_meta":{"origin":10962,"position":1},"title":"Prefeitura de Tatui apoiar\u00e1 carnaval de rua alternativo","author":"Helio Rubens","date":"16 de fevereiro de 2017","format":false,"excerpt":"\u00a0 PREFEITURA REALIZAR\u00c1 EXPOSI\u00c7\u00c3O, MATIN\u00caS\u00a0E APOIAR CARNAVAL ALTERNATIVO \u00a0 A Prefeitura de Tatu\u00ed realizar\u00e1 uma exposi\u00e7\u00e3o mom\u00edstica e tamb\u00e9m matin\u00eas carnavalescas e ir\u00e1 apoiar o carnaval de rua alternativo neste ano. A programa\u00e7\u00e3o do Carnaval 2017 foi definida pela Secretaria de Esporte, Cultura, Turismo, Lazer e Juventude e apresentada \u00e0\u2026","rel":"","context":"Em &quot;Comunica\u00e7\u00e3o&quot;","block_context":{"text":"Comunica\u00e7\u00e3o","link":"http:\/\/jornalrol.com.br\/?cat=7"},"img":{"alt_text":"","src":"https:\/\/i0.wp.com\/www.jornalrol.com.br\/wp-content\/uploads\/2017\/02\/CARNAVAL-1-1-300x196.jpg?resize=350%2C200","width":350,"height":200},"classes":[]},{"id":7292,"url":"http:\/\/jornalrol.com.br\/?p=7292","url_meta":{"origin":10962,"position":2},"title":"Pixel: dan\u00e7a contempor\u00e2nea na TV Brasil","author":"Helio Rubens","date":"22 de dezembro de 2016","format":false,"excerpt":"Espet\u00e1culo de dan\u00e7a gravado em 2 de novembro, no Theatro Municipal do Rio de Janeiro, \u00e9 a atra\u00e7\u00e3o da TV Brasil na noite de sexta \u00a0 \u00a0 \u00c0s 22h de sexta-feira (23), a TV Brasil exibe \u201cPixel\u201d, espet\u00e1culo que une proje\u00e7\u00f5es digitais em 3D \u00e0 dan\u00e7a contempor\u00e2nea, com \u00eanfase para\u2026","rel":"","context":"Em &quot;Comunica\u00e7\u00e3o&quot;","block_context":{"text":"Comunica\u00e7\u00e3o","link":"http:\/\/jornalrol.com.br\/?cat=7"},"img":{"alt_text":"","src":"https:\/\/ci4.googleusercontent.com\/proxy\/xP_USw36eDv4f-xBxxWqdxuxjcaJY9vaWurzqHvmzIqHt2SQHnP8rrjQtWPLI3BCB05CxflTv3JQqFFcVoMjXC5Iq7u-jj-LoTr7mxuOPKXYq3f2EQf-z9M6BiDM=s0-d-e1-ft#http:\/\/files.workr.com.br\/ViewImage.aspx?image=cvc5ixlFKBkXe4GsATzi\/A==","width":350,"height":200,"srcset":"https:\/\/ci4.googleusercontent.com\/proxy\/xP_USw36eDv4f-xBxxWqdxuxjcaJY9vaWurzqHvmzIqHt2SQHnP8rrjQtWPLI3BCB05CxflTv3JQqFFcVoMjXC5Iq7u-jj-LoTr7mxuOPKXYq3f2EQf-z9M6BiDM=s0-d-e1-ft#http:\/\/files.workr.com.br\/ViewImage.aspx?image=cvc5ixlFKBkXe4GsATzi\/A== 1x, https:\/\/ci4.googleusercontent.com\/proxy\/xP_USw36eDv4f-xBxxWqdxuxjcaJY9vaWurzqHvmzIqHt2SQHnP8rrjQtWPLI3BCB05CxflTv3JQqFFcVoMjXC5Iq7u-jj-LoTr7mxuOPKXYq3f2EQf-z9M6BiDM=s0-d-e1-ft#http:\/\/files.workr.com.br\/ViewImage.aspx?image=cvc5ixlFKBkXe4GsATzi\/A== 1.5x"},"classes":[]},{"id":3340,"url":"http:\/\/jornalrol.com.br\/?p=3340","url_meta":{"origin":10962,"position":3},"title":"O Sesi em Tatu\u00ed (SP) apresenta o &#039;Festival Primavera Cultural&#039; de 24 de setembro a 4 de outubro","author":"Helio Rubens","date":"24 de setembro de 2015","format":false,"excerpt":"Sesi apresenta Festival Primavera Cultural com artistas de Tatu\u00ed e regi\u00e3o Do G1 Itapetininga e regi\u00e3o O Sesi em Tatu\u00ed (SP) apresenta o \"Festival Primavera Cultural\", que privilegia artistas da cidade e da Tatu\u00ed ao abrir espa\u00e7o para novos talentos, em montagens de teatro e m\u00fasica, com a produ\u00e7\u00e3o de\u2026","rel":"","context":"Em &quot;Comunica\u00e7\u00e3o&quot;","block_context":{"text":"Comunica\u00e7\u00e3o","link":"http:\/\/jornalrol.com.br\/?cat=7"},"img":{"alt_text":"Sesi Araraquara apresenta Rubber Soul um show beatles cover  (Foto: Bruna Redondano)","src":"https:\/\/i0.wp.com\/s2.glbimg.com\/UTVh_xlHu1Vb5bsprPYV28kUae0%3D\/300x225\/s.glbimg.com\/jo\/g1\/f\/original\/2014\/09\/30\/rubber_soul_5_foto_bruna_redondano.jpg?resize=350%2C200","width":350,"height":200},"classes":[]},{"id":19561,"url":"http:\/\/jornalrol.com.br\/?p=19561","url_meta":{"origin":10962,"position":4},"title":"Festival Capital da M\u00fasica Maestro Ant\u00f4nio Carlos Neves Campos come\u00e7a dia 6 em Tatui","author":"Helio Rubens","date":"5 de julho de 2018","format":false,"excerpt":"FESTIVAL 'MAESTRO NEVES' LEVA M\u00daSICAPARA A 6\u00aa FEIRA DO DOCE Est\u00e1 quase tudo pronto! De 6 a 9 de julho, das 10h \u00e0s 22h, na Pra\u00e7a da Matriz, a Prefeitura de Tatu\u00ed, por meio da Secretaria Municipal de Esporte, Cultura, Turismo, Lazer e Juventude, com apoio da Caixa Econ\u00f4mica Federal,\u2026","rel":"","context":"Em &quot;Comunica\u00e7\u00e3o&quot;","block_context":{"text":"Comunica\u00e7\u00e3o","link":"http:\/\/jornalrol.com.br\/?cat=7"},"img":{"alt_text":"","src":"","width":0,"height":0},"classes":[]},{"id":27481,"url":"http:\/\/jornalrol.com.br\/?p=27481","url_meta":{"origin":10962,"position":5},"title":"M\u00fasica Erudita no Sesi de Itapetininga dia 30","author":"Helio Rubens","date":"28 de maio de 2019","format":false,"excerpt":"A entrada \u00e9 gratuita A primeira temporada da Mostra SESI-SP de M\u00fasica Erudita se prop\u00f5e levar ao p\u00fablico de S\u00e3o Paulo toda a beleza e sonoridade da polifonia caracter\u00edstica do g\u00eanero, desde sua forma mais pura e tradicional at\u00e9 as fases mais difundidas entre o grande p\u00fablico, com misturas harmoniosas\u2026","rel":"","context":"Em &quot;Comunica\u00e7\u00e3o&quot;","block_context":{"text":"Comunica\u00e7\u00e3o","link":"http:\/\/jornalrol.com.br\/?cat=7"},"img":{"alt_text":"","src":"https:\/\/i0.wp.com\/www.jornalrol.com.br\/wp-content\/uploads\/2019\/05\/musica-252x300.png?resize=350%2C200","width":350,"height":200},"classes":[]}],"_links":{"self":[{"href":"http:\/\/jornalrol.com.br\/index.php?rest_route=\/wp\/v2\/posts\/10962","targetHints":{"allow":["GET"]}}],"collection":[{"href":"http:\/\/jornalrol.com.br\/index.php?rest_route=\/wp\/v2\/posts"}],"about":[{"href":"http:\/\/jornalrol.com.br\/index.php?rest_route=\/wp\/v2\/types\/post"}],"author":[{"embeddable":true,"href":"http:\/\/jornalrol.com.br\/index.php?rest_route=\/wp\/v2\/users\/6"}],"replies":[{"embeddable":true,"href":"http:\/\/jornalrol.com.br\/index.php?rest_route=%2Fwp%2Fv2%2Fcomments&post=10962"}],"version-history":[{"count":0,"href":"http:\/\/jornalrol.com.br\/index.php?rest_route=\/wp\/v2\/posts\/10962\/revisions"}],"wp:attachment":[{"href":"http:\/\/jornalrol.com.br\/index.php?rest_route=%2Fwp%2Fv2%2Fmedia&parent=10962"}],"wp:term":[{"taxonomy":"category","embeddable":true,"href":"http:\/\/jornalrol.com.br\/index.php?rest_route=%2Fwp%2Fv2%2Fcategories&post=10962"},{"taxonomy":"post_tag","embeddable":true,"href":"http:\/\/jornalrol.com.br\/index.php?rest_route=%2Fwp%2Fv2%2Ftags&post=10962"}],"curies":[{"name":"wp","href":"https:\/\/api.w.org\/{rel}","templated":true}]}}