{"id":10967,"date":"2017-06-07T18:12:36","date_gmt":"2017-06-07T21:12:36","guid":{"rendered":"http:\/\/www.jornalrol.com.br\/?p=10967"},"modified":"2017-06-07T18:12:36","modified_gmt":"2017-06-07T21:12:36","slug":"2-a-feira-da-cultura-caipira-de-itu-e-regiao-acontece-no-dia-11-de-junho","status":"publish","type":"post","link":"http:\/\/jornalrol.com.br\/?p=10967","title":{"rendered":"2.\u00aa &#039;Feira da Cultura Caipira de Itu e Regi\u00e3o&#039; acontece no dia 11 de junho"},"content":{"rendered":"<div class=\"pdfprnt-buttons pdfprnt-buttons-post pdfprnt-top-right\"><a href=\"http:\/\/jornalrol.com.br\/index.php?rest_route=%2Fwp%2Fv2%2Fposts%2F10967&print=pdf\" class=\"pdfprnt-button pdfprnt-button-pdf\" target=\"_blank\" ><\/a><a href=\"http:\/\/jornalrol.com.br\/index.php?rest_route=%2Fwp%2Fv2%2Fposts%2F10967&print=print\" class=\"pdfprnt-button pdfprnt-button-print\" target=\"_blank\" ><img decoding=\"async\" src=\"https:\/\/jornalrol.com.br\/wp-content\/plugins\/pdf-print\/images\/print.png\" alt=\"image_print\" title=\"Conte\u00fado de impress\u00e3o\" \/><\/a><\/div><h2 style=\"text-align: center;\"><strong> <a href=\"http:\/\/www.jornalrol.com.br\/wp-content\/uploads\/2017\/06\/17425823_280137915733176_8855073958297419191_n.jpg\"><img loading=\"lazy\" decoding=\"async\" class=\"size-medium wp-image-10969 aligncenter\" src=\"http:\/\/www.jornalrol.com.br\/wp-content\/uploads\/2017\/06\/17425823_280137915733176_8855073958297419191_n-300x300.jpg\" alt=\"\" width=\"300\" height=\"300\" \/><\/a><\/strong><strong>A Programa\u00e7\u00e3o, baseada na hist\u00f3ria do Roteiro dos Bandeirantes, ser\u00e1 realizada pelos alunos do 5.\u00ba semestre do Curso Superior de Tecnologia em Eventos da Fatec Itu.<\/strong><\/h2>\n<p><!--more--><\/p>\n<p>&nbsp;<\/p>\n<p><a href=\"http:\/\/www.jornalrol.com.br\/wp-content\/uploads\/2017\/06\/58106-md.jpg\"><img loading=\"lazy\" decoding=\"async\" class=\"size-medium wp-image-10968 alignleft\" src=\"http:\/\/www.jornalrol.com.br\/wp-content\/uploads\/2017\/06\/58106-md-300x250.jpg\" alt=\"\" width=\"300\" height=\"250\" \/><\/a>Alunos do 5.\u00ba semestre do Curso Superior de Tecnologia em Eventos da Fatec Itu, realizam no <strong>dia 11 de junho<\/strong> a \u201c2\u00aa Feira da Cultura Caipira de Itu e Regi\u00e3o\u201d, como parte de um projeto que tem como proposta a organiza\u00e7\u00e3o de um evento sociocultural por meio da disciplina do Projeto Integrador, que comp\u00f5e a matriz curricular do curso. O evento acontecer\u00e1 na Ch\u00e1cara do Ros\u00e1rio (Rod. Conven\u00e7\u00e3o Republicana, S\/n \u2013 Canjica, Itu- SP), a partir das 11h e ter\u00e1 toda sua programa\u00e7\u00e3o baseada na hist\u00f3ria do Roteiro dos Bandeirantes.<\/p>\n<p>A 2\u00ba Feira da Cultura Caipira de Itu e Regi\u00e3o buscar\u00e1 resgatar a hist\u00f3ria e import\u00e2ncia do meio rural, abordando a tem\u00e1tica do Roteiro dos Bandeirantes, caminho pelo qual come\u00e7ou o desenvolvimento da regi\u00e3o e que ainda se mostra desconhecido por muitas pessoas. O evento tem por objetivo, proporcionar ao p\u00fablico uma oportunidade de conhecer e se aprofundar nesta parte da cultura que envolve toda a nossa regi\u00e3o.<\/p>\n<p>Os convites no valor de R$25,00 podem ser adquiridos na Fatec Itu (Avenida Tiradentes, 1211 &#8211; Parque Industrial, Itu), e d\u00e3o direito a todas as atividades do evento, incluindo: almo\u00e7o completo com tema bandeirantista (n\u00e3o incluso bebidas), apresenta\u00e7\u00e3o teatral do \u201cGrupo Teatral Mon\u00e7\u00f5es\u201d que contar\u00e1 a hist\u00f3ria do desenvolvimento do Roteiro dos Bandeirantes, exposi\u00e7\u00e3o de fotos das cidades por onde passa o mesmo, apresenta\u00e7\u00e3o dos Cururueiros de Araritaguaba, al\u00e9m de outras apresenta\u00e7\u00f5es musicais caipiras, oferecendo aos participantes uma tarde agrad\u00e1vel e repleta atividades baseadas na cultura local.<\/p>\n","protected":false},"excerpt":{"rendered":"<p>A Programa\u00e7\u00e3o, baseada na hist\u00f3ria do Roteiro dos Bandeirantes, ser\u00e1 realizada pelos alunos do 5.\u00ba semestre do Curso Superior de Tecnologia em Eventos da Fatec Itu.<\/p>\n","protected":false},"author":6,"featured_media":0,"comment_status":"closed","ping_status":"closed","sticky":false,"template":"","format":"standard","meta":{"_jetpack_newsletter_access":"","_jetpack_dont_email_post_to_subs":false,"_jetpack_newsletter_tier_id":0,"_jetpack_memberships_contains_paywalled_content":false,"_jetpack_memberships_contains_paid_content":false,"footnotes":""},"categories":[7],"tags":[3573,3757,7640],"class_list":["post-10967","post","type-post","status-publish","format-standard","hentry","category-comunicacao","tag-evento-socio-cultural","tag-feira-cultural-caipira","tag-roteiro-dos-bandeirantes"],"aioseo_notices":[],"views":372,"jetpack_featured_media_url":"","jetpack_sharing_enabled":true,"jetpack_likes_enabled":true,"jetpack-related-posts":[{"id":6884,"url":"http:\/\/jornalrol.com.br\/?p=6884","url_meta":{"origin":10967,"position":0},"title":"Alunos da FATEC de It\u00fa organizam &#039;Ch\u00e1 Beneficente&#039; em prol da AVIQ","author":"Helio Rubens","date":"17 de novembro de 2016","format":false,"excerpt":"A\u00e7\u00e3o ir\u00e1 beneficiar associa\u00e7\u00e3o que ajuda v\u00edtimas de queimaduras da regi\u00e3o \u00a0 O Ch\u00e1 Beneficente ser\u00e1 realizado no pr\u00f3ximo dia 27\/11 (domingo), a partir das 15h no Espa\u00e7o Santa Rosa, localizado na Rua Antenor Faustino, 327, Jardim Santa Rosa, em Itu (SP). A renda ser\u00e1 toda revertida para a Associa\u00e7\u00e3o\u2026","rel":"","context":"Em &quot;Comunica\u00e7\u00e3o&quot;","block_context":{"text":"Comunica\u00e7\u00e3o","link":"http:\/\/jornalrol.com.br\/?cat=7"},"img":{"alt_text":"","src":"","width":0,"height":0},"classes":[]},{"id":67112,"url":"http:\/\/jornalrol.com.br\/?p=67112","url_meta":{"origin":10967,"position":1},"title":"Elabora\u00e7\u00e3o de Roteiro para Document\u00e1rio Hist\u00f3rico","author":"Sergio Diniz da Costa","date":"3 de junho de 2024","format":false,"excerpt":"No dia 04 de junho \u00e0s 18h00 acontecer\u00e1 no CILA o evento sobre \u2018Elabora\u00e7\u00e3o de Roteiro para Document\u00e1rio Hist\u00f3rico. Uma f\u00e1brica de MCMXII \u2013 F\u00e1brica S\u00e3o Pedro\u201d.","rel":"","context":"Em &quot;Arte&quot;","block_context":{"text":"Arte","link":"http:\/\/jornalrol.com.br\/?cat=9286"},"img":{"alt_text":"F\u00e1brica S\u00e3o Pedro","src":"https:\/\/i0.wp.com\/jornalrol.com.br\/wp-content\/uploads\/2024\/06\/FABRICA-SAO-PEDRO-CREDITO-LANA-DE-OLIVEIRA.jpg?resize=350%2C200","width":350,"height":200,"srcset":"https:\/\/i0.wp.com\/jornalrol.com.br\/wp-content\/uploads\/2024\/06\/FABRICA-SAO-PEDRO-CREDITO-LANA-DE-OLIVEIRA.jpg?resize=350%2C200 1x, https:\/\/i0.wp.com\/jornalrol.com.br\/wp-content\/uploads\/2024\/06\/FABRICA-SAO-PEDRO-CREDITO-LANA-DE-OLIVEIRA.jpg?resize=525%2C300 1.5x"},"classes":[]},{"id":14101,"url":"http:\/\/jornalrol.com.br\/?p=14101","url_meta":{"origin":10967,"position":2},"title":"Fatec de Cap\u00e3o Bonito realiza 10\u00aa Semana Tecnol\u00f3gica","author":"Helio Rubens","date":"25 de outubro de 2017","format":false,"excerpt":"Paralelamente acontece X SILTEC e VI AGROINTEC \u00a0 Come\u00e7ou na \u00faltima segunda-feira, 23\/10, e vai at\u00e9 sexta-feira, 27\/10, a X Semana de Tecnol\u00f3gica com dois eventos paralelos - X SILTEC e VI AGROINTEC da Faculdade de Tecnologia de Cap\u00e3o Bonito. O evento \u00e9 um dos maiores eventos cient\u00edficos da regi\u00e3o\u2026","rel":"","context":"Em &quot;Comunica\u00e7\u00e3o&quot;","block_context":{"text":"Comunica\u00e7\u00e3o","link":"http:\/\/jornalrol.com.br\/?cat=7"},"img":{"alt_text":"","src":"https:\/\/i0.wp.com\/www.jornalrol.com.br\/wp-content\/uploads\/2017\/10\/Fatec-capao-300x225.jpg?resize=350%2C200","width":350,"height":200},"classes":[]},{"id":4167,"url":"http:\/\/jornalrol.com.br\/?p=4167","url_meta":{"origin":10967,"position":3},"title":"Aprender outro idioma ficou mais f\u00e1cil; tem turma at\u00e9 para a terceira idade","author":"Helio Rubens","date":"8 de fevereiro de 2016","format":false,"excerpt":"Fatec Itapetininga abre inscri\u00e7\u00f5es para cursos gratuitos de idiomas A Faculdade de Tecnologia do Estado (Fatec) Itapetininga - Prof. Antonio Belizandro B. Rezende est\u00e1 com inscri\u00e7\u00f5es abertas para cursos de cinco idiomas. Os interessados em estudar ingl\u00eas, japon\u00eas, franc\u00eas e mandarim t\u00eam at\u00e9 sexta-feira (5) para procurar a Central de\u2026","rel":"","context":"Em &quot;Comunica\u00e7\u00e3o&quot;","block_context":{"text":"Comunica\u00e7\u00e3o","link":"http:\/\/jornalrol.com.br\/?cat=7"},"img":{"alt_text":"","src":"","width":0,"height":0},"classes":[]},{"id":2300,"url":"http:\/\/jornalrol.com.br\/?p=2300","url_meta":{"origin":10967,"position":4},"title":"Abertas inscri\u00e7\u00f5es para transfer\u00eancia em cursos da Fatec em Itapetininga","author":"Helio Rubens","date":"22 de junho de 2015","format":false,"excerpt":"Mat\u00e9ria pubicada pela TV Tem:\u00a0Podem participar alunos de outras Fatec\u2019s e de universidades. Matr\u00edculas s\u00e3o feitas na sede da faculdade at\u00e9 31 de julho. Do G1 Itapetininga e Regi\u00e3o FACEBOOK A Faculdade de tecnologia (Fatec) campus Itapetininga (SP) est\u00e1 com inscri\u00e7\u00f5es abertas para transfer\u00eancia de alunos regulares de Fatec\u2019s e\u2026","rel":"","context":"Em &quot;Comunica\u00e7\u00e3o&quot;","block_context":{"text":"Comunica\u00e7\u00e3o","link":"http:\/\/jornalrol.com.br\/?cat=7"},"img":{"alt_text":"","src":"","width":0,"height":0},"classes":[]},{"id":61388,"url":"http:\/\/jornalrol.com.br\/?p=61388","url_meta":{"origin":10967,"position":5},"title":"FLIC 2023","author":"Lee Oliveira","date":"21 de setembro de 2023","format":false,"excerpt":"A 2\u00aa edi\u00e7\u00e3o da FLIC de Itu receber\u00e1 Vera Eunice de Jesus, filha da autora Carolina Maria de Jesus \u2013 personalidade que ser\u00e1 homenageada pelo evento.","rel":"","context":"Em &quot;Cultura&quot;","block_context":{"text":"Cultura","link":"http:\/\/jornalrol.com.br\/?cat=11"},"img":{"alt_text":"","src":"https:\/\/i0.wp.com\/jornalrol.com.br\/wp-content\/uploads\/2023\/09\/cropped-Criativos_Banner-site-1536x860-1.png?resize=350%2C200","width":350,"height":200,"srcset":"https:\/\/i0.wp.com\/jornalrol.com.br\/wp-content\/uploads\/2023\/09\/cropped-Criativos_Banner-site-1536x860-1.png?resize=350%2C200 1x, https:\/\/i0.wp.com\/jornalrol.com.br\/wp-content\/uploads\/2023\/09\/cropped-Criativos_Banner-site-1536x860-1.png?resize=525%2C300 1.5x, https:\/\/i0.wp.com\/jornalrol.com.br\/wp-content\/uploads\/2023\/09\/cropped-Criativos_Banner-site-1536x860-1.png?resize=700%2C400 2x, https:\/\/i0.wp.com\/jornalrol.com.br\/wp-content\/uploads\/2023\/09\/cropped-Criativos_Banner-site-1536x860-1.png?resize=1050%2C600 3x, https:\/\/i0.wp.com\/jornalrol.com.br\/wp-content\/uploads\/2023\/09\/cropped-Criativos_Banner-site-1536x860-1.png?resize=1400%2C800 4x"},"classes":[]}],"_links":{"self":[{"href":"http:\/\/jornalrol.com.br\/index.php?rest_route=\/wp\/v2\/posts\/10967","targetHints":{"allow":["GET"]}}],"collection":[{"href":"http:\/\/jornalrol.com.br\/index.php?rest_route=\/wp\/v2\/posts"}],"about":[{"href":"http:\/\/jornalrol.com.br\/index.php?rest_route=\/wp\/v2\/types\/post"}],"author":[{"embeddable":true,"href":"http:\/\/jornalrol.com.br\/index.php?rest_route=\/wp\/v2\/users\/6"}],"replies":[{"embeddable":true,"href":"http:\/\/jornalrol.com.br\/index.php?rest_route=%2Fwp%2Fv2%2Fcomments&post=10967"}],"version-history":[{"count":0,"href":"http:\/\/jornalrol.com.br\/index.php?rest_route=\/wp\/v2\/posts\/10967\/revisions"}],"wp:attachment":[{"href":"http:\/\/jornalrol.com.br\/index.php?rest_route=%2Fwp%2Fv2%2Fmedia&parent=10967"}],"wp:term":[{"taxonomy":"category","embeddable":true,"href":"http:\/\/jornalrol.com.br\/index.php?rest_route=%2Fwp%2Fv2%2Fcategories&post=10967"},{"taxonomy":"post_tag","embeddable":true,"href":"http:\/\/jornalrol.com.br\/index.php?rest_route=%2Fwp%2Fv2%2Ftags&post=10967"}],"curies":[{"name":"wp","href":"https:\/\/api.w.org\/{rel}","templated":true}]}}