{"id":12640,"date":"2017-08-30T16:54:03","date_gmt":"2017-08-30T19:54:03","guid":{"rendered":"http:\/\/www.jornalrol.com.br\/?p=12640"},"modified":"2017-08-30T16:54:03","modified_gmt":"2017-08-30T19:54:03","slug":"12640-2","status":"publish","type":"post","link":"http:\/\/jornalrol.com.br\/?p=12640","title":{"rendered":"Pedro Novaes: &#039;Animais Amigos&#039;"},"content":{"rendered":"<div class=\"pdfprnt-buttons pdfprnt-buttons-post pdfprnt-top-right\"><a href=\"http:\/\/jornalrol.com.br\/index.php?rest_route=%2Fwp%2Fv2%2Fposts%2F12640&print=pdf\" class=\"pdfprnt-button pdfprnt-button-pdf\" target=\"_blank\" ><\/a><a href=\"http:\/\/jornalrol.com.br\/index.php?rest_route=%2Fwp%2Fv2%2Fposts%2F12640&print=print\" class=\"pdfprnt-button pdfprnt-button-print\" target=\"_blank\" ><img decoding=\"async\" src=\"https:\/\/jornalrol.com.br\/wp-content\/plugins\/pdf-print\/images\/print.png\" alt=\"image_print\" title=\"Conte\u00fado de impress\u00e3o\" \/><\/a><\/div><p><a href=\"http:\/\/www.jornalrol.com.br\/pedro-novaes-revolucao-eletronica\/foto-close-2\/\" rel=\"attachment wp-att-87\"><img loading=\"lazy\" decoding=\"async\" class=\"size-full wp-image-87 aligncenter\" src=\"http:\/\/www.jornalrol.com.br\/wp-content\/uploads\/2014\/11\/Foto-close1.jpg\" alt=\"colunista do ROL\" width=\"195\" height=\"258\" \/><\/a><\/p>\n<h2 style=\"text-align: center;\"><strong>\u00a0Pedro Israel Novaes de Almeida: &#8216;ANIMAIS AMIGOS&#8217;<\/strong><\/h2>\n<p><!--more--><\/p>\n<p>&nbsp;<\/p>\n<p>Quem convive com animais n\u00e3o admite a ideia de que sejam seres irracionais, movidos a instintos de mera sobreviv\u00eancia.<\/p>\n<p>A conviv\u00eancia estabelece um di\u00e1logo que dispensa palavras e submiss\u00f5es, e o m\u00fatuo amparo desafia solid\u00f5es e car\u00eancias. A fidelidade \u00e9 a marca do relacionamento.<\/p>\n<p>Cada pessoa possui um animal ou ave favorita. Pode ser um cavalo, \u00a0cabra, jiboia e at\u00e9 mesmo lagartos.<\/p>\n<p>A prefer\u00eancia, contudo, \u00e9, mundialmente, exercida por c\u00e3es e gatos. Ambos parecem dividir a humanidade, pois s\u00e3o raros os que gostam igualmente de ambos.<\/p>\n<p>Situamo-nos dentre os que gostam de cachorros, e n\u00e3o sentem a m\u00ednima afinidade com gatos. Como castigo, amargo a desventura de ver que meus c\u00e3es sequer latem para os gatos, com que convivem em harmonia.<\/p>\n<p>Crian\u00e7as adquirem responsabilidade e respeito, convivendo com animais dom\u00e9sticos. Idosos encontram amigos dependentes, que estimulam a sobrevida, e afugentam a sensa\u00e7\u00e3o de serem estranhos no meio onde vivem.<\/p>\n<p>C\u00e3es exercem vigil\u00e2ncia, apontam drogas e salvam vidas, em a\u00e7\u00f5es espetaculares. Conduzem cegos, manejam rebanhos e at\u00e9 diagnosticam, ao primeiro contato, pessoas com quem n\u00e3o devemos conviver.<\/p>\n<p>\u00c9 incr\u00edvel a personalidade canina, comum aos indiv\u00edduos da mesma ra\u00e7a. Um Labrador sempre ser\u00e1, por natureza, d\u00f3cil, e um Pastor Alem\u00e3o necessariamente fiel.<\/p>\n<p>Vira-latas, especialistas em sobreviv\u00eancia, mostram, vez ou outra, as ra\u00e7as de que descendem, na quase sempre long\u00ednqua e ignorada origem.<\/p>\n<p>Assim como as pessoas, os c\u00e3es demonstram os est\u00edmulos e estresses tidos durante a vida. Respeitados, dificilmente assumir\u00e3o atitudes imprevistas ou violentas.<\/p>\n<p>A humanidade sempre buscou moldar os c\u00e3es \u00e0s suas necessidades, gerando ra\u00e7as com tend\u00eancias \u00e0 ferocidade e combate. Tamb\u00e9m gerou miniaturas destinadas ao sof\u00e1 e colo.<\/p>\n<p>Na verdade, a fun\u00e7\u00e3o protetora integra a natureza dos c\u00e3es. Compete ao c\u00e3o latir, e ao dono morder.<\/p>\n<p>O respeito aos animais, ainda distante, integra nosso ordenamento legal, e qualquer maltrato \u00e9 criminoso. Houve um tempo em que as popula\u00e7\u00f5es de rua eram, \u00e0s escondidas, levadas ao munic\u00edpio vizinho.<\/p>\n<p>Atualmente, os poderes p\u00fablicos atuam em centros de zoonoses, auxiliados por volunt\u00e1rios que castram, curam e promovem campanhas de ado\u00e7\u00e3o. N\u00e3o raro, tais volunt\u00e1rios n\u00e3o recebem o necess\u00e1rio apoio, oficial ou privado.<\/p>\n<p>A a\u00e7\u00e3o oficial ainda engatinha, no acompanhamento da qualidade das ra\u00e7\u00f5es e produtos destinados aos animais. Ra\u00e7\u00f5es desbalanceadas comprometem todo o desenvolvimento e o pr\u00f3prio bem-estar dos domesticados.<\/p>\n<p>A sa\u00fade p\u00fablica humana depende da sa\u00fade dos animais dom\u00e9sticos, e s\u00e3o raros os prontos-socorros a eles destinados.<\/p>\n<p><a href=\"mailto:pedroinovaes@uol.com.br\">pedroinovaes@uol.com.br<\/a><\/p>\n<p>O autor \u00e9 engenheiro agr\u00f4nomo e advogado, aposentado.<\/p>\n","protected":false},"excerpt":{"rendered":"<p>\u00a0Pedro Israel Novaes de Almeida: &#8216;ANIMAIS AMIGOS&#8217;<\/p>\n","protected":false},"author":3,"featured_media":0,"comment_status":"closed","ping_status":"closed","sticky":false,"template":"","format":"standard","meta":{"_jetpack_newsletter_access":"","_jetpack_dont_email_post_to_subs":false,"_jetpack_newsletter_tier_id":0,"_jetpack_memberships_contains_paywalled_content":false,"_jetpack_memberships_contains_paid_content":false,"footnotes":""},"categories":[7],"tags":[1523,6691],"class_list":["post-12640","post","type-post","status-publish","format-standard","hentry","category-comunicacao","tag-caes","tag-pedro-novaes"],"aioseo_notices":[],"views":476,"jetpack_featured_media_url":"","jetpack_sharing_enabled":true,"jetpack_likes_enabled":true,"jetpack-related-posts":[{"id":3954,"url":"http:\/\/jornalrol.com.br\/?p=3954","url_meta":{"origin":12640,"position":0},"title":"Artigo de Pedro Novaes: &#039;Amigos declarados&#039;","author":"Helio Rubens","date":"23 de dezembro de 2015","format":false,"excerpt":"Pedro Israel Novaes de Almeida: AMIGOS \u00a0DECLARADOS \u00a0 \u00a0 Tenho dois amigos, nada secretos, que merecem uma homenagem de fim de ano. O mais idoso, que recebeu o nome de Nen\u00ea, descende de Labradores, de linhagem que certamente jamais esgrimiu uma enxada. Seus ancestrais, com certeza, n\u00e3o foram guerreiros combativos,\u2026","rel":"","context":"Em &quot;Comunica\u00e7\u00e3o&quot;","block_context":{"text":"Comunica\u00e7\u00e3o","link":"http:\/\/jornalrol.com.br\/?cat=7"},"img":{"alt_text":"colunista do ROL","src":"https:\/\/i0.wp.com\/www.jornalrol.com.br\/wp-content\/uploads\/2014\/11\/Foto-close1.jpg?resize=350%2C200","width":350,"height":200},"classes":[]},{"id":4926,"url":"http:\/\/jornalrol.com.br\/?p=4926","url_meta":{"origin":12640,"position":1},"title":"Artigo de Pedro Novaes: &#039;Animais que abandonam&#039;","author":"Helio Rubens","date":"12 de maio de 2016","format":false,"excerpt":"Pedro Israel Novaes de Almeida - ANIMAIS QUE ABANDONAM \u00a0 Milh\u00f5es de c\u00e3es e gatos vivem abandonados, no Brasil. Sob a constante amea\u00e7a de doen\u00e7as, fome e viol\u00eancia,\u00a0revolvem lixos, atrapalham o tr\u00e2nsito, atacam ou s\u00e3o atacados e\u00a0nas horas vagas, procriam. Muitos j\u00e1 tiveram nome e endere\u00e7o, alegraram fam\u00edlias,\u00a0encantaram crian\u00e7as e\u2026","rel":"","context":"Em &quot;Comunica\u00e7\u00e3o&quot;","block_context":{"text":"Comunica\u00e7\u00e3o","link":"http:\/\/jornalrol.com.br\/?cat=7"},"img":{"alt_text":"colunista do ROL","src":"https:\/\/i0.wp.com\/www.jornalrol.com.br\/wp-content\/uploads\/2014\/11\/Foto-close1.jpg?resize=350%2C200","width":350,"height":200},"classes":[]},{"id":21152,"url":"http:\/\/jornalrol.com.br\/?p=21152","url_meta":{"origin":12640,"position":2},"title":"Pedro Israel Novaes de Almeida\u2026","author":"Helio Rubens","date":"26 de setembro de 2018","format":false,"excerpt":"Pedro Israel Novaes de Almeida - IDIOTICE\u00a0 HUMANA \u00a0 \u00a0 \u00a0\u00a0\u00a0\u00a0\u00a0\u00a0\u00a0\u00a0\u00a0\u00a0\u00a0 Os fogos de artif\u00edcio e outros aparatos sonoros fazem parte do rol de idiotices humanas, que resistem \u00e0s tentativas de engrandecimento do respeito humano, como ingrediente indispens\u00e1vel ao conv\u00edvio social. Pessoas de fraterna religiosidade e pac\u00edfica \u00edndole, muitas, acham\u2026","rel":"","context":"Em &quot;Comunica\u00e7\u00e3o&quot;","block_context":{"text":"Comunica\u00e7\u00e3o","link":"http:\/\/jornalrol.com.br\/?cat=7"},"img":{"alt_text":"","src":"https:\/\/i0.wp.com\/www.jornalrol.com.br\/wp-content\/uploads\/2018\/06\/pedronovaes.jpg?resize=350%2C200","width":350,"height":200},"classes":[]},{"id":4651,"url":"http:\/\/jornalrol.com.br\/?p=4651","url_meta":{"origin":12640,"position":3},"title":"Artigo Pedro Novaes: &#039;Seguran\u00e7a que deixou saudades&#039;","author":"Helio Rubens","date":"18 de abril de 2016","format":false,"excerpt":"\u00a0 Pedro Israel Novaes de Almeida - SEGURAN\u00c7A QUE DEIXOU SAUDADES \u00a0 \u00a0 Outrora, eram poucas as chaves, a ponto de repousarem, furtivas e\u00a0 dissimuladas, sob o tapetinho ou vaso, quando todos da fam\u00edlia saiam. Intriga cientistas de todo o mundo o fato dos ladr\u00f5es da \u00e9poca n\u00e3o perceberem tal\u2026","rel":"","context":"Em &quot;Comunica\u00e7\u00e3o&quot;","block_context":{"text":"Comunica\u00e7\u00e3o","link":"http:\/\/jornalrol.com.br\/?cat=7"},"img":{"alt_text":"colunista do ROL","src":"https:\/\/i0.wp.com\/www.jornalrol.com.br\/wp-content\/uploads\/2014\/11\/Foto-close1.jpg?resize=350%2C200","width":350,"height":200},"classes":[]},{"id":5296,"url":"http:\/\/jornalrol.com.br\/?p=5296","url_meta":{"origin":12640,"position":4},"title":"Artigo de Pedro Novaes: &#039;Frio&#039;","author":"Helio Rubens","date":"15 de junho de 2016","format":false,"excerpt":"Pedro Israel Novaes de Almeida - 'FRIO' Ap\u00f3s um per\u00edodo de severa estiagem e calor infernal, seguido por dezenas de dias chuvosos, estamos agora sob frio intenso, antes de iniciado o inverno. Mesmo sem o apoio de estat\u00edsticas cient\u00edficas, todos percebemos que a natureza est\u00e1 tendo chiliques. Ou faz um\u2026","rel":"","context":"Em &quot;Comunica\u00e7\u00e3o&quot;","block_context":{"text":"Comunica\u00e7\u00e3o","link":"http:\/\/jornalrol.com.br\/?cat=7"},"img":{"alt_text":"colunista do ROL","src":"https:\/\/i0.wp.com\/www.jornalrol.com.br\/wp-content\/uploads\/2014\/11\/Foto-close1.jpg?resize=350%2C200","width":350,"height":200},"classes":[]},{"id":3989,"url":"http:\/\/jornalrol.com.br\/?p=3989","url_meta":{"origin":12640,"position":5},"title":"Artigo de Pedro Novaes: &#039;Civilidade&#039;","author":"Helio Rubens","date":"30 de dezembro de 2015","format":false,"excerpt":"Pedro Israel Novaes de Almeida:\u00a0CIVILIDADE \u00a0 Temos, hoje, bem mais diplomas e anos de estudo que outrora, mas ainda n\u00e3o somos uma sociedade civilizada. A civilidade sempre foi confundida com a capacidade de dizer \u201cobrigado\u201d, \u201cpor favor\u201d ou \u201cdesculpe\u201d, meras benevol\u00eancias verbais. A civilidade \u00e9 o conjunto de respeitos ao\u2026","rel":"","context":"Em &quot;Comunica\u00e7\u00e3o&quot;","block_context":{"text":"Comunica\u00e7\u00e3o","link":"http:\/\/jornalrol.com.br\/?cat=7"},"img":{"alt_text":"colunista do ROL","src":"https:\/\/i0.wp.com\/www.jornalrol.com.br\/wp-content\/uploads\/2014\/11\/Foto-close1.jpg?resize=350%2C200","width":350,"height":200},"classes":[]}],"_links":{"self":[{"href":"http:\/\/jornalrol.com.br\/index.php?rest_route=\/wp\/v2\/posts\/12640","targetHints":{"allow":["GET"]}}],"collection":[{"href":"http:\/\/jornalrol.com.br\/index.php?rest_route=\/wp\/v2\/posts"}],"about":[{"href":"http:\/\/jornalrol.com.br\/index.php?rest_route=\/wp\/v2\/types\/post"}],"author":[{"embeddable":true,"href":"http:\/\/jornalrol.com.br\/index.php?rest_route=\/wp\/v2\/users\/3"}],"replies":[{"embeddable":true,"href":"http:\/\/jornalrol.com.br\/index.php?rest_route=%2Fwp%2Fv2%2Fcomments&post=12640"}],"version-history":[{"count":0,"href":"http:\/\/jornalrol.com.br\/index.php?rest_route=\/wp\/v2\/posts\/12640\/revisions"}],"wp:attachment":[{"href":"http:\/\/jornalrol.com.br\/index.php?rest_route=%2Fwp%2Fv2%2Fmedia&parent=12640"}],"wp:term":[{"taxonomy":"category","embeddable":true,"href":"http:\/\/jornalrol.com.br\/index.php?rest_route=%2Fwp%2Fv2%2Fcategories&post=12640"},{"taxonomy":"post_tag","embeddable":true,"href":"http:\/\/jornalrol.com.br\/index.php?rest_route=%2Fwp%2Fv2%2Ftags&post=12640"}],"curies":[{"name":"wp","href":"https:\/\/api.w.org\/{rel}","templated":true}]}}