{"id":12653,"date":"2017-08-30T23:24:36","date_gmt":"2017-08-31T02:24:36","guid":{"rendered":"http:\/\/www.jornalrol.com.br\/?p=12653"},"modified":"2017-08-30T23:24:36","modified_gmt":"2017-08-31T02:24:36","slug":"incubadora-de-artistas-em-tatui","status":"publish","type":"post","link":"http:\/\/jornalrol.com.br\/?p=12653","title":{"rendered":"Incubadora de artistas em Tatui"},"content":{"rendered":"<div class=\"pdfprnt-buttons pdfprnt-buttons-post pdfprnt-top-right\"><a href=\"http:\/\/jornalrol.com.br\/index.php?rest_route=%2Fwp%2Fv2%2Fposts%2F12653&print=pdf\" class=\"pdfprnt-button pdfprnt-button-pdf\" target=\"_blank\" ><\/a><a href=\"http:\/\/jornalrol.com.br\/index.php?rest_route=%2Fwp%2Fv2%2Fposts%2F12653&print=print\" class=\"pdfprnt-button pdfprnt-button-print\" target=\"_blank\" ><img decoding=\"async\" src=\"https:\/\/jornalrol.com.br\/wp-content\/plugins\/pdf-print\/images\/print.png\" alt=\"image_print\" title=\"Conte\u00fado de impress\u00e3o\" \/><\/a><\/div><h2><img loading=\"lazy\" decoding=\"async\" class=\"aligncenter\" title=\"\" src=\"https:\/\/ci6.googleusercontent.com\/proxy\/W4olKrUoNbaLKbwH6kunRAjHGx-lwAQBMkTdo3Gn1SfbsNUQYnNQiPz80xigN3ddMKDjaogzRx_OxKZLay1zsmBISla880R0L8ObA-qIfbmCacnpKDrk3z5fYVKF2STXQutxiqRSJipLKnkrqF-fv0M6w5zLqJeDeKRlMBkrsO8=s0-d-e1-ft#http:\/\/assets.mktnaweb.com\/accounts\/2013\/06\/13\/17128\/pictures\/477\/original_DOUGLAS%20NOVAIS.jpg?1504098414\" alt=\"\" width=\"266\" height=\"266\" \/><\/h2>\n<h2 style=\"text-align: center;\"><strong>INCUBADORA DE GRUPOS ART\u00cdSTICOS REALIZA ENCONTRO DE ELABORA\u00c7\u00c3O DE PROJETOS CULTURAIS<\/strong><\/h2>\n<p><!--more--><\/p>\n<table border=\"0\" width=\"100%\" cellspacing=\"0\" cellpadding=\"0\">\n<tbody>\n<tr>\n<td align=\"center\">\n<table class=\"m_6503547990816025020wrapper m_6503547990816025020body\" border=\"0\" width=\"100%\" cellspacing=\"0\" cellpadding=\"0\">\n<tbody>\n<tr>\n<td class=\"m_6503547990816025020side-border\" align=\"center\" valign=\"top\">\n<div class=\"m_6503547990816025020he-wrapper m_6503547990816025020he-col m_6503547990816025020he-twelve m_6503547990816025020he-last\">\n<table class=\"m_6503547990816025020he-wrapper m_6503547990816025020he-col m_6503547990816025020he-twelve\" border=\"0\" width=\"100%\" cellspacing=\"0\" cellpadding=\"0\" align=\"center\">\n<tbody>\n<tr>\n<td align=\"center\">\n<table class=\"m_6503547990816025020wysiwyg\" border=\"0\" width=\"100%\" cellspacing=\"0\" cellpadding=\"0\">\n<tbody>\n<tr>\n<td>Neste s\u00e1bado, dia 2, das 14h \u00e0s 20h, no Centro Cultural de Tatu\u00ed, acontece mais uma etapa do projeto \u201cIncubadora de Grupos Art\u00edsticos\u201d, com o Encontro de Elabora\u00e7\u00e3o de Projetos Culturais, promovido pelo Centro de Forma\u00e7\u00e3o e Produ\u00e7\u00e3o Teatral \u201cOs Geraldos\u201d, de Campinas. O encontro \u00e9 parte integrante da Capacita\u00e7\u00e3o e Consultoria de Gest\u00e3o para Grupos e ser\u00e1 orientado por Douglas Novais.<\/p>\n<p>A atividade faz parte do projeto \u201cIncubadora de Grupos Art\u00edsticos\u201d, que acontece de\u00a0maio a\u00a0novembro,\u00a0com \u00a0o\u00a0objetivo\u00a0de fomentar o cen\u00e1rio teatral e cultural da regi\u00e3o e qualificar os grupos art\u00edsticos atrav\u00e9s\u00a0de\u00a0diversas\u00a0<wbr \/>atividades. \u00a0Ao\u00a0longo\u00a0do\u00a0ano,\u00a0haver\u00e1\u00a0<wbr \/>apresenta\u00e7\u00f5es \u00a0de espet\u00e1culos, oficinas, imers\u00f5es art\u00edsticas e consultorias em gest\u00e3o. O projeto \u00e9 patrocinado pelo Instituto\u00a0CCR\u00a0e\u00a0CCR \u00a0SPVias,\u00a0por\u00a0meio\u00a0da\u00a0Lei\u00a0<wbr \/>Rouanet, contando\u00a0com \u00a0o\u00a0apoio\u00a0da\u00a0Secretaria\u00a0de Estado\u00a0da\u00a0Cultura,\u00a0Programa \u00a0de Qualifica\u00e7\u00e3o\u00a0em\u00a0Artes &#8211;\u00a0Projeto Ademar Guerra, \u00a0Conservat\u00f3rio Dram\u00e1tico\u00a0e Musical\u00a0\u201cDr.\u00a0Carlos \u00a0de\u00a0Campos\u201d\u00a0e Secretaria Municipal de Esporte, Cultura, Turismo, Lazer e Juventude da Prefeitura\u00a0Municipal de\u00a0Tatu\u00ed.<\/p>\n<p>&nbsp;<\/p>\n<p><em>FOTO:\u00a0<strong>Encontro ser\u00e1 coordenado por Douglas Novais.<\/strong><\/em><\/td>\n<\/tr>\n<\/tbody>\n<\/table>\n<\/td>\n<\/tr>\n<\/tbody>\n<\/table>\n<\/div>\n<\/td>\n<\/tr>\n<\/tbody>\n<\/table>\n<\/td>\n<\/tr>\n<\/tbody>\n<\/table>\n","protected":false},"excerpt":{"rendered":"<p>INCUBADORA DE GRUPOS ART\u00cdSTICOS REALIZA ENCONTRO DE ELABORA\u00c7\u00c3O DE PROJETOS CULTURAIS<\/p>\n","protected":false},"author":3,"featured_media":0,"comment_status":"closed","ping_status":"closed","sticky":false,"template":"","format":"standard","meta":{"_jetpack_newsletter_access":"","_jetpack_dont_email_post_to_subs":false,"_jetpack_newsletter_tier_id":0,"_jetpack_memberships_contains_paywalled_content":false,"_jetpack_memberships_contains_paid_content":false,"footnotes":""},"categories":[7],"tags":[4552],"class_list":["post-12653","post","type-post","status-publish","format-standard","hentry","category-comunicacao","tag-incubadora-de-grupos-artisticos"],"aioseo_notices":[],"views":474,"jetpack_featured_media_url":"","jetpack_sharing_enabled":true,"jetpack_likes_enabled":true,"jetpack-related-posts":[{"id":11957,"url":"http:\/\/jornalrol.com.br\/?p=11957","url_meta":{"origin":12653,"position":0},"title":"Tatui comemora seu anivers\u00e1rio com atividades da Incubadora de Grupos Artisticos","author":"Helio Rubens","date":"2 de agosto de 2017","format":false,"excerpt":"INCUBADORA DE GRUPOS ART\u00cdSTICOS REALIZAR\u00c1 ATIVIDADES NA PROGRAMA\u00c7\u00c3O DE ANIVERS\u00c1RIO DE TATU\u00cd \u00a0 O projeto \u201cIncubadora de Grupos Art\u00edsticos\u201d, uma parceria que teve in\u00edcio em mar\u00e7o deste ano entre a Secretaria Municipal de Esporte, Cultura, Lazer e Juventude da Prefeitura de Tatu\u00ed e o Grupo de Teatro Os Geraldos, ter\u00e1\u2026","rel":"","context":"Em &quot;Comunica\u00e7\u00e3o&quot;","block_context":{"text":"Comunica\u00e7\u00e3o","link":"http:\/\/jornalrol.com.br\/?cat=7"},"img":{"alt_text":"","src":"https:\/\/ci3.googleusercontent.com\/proxy\/dXJXTEvBjqtoDqEa4iJjRryN8NKpuVtb_7IgBrkqPKiKjp8gO7ZP8hkEnnWfo7R0QFKXXAbGaI5wC2Ubu_2V_YycYFyuFrhg7M5qH_l5TUDohBEVyKFKDZQltySZ3LUzhULruVn6EoO-aRgiywY_mkua2nom_LVY2yumcw9Vpxjl6pUyEzFG8lPT9KwN=s0-d-e1-ft#http:\/\/assets.mktnaweb.com\/accounts\/2013\/06\/13\/17128\/pictures\/390\/original_AS%20ESTRELAS%20DO%20C%C3%89U.jpg?1501674047","width":350,"height":200},"classes":[]},{"id":10987,"url":"http:\/\/jornalrol.com.br\/?p=10987","url_meta":{"origin":12653,"position":1},"title":"No Centro Cultural de Tatu\u00ed, o Encontro de Gest\u00e3o\/Produ\u00e7\u00e3o: Fun\u00e7\u00f5es e Atividades no dia 10","author":"Helio Rubens","date":"8 de junho de 2017","format":false,"excerpt":"INCUBADORA DE GRUPOS ART\u00cdSTICOS REALIZA MAIS UM ENCONTRO NESTE S\u00c1BADO O Centro Cultural de Tatu\u00ed, equipamento de cultura da Prefeitura de Tatu\u00ed, recebe neste s\u00e1bado, dia 10, das 10h \u00e0s 13h e das 14h \u00e0s 17h, o Encontro de Gest\u00e3o\/Produ\u00e7\u00e3o: Fun\u00e7\u00f5es e Atividades, desenvolvido pelo grupo de teatro \u201cOs Geraldos\u201d,\u2026","rel":"","context":"Em &quot;Comunica\u00e7\u00e3o&quot;","block_context":{"text":"Comunica\u00e7\u00e3o","link":"http:\/\/jornalrol.com.br\/?cat=7"},"img":{"alt_text":"","src":"https:\/\/ci5.googleusercontent.com\/proxy\/R-Xb4rvA-w3gcxqSU32A05L1RCKHkDqNNByAvo8-R2VBfn3HPDuuQLtR3iTNSfF8-Yh5GydKe4yh4RGVYyDL3mBwEm8ToTcjLLshkU4JScPVmDsF-NhTUEEMeZ0z2tffpPnbNo3p8dTeuTEQYrp2YDz3tK84TyuE0crlImp1D_21YdtEp4j3Kg=s0-d-e1-ft#http:\/\/assets.mktnaweb.com\/accounts\/2013\/06\/13\/17128\/pictures\/254\/original_INCUBADORA%20DE%20GRUPOS.jpg?1496856473","width":350,"height":200},"classes":[]},{"id":12808,"url":"http:\/\/jornalrol.com.br\/?p=12808","url_meta":{"origin":12653,"position":2},"title":"Incubadora de grupos art\u00edsticos apresenta programa\u00e7\u00e3o de eventos","author":"Helio Rubens","date":"6 de setembro de 2017","format":false,"excerpt":"INCUBADORA DE GRUPOS ART\u00cdSTICOS DE TATU\u00cd DIVULGA PROGRAMA\u00c7\u00c3O DE SETEMBRO \u00a0 O projeto \u201cIncubadora de Grupos Art\u00edsticos\u201d, uma parceria que teve in\u00edcio em mar\u00e7o deste ano entre a Secretaria Municipal de Esporte, Cultura, Lazer e Juventude da Prefeitura de Tatu\u00ed e o Centro de Forma\u00e7\u00e3o e Produ\u00e7\u00e3o Teatral - CFPT\u2026","rel":"","context":"Em &quot;Comunica\u00e7\u00e3o&quot;","block_context":{"text":"Comunica\u00e7\u00e3o","link":"http:\/\/jornalrol.com.br\/?cat=7"},"img":{"alt_text":"","src":"","width":0,"height":0},"classes":[]},{"id":10305,"url":"http:\/\/jornalrol.com.br\/?p=10305","url_meta":{"origin":12653,"position":3},"title":"CEU das Artes apresenta gratuitamente dia 13, \u00e0s 20h, o espet\u00e1culo teatral &#039;O \u00daltimo Sarau &#8211; Uma Pe\u00e7a de Corpo Presente&#039;","author":"Helio Rubens","date":"12 de maio de 2017","format":false,"excerpt":"ESPET\u00c1CULO TEATRAL GRATUITO MARCA O IN\u00cdCIO DA INCUBADORA DE GRUPOS ART\u00cdSTICOS \u00a0 O Centro de Artes e Esportes Unificados \u201cFot\u00f3grafo Victor Hugo da Costa Pires\u201d, o CEU das Artes, apresenta gratuitamente neste s\u00e1bado, dia 13 de maio, \u00e0s 20h, o espet\u00e1culo teatral \u201cO \u00daltimo Sarau - Uma Pe\u00e7a de Corpo\u2026","rel":"","context":"Em &quot;Comunica\u00e7\u00e3o&quot;","block_context":{"text":"Comunica\u00e7\u00e3o","link":"http:\/\/jornalrol.com.br\/?cat=7"},"img":{"alt_text":"","src":"https:\/\/ci5.googleusercontent.com\/proxy\/_iIBCPOrprE3j3XZ3e0GbK7xTO6fenqJEkGeverBJTt9AG27D4cmA2BhrSnvkSzv-FsZODXhiSCibh69gdSZOid3ZF9RjSxmW4LLtB9iSvllqCmg9mmuA4E3040vv_5Yo8SVtF5ozFJnXTR-yp8_wzxTkvuTLEk2cC0aLh0aqrTafrHwkB8KybJ8jbuiAY4XHQ=s0-d-e1-ft#http:\/\/assets.mktnaweb.com\/accounts\/2013\/06\/13\/17128\/pictures\/179\/original_O%20%C3%9ALTIMO%20SARAU%20%281%29.jpg?1494502388","width":350,"height":200},"classes":[]},{"id":37613,"url":"http:\/\/jornalrol.com.br\/?p=37613","url_meta":{"origin":12653,"position":4},"title":"Festival de Artes H\u00edbridas busca artistas de Porto Feliz","author":"Sergio Diniz da Costa","date":"10 de fevereiro de 2021","format":false,"excerpt":"A sele\u00e7\u00e3o ser\u00e1 feita por meio de edital com remunera\u00e7\u00e3o aos escolhidos A partir deste ano, toda a Regi\u00e3o Metropolitana de Sorocaba tem um novo meio para reflex\u00e3o e cria\u00e7\u00e3o art\u00edstica. Trata-se do Festival de Artes H\u00edbridas, que acontecer\u00e1 entre os dias 01 e 17 de abril, de maneira virtual,\u2026","rel":"","context":"Em &quot;Comunica\u00e7\u00e3o&quot;","block_context":{"text":"Comunica\u00e7\u00e3o","link":"http:\/\/jornalrol.com.br\/?cat=7"},"img":{"alt_text":"","src":"https:\/\/i0.wp.com\/www.jornalrol.com.br\/wp-content\/uploads\/2021\/02\/Festival-de-Artes-H%C3%ADbridas-pretende-mapear-os-artistas-de-todas-as-27-cidades-da-Regi%C3%A3o-Metropolitana-de-Sorocaba-240x300.jpg?resize=350%2C200","width":350,"height":200},"classes":[]},{"id":36221,"url":"http:\/\/jornalrol.com.br\/?p=36221","url_meta":{"origin":12653,"position":5},"title":"Sandra Albuquerque: &#039;Nem sempre&#039;","author":"Sandra Albuquerque","date":"1 de janeiro de 2021","format":false,"excerpt":"Nem sempre Nem sempre os mais belos dias s\u00e3o aqueles em que o Sol brilha, deixando seus raios refulgentes refletirem sobre a nossa pele. Nem sempre o que sonhamos durante a noite enluarada nos faz sorrir com um brilho no olhar. Nem sempre o n\u00e3o \u00e9 uma resposta negativa. Nem\u2026","rel":"","context":"Em &quot;Comunica\u00e7\u00e3o&quot;","block_context":{"text":"Comunica\u00e7\u00e3o","link":"http:\/\/jornalrol.com.br\/?cat=7"},"img":{"alt_text":"","src":"https:\/\/i0.wp.com\/www.jornalrol.com.br\/wp-content\/uploads\/2020\/06\/9f6225c2-19e8-4a60-ba2c-0f4b619632d7-296x300.jpg?resize=350%2C200","width":350,"height":200},"classes":[]}],"_links":{"self":[{"href":"http:\/\/jornalrol.com.br\/index.php?rest_route=\/wp\/v2\/posts\/12653","targetHints":{"allow":["GET"]}}],"collection":[{"href":"http:\/\/jornalrol.com.br\/index.php?rest_route=\/wp\/v2\/posts"}],"about":[{"href":"http:\/\/jornalrol.com.br\/index.php?rest_route=\/wp\/v2\/types\/post"}],"author":[{"embeddable":true,"href":"http:\/\/jornalrol.com.br\/index.php?rest_route=\/wp\/v2\/users\/3"}],"replies":[{"embeddable":true,"href":"http:\/\/jornalrol.com.br\/index.php?rest_route=%2Fwp%2Fv2%2Fcomments&post=12653"}],"version-history":[{"count":0,"href":"http:\/\/jornalrol.com.br\/index.php?rest_route=\/wp\/v2\/posts\/12653\/revisions"}],"wp:attachment":[{"href":"http:\/\/jornalrol.com.br\/index.php?rest_route=%2Fwp%2Fv2%2Fmedia&parent=12653"}],"wp:term":[{"taxonomy":"category","embeddable":true,"href":"http:\/\/jornalrol.com.br\/index.php?rest_route=%2Fwp%2Fv2%2Fcategories&post=12653"},{"taxonomy":"post_tag","embeddable":true,"href":"http:\/\/jornalrol.com.br\/index.php?rest_route=%2Fwp%2Fv2%2Ftags&post=12653"}],"curies":[{"name":"wp","href":"https:\/\/api.w.org\/{rel}","templated":true}]}}