{"id":12655,"date":"2017-08-30T23:29:00","date_gmt":"2017-08-31T02:29:00","guid":{"rendered":"http:\/\/www.jornalrol.com.br\/?p=12655"},"modified":"2017-08-30T23:29:00","modified_gmt":"2017-08-31T02:29:00","slug":"xxi-encontro-regional-da-educacao-de-capao-bonito-tera-como-conferencista-a-pedagoga-palmira-piai","status":"publish","type":"post","link":"http:\/\/jornalrol.com.br\/?p=12655","title":{"rendered":"XXI Encontro Regional da Educa\u00e7\u00e3o de Cap\u00e3o Bonito\u00a0ter\u00e1 como conferencista a pedagoga Palmira Piai"},"content":{"rendered":"<div class=\"pdfprnt-buttons pdfprnt-buttons-post pdfprnt-top-right\"><a href=\"http:\/\/jornalrol.com.br\/index.php?rest_route=%2Fwp%2Fv2%2Fposts%2F12655&print=pdf\" class=\"pdfprnt-button pdfprnt-button-pdf\" target=\"_blank\" ><\/a><a href=\"http:\/\/jornalrol.com.br\/index.php?rest_route=%2Fwp%2Fv2%2Fposts%2F12655&print=print\" class=\"pdfprnt-button pdfprnt-button-print\" target=\"_blank\" ><img decoding=\"async\" src=\"https:\/\/jornalrol.com.br\/wp-content\/plugins\/pdf-print\/images\/print.png\" alt=\"image_print\" title=\"Conte\u00fado de impress\u00e3o\" \/><\/a><\/div><p style=\"text-align: center;\"><a href=\"http:\/\/www.jornalrol.com.br\/xxi-encontro-regional-da-educacao-de-capao-bonito-tera-como-conferencista-a-pedagoga-palmira-piai\/palmira-piai-1\/\" rel=\"attachment wp-att-12656\"><img loading=\"lazy\" decoding=\"async\" class=\"aligncenter size-medium wp-image-12656\" src=\"http:\/\/www.jornalrol.com.br\/wp-content\/uploads\/2017\/08\/PALMIRA-PIAI-1-300x100.jpg\" alt=\"\" width=\"300\" height=\"100\" \/><\/a><\/p>\n<h2 style=\"text-align: center;\"><strong>ENCONTRO REGIONAL EDUCA\u00c7\u00c3O EM CAP\u00c3O BONITO<\/strong><\/h2>\n<p><!--more--><\/p>\n<p><strong>\u00a0<\/strong>Cap\u00e3o Bonito promover\u00e1 no dia 30 de setembro, no Centro Educacional \u201cPaulo Freire\u201d o XXI Encontro Regional de Educa\u00e7\u00e3o.<\/p>\n<p>As inscri\u00e7\u00f5es gratuitas aos professores que atuam no magist\u00e9rio da Secretaria Municipal de Educa\u00e7\u00e3o de Cap\u00e3o Bonito podem ser feitas atrav\u00e9s do link http:\/\/educacao.capaobonito.sp.gov.br\/inscricao-encontro-regional-da-educacao\/<\/p>\n<p>A taxa de R$ 40,00 ou R$ 50,00 s\u00e3o para os demais interessados.<\/p>\n<p>Segundo a Secretaria de Educa\u00e7\u00e3o, Cultura, Esporte e Turismo, a tem\u00e1tica deste ano ser\u00e1 <em>\u201cEduca\u00e7\u00e3o: Alinhar as ideias com as a\u00e7\u00f5es, refletem na conquista de bons resultados\u201d<\/em>.<\/p>\n<p>A conferencista ser\u00e1 Palmira Tolotti Piai, pedagoga, escritora, palestrante em congressos nacionais, consultora pedag\u00f3gica educacional em diversos munic\u00edpios pelo Brasil com temas focados em pol\u00edticas p\u00fablicas (PAR, SIMEC).<\/p>\n<p><strong>Programa\u00e7\u00e3o<\/strong> &#8211; 8 \u00e0s 9 horas &#8211; credenciamento e coffee break, 9 \u00e0s 9:30 horas &#8211; abertura oficial e apresenta\u00e7\u00e3o cultural, 9:30 horas \u00e0s 11:30 horas &#8211; confer\u00eancia, 11:30 horas \u00e0s 12:30 horas &#8211; debate e encerramento.<\/p>\n<p>O encontro tem parceria da UNISA &#8211; Universidade Santo Amaro em Cap\u00e3o Bonito.<\/p>\n<p>&nbsp;<\/p>\n<p><strong><em>Foto: Pedagoga Palmira Tolotti Piai ser\u00e1 a conferencista no encontro<\/em><\/strong><\/p>\n<p>&nbsp;<\/p>\n","protected":false},"excerpt":{"rendered":"<p>ENCONTRO REGIONAL EDUCA\u00c7\u00c3O EM CAP\u00c3O BONITO<\/p>\n","protected":false},"author":3,"featured_media":0,"comment_status":"closed","ping_status":"closed","sticky":false,"template":"","format":"standard","meta":{"_jetpack_newsletter_access":"","_jetpack_dont_email_post_to_subs":false,"_jetpack_newsletter_tier_id":0,"_jetpack_memberships_contains_paywalled_content":false,"_jetpack_memberships_contains_paid_content":false,"footnotes":""},"categories":[7],"tags":[3247],"class_list":["post-12655","post","type-post","status-publish","format-standard","hentry","category-comunicacao","tag-encontro-regional-educacao-de-capao-bonito"],"aioseo_notices":[],"views":411,"jetpack_featured_media_url":"","jetpack_sharing_enabled":true,"jetpack_likes_enabled":true,"jetpack-related-posts":[{"id":13529,"url":"http:\/\/jornalrol.com.br\/?p=13529","url_meta":{"origin":12655,"position":0},"title":"Em Cap\u00e3o Bonito, Encontro Regional destaca import\u00e2ncia do alinhamento de ideias com a\u00e7\u00f5es na Educa\u00e7\u00e3o","author":"Helio Rubens","date":"5 de outubro de 2017","format":false,"excerpt":"Encontro realizado no Centro Educacional \u201cPaulo Freire\u201d teve como palestrante a conferencista Palmira Piai \u00a0 A Secretaria Municipal de Educa\u00e7\u00e3o, Cultura, Esporte e Turismo de Cap\u00e3o Bonito atrav\u00e9s do Centro Educacional \u201cPaulo Freire\u201d realizou no \u00faltimo s\u00e1bado, 30\/09, a 21\u00aa edi\u00e7\u00e3o do Encontro Regional de Educa\u00e7\u00e3o. A tem\u00e1tica deste ano\u2026","rel":"","context":"Em &quot;Comunica\u00e7\u00e3o&quot;","block_context":{"text":"Comunica\u00e7\u00e3o","link":"http:\/\/jornalrol.com.br\/?cat=7"},"img":{"alt_text":"","src":"https:\/\/i0.wp.com\/www.jornalrol.com.br\/wp-content\/uploads\/2017\/10\/Cap%C3%A3o-300x200.jpg?resize=350%2C200","width":350,"height":200},"classes":[]},{"id":12688,"url":"http:\/\/jornalrol.com.br\/?p=12688","url_meta":{"origin":12655,"position":1},"title":"1\u00aa Feirarte come\u00e7a dia 15 em Cap\u00e3o Bonito","author":"Helio Rubens","date":"31 de agosto de 2017","format":false,"excerpt":"CULTURA, ARTESANATO E GASTRONOMIA - Aliar cultura, com boa gastronomia e tamb\u00e9m fomento ao artesanato e a arte. \u00a0 Aliar cultura, com boa gastronomia e tamb\u00e9m fomento ao artesanato e a arte. Este \u00e9 o objetivo da 1\u00aa edi\u00e7\u00e3o da Feirarte de Cap\u00e3o Bonito que acontecer\u00e1 nos pr\u00f3ximos dias 15,\u2026","rel":"","context":"Em &quot;Comunica\u00e7\u00e3o&quot;","block_context":{"text":"Comunica\u00e7\u00e3o","link":"http:\/\/jornalrol.com.br\/?cat=7"},"img":{"alt_text":"","src":"https:\/\/i0.wp.com\/www.jornalrol.com.br\/wp-content\/uploads\/2017\/08\/FEIRARTE-214x300.jpg?resize=350%2C200","width":350,"height":200},"classes":[]},{"id":20325,"url":"http:\/\/jornalrol.com.br\/?p=20325","url_meta":{"origin":12655,"position":2},"title":"A Universaliza\u00e7\u00e3o do Ensino Superior de qualidade em Cap\u00e3o Bonito","author":"Helio Rubens","date":"18 de agosto de 2018","format":false,"excerpt":"Cursos no Polo Univesp de Cap\u00e3o Bonito ser\u00e3o realizados em Ambiente Virtual de Aprendizagem (AVA), plataforma online na qual os estudantes desenvolvem atividades acad\u00eamicas \u00a0 POLO UNIVESP - Uma universidade p\u00fablica exclusivamente voltada para a Educa\u00e7\u00e3o a Dist\u00e2ncia (EAD): esta \u00e9 a UNIVESP - Universidade Virtual do Estado de S\u00e3o\u2026","rel":"","context":"Em &quot;Comunica\u00e7\u00e3o&quot;","block_context":{"text":"Comunica\u00e7\u00e3o","link":"http:\/\/jornalrol.com.br\/?cat=7"},"img":{"alt_text":"","src":"https:\/\/i0.wp.com\/www.jornalrol.com.br\/wp-content\/uploads\/2018\/08\/laboratorio-univesp-3-300x168.jpg?resize=350%2C200","width":350,"height":200},"classes":[]},{"id":11712,"url":"http:\/\/jornalrol.com.br\/?p=11712","url_meta":{"origin":12655,"position":3},"title":"Virada Cultural em Agosto em Cap\u00e3o Bonito","author":"Helio Rubens","date":"17 de julho de 2017","format":false,"excerpt":"Pela primeira vez Cap\u00e3o Bonito ter\u00e1 Virada Cultural em agosto 24 HORAS DE CULTURA Cap\u00e3o Bonito se preparada para a primeira edi\u00e7\u00e3o de um dos maiores eventos culturais do munic\u00edpio - o Virada Cultural 2017. A Secretaria Municipal de Educa\u00e7\u00e3o, Cultura, Esporte e Turismo convida a todos artistas, representantes de\u2026","rel":"","context":"Em &quot;Comunica\u00e7\u00e3o&quot;","block_context":{"text":"Comunica\u00e7\u00e3o","link":"http:\/\/jornalrol.com.br\/?cat=7"},"img":{"alt_text":"","src":"https:\/\/i0.wp.com\/www.jornalrol.com.br\/wp-content\/uploads\/2017\/04\/Virada-cultural.jpg?resize=350%2C200","width":350,"height":200},"classes":[]},{"id":11901,"url":"http:\/\/jornalrol.com.br\/?p=11901","url_meta":{"origin":12655,"position":4},"title":"Cap\u00e3o Bonito promoveu palestra com o coach Angelo Ot\u00e1vio Bloes","author":"Helio Rubens","date":"27 de julho de 2017","format":false,"excerpt":"\u00a0Palestra 'Qual o Valor da Sua Profiss\u00e3o?', \u00a0com o consultor e wellness coach Angelo Ot\u00e1vio Bloes \u00a0 \u00a0A Secretaria Municipal de Educa\u00e7\u00e3o de Cap\u00e3o Bonito, atrav\u00e9s do Centro Educacional Paulo Freire, promoveu na sexta-feira, 21 de julho, a palestra 'Qual o Valor da sua profiss\u00e3o?', proferida pelo consultor e wellness\u2026","rel":"","context":"Em &quot;Comunica\u00e7\u00e3o&quot;","block_context":{"text":"Comunica\u00e7\u00e3o","link":"http:\/\/jornalrol.com.br\/?cat=7"},"img":{"alt_text":"","src":"https:\/\/i0.wp.com\/www.jornalrol.com.br\/wp-content\/uploads\/2017\/07\/angelo-300x200.jpg?resize=350%2C200","width":350,"height":200},"classes":[]},{"id":12694,"url":"http:\/\/jornalrol.com.br\/?p=12694","url_meta":{"origin":12655,"position":5},"title":"Cap\u00e3o Bonito realiza Semana da Arte","author":"Helio Rubens","date":"31 de agosto de 2017","format":false,"excerpt":"Semana da Arte \u00e9 destaque no Centro Educacional e Cultural Paulo Freire \u00a0 \u00a0\"Um verdadeiro show de criatividade\". Assim definiu a Prefeitura de Cap\u00e3o Bonito sobre a 'Semana da Arte' realizada no Centro Educacional, Cultura e Esportivo Paulo Freire. Promovida pela Secretaria Municipal de Educa\u00e7\u00e3o, Cultura, Esporte e Turismo, a\u2026","rel":"","context":"Em &quot;Comunica\u00e7\u00e3o&quot;","block_context":{"text":"Comunica\u00e7\u00e3o","link":"http:\/\/jornalrol.com.br\/?cat=7"},"img":{"alt_text":"","src":"https:\/\/i0.wp.com\/www.jornalrol.com.br\/wp-content\/uploads\/2017\/08\/Semana-da-Arte-300x200.jpg?resize=350%2C200","width":350,"height":200},"classes":[]}],"_links":{"self":[{"href":"http:\/\/jornalrol.com.br\/index.php?rest_route=\/wp\/v2\/posts\/12655","targetHints":{"allow":["GET"]}}],"collection":[{"href":"http:\/\/jornalrol.com.br\/index.php?rest_route=\/wp\/v2\/posts"}],"about":[{"href":"http:\/\/jornalrol.com.br\/index.php?rest_route=\/wp\/v2\/types\/post"}],"author":[{"embeddable":true,"href":"http:\/\/jornalrol.com.br\/index.php?rest_route=\/wp\/v2\/users\/3"}],"replies":[{"embeddable":true,"href":"http:\/\/jornalrol.com.br\/index.php?rest_route=%2Fwp%2Fv2%2Fcomments&post=12655"}],"version-history":[{"count":0,"href":"http:\/\/jornalrol.com.br\/index.php?rest_route=\/wp\/v2\/posts\/12655\/revisions"}],"wp:attachment":[{"href":"http:\/\/jornalrol.com.br\/index.php?rest_route=%2Fwp%2Fv2%2Fmedia&parent=12655"}],"wp:term":[{"taxonomy":"category","embeddable":true,"href":"http:\/\/jornalrol.com.br\/index.php?rest_route=%2Fwp%2Fv2%2Fcategories&post=12655"},{"taxonomy":"post_tag","embeddable":true,"href":"http:\/\/jornalrol.com.br\/index.php?rest_route=%2Fwp%2Fv2%2Ftags&post=12655"}],"curies":[{"name":"wp","href":"https:\/\/api.w.org\/{rel}","templated":true}]}}