{"id":15029,"date":"2017-12-04T09:06:17","date_gmt":"2017-12-04T11:06:17","guid":{"rendered":"http:\/\/www.jornalrol.com.br\/?p=15029"},"modified":"2017-12-04T09:06:17","modified_gmt":"2017-12-04T11:06:17","slug":"premiacao-e-declamacao-de-poemas-marcam-o-encerramento-da-oficina-de-poesias-ministrada-pelo-grupo-coesao-poetica-na-etec-julio-prestes-em-sorocaba","status":"publish","type":"post","link":"http:\/\/jornalrol.com.br\/?p=15029","title":{"rendered":"Premia\u00e7\u00e3o e declama\u00e7\u00e3o de poemas marcam o encerramento da &#039;Oficina de Poesias&#039; ministrada pelo grupo Coes\u00e3o Po\u00e9tica na Etec &#039;Fernando Prestes&#039;, em Sorocaba"},"content":{"rendered":"<div class=\"pdfprnt-buttons pdfprnt-buttons-post pdfprnt-top-right\"><a href=\"http:\/\/jornalrol.com.br\/index.php?rest_route=%2Fwp%2Fv2%2Fposts%2F15029&print=pdf\" class=\"pdfprnt-button pdfprnt-button-pdf\" target=\"_blank\" ><\/a><a href=\"http:\/\/jornalrol.com.br\/index.php?rest_route=%2Fwp%2Fv2%2Fposts%2F15029&print=print\" class=\"pdfprnt-button pdfprnt-button-print\" target=\"_blank\" ><img decoding=\"async\" src=\"https:\/\/jornalrol.com.br\/wp-content\/plugins\/pdf-print\/images\/print.png\" alt=\"image_print\" title=\"Conte\u00fado de impress\u00e3o\" \/><\/a><\/div><h3 style=\"text-align: center;\"><a href=\"http:\/\/www.jornalrol.com.br\/wp-content\/uploads\/2017\/11\/20171128_103238.jpg\"><img loading=\"lazy\" decoding=\"async\" class=\"size-medium wp-image-15030 aligncenter\" src=\"http:\/\/www.jornalrol.com.br\/wp-content\/uploads\/2017\/11\/20171128_103238-300x169.jpg\" alt=\"\" width=\"300\" height=\"169\" \/><\/a><em>A &#8216;Oficina de Poesias&#8217; revelou jovens sens\u00edveis e comprometidos com o sentimento do belo, bem como uma vis\u00e3o madura do mundo<\/em><\/h3>\n<p><!--more--><\/p>\n<p>&nbsp;<\/p>\n<p>Alunos do ensino m\u00e9dio da Etec \u2018Fernando Prestes\u2019, de Sorocaba, conclu\u00edram a carga hor\u00e1ria da &#8216;Oficina de Poesias&#8217;, idealizada e coordenada pela professora Renata Pellini Guimar\u00e3es &#8211; que tamb\u00e9m \u00e9 integrante do grupo Coes\u00e3o Po\u00e9tica de Sorocaba -, Oficina que foi ministrada pelo grupo Coes\u00e3o Po\u00e9tica, por meio de seu presidente, Gon\u00e7alves Viana e o confrade e professor de Portugu\u00eas, Nicanor Pereira.<\/p>\n<p>A atividade extracurricular contou com o total apoio do diretor\u00a0 da escola, Carlos Marcelo, e do prof. Jo\u00e3o da Paz, coordenador da Biblioteca no per\u00edodo da manh\u00e3 e professor de Portugu\u00eas e Espanhol da Etec FP .<\/p>\n<p>A Oficina, ministrada gratuitamente, teve dura\u00e7\u00e3o de 10 a 12 horas\/aula, com 2 horas\/aula semanais e os alunos tiveram a oportunidade de tomar conhecimento te\u00f3rico e pr\u00e1tica sobre a Poesia Ocidental, Poesia Oriental, poemas de forma fixa e conceitos sobre estrofes, versos, rimas e m\u00e9tricas, com exemplos po\u00e9ticos.<\/p>\n<p>A orienta\u00e7\u00e3o da Oficina\u00a0 foi, essencialmente, para que os participantes constru\u00edssem poemas. Inicialmente, poemas monotr\u00f3ficos, isto \u00e9, poemas com uma \u00fanica estrofe, caso dos haicais (estrofe com 3 versos) e trovas ou quadrinhas (estrofe com 4 versos)<\/p>\n<p>\u00c0 medida que os participantes foram familiarizando-se com as lides po\u00e9ticas foram postos em pr\u00e1tica poemas com uma ou mais estrofes e maior n\u00famero de versos.<\/p>\n<p>Foi distribu\u00edda uma apostila com o conte\u00fado do projeto para cada um dos participantes. E, ap\u00f3s a conclus\u00e3o da Oficina, foi confeccionado um livro-manual com os trabalhos realizados pelos participantes.<\/p>\n<p>Segundo Gon\u00e7alves Viana e Nicanor Pereira, a Oficina atingiu plenamente seus objetivos, com trabalhos que revelaram, al\u00e9m da &#8216;veia po\u00e9tica&#8217;, uma vis\u00e3o madura do mundo, por parte dos alunos.<\/p>\n<p>Participaram da Oficina os seguintes alunos: Ana Carolina Meiro, Caroline Batista dos Santos, Gabriela Lemes Cruz, Jeniffer Olivetti Klarosk, Jos\u00e9 Henrique Freitas dos Santos, Lorena Bonora, Maria Luiza Mendes, Maria Mello, Marina de Mello Oliveira, Samantha Teresa Santos e Tatuane Teixeira Barreto.<\/p>\n<p>No dia 28 de novembro, a Oficina foi encerrada, com a premia\u00e7\u00e3o dos tr\u00eas primeiros classificados, bem como um Destaque e a declama\u00e7\u00e3o dos poemas, por parte do alunos que participaram da Oficina e dos membros do Coes\u00e3o Po\u00e9tica.<\/p>\n<p>O diretor Carlos Marcelo participou do encerramento, destacando a import\u00e2ncia da Oficina para a escola e, em especial, para os alunos, e agradeceu ao Coes\u00e3o Po\u00e9tica pela parceria, a qual, segundo ele, ser\u00e1 sempre bem recebida nos pr\u00f3ximos anos.<\/p>\n<p>Tamb\u00e9m participaram do encerramento o professor Jo\u00e3o da Paz, a professora de Geografia M\u00e1rcia Luna Germano -, a qual, inclusive, declamou um poema de Cam\u00f5es &#8211; e a professora de Artes Dinamene Neves, Coordenadora do Ensino M\u00e9dio.<\/p>\n<p>Abaixo, os momentos de emo\u00e7\u00e3o do encerramento da Oficina:<\/p>\n<h6 style=\"text-align: center;\"><a href=\"http:\/\/www.jornalrol.com.br\/wp-content\/uploads\/2017\/11\/20171128_101338.jpg\"><img loading=\"lazy\" decoding=\"async\" class=\"size-medium wp-image-15049 aligncenter\" src=\"http:\/\/www.jornalrol.com.br\/wp-content\/uploads\/2017\/11\/20171128_101338-300x169.jpg\" alt=\"\" width=\"300\" height=\"169\" \/><\/a>O Diretor, Carlos Marcelo, ao lado de integrantes do Coes\u00e3o Po\u00e9tica, destacando a import\u00e2ncia da &#8216;Oficina de Poesias&#8217;<\/h6>\n<h4>A entrega dos Certificados de Conclus\u00e3o da Oficina<\/h4>\n<p><a href=\"http:\/\/www.jornalrol.com.br\/wp-content\/uploads\/2017\/11\/20171128_102351.jpg\"><img loading=\"lazy\" decoding=\"async\" class=\"alignnone size-medium wp-image-15050\" src=\"http:\/\/www.jornalrol.com.br\/wp-content\/uploads\/2017\/11\/20171128_102351-300x169.jpg\" alt=\"\" width=\"300\" height=\"169\" \/>\u00a0<\/a><a href=\"http:\/\/www.jornalrol.com.br\/wp-content\/uploads\/2017\/11\/20171128_102444.jpg\"><img loading=\"lazy\" decoding=\"async\" class=\"alignnone size-medium wp-image-15051\" src=\"http:\/\/www.jornalrol.com.br\/wp-content\/uploads\/2017\/11\/20171128_102444-300x169.jpg\" alt=\"\" width=\"300\" height=\"169\" \/><\/a><\/p>\n<p><a href=\"http:\/\/www.jornalrol.com.br\/wp-content\/uploads\/2017\/11\/20171128_102512.jpg\"><img loading=\"lazy\" decoding=\"async\" class=\"alignnone size-medium wp-image-15053\" src=\"http:\/\/www.jornalrol.com.br\/wp-content\/uploads\/2017\/11\/20171128_102512-300x169.jpg\" alt=\"\" width=\"300\" height=\"169\" \/><\/a>\u00a0<a href=\"http:\/\/www.jornalrol.com.br\/wp-content\/uploads\/2017\/11\/20171128_102547.jpg\"><img loading=\"lazy\" decoding=\"async\" class=\"alignnone size-medium wp-image-15054\" src=\"http:\/\/www.jornalrol.com.br\/wp-content\/uploads\/2017\/11\/20171128_102547-300x169.jpg\" alt=\"\" width=\"300\" height=\"169\" \/><\/a><\/p>\n<p><a href=\"http:\/\/www.jornalrol.com.br\/wp-content\/uploads\/2017\/11\/20171128_102624.jpg\"><img loading=\"lazy\" decoding=\"async\" class=\"alignnone size-medium wp-image-15055\" src=\"http:\/\/www.jornalrol.com.br\/wp-content\/uploads\/2017\/11\/20171128_102624-300x169.jpg\" alt=\"\" width=\"300\" height=\"169\" \/><\/a>\u00a0<a href=\"http:\/\/www.jornalrol.com.br\/wp-content\/uploads\/2017\/11\/20171128_103958.jpg\"><img loading=\"lazy\" decoding=\"async\" class=\"alignnone size-medium wp-image-15057\" src=\"http:\/\/www.jornalrol.com.br\/wp-content\/uploads\/2017\/11\/20171128_103958-300x169.jpg\" alt=\"\" width=\"300\" height=\"169\" \/><\/a><\/p>\n<p><a href=\"http:\/\/www.jornalrol.com.br\/wp-content\/uploads\/2017\/11\/20171128_102413-2.jpg\"><img loading=\"lazy\" decoding=\"async\" class=\"alignnone size-medium wp-image-15058\" src=\"http:\/\/www.jornalrol.com.br\/wp-content\/uploads\/2017\/11\/20171128_102413-2-300x169.jpg\" alt=\"\" width=\"300\" height=\"169\" \/>\u00a0<\/a><\/p>\n<h4 style=\"text-align: center;\">A premia\u00e7\u00e3o<\/h4>\n<h6 style=\"text-align: center;\"><a href=\"http:\/\/www.jornalrol.com.br\/wp-content\/uploads\/2017\/12\/20171128_110517.jpg\"><img loading=\"lazy\" decoding=\"async\" class=\"size-medium wp-image-15091 aligncenter\" src=\"http:\/\/www.jornalrol.com.br\/wp-content\/uploads\/2017\/12\/20171128_110517-300x169.jpg\" alt=\"\" width=\"300\" height=\"169\" \/><\/a><strong>1.\u00ba Lugar: Jeniffer Olivetti Klarosk<\/strong><\/h6>\n<h6 style=\"text-align: center;\"><a href=\"http:\/\/www.jornalrol.com.br\/wp-content\/uploads\/2017\/12\/20171128_110405.jpg\"><img loading=\"lazy\" decoding=\"async\" class=\"size-medium wp-image-15092 aligncenter\" src=\"http:\/\/www.jornalrol.com.br\/wp-content\/uploads\/2017\/12\/20171128_110405-300x169.jpg\" alt=\"\" width=\"300\" height=\"169\" \/><\/a><strong>2.\u00ba Lugar: Caroline Batista dos Santos<\/strong><\/h6>\n<h6 style=\"text-align: center;\"><a href=\"http:\/\/www.jornalrol.com.br\/wp-content\/uploads\/2017\/12\/20171128_110632.jpg\"><img loading=\"lazy\" decoding=\"async\" class=\"size-medium wp-image-15109 aligncenter\" src=\"http:\/\/www.jornalrol.com.br\/wp-content\/uploads\/2017\/12\/20171128_110632-300x169.jpg\" alt=\"\" width=\"300\" height=\"169\" \/>Destaque: Jos\u00e9 Henrique de Freitas Santos<\/a><\/h6>\n<h4><strong>A declama\u00e7\u00e3o dos poemas, por parte dos alunos<\/strong><\/h4>\n<p><a href=\"http:\/\/www.jornalrol.com.br\/wp-content\/uploads\/2017\/11\/20171128_103608.jpg\"><img loading=\"lazy\" decoding=\"async\" class=\"alignnone size-medium wp-image-15059\" src=\"http:\/\/www.jornalrol.com.br\/wp-content\/uploads\/2017\/11\/20171128_103608-300x169.jpg\" alt=\"\" width=\"300\" height=\"169\" \/><\/a>\u00a0<a href=\"http:\/\/www.jornalrol.com.br\/wp-content\/uploads\/2017\/11\/20171128_103642-1.jpg\"><img loading=\"lazy\" decoding=\"async\" class=\"alignnone size-medium wp-image-15060\" src=\"http:\/\/www.jornalrol.com.br\/wp-content\/uploads\/2017\/11\/20171128_103642-1-300x169.jpg\" alt=\"\" width=\"300\" height=\"169\" \/><\/a><\/p>\n<p><a href=\"http:\/\/www.jornalrol.com.br\/wp-content\/uploads\/2017\/11\/20171128_104144.jpg\"><img loading=\"lazy\" decoding=\"async\" class=\"alignnone size-medium wp-image-15061\" src=\"http:\/\/www.jornalrol.com.br\/wp-content\/uploads\/2017\/11\/20171128_104144-300x169.jpg\" alt=\"\" width=\"300\" height=\"169\" \/>\u00a0<\/a><a href=\"http:\/\/www.jornalrol.com.br\/wp-content\/uploads\/2017\/11\/20171128_104204.jpg\"><img loading=\"lazy\" decoding=\"async\" class=\"alignnone size-medium wp-image-15063\" src=\"http:\/\/www.jornalrol.com.br\/wp-content\/uploads\/2017\/11\/20171128_104204-300x169.jpg\" alt=\"\" width=\"300\" height=\"169\" \/><\/a><\/p>\n<p><a href=\"http:\/\/www.jornalrol.com.br\/wp-content\/uploads\/2017\/11\/20171128_104254.jpg\"><img loading=\"lazy\" decoding=\"async\" class=\"alignnone size-medium wp-image-15064\" src=\"http:\/\/www.jornalrol.com.br\/wp-content\/uploads\/2017\/11\/20171128_104254-300x169.jpg\" alt=\"\" width=\"300\" height=\"169\" \/>\u00a0<\/a><a href=\"http:\/\/www.jornalrol.com.br\/wp-content\/uploads\/2017\/12\/20171128_104117.jpg\"><img loading=\"lazy\" decoding=\"async\" class=\"alignnone size-medium wp-image-15112\" src=\"http:\/\/www.jornalrol.com.br\/wp-content\/uploads\/2017\/12\/20171128_104117-300x169.jpg\" alt=\"\" width=\"300\" height=\"169\" \/><\/a><\/p>\n<p><a href=\"http:\/\/www.jornalrol.com.br\/wp-content\/uploads\/2017\/12\/20171128_103847.jpg\"><img loading=\"lazy\" decoding=\"async\" class=\"alignnone size-medium wp-image-15113\" src=\"http:\/\/www.jornalrol.com.br\/wp-content\/uploads\/2017\/12\/20171128_103847-300x169.jpg\" alt=\"\" width=\"300\" height=\"169\" \/><\/a><\/p>\n<h4><strong>A participa\u00e7\u00e3o dos Coesos, no encerramento<\/strong><\/h4>\n<p><a href=\"http:\/\/www.jornalrol.com.br\/wp-content\/uploads\/2017\/12\/20171128_104533.jpg\"><img loading=\"lazy\" decoding=\"async\" class=\"alignnone size-medium wp-image-15093\" src=\"http:\/\/www.jornalrol.com.br\/wp-content\/uploads\/2017\/12\/20171128_104533-300x169.jpg\" alt=\"\" width=\"300\" height=\"169\" \/>\u00a0<\/a><a href=\"http:\/\/www.jornalrol.com.br\/wp-content\/uploads\/2017\/12\/20171128_105231.jpg\"><img loading=\"lazy\" decoding=\"async\" class=\"alignnone size-medium wp-image-15097\" src=\"http:\/\/www.jornalrol.com.br\/wp-content\/uploads\/2017\/12\/20171128_105231-300x169.jpg\" alt=\"\" width=\"300\" height=\"169\" \/><\/a><\/p>\n<p><a href=\"http:\/\/www.jornalrol.com.br\/wp-content\/uploads\/2017\/12\/20171128_104648.jpg\"><img loading=\"lazy\" decoding=\"async\" class=\"alignnone size-medium wp-image-15098\" src=\"http:\/\/www.jornalrol.com.br\/wp-content\/uploads\/2017\/12\/20171128_104648-300x169.jpg\" alt=\"\" width=\"300\" height=\"169\" \/>\u00a0<\/a><a href=\"http:\/\/www.jornalrol.com.br\/wp-content\/uploads\/2017\/12\/20171128_105007.jpg\"><img loading=\"lazy\" decoding=\"async\" class=\"alignnone size-medium wp-image-15099\" src=\"http:\/\/www.jornalrol.com.br\/wp-content\/uploads\/2017\/12\/20171128_105007-300x169.jpg\" alt=\"\" width=\"300\" height=\"169\" \/><\/a><\/p>\n<p><a href=\"http:\/\/www.jornalrol.com.br\/wp-content\/uploads\/2017\/12\/20171128_105637.jpg\"><img loading=\"lazy\" decoding=\"async\" class=\"alignnone size-medium wp-image-15100\" src=\"http:\/\/www.jornalrol.com.br\/wp-content\/uploads\/2017\/12\/20171128_105637-300x169.jpg\" alt=\"\" width=\"300\" height=\"169\" \/>\u00a0<\/a><a href=\"http:\/\/www.jornalrol.com.br\/wp-content\/uploads\/2017\/12\/24129500_1182603718537724_7285660270927387031_n.jpg\"><img loading=\"lazy\" decoding=\"async\" class=\"alignnone size-medium wp-image-15116\" src=\"http:\/\/www.jornalrol.com.br\/wp-content\/uploads\/2017\/12\/24129500_1182603718537724_7285660270927387031_n-300x169.jpg\" alt=\"\" width=\"300\" height=\"169\" \/><\/a><\/p>\n<h6 style=\"text-align: center;\"><strong><a href=\"http:\/\/www.jornalrol.com.br\/wp-content\/uploads\/2017\/12\/20171128_104349.jpg\"><img loading=\"lazy\" decoding=\"async\" class=\"size-medium wp-image-15105 aligncenter\" src=\"http:\/\/www.jornalrol.com.br\/wp-content\/uploads\/2017\/12\/20171128_104349-300x169.jpg\" alt=\"\" width=\"300\" height=\"169\" \/><\/a>A declama\u00e7\u00e3o da prof\u00aa M\u00e1rcia Luna Germano<\/strong><\/h6>\n<h6 style=\"text-align: center;\"><a href=\"http:\/\/www.jornalrol.com.br\/wp-content\/uploads\/2017\/12\/20171128_111106.jpg\"><img loading=\"lazy\" decoding=\"async\" class=\"size-medium wp-image-15118 aligncenter\" src=\"http:\/\/www.jornalrol.com.br\/wp-content\/uploads\/2017\/12\/20171128_111106-300x169.jpg\" alt=\"\" width=\"300\" height=\"169\" \/>Os Coesos, com o prof. Jo\u00e3o da Paz no meio e, \u00e0 esquerda, a prof\u00aa M\u00e1rcia L. Germano<\/a><\/h6>\n<h6 style=\"text-align: center;\"><a href=\"http:\/\/www.jornalrol.com.br\/wp-content\/uploads\/2017\/12\/20171128_103238.jpg\"><img loading=\"lazy\" decoding=\"async\" class=\"size-medium wp-image-15102 aligncenter\" src=\"http:\/\/www.jornalrol.com.br\/wp-content\/uploads\/2017\/12\/20171128_103238-300x169.jpg\" alt=\"\" width=\"300\" height=\"169\" \/><\/a><strong>Coes\u00e3o Po\u00e9tica e os alunos participantes da Oficina<\/strong><\/h6>\n<p>&nbsp;<\/p>\n<p>&nbsp;<\/p>\n","protected":false},"excerpt":{"rendered":"<p>A &#8216;Oficina de Poesias&#8217; revelou jovens sens\u00edveis e comprometidos com o sentimento do belo, bem como uma vis\u00e3o madura do mundo<\/p>\n","protected":false},"author":6,"featured_media":15102,"comment_status":"closed","ping_status":"closed","sticky":false,"template":"","format":"standard","meta":{"_jetpack_newsletter_access":"","_jetpack_dont_email_post_to_subs":false,"_jetpack_newsletter_tier_id":0,"_jetpack_memberships_contains_paywalled_content":false,"_jetpack_memberships_contains_paid_content":false,"footnotes":""},"categories":[7],"tags":[2099,3529,6317],"class_list":["post-15029","post","type-post","status-publish","format-standard","has-post-thumbnail","hentry","category-comunicacao","tag-coesao-poetica-de-sorocaba","tag-etec-fernando-prestes-de-sorocaba","tag-oficina-de-poesias"],"aioseo_notices":[],"views":485,"jetpack_featured_media_url":"","jetpack_sharing_enabled":true,"jetpack_likes_enabled":true,"jetpack-related-posts":[{"id":13054,"url":"http:\/\/jornalrol.com.br\/?p=13054","url_meta":{"origin":15029,"position":0},"title":"Grupo Coes\u00e3o Po\u00e9tica de Sorocaba ministra Oficina de Poesia na ETEC &#039;Fernando Prestes&#039;","author":"Sergio Diniz da Costa","date":"18 de setembro de 2017","format":false,"excerpt":"A 'Oficina de Poesia' tem por objetivo transmitir\u00a0\u00a0\u00a0fundamentos de poesia e possibilitar a confec\u00e7\u00e3o de textos po\u00e9ticos para os participantes \u00a0 Idealizada pela professora Renata Pellini, que tamb\u00e9m \u00e9 integrante do grupo Coes\u00e3o Po\u00e9tica de Sorocaba, e com o total apoio do diretor Carlos Marcelo, alunos do ensino m\u00e9dio da\u2026","rel":"","context":"Em &quot;Comunica\u00e7\u00e3o&quot;","block_context":{"text":"Comunica\u00e7\u00e3o","link":"http:\/\/jornalrol.com.br\/?cat=7"},"img":{"alt_text":"","src":"https:\/\/i0.wp.com\/www.jornalrol.com.br\/wp-content\/uploads\/2017\/09\/IMG-20170918-WA0003-300x169.jpg?resize=350%2C200","width":350,"height":200},"classes":[]},{"id":20257,"url":"http:\/\/jornalrol.com.br\/?p=20257","url_meta":{"origin":15029,"position":1},"title":"Grupo Coes\u00e3o Po\u00e9tica de Sorocaba realizar\u00e1 ciclo de palestras no Barrac\u00e3o Cultural de Sorocaba","author":"Sergio Diniz da Costa","date":"16 de agosto de 2018","format":false,"excerpt":"O ciclo de 10 palestras ocorrer\u00e1 a partir do dia 17 de agosto at\u00e9 09 de novembro, das 19h \u00e0s 20h, no Barrac\u00e3o Cultural, localizado ao lado da antiga Esta\u00e7\u00e3o Ferrovi\u00e1ria \u00a0 O grupo Coes\u00e3o Po\u00e9tica de Sorocaba, em parceria com a Prefeitura de Sorocaba, realizar\u00e1 um ciclo de 10\u2026","rel":"","context":"Em &quot;Comunica\u00e7\u00e3o&quot;","block_context":{"text":"Comunica\u00e7\u00e3o","link":"http:\/\/jornalrol.com.br\/?cat=7"},"img":{"alt_text":"","src":"https:\/\/i0.wp.com\/www.jornalrol.com.br\/wp-content\/uploads\/2018\/08\/39098042_310315649703278_1414121542735888384_n-300x169.jpg?resize=350%2C200","width":350,"height":200},"classes":[]},{"id":17267,"url":"http:\/\/jornalrol.com.br\/?p=17267","url_meta":{"origin":15029,"position":2},"title":"O grupo Coes\u00e3o Po\u00e9tica de Sorocaba realiza sarau l\u00edtero-musical no Espa\u00e7o Du&#039;Artes","author":"Sergio Diniz da Costa","date":"26 de mar\u00e7o de 2018","format":false,"excerpt":"Poesia, m\u00fasica, sensibilidade e amizade marcaram mais um sarau promovido pelo grupo Coes\u00e3o Po\u00e9tica de Sorocaba, no espa\u00e7o que Ana Maria Duarte destinou \u00e0s Artes: Espa\u00e7o Du'Artes! \u00a0 No dia 24 de abril (s\u00e1bado), \u00e0s 19h30 foi realizado mais um sarau l\u00edtero-musical, promovido pelo grupo Coes\u00e3o Po\u00e9tica de Sorocaba. O\u2026","rel":"","context":"Em &quot;Comunica\u00e7\u00e3o&quot;","block_context":{"text":"Comunica\u00e7\u00e3o","link":"http:\/\/jornalrol.com.br\/?cat=7"},"img":{"alt_text":"","src":"https:\/\/i0.wp.com\/www.jornalrol.com.br\/wp-content\/uploads\/2018\/03\/18193911_1415667298453812_3846684100751916203_n-300x159.jpg?resize=350%2C200","width":350,"height":200},"classes":[]},{"id":10509,"url":"http:\/\/jornalrol.com.br\/?p=10509","url_meta":{"origin":15029,"position":3},"title":"Neste s\u00e1bado (20 de maio), \u00e0s 19h, no sarau do Cantinho Girassol, o Grupo Coes\u00e3o Po\u00e9tica de Sorocaba vai prestar homenagem p\u00f3stuma \u00e0 poetisa Lia Lopes","author":"Sergio Diniz da Costa","date":"19 de maio de 2017","format":false,"excerpt":"Lia Lopes, no dia 23 de abril, se separou do grupo fisicamente, pois foi iluminar, ainda mais, 0 C\u00e9u dos Poetas, o C\u00e9u de Aldebar\u00e3! \u00a0 Amanh\u00e3, 20 de maio, \u00e0s 19h, no sarau do Cantinho Girassol, o Grupo Coes\u00e3o Po\u00e9tica de Sorocaba vai prestar homenagem p\u00f3stuma \u00e0 ex-confreira, a\u2026","rel":"","context":"Em &quot;Comunica\u00e7\u00e3o&quot;","block_context":{"text":"Comunica\u00e7\u00e3o","link":"http:\/\/jornalrol.com.br\/?cat=7"},"img":{"alt_text":"","src":"https:\/\/i0.wp.com\/www.jornalrol.com.br\/wp-content\/uploads\/2017\/05\/18118944_714980208680887_5604762065594467425_n-225x300.jpg?resize=350%2C200","width":350,"height":200},"classes":[]},{"id":4407,"url":"http:\/\/jornalrol.com.br\/?p=4407","url_meta":{"origin":15029,"position":4},"title":"Grupo Coes\u00e3o Po\u00e9tica comemorou o Dia Nacional da Poesia","author":"Helio Rubens","date":"15 de mar\u00e7o de 2016","format":false,"excerpt":"O jornal Cruzeiro do Sul registrou as comemora\u00e7\u00f5es do Dia Nacional a Poesia pelo grupo cultural sorocabano Coes\u00e3o Po\u00e9tica Eis a mat\u00e9ria publicada pela Cruzeiro do Sul: POETIZANDO EM A\u00c7\u00c3O: \u00a0 Coes\u00e3o Po\u00e9tica - Para comemorar a passagem do Dia Nacional da Poesia, celebrado ontem (14), o grupo Coes\u00e3o Po\u00e9tica\u2026","rel":"","context":"Em &quot;Comunica\u00e7\u00e3o&quot;","block_context":{"text":"Comunica\u00e7\u00e3o","link":"http:\/\/jornalrol.com.br\/?cat=7"},"img":{"alt_text":"","src":"","width":0,"height":0},"classes":[]},{"id":15959,"url":"http:\/\/jornalrol.com.br\/?p=15959","url_meta":{"origin":15029,"position":5},"title":"Carina Cardoso, membro do grupo Coes\u00e3o Po\u00e9tica de Sorocaba, lan\u00e7a seu primeiro romance: &#039;O despertar para o para\u00edso&#039;","author":"Sergio Diniz da Costa","date":"15 de janeiro de 2018","format":false,"excerpt":"Poderia um grande amor, duas almas apaixonadas distantes, esperar quanto tempo for poss\u00edvel para ficarem juntas? Seria poss\u00edvel para um jovem vi\u00favo, presenciando a morte da esposa dar uma nova chance para o amor? Este livro contra a trajet\u00f3ria de Anna em busca da felicidade. Um hist\u00f3ria de amor que\u2026","rel":"","context":"Em &quot;Comunica\u00e7\u00e3o&quot;","block_context":{"text":"Comunica\u00e7\u00e3o","link":"http:\/\/jornalrol.com.br\/?cat=7"},"img":{"alt_text":"","src":"https:\/\/i0.wp.com\/www.jornalrol.com.br\/wp-content\/uploads\/2018\/01\/cover_front_medium.jpg?resize=350%2C200","width":350,"height":200},"classes":[]}],"_links":{"self":[{"href":"http:\/\/jornalrol.com.br\/index.php?rest_route=\/wp\/v2\/posts\/15029","targetHints":{"allow":["GET"]}}],"collection":[{"href":"http:\/\/jornalrol.com.br\/index.php?rest_route=\/wp\/v2\/posts"}],"about":[{"href":"http:\/\/jornalrol.com.br\/index.php?rest_route=\/wp\/v2\/types\/post"}],"author":[{"embeddable":true,"href":"http:\/\/jornalrol.com.br\/index.php?rest_route=\/wp\/v2\/users\/6"}],"replies":[{"embeddable":true,"href":"http:\/\/jornalrol.com.br\/index.php?rest_route=%2Fwp%2Fv2%2Fcomments&post=15029"}],"version-history":[{"count":0,"href":"http:\/\/jornalrol.com.br\/index.php?rest_route=\/wp\/v2\/posts\/15029\/revisions"}],"wp:featuredmedia":[{"embeddable":true,"href":"http:\/\/jornalrol.com.br\/index.php?rest_route=\/"}],"wp:attachment":[{"href":"http:\/\/jornalrol.com.br\/index.php?rest_route=%2Fwp%2Fv2%2Fmedia&parent=15029"}],"wp:term":[{"taxonomy":"category","embeddable":true,"href":"http:\/\/jornalrol.com.br\/index.php?rest_route=%2Fwp%2Fv2%2Fcategories&post=15029"},{"taxonomy":"post_tag","embeddable":true,"href":"http:\/\/jornalrol.com.br\/index.php?rest_route=%2Fwp%2Fv2%2Ftags&post=15029"}],"curies":[{"name":"wp","href":"https:\/\/api.w.org\/{rel}","templated":true}]}}