{"id":15044,"date":"2017-12-02T00:01:20","date_gmt":"2017-12-02T02:01:20","guid":{"rendered":"http:\/\/www.jornalrol.com.br\/?p=15044"},"modified":"2017-12-02T00:01:20","modified_gmt":"2017-12-02T02:01:20","slug":"claudia-de-almeida-carvalho-o-encontro-marcado","status":"publish","type":"post","link":"http:\/\/jornalrol.com.br\/?p=15044","title":{"rendered":"Cl\u00e1udia de Almeida Carvalho: &#039;O encontro marcado&#039;"},"content":{"rendered":"<div class=\"pdfprnt-buttons pdfprnt-buttons-post pdfprnt-top-right\"><a href=\"http:\/\/jornalrol.com.br\/index.php?rest_route=%2Fwp%2Fv2%2Fposts%2F15044&print=pdf\" class=\"pdfprnt-button pdfprnt-button-pdf\" target=\"_blank\" ><\/a><a href=\"http:\/\/jornalrol.com.br\/index.php?rest_route=%2Fwp%2Fv2%2Fposts%2F15044&print=print\" class=\"pdfprnt-button pdfprnt-button-print\" target=\"_blank\" ><img decoding=\"async\" src=\"https:\/\/jornalrol.com.br\/wp-content\/plugins\/pdf-print\/images\/print.png\" alt=\"image_print\" title=\"Conte\u00fado de impress\u00e3o\" \/><\/a><\/div><h3 style=\"text-align: center;\"><a href=\"http:\/\/www.jornalrol.com.br\/wp-content\/uploads\/2017\/10\/claudi-carvalho.jpg\"><img loading=\"lazy\" decoding=\"async\" class=\"wp-image-13847 aligncenter\" src=\"http:\/\/www.jornalrol.com.br\/wp-content\/uploads\/2017\/10\/claudi-carvalho-169x300.jpg\" alt=\"\" width=\"88\" height=\"156\" \/><em>&#8220;N\u00e3o era na suavidade da beleza dos jardins exuberantes de Monet, entre flores que expressavam deslumbrante composi\u00e7\u00e3o po\u00e9tica com suas varia\u00e7\u00f5es de formas, colora\u00e7\u00e3o e perfumes, que se daria aquele encontro.&#8221;<\/em><\/a><\/h3>\n<p><!--more--><\/p>\n<p>&nbsp;<\/p>\n<p>N\u00e3o era na suavidade da beleza dos jardins exuberantes de <em>Monet<\/em>, entre flores que expressavam deslumbrante composi\u00e7\u00e3o po\u00e9tica com suas varia\u00e7\u00f5es de formas, colora\u00e7\u00e3o e perfumes, que se daria aquele encontro.<\/p>\n<p>Era em tempo e terra muito mais distantes, sussurrar da conspira\u00e7\u00e3o das estrelas no esplendor do universo.<\/p>\n<p>Enganava-se, por\u00e9m, o cavaleiro quando entendia que seu tempo se havia j\u00e1 exaurido para o embate que lhe foi posto.<\/p>\n<p>O certo n\u00e3o era outro momento sen\u00e3o aquele, o momento do encontro daquelas almas.<\/p>\n<p>O encontro n\u00e3o foi marcado quando nos conhecemos, mas quando, de repente, nos reconhecemos com um novo olhar, trazido para dentro dos nossos olhos e destes refletidos num raio de luz em dire\u00e7\u00e3o \u00e0quele que pudemos ver ent\u00e3o, \u00e0 nossa frente, como a pr\u00f3pria imagem da nossa ess\u00eancia.<\/p>\n<p>O encontro marcado de almas no momento exato de compreens\u00e3o de n\u00f3s mesmos.<\/p>\n<p>Obra do destino ou escolha heroica, o cavaleiro seguiu para sua miss\u00e3o de resgate.<\/p>\n<p><a href=\"http:\/\/www.jornalrol.com.br\/wp-content\/uploads\/2017\/11\/espada-armadura.jpg\"><img loading=\"lazy\" decoding=\"async\" class=\"size-medium wp-image-15045 alignright\" src=\"http:\/\/www.jornalrol.com.br\/wp-content\/uploads\/2017\/11\/espada-armadura-200x300.jpg\" alt=\"\" width=\"200\" height=\"300\" \/><\/a>Chegou o cavaleiro \u00e0s muralhas de um vale sombrio, t\u00e3o s\u00f3lidas e resistentes, cuja vida ali confinada se esvaia sem, contudo, qualquer oposi\u00e7\u00e3o, posto que o sol a encobriu por completo e por muito e muito tempo, \u00a0e \u00a0l\u00e1 , o cavaleiro se transmutou em \u00a0guerreiro .<\/p>\n<p>Guerreiro da mais \u00e1rdua luta, revestido de pesada armadura e com as armas que ent\u00e3o tinha em punho, destruiu as muralhas que fechavam aquele mundo, resgatando o amor da escurid\u00e3o ao submergi-lo \u00e0 luz, rompendo para todo e sempre aquele vale in\u00f3spito, permitindo assim que a explos\u00e3o de vida ocupasse novamente o seu lugar.<\/p>\n<p>Os pulm\u00f5es, assim extasiados ent\u00e3o pelo ar abundante que finalmente podiam sentir, se expandiram por ressuscitar toda a alma que se parecia perdida.<\/p>\n<p>Cumprida a miss\u00e3o heroica, o grande guerreiro, com l\u00e1grimas nos olhos a lhe atestar a bravura, desejou partir.<\/p>\n<p>Foi interrompido, num gesto, pelas m\u00e3os em s\u00faplica do amor, mas a estas recusou.<\/p>\n<p>E o amor, para lhe seguir, se despiu de toda a fragilidade humana e quis se tornar tamb\u00e9m um guerreiro, entretanto, investido em nova roupagem que outrora j\u00e1 conhecia, mas que at\u00e9 ent\u00e3o pensava que n\u00e3o mais lhe servia.<\/p>\n<p>Revestido, assim, dessa armadura que, embora protegesse seu corpo da luta n\u00e3o o faria mais temer a batalha, o amor assumiu-se uma Guerreira Amazona em todo o seu esplendor.<\/p>\n<p>E pelos prados, nem sempre verdejantes da vida, passaram os dois a defender guerras de reinos distintos, se encontrando, por vezes, em batalhas irm\u00e3s, onde lutavam lado a lado, com seus cora\u00e7\u00f5es em un\u00edssona sintonia, mas agora para sempre juntos pela eternidade.<\/p>\n<p>&nbsp;<\/p>\n<p>Inspira\u00e7\u00e3o Po\u00e9tica de 14 de setembro de 2017.<\/p>\n<p><strong>Cl\u00e1udia de Almeida Carvalho<\/strong> &#8211; claudiacarvalho.oab@gmail.com<\/p>\n<p>&nbsp;<\/p>\n","protected":false},"excerpt":{"rendered":"<p>&#8220;N\u00e3o era na suavidade da beleza dos jardins exuberantes de Monet, entre flores que expressavam deslumbrante composi\u00e7\u00e3o po\u00e9tica com suas varia\u00e7\u00f5es de formas, colora\u00e7\u00e3o e perfumes, que se daria aquele encontro.&#8221;<\/p>\n","protected":false},"author":6,"featured_media":15045,"comment_status":"closed","ping_status":"closed","sticky":false,"template":"","format":"standard","meta":{"_jetpack_newsletter_access":"","_jetpack_dont_email_post_to_subs":false,"_jetpack_newsletter_tier_id":0,"_jetpack_memberships_contains_paywalled_content":false,"_jetpack_memberships_contains_paid_content":false,"footnotes":""},"categories":[7],"tags":[2041,2314],"class_list":["post-15044","post","type-post","status-publish","format-standard","has-post-thumbnail","hentry","category-comunicacao","tag-claudia-de-almeida-carvalho","tag-conto"],"aioseo_notices":[],"views":443,"jetpack_featured_media_url":"","jetpack_sharing_enabled":true,"jetpack_likes_enabled":true,"jetpack-related-posts":[{"id":72310,"url":"http:\/\/jornalrol.com.br\/?p=72310","url_meta":{"origin":15044,"position":0},"title":"P\u00e9talas multicores","author":"Pietro Costa","date":"5 de mar\u00e7o de 2025","format":false,"excerpt":"Campos de flores, jardins decantados, esbo\u00e7os, primor para a natureza, pinceladas e tra\u00e7os requintados despem de modo sutil a beleza. Monet, Renoir...","rel":"","context":"Em &quot;Literatura&quot;","block_context":{"text":"Literatura","link":"http:\/\/jornalrol.com.br\/?cat=9285"},"img":{"alt_text":"Imagem criada por IA no Bing - 05 de mar\u00e7o de 2025, \u00e0s 10:59 PM","src":"https:\/\/i0.wp.com\/jornalrol.com.br\/wp-content\/uploads\/2025\/03\/OIG2.jpg?resize=350%2C200","width":350,"height":200,"srcset":"https:\/\/i0.wp.com\/jornalrol.com.br\/wp-content\/uploads\/2025\/03\/OIG2.jpg?resize=350%2C200 1x, https:\/\/i0.wp.com\/jornalrol.com.br\/wp-content\/uploads\/2025\/03\/OIG2.jpg?resize=525%2C300 1.5x, https:\/\/i0.wp.com\/jornalrol.com.br\/wp-content\/uploads\/2025\/03\/OIG2.jpg?resize=700%2C400 2x"},"classes":[]},{"id":17370,"url":"http:\/\/jornalrol.com.br\/?p=17370","url_meta":{"origin":15044,"position":1},"title":"Cl\u00e1udia de Almeida Carvalho: &#039;A fortaleza da rosa&#039;","author":"Sergio Diniz da Costa","date":"29 de mar\u00e7o de 2018","format":false,"excerpt":"\"S\u00e3o tantas as mulheres a coexistirem em um \u00fanico bot\u00e3o, \u00e0 semelhan\u00e7a das p\u00e9talas da rosa fartas a tecer uma s\u00f3 flor.\" \u00a0 S\u00e3o tantas as flores espalhadas pelo caminho. Umas se sustentam pela beleza, outras pelo perfume e muitas\u00a0 pela indispens\u00e1vel delicadeza da simplicidade a decorar a travessia .\u2026","rel":"","context":"Em &quot;Comunica\u00e7\u00e3o&quot;","block_context":{"text":"Comunica\u00e7\u00e3o","link":"http:\/\/jornalrol.com.br\/?cat=7"},"img":{"alt_text":"","src":"https:\/\/i0.wp.com\/www.jornalrol.com.br\/wp-content\/uploads\/2018\/03\/FOTO-1-1-222x300.jpg?resize=350%2C200","width":350,"height":200},"classes":[]},{"id":23248,"url":"http:\/\/jornalrol.com.br\/?p=23248","url_meta":{"origin":15044,"position":2},"title":"Jairo Valio: &#039;Ah, se eu pudesse&#8230;&#039;","author":"Jairo Valio","date":"14 de dezembro de 2018","format":false,"excerpt":"\"Gostaria de ser o jardineiro do amor,\/\u00a0Plantando flores em todos os jardins,\/\u00a0Regando-as para que florescessem,\/\u00a0E depois que estivessem vi\u00e7osas,\/\u00a0Em cada cora\u00e7\u00e3o uma plantasse,\/\u00a0Para abrandar os temperamentos.\" Ah, se eu pudesse...\" Gostaria de ser o jardineiro do amor, Plantando flores em todos os jardins, Regando-as para que florescessem, E depois que\u2026","rel":"","context":"Em &quot;Comunica\u00e7\u00e3o&quot;","block_context":{"text":"Comunica\u00e7\u00e3o","link":"http:\/\/jornalrol.com.br\/?cat=7"},"img":{"alt_text":"","src":"https:\/\/i0.wp.com\/www.jornalrol.com.br\/wp-content\/uploads\/2018\/07\/jairo-valio.png?resize=350%2C200","width":350,"height":200},"classes":[]},{"id":13412,"url":"http:\/\/jornalrol.com.br\/?p=13412","url_meta":{"origin":15044,"position":3},"title":"Aumenta em qualidade e quantidade o Quadro de Colunistas colaboradores do ROL!","author":"Helio Rubens","date":"1 de outubro de 2017","format":false,"excerpt":"Cl\u00e1udia de Almeida Carvalho Para satisfa\u00e7\u00e3o nossa e atendendo a um convite do nosso editor Sergio Diniz da Costa, Cl\u00e1udia de Almeida Carvalho \u00e9 a mais nova colaboradora do nosso jornal. \u00a0Ela mora em\u00a0Sorocaba\/SP, \u00e9 advogada e p\u00f3s-graduada com capacita\u00e7\u00e3o para a doc\u00eancia em Direito e Processo do Trabalho. Tem\u2026","rel":"","context":"Em &quot;Comunica\u00e7\u00e3o&quot;","block_context":{"text":"Comunica\u00e7\u00e3o","link":"http:\/\/jornalrol.com.br\/?cat=7"},"img":{"alt_text":"","src":"https:\/\/i0.wp.com\/www.jornalrol.com.br\/wp-content\/uploads\/2017\/10\/foto-close-169x300.jpg?resize=350%2C200","width":350,"height":200},"classes":[]},{"id":40061,"url":"http:\/\/jornalrol.com.br\/?p=40061","url_meta":{"origin":15044,"position":4},"title":"Jairo Valio: &#039;Amor verdadeiro&#039;","author":"Jairo Valio","date":"25 de abril de 2021","format":false,"excerpt":"Amor verdadeiro Muitas vezes oculto n\u00e3o se manifesta. Cora\u00e7\u00e3o dormente batendo com calma, Sentido do olfato sem se manifestar, Perfumes das flores que a brisa traz, Ele se cala por todas as raz\u00f5es ausentes. \u00a0 Dois jovens em encontros fortuitos se olham, Nada de emo\u00e7\u00f5es tocam suas sensibilidades, Apressados cada\u2026","rel":"","context":"Em &quot;Comunica\u00e7\u00e3o&quot;","block_context":{"text":"Comunica\u00e7\u00e3o","link":"http:\/\/jornalrol.com.br\/?cat=7"},"img":{"alt_text":"","src":"https:\/\/i0.wp.com\/www.jornalrol.com.br\/wp-content\/uploads\/2018\/07\/jairo-valio-150x150.png?resize=350%2C200","width":350,"height":200},"classes":[]},{"id":32042,"url":"http:\/\/jornalrol.com.br\/?p=32042","url_meta":{"origin":15044,"position":5},"title":"Cl\u00e1udia Lundgren: &#039;Quando Alice chegar&#039;","author":"Claudia Lundgren","date":"17 de junho de 2020","format":false,"excerpt":"Quando Alice chegar Quando Alice chegar, meu mundo ter\u00e1 cinquenta tons de rosa. Ela ser\u00e1 o meu buqu\u00ea perfumado, denso, oscilando entre os ch\u00e1s e os pinks. Meu mundo, que h\u00e1 tempos era composto por carrinhos, bermudas e chinelos, pretos e azuis, agora ter\u00e1 tamb\u00e9m as cores da suavidade, e\u2026","rel":"","context":"Em &quot;Comunica\u00e7\u00e3o&quot;","block_context":{"text":"Comunica\u00e7\u00e3o","link":"http:\/\/jornalrol.com.br\/?cat=7"},"img":{"alt_text":"","src":"https:\/\/i0.wp.com\/www.jornalrol.com.br\/wp-content\/uploads\/2020\/04\/FB_IMG_1588013905625-192x300.jpg?resize=350%2C200","width":350,"height":200},"classes":[]}],"_links":{"self":[{"href":"http:\/\/jornalrol.com.br\/index.php?rest_route=\/wp\/v2\/posts\/15044","targetHints":{"allow":["GET"]}}],"collection":[{"href":"http:\/\/jornalrol.com.br\/index.php?rest_route=\/wp\/v2\/posts"}],"about":[{"href":"http:\/\/jornalrol.com.br\/index.php?rest_route=\/wp\/v2\/types\/post"}],"author":[{"embeddable":true,"href":"http:\/\/jornalrol.com.br\/index.php?rest_route=\/wp\/v2\/users\/6"}],"replies":[{"embeddable":true,"href":"http:\/\/jornalrol.com.br\/index.php?rest_route=%2Fwp%2Fv2%2Fcomments&post=15044"}],"version-history":[{"count":0,"href":"http:\/\/jornalrol.com.br\/index.php?rest_route=\/wp\/v2\/posts\/15044\/revisions"}],"wp:featuredmedia":[{"embeddable":true,"href":"http:\/\/jornalrol.com.br\/index.php?rest_route=\/"}],"wp:attachment":[{"href":"http:\/\/jornalrol.com.br\/index.php?rest_route=%2Fwp%2Fv2%2Fmedia&parent=15044"}],"wp:term":[{"taxonomy":"category","embeddable":true,"href":"http:\/\/jornalrol.com.br\/index.php?rest_route=%2Fwp%2Fv2%2Fcategories&post=15044"},{"taxonomy":"post_tag","embeddable":true,"href":"http:\/\/jornalrol.com.br\/index.php?rest_route=%2Fwp%2Fv2%2Ftags&post=15044"}],"curies":[{"name":"wp","href":"https:\/\/api.w.org\/{rel}","templated":true}]}}