{"id":15071,"date":"2017-12-01T09:47:46","date_gmt":"2017-12-01T11:47:46","guid":{"rendered":"http:\/\/www.jornalrol.com.br\/?p=15071"},"modified":"2017-12-01T09:47:46","modified_gmt":"2017-12-01T11:47:46","slug":"goncalves-viana-o-rimbaud-brasileiro","status":"publish","type":"post","link":"http:\/\/jornalrol.com.br\/?p=15071","title":{"rendered":"Gon\u00e7alves Viana: &#039;O Rimbaud brasileiro&#039;"},"content":{"rendered":"<div class=\"pdfprnt-buttons pdfprnt-buttons-post pdfprnt-top-right\"><a href=\"http:\/\/jornalrol.com.br\/index.php?rest_route=%2Fwp%2Fv2%2Fposts%2F15071&print=pdf\" class=\"pdfprnt-button pdfprnt-button-pdf\" target=\"_blank\" ><\/a><a href=\"http:\/\/jornalrol.com.br\/index.php?rest_route=%2Fwp%2Fv2%2Fposts%2F15071&print=print\" class=\"pdfprnt-button pdfprnt-button-print\" target=\"_blank\" ><img decoding=\"async\" src=\"https:\/\/jornalrol.com.br\/wp-content\/plugins\/pdf-print\/images\/print.png\" alt=\"image_print\" title=\"Conte\u00fado de impress\u00e3o\" \/><\/a><\/div><h3>\u00a0<a href=\"http:\/\/www.jornalrol.com.br\/wp-content\/uploads\/2017\/11\/15349830_938788429554570_4061495208637168552_n.jpg\"><img loading=\"lazy\" decoding=\"async\" class=\"wp-image-15075 aligncenter\" src=\"http:\/\/www.jornalrol.com.br\/wp-content\/uploads\/2017\/11\/15349830_938788429554570_4061495208637168552_n-300x227.jpg\" alt=\"\" width=\"185\" height=\"140\" \/><em>Arthur Rimbaud surgiu como um meteoro na literatura francesa, e porque n\u00e3o dizer mundial, j\u00e1 que os franceses sempre tiveram a primazia nesse campo. Ele escreveu toda sua obra dos 15 aos 20 anos de idade. Era considerado o \u201cjovem Shakespeare\u201d entre os escritores e poetas do c\u00edrculo liter\u00e1rio de Paris<\/em><\/a><\/h3>\n<p><!--more--><\/p>\n<p>&nbsp;<\/p>\n<p><a href=\"http:\/\/www.jornalrol.com.br\/wp-content\/uploads\/2017\/12\/Rimbaud_blue_2-e1398872806803-1.jpg\"><img loading=\"lazy\" decoding=\"async\" class=\" wp-image-15076 alignright\" src=\"http:\/\/www.jornalrol.com.br\/wp-content\/uploads\/2017\/12\/Rimbaud_blue_2-e1398872806803-1-229x300.jpg\" alt=\"\" width=\"205\" height=\"269\" \/><\/a>Para podermos estabelecer o paralelo existente entre o Rimbaud original e o nacional, vamos falar um pouco sobre o original.<\/p>\n<p>Arthur Rimbaud surgiu como um meteoro na literatura francesa, e porque n\u00e3o dizer mundial, j\u00e1 que os franceses sempre tiveram a primazia nesse campo. Ele escreveu toda sua obra dos 15 aos 20 anos de idade. Era considerado o \u201cjovem Shakespeare\u201d entre os escritores e poetas do c\u00edrculo liter\u00e1rio de Paris.<\/p>\n<p>Jean-Nicolas Arthur Rimbaud nasceu em Charlesville, Fran\u00e7a, em 20 de outubro de 1854. Ainda crian\u00e7a come\u00e7ou a escrever suas poesias. Seu professor de ret\u00f3rica \u2013 George Iszambard \u2013 no Col\u00e9gio de Charlesville incentivou-o na leitura dos poetas cl\u00e1ssicos: Rabelais, Victor Hugo e Theodore de Banville.<\/p>\n<p>Em 1870, quando tinha 16 anos, escreveu para o poeta simbolista Paul Verlaine, enviando-lhe alguns poemas seus.<\/p>\n<p>Em 1871 viaja \u00e0 Paris, onde procura Verlaine, que o acolhe em sua casa. E Rimbaud, o \u201c<em>enfant terrible<\/em>\u201d, inicia uma conflituosa rela\u00e7\u00e3o amorosa com o poeta, o que chocou a sociedade da \u00e9poca.<\/p>\n<p>Em 1872, Verlaine abandona a esposa e os filhos, e junto com Rimbaud v\u00e3o viver em Londres. Em abril de 1873, Rimbaud volta para sua cidade natal, onde come\u00e7a a escrever \u201c<em>Uma Temporada no Inferno<\/em>\u201d.<\/p>\n<p>Em junho, volta para Verlaine em Londres. Ap\u00f3s muitas brigas, se separam e voltam a se reencontrar em Bruxelas, onde Rimbaud tenta romper a rela\u00e7\u00e3o com Verlaine, que atira em Rimbaud, ferindo-o na m\u00e3o. Verlaine \u00e9 condenado pela justi\u00e7a da B\u00e9lgica a dois anos de pris\u00e3o.<\/p>\n<p>De volta \u00e0 Charlesville, Rimbaud publica \u201c<em>Uma Temporada no<\/em> <em>Inferno<\/em>\u201d (1873), que re\u00fane nove poemas em prosa. A obra foi considerada um marco da hist\u00f3ria da poesia e influenciou v\u00e1rios poetas modernos e muitos movimentos da contracultura do s\u00e9culo XX. Em 1874 est\u00e1 de volta \u00e0 Londres e publica \u201c<em>Ilumina\u00e7\u00f5es<\/em>\u201d.<\/p>\n<p>Com apenas 20 anos deixa de escrever e decide trabalhar com o com\u00e9rcio de caf\u00e9 na Eti\u00f3pia. Entra para o ex\u00e9rcito das col\u00f4nias holandesas, mas em 1876 deserta e volta para a cidade natal. Em 1885, se envolve com o tr\u00e1fico de armas.<\/p>\n<p>Arthur Rimbaud faleceu em Marselha, Fran\u00e7a, no dia 10 de novembro de 1891, ap\u00f3s ter amputado uma perna, devido a um c\u00e2ncer no joelho.<\/p>\n<p>Por sua obra, Rimbaud foi considerado um dos precursores do surrealismo. Chegou a ser inclu\u00eddo no que se convencionou ser chamado de \u201c<em>les po\u00e8tes maudits<\/em>\u201d (poetas malditos), onde pontuavam, al\u00e9m de outros, Baudelaire, Mallarm\u00e9, Verlaine e Lautr\u00e9amont.<\/p>\n<p>Apesar de ter causado tanta celeuma na sua \u00e9poca, influenciou, al\u00e9m de Henry Miller, escritor subversivo americano; os autores da chamada Gera\u00e7\u00e3o Perdida: Ernest Hemingway, F. Scott Fitzgerald, Ezra Pound, Sherwood Anderson; os beatniks: Jack Kerouac, Allen Ginsberg, William Burroughs e at\u00e9 alguns roqueiros, caso de Bob Dylan e principalmente Jim Morrison.<\/p>\n<p>O fato de Rimbaud ter parado de escrever aos 20 anos, \u00e9 o ponto em que se estabelece o paralelo, o fulcro que liga esses dois poetas, distantes no tempo e no espa\u00e7o, e diferentes na origem e g\u00eaneros, mas geniais, tanto um quanto o outro, o original e o nosso tupiniquim Rimbaud: Lu\u00eds Aranha.<\/p>\n<p><a href=\"http:\/\/www.jornalrol.com.br\/wp-content\/uploads\/2017\/12\/LUIS-ARANHA.jpg\"><img loading=\"lazy\" decoding=\"async\" class=\" wp-image-15077 alignleft\" src=\"http:\/\/www.jornalrol.com.br\/wp-content\/uploads\/2017\/12\/LUIS-ARANHA-216x300.jpg\" alt=\"\" width=\"186\" height=\"259\" \/><\/a>Lu\u00eds Aranha Pereira nasceu em 17 de maio de 1901 na capital de S\u00e3o Paulo de fam\u00edlia bem colocada, seu pai era advogado e fundador da Companhia Paulista de Seguros, estudou no Col\u00e9gio dos Irm\u00e3os Maristas de onde saiu em 1919, pera trabalhar como balconista na Drogaria Br\u00e1ulio, na rua S\u00e3o Bento, na qual seu pai tinha interesses.<\/p>\n<p>Atrav\u00e9s de seus irm\u00e3os mais velhos foi apresentado a M\u00e1rio de Andrade em princ\u00edpios dos anos 20. Entre 1920 e 1922 escreve muitas poesias, dessa \u00e9poca s\u00e3o conhecidos 26 poemas seus.<\/p>\n<p>Abandonou o emprego e passou a frequentar as reuni\u00f5es que M\u00e1rio de Andrade promovia todas as ter\u00e7as-feiras, onde passou a se relacionar com os poetas Ronald de Carvalho, Oswald de Andrade, e os pintores (as): Di Cavalcanti, Anita Malfatti e Tarsila do Amaral.<\/p>\n<p>Participou ativamente da <em>Semana de Arte Moderna<\/em> em 1922 e colaborou neste mesmo ano, na revista <em>Klaxon<\/em>, com quatro poemas: <em>Aeroplano<\/em>, <em>Paulic\u00e9ia Desvairada<\/em>, <em>Crep\u00fasculo<\/em> e <em>Projetos<\/em>. Ap\u00f3s isso Aranha emudeceu.<\/p>\n<p><a href=\"http:\/\/www.jornalrol.com.br\/wp-content\/uploads\/2017\/12\/Capa-do-livro-Cocktails.jpg\"><img loading=\"lazy\" decoding=\"async\" class=\" wp-image-15094 alignright\" src=\"http:\/\/www.jornalrol.com.br\/wp-content\/uploads\/2017\/12\/Capa-do-livro-Cocktails-197x300.jpg\" alt=\"\" width=\"180\" height=\"274\" \/><\/a>Acontece que Lu\u00eds Aranha entregou a M\u00e1rio os manuscritos daquele que seria o seu primeiro livro de poesia intitulado <em>Cocktails<\/em>. O livro continha os quatros poemas j\u00e1 publicados na <em>Klaxon<\/em>, al\u00e9m de muitos in\u00e9ditos. Em sua avalia\u00e7\u00e3o, M\u00e1rio foi demasiado severo, qualificando a poesia de Aranha como \u201cpreparat\u00f3ria\u201d, e o livro como \u201cdesastre definitivo\u201d.<\/p>\n<p>Esse livro, <em>Cocktails<\/em>, seria publicado somente em 1986, seis d\u00e9cadas ap\u00f3s sua concep\u00e7\u00e3o. Em que pese e a despeito da grandiosidade de M\u00e1rio de Andrade e seus companheiros da Semana de 22, Aranha estava muito acima deles e seu livro permanece atual\u00edssimo mesmo hoje, quase 100 anos depois. Isso pode se verificar nos tr\u00eas longos poemas constantes no livro: <em>Drogaria de \u00c9ter e de Sombra<\/em>, <em>Poema Pit\u00e1goras<\/em> e <em>Poema<\/em> <em>Girat\u00f3rio<\/em>, que eram original\u00edssimos na \u00e9poca, e conservam at\u00e9 hoje essa qualidade.<\/p>\n<p>Rimbaud parou de escrever aos vinte anos e nunca mais escreveu nada, j\u00e1 o nosso Lu\u00eds Aranha parou aos 22. Mas diferentemente de Rimbaud, concluiu o curso de direito em 1926, na faculdade do largo S\u00e3o Francisco e entrou para o Minist\u00e9rio de Rela\u00e7\u00f5es Exteriores, nomeado por concurso (no qual obteve o 1\u00ba lugar). Terminou a carreira, por limite de idade, como embaixador no Ceil\u00e3o. Lu\u00eds Aranha faleceu em 29 de junho de 1987, na cidade do Rio de Janeiro.<\/p>\n<p><strong><em>Cocktails<\/em><\/strong> \u00e9 a minha dica de livro, e ao contr\u00e1rio do livro que indiquei anteriormente, este \u00e9 mais f\u00e1cil de ser encontrado e tamb\u00e9m mais acess\u00edvel financeiramente, com pre\u00e7o variando entre R$5,00 a R$35,00, no Estante Virtual.<\/p>\n<p><strong><em>\u00a0\u00a0\u00a0\u00a0\u00a0\u00a0\u00a0\u00a0\u00a0\u00a0\u00a0\u00a0\u00a0\u00a0\u00a0\u00a0\u00a0\u00a0\u00a0\u00a0\u00a0\u00a0\u00a0\u00a0\u00a0\u00a0\u00a0\u00a0\u00a0\u00a0\u00a0\u00a0\u00a0\u00a0\u00a0\u00a0\u00a0\u00a0\u00a0\u00a0\u00a0\u00a0\u00a0\u00a0\u00a0\u00a0\u00a0\u00a0\u00a0\u00a0\u00a0\u00a0\u00a0\u00a0\u00a0\u00a0\u00a0\u00a0\u00a0\u00a0\u00a0\u00a0\u00a0\u00a0\u00a0\u00a0\u00a0\u00a0\u00a0\u00a0\u00a0\u00a0\u00a0\u00a0\u00a0\u00a0 <\/em><\/strong><\/p>\n<p><strong>Gon\u00e7alves Viana<\/strong> &#8211; v_aparecido@ig.com.br<\/p>\n","protected":false},"excerpt":{"rendered":"<p>\u00a0Arthur Rimbaud surgiu como um meteoro na literatura francesa, e porque n\u00e3o dizer mundial, j\u00e1 que os franceses sempre tiveram a primazia nesse campo. Ele escreveu toda sua obra dos 15 aos 20 anos de idade. Era considerado o \u201cjovem Shakespeare\u201d entre<\/p>\n<p class=\"link-more\"><a class=\"myButt \" href=\"http:\/\/jornalrol.com.br\/?p=15071\">Read More<\/a><\/p>\n","protected":false},"author":6,"featured_media":0,"comment_status":"closed","ping_status":"closed","sticky":false,"template":"","format":"standard","meta":{"_jetpack_newsletter_access":"","_jetpack_dont_email_post_to_subs":false,"_jetpack_newsletter_tier_id":0,"_jetpack_memberships_contains_paywalled_content":false,"_jetpack_memberships_contains_paid_content":false,"footnotes":""},"categories":[7],"tags":[1094,4206,5234,7550],"class_list":["post-15071","post","type-post","status-publish","format-standard","hentry","category-comunicacao","tag-artigo","tag-goncalves-viana","tag-luiz-aranha","tag-rimbaud"],"aioseo_notices":[],"views":567,"jetpack_featured_media_url":"","jetpack_sharing_enabled":true,"jetpack_likes_enabled":true,"jetpack-related-posts":[{"id":73644,"url":"http:\/\/jornalrol.com.br\/?p=73644","url_meta":{"origin":15071,"position":0},"title":"Quando a literatura diz o que arde","author":"Rute Ella Dominici","date":"13 de junho de 2025","format":false,"excerpt":"Dizia Ren\u00e9 Char, em seus cadernos da resist\u00eancia: \u201cAquilo que vem ao mundo para nada perturbar, n\u00e3o merece respeito nem paci\u00eancia.\u201d E com isso, fincava sua...","rel":"","context":"Em &quot;artigos&quot;","block_context":{"text":"artigos","link":"http:\/\/jornalrol.com.br\/?cat=9398"},"img":{"alt_text":"Imagem crfiada por IA do Bing - 13 de junho de 2025, \u00e0s 17:53 PM","src":"https:\/\/i0.wp.com\/jornalrol.com.br\/wp-content\/uploads\/2025\/06\/91355ffd-daaa-48a0-a6c4-88e6163dae64.jpg?resize=350%2C200","width":350,"height":200,"srcset":"https:\/\/i0.wp.com\/jornalrol.com.br\/wp-content\/uploads\/2025\/06\/91355ffd-daaa-48a0-a6c4-88e6163dae64.jpg?resize=350%2C200 1x, https:\/\/i0.wp.com\/jornalrol.com.br\/wp-content\/uploads\/2025\/06\/91355ffd-daaa-48a0-a6c4-88e6163dae64.jpg?resize=525%2C300 1.5x, https:\/\/i0.wp.com\/jornalrol.com.br\/wp-content\/uploads\/2025\/06\/91355ffd-daaa-48a0-a6c4-88e6163dae64.jpg?resize=700%2C400 2x"},"classes":[]},{"id":46898,"url":"http:\/\/jornalrol.com.br\/?p=46898","url_meta":{"origin":15071,"position":1},"title":"Novo Filme de Laurent Cantet, @Arthur Rambo &#8211; \u00d3dio na Rede, estreia no Festival Varilux","author":"Veronica Moreira","date":"30 de novembro de 2021","format":false,"excerpt":"\u00a0 Em seus filmes, o franc\u00eas Laurent Cantet costuma abordar quest\u00f5es sociais do presente. Foi assim com o ensino fundamental e inclus\u00e3o em \u201cEntre os Muros da Escola\u201d, ganhador da Palma de Ouro em 2008, e em \u201cA Agenda\u201d, que aborda o desemprego na Fran\u00e7a em tom de thriller. Em\u00a0@ARTHUR\u2026","rel":"","context":"Em &quot;Comunica\u00e7\u00e3o&quot;","block_context":{"text":"Comunica\u00e7\u00e3o","link":"http:\/\/jornalrol.com.br\/?cat=7"},"img":{"alt_text":"","src":"https:\/\/i0.wp.com\/www.jornalrol.com.br\/wp-content\/uploads\/2021\/11\/rambooo-204x300.jpg?resize=350%2C200","width":350,"height":200},"classes":[]},{"id":11677,"url":"http:\/\/jornalrol.com.br\/?p=11677","url_meta":{"origin":15071,"position":2},"title":"Gon\u00e7alves Viana: &#039;Folha morta&#039;","author":"Sergio Diniz da Costa","date":"14 de julho de 2017","format":false,"excerpt":"Gon\u00e7alves Viana: 'FOLHA MORTA' \u00a0O samba-can\u00e7\u00e3o composto por Ary Barroso, como uma homenagem \u00e0 cantora Dalva de Oliveira \u00a0 Arthur Nestrovski, nascido em 1959, \u00e9 compositor, violonista, cr\u00edtico liter\u00e1rio e musical, escritor e editor. Nomeado diretor art\u00edstico da Orquestra Sinf\u00f4nica do Estado de S\u00e3o Paulo (OSESP) em 01\/2010. Em 2012,\u2026","rel":"","context":"Em &quot;Comunica\u00e7\u00e3o&quot;","block_context":{"text":"Comunica\u00e7\u00e3o","link":"http:\/\/jornalrol.com.br\/?cat=7"},"img":{"alt_text":"","src":"https:\/\/i0.wp.com\/www.jornalrol.com.br\/wp-content\/uploads\/2017\/07\/19275204_1097741666992578_27767704583773194_n-300x298.jpg?resize=350%2C200","width":350,"height":200},"classes":[]},{"id":27089,"url":"http:\/\/jornalrol.com.br\/?p=27089","url_meta":{"origin":15071,"position":3},"title":"Poeta Gon\u00e7alves Viana promove Roda de Conversa L\u00edtero-Po\u00e9tica","author":"Sergio Diniz da Costa","date":"13 de maio de 2019","format":false,"excerpt":"Com o tema 'A poesia em seu estado mais simples', a Roda de Conversa ser\u00e1 realizada no dia 18 de maio (s\u00e1bado), \u00e0s 10h, na Livraria Nobel Com o tema 'A poesia em seu estado mais simples', o poeta Gon\u00e7alves Viana promover\u00e1 Roda de Conversa no dia 18 de maio\u2026","rel":"","context":"Em &quot;Comunica\u00e7\u00e3o&quot;","block_context":{"text":"Comunica\u00e7\u00e3o","link":"http:\/\/jornalrol.com.br\/?cat=7"},"img":{"alt_text":"","src":"https:\/\/i0.wp.com\/www.jornalrol.com.br\/wp-content\/uploads\/2019\/05\/roda-de-conversa-212x300.jpg?resize=350%2C200","width":350,"height":200},"classes":[]},{"id":24121,"url":"http:\/\/jornalrol.com.br\/?p=24121","url_meta":{"origin":15071,"position":4},"title":"Poetas e amigos prestigiam o lan\u00e7amento do livro Quadras Quadradas Quadrinhas, de Gon\u00e7alves Viana","author":"Sergio Diniz da Costa","date":"29 de janeiro de 2019","format":false,"excerpt":"Amizade, emo\u00e7\u00e3o e descontra\u00e7\u00e3o marcam o lan\u00e7amento do 7\u00ba livro do poeta Gon\u00e7alves Viana O poeta Gon\u00e7alves Viana escolheu o Est\u00fadio Cultural Lexmediare, do casal de escritores e amigos \u00c9lcio M\u00e1rio Pinto e Adriana Rocha, para o lan\u00e7amento de Quadras Quadradas Quadrinhas, sua 7\u00aa obra po\u00e9tica, editada pela Crearte Editora\u2026","rel":"","context":"Em &quot;Comunica\u00e7\u00e3o&quot;","block_context":{"text":"Comunica\u00e7\u00e3o","link":"http:\/\/jornalrol.com.br\/?cat=7"},"img":{"alt_text":"","src":"https:\/\/i0.wp.com\/jornalrol.com.br\/wp-content\/uploads\/2019\/01\/IMG-20190127-WA0044.jpg?resize=350%2C200","width":350,"height":200,"srcset":"https:\/\/i0.wp.com\/jornalrol.com.br\/wp-content\/uploads\/2019\/01\/IMG-20190127-WA0044.jpg?resize=350%2C200 1x, https:\/\/i0.wp.com\/jornalrol.com.br\/wp-content\/uploads\/2019\/01\/IMG-20190127-WA0044.jpg?resize=525%2C300 1.5x, https:\/\/i0.wp.com\/jornalrol.com.br\/wp-content\/uploads\/2019\/01\/IMG-20190127-WA0044.jpg?resize=700%2C400 2x"},"classes":[]},{"id":49095,"url":"http:\/\/jornalrol.com.br\/?p=49095","url_meta":{"origin":15071,"position":5},"title":"Poeta Gon\u00e7alves Viana \u00e9 agraciado pela FEBACLA com T\u00edtulos e Medalha","author":"Sergio Diniz da Costa","date":"13 de mar\u00e7o de 2022","format":false,"excerpt":"Aos 77 anos de idade, o poeta Gon\u00e7alves Viana mostra-se um jovem enamorado pela vida! Um justo reconhecimento Diante de uma semeadura longa e laboriosa na seara da literatura, e por indica\u00e7\u00e3o do professor, escritor, poeta e historiador Carlos Carvalho Cavalheiro, recentemente o poeta Aparecido Gon\u00e7alves Viana, ou Gon\u00e7alves Viana,\u2026","rel":"","context":"Em &quot;Comunica\u00e7\u00e3o&quot;","block_context":{"text":"Comunica\u00e7\u00e3o","link":"http:\/\/jornalrol.com.br\/?cat=7"},"img":{"alt_text":"","src":"https:\/\/i0.wp.com\/jornalrol.com.br\/wp-content\/uploads\/2022\/03\/a8a3707c-ca20-4b8c-84d0-c59637300908-1.jpg?resize=350%2C200","width":350,"height":200,"srcset":"https:\/\/i0.wp.com\/jornalrol.com.br\/wp-content\/uploads\/2022\/03\/a8a3707c-ca20-4b8c-84d0-c59637300908-1.jpg?resize=350%2C200 1x, https:\/\/i0.wp.com\/jornalrol.com.br\/wp-content\/uploads\/2022\/03\/a8a3707c-ca20-4b8c-84d0-c59637300908-1.jpg?resize=525%2C300 1.5x, https:\/\/i0.wp.com\/jornalrol.com.br\/wp-content\/uploads\/2022\/03\/a8a3707c-ca20-4b8c-84d0-c59637300908-1.jpg?resize=700%2C400 2x, https:\/\/i0.wp.com\/jornalrol.com.br\/wp-content\/uploads\/2022\/03\/a8a3707c-ca20-4b8c-84d0-c59637300908-1.jpg?resize=1050%2C600 3x"},"classes":[]}],"_links":{"self":[{"href":"http:\/\/jornalrol.com.br\/index.php?rest_route=\/wp\/v2\/posts\/15071","targetHints":{"allow":["GET"]}}],"collection":[{"href":"http:\/\/jornalrol.com.br\/index.php?rest_route=\/wp\/v2\/posts"}],"about":[{"href":"http:\/\/jornalrol.com.br\/index.php?rest_route=\/wp\/v2\/types\/post"}],"author":[{"embeddable":true,"href":"http:\/\/jornalrol.com.br\/index.php?rest_route=\/wp\/v2\/users\/6"}],"replies":[{"embeddable":true,"href":"http:\/\/jornalrol.com.br\/index.php?rest_route=%2Fwp%2Fv2%2Fcomments&post=15071"}],"version-history":[{"count":0,"href":"http:\/\/jornalrol.com.br\/index.php?rest_route=\/wp\/v2\/posts\/15071\/revisions"}],"wp:attachment":[{"href":"http:\/\/jornalrol.com.br\/index.php?rest_route=%2Fwp%2Fv2%2Fmedia&parent=15071"}],"wp:term":[{"taxonomy":"category","embeddable":true,"href":"http:\/\/jornalrol.com.br\/index.php?rest_route=%2Fwp%2Fv2%2Fcategories&post=15071"},{"taxonomy":"post_tag","embeddable":true,"href":"http:\/\/jornalrol.com.br\/index.php?rest_route=%2Fwp%2Fv2%2Ftags&post=15071"}],"curies":[{"name":"wp","href":"https:\/\/api.w.org\/{rel}","templated":true}]}}