{"id":15085,"date":"2017-12-01T09:42:59","date_gmt":"2017-12-01T11:42:59","guid":{"rendered":"http:\/\/www.jornalrol.com.br\/?p=15085"},"modified":"2017-12-01T09:42:59","modified_gmt":"2017-12-01T11:42:59","slug":"o-leitor-participa-jairo-valio-membro-da-academia-sorocabana-de-letras-com-o-poema-a-lua-me-fez-chorar","status":"publish","type":"post","link":"http:\/\/jornalrol.com.br\/?p=15085","title":{"rendered":"O leitor participa: Jairo Valio, membro da Academia Sorocabana de Letras, com o poema &#039;A lua me fez chorar\u2019"},"content":{"rendered":"<div class=\"pdfprnt-buttons pdfprnt-buttons-post pdfprnt-top-right\"><a href=\"http:\/\/jornalrol.com.br\/index.php?rest_route=%2Fwp%2Fv2%2Fposts%2F15085&print=pdf\" class=\"pdfprnt-button pdfprnt-button-pdf\" target=\"_blank\" ><\/a><a href=\"http:\/\/jornalrol.com.br\/index.php?rest_route=%2Fwp%2Fv2%2Fposts%2F15085&print=print\" class=\"pdfprnt-button pdfprnt-button-print\" target=\"_blank\" ><img decoding=\"async\" src=\"https:\/\/jornalrol.com.br\/wp-content\/plugins\/pdf-print\/images\/print.png\" alt=\"image_print\" title=\"Conte\u00fado de impress\u00e3o\" \/><\/a><\/div><h3 style=\"text-align: center;\"><a href=\"http:\/\/www.jornalrol.com.br\/wp-content\/uploads\/2017\/12\/18010517_1498212940210249_1726418210964697403_n.png\"><img loading=\"lazy\" decoding=\"async\" class=\"wp-image-15086 aligncenter\" src=\"http:\/\/www.jornalrol.com.br\/wp-content\/uploads\/2017\/12\/18010517_1498212940210249_1726418210964697403_n.png\" alt=\"\" width=\"134\" height=\"134\" \/><\/a><em>&#8220;(&#8230;) E as luzes p\u00e1lidas n\u00e3o iluminam mais a noite, \/At\u00e9 as estrelas n\u00e3o piscam mais com alegrias.\/ (&#8230;)&#8221;<\/em><\/h3>\n<p><!--more--><\/p>\n<p>&nbsp;<\/p>\n<h4><strong>A lua me fez chorar<\/strong><\/h4>\n<p>Uma noite busquei-a com saudades,<\/p>\n<p>Pois afagou meu cora\u00e7\u00e3o no amor,<\/p>\n<p>E diante das lembran\u00e7as afloradas,<\/p>\n<p>Quis olhar seu esplendor fulgurante,<\/p>\n<p>Que muitas vezes vi a lua me sorrir,<\/p>\n<p>Junto com a pessoa que amei tanto.<\/p>\n<p><a href=\"http:\/\/www.jornalrol.com.br\/wp-content\/uploads\/2017\/12\/o-FULL-MOON-facebook.jpg\"><img loading=\"lazy\" decoding=\"async\" class=\"size-medium wp-image-15088\" src=\"http:\/\/www.jornalrol.com.br\/wp-content\/uploads\/2017\/12\/o-FULL-MOON-facebook-300x150.jpg\" alt=\"\" width=\"300\" height=\"150\" \/><\/a><\/p>\n<p>Olho, me pareceu estranha, p\u00e1lida at\u00e9,<\/p>\n<p>E o esplendor das luzes amortecidas,<\/p>\n<p>Parecendo estar sofrendo todas as dores,<\/p>\n<p>At\u00e9 que consultei minha Alma quietinha,<\/p>\n<p>E confidente segredou todas as raz\u00f5es,<\/p>\n<p>Pois a lua estava realmente entristecida.<\/p>\n<p>Disse que poucos lhe dedicam um olhar,<\/p>\n<p>Mesmo que de soslaio ou por distra\u00e7\u00f5es,<\/p>\n<p>E nota ent\u00e3o que o amor est\u00e1 morrendo,<\/p>\n<p>Pois as paix\u00f5es teimosas que ainda emergem,<\/p>\n<p>S\u00e3o efervescentes, s\u00f3 de adrenalinas,<\/p>\n<p>Diferentes das meiguices de antigamente.<\/p>\n<p>Cumpre sua jornada derramando l\u00e1grimas,<\/p>\n<p>Muitas vezes \u00e1cidas diante das polui\u00e7\u00f5es,<\/p>\n<p>Pois o homem est\u00e1 jogando seus detritos,<\/p>\n<p>Tornando a atmosfera turva na negritude,<\/p>\n<p>E as luzes p\u00e1lidas n\u00e3o iluminam mais a noite,<\/p>\n<p>At\u00e9 as estrelas n\u00e3o piscam mais com alegrias.<\/p>\n<p>Diante do cen\u00e1rio que ent\u00e3o me deparei,<\/p>\n<p>L\u00e1grimas foram em meus olhos se acumulando,<\/p>\n<p>At\u00e9 que chorei de tristeza por me ausentar,<\/p>\n<p>Pois tamb\u00e9m me esqueci de para ela direcionar,<\/p>\n<p>Meu olhar enternecido de eterna gratid\u00e3o,<\/p>\n<p>Pois apaixonado ela s\u00f3 me trouxe alegrias.<\/p>\n<p>Quis, no entanto, lhe dedicar homenagens,<\/p>\n<p>Pois tenho por ela uma imensa gratid\u00e3o,<\/p>\n<p>E pedi para minha Alma ent\u00e3o lhe segredar,<\/p>\n<p>Que ainda existem esperan\u00e7as nas criancinhas,<\/p>\n<p>S\u00edmbolos de um mundo melhor que ir\u00e1 surgir,<\/p>\n<p>E vi que emitiu luzes iluminando todo o C\u00e9u.<\/p>\n<p><strong>\u00a0<\/strong><\/p>\n<p><strong>Jairo Valio &#8211; <\/strong>03\/09\/2011<\/p>\n","protected":false},"excerpt":{"rendered":"<p>&#8220;(&#8230;) E as luzes p\u00e1lidas n\u00e3o iluminam mais a noite, \/At\u00e9 as estrelas n\u00e3o piscam mais com alegrias.\/ (&#8230;)&#8221;<\/p>\n","protected":false},"author":6,"featured_media":15088,"comment_status":"closed","ping_status":"closed","sticky":false,"template":"","format":"standard","meta":{"_jetpack_newsletter_access":"","_jetpack_dont_email_post_to_subs":false,"_jetpack_newsletter_tier_id":0,"_jetpack_memberships_contains_paywalled_content":false,"_jetpack_memberships_contains_paid_content":false,"footnotes":""},"categories":[7],"tags":[4746,6182,6854],"class_list":["post-15085","post","type-post","status-publish","format-standard","has-post-thumbnail","hentry","category-comunicacao","tag-jairo-valio","tag-o-leitor-participa","tag-poesia"],"aioseo_notices":[],"views":417,"jetpack_featured_media_url":"","jetpack_sharing_enabled":true,"jetpack_likes_enabled":true,"jetpack-related-posts":[{"id":22020,"url":"http:\/\/jornalrol.com.br\/?p=22020","url_meta":{"origin":15085,"position":0},"title":"Jairo Valio: &#039;No sil\u00eancio da noite&#039;","author":"Sergio Diniz da Costa","date":"30 de outubro de 2018","format":false,"excerpt":"\"As estrelas piscam\u00a0 como que brincando,\/\u00a0e a noite estrelada tem magias e encantos,\/\u00a0mesmo na escurid\u00e3o que at\u00e9 assusta,\/\u00a0tem elementos fascinantes, imensur\u00e1veis,\/\u00a0como a lua brilhante que esplendorosa surge.\" \u00a0 \u00a0\u00a0\u00a0\u00a0\u00a0\u00a0\u00a0 No sil\u00eancio da noite Vem chegando devagar espalhando seu manto, um fasc\u00ednio que, mesmo na imensa escurid\u00e3o, convida todos para que\u2026","rel":"","context":"Em &quot;Comunica\u00e7\u00e3o&quot;","block_context":{"text":"Comunica\u00e7\u00e3o","link":"http:\/\/jornalrol.com.br\/?cat=7"},"img":{"alt_text":"","src":"https:\/\/i0.wp.com\/www.jornalrol.com.br\/wp-content\/uploads\/2018\/10\/1888-2.jpg?resize=350%2C200","width":350,"height":200},"classes":[]},{"id":59904,"url":"http:\/\/jornalrol.com.br\/?p=59904","url_meta":{"origin":15085,"position":1},"title":"Poesias n\u00e3o vividas","author":"Jairo Valio","date":"9 de agosto de 2023","format":false,"excerpt":"Aos poucos s\u00e3o esquecidas, v\u00e3o se tornando esvaziadas pelo modernismo atual, que dilacera suas entranhas, e deixa-as abstratas e sem vida. Seus conte\u00fados...","rel":"","context":"Em &quot;Literatura&quot;","block_context":{"text":"Literatura","link":"http:\/\/jornalrol.com.br\/?cat=9285"},"img":{"alt_text":"Foto do colunista Jairo Valio","src":"https:\/\/i0.wp.com\/www.jornalrol.com.br\/wp-content\/uploads\/2023\/05\/Jairo-Valio.jpg?resize=350%2C200&ssl=1","width":350,"height":200},"classes":[]},{"id":22147,"url":"http:\/\/jornalrol.com.br\/?p=22147","url_meta":{"origin":15085,"position":2},"title":"Jairo Valio: &#039;Momentos&#039;","author":"Jairo Valio","date":"4 de novembro de 2018","format":false,"excerpt":"\"Desperta magn\u00edfica a natureza,\/\u00a0As flores destilam seus perfumes,\/\u00a0Os p\u00e1ssaros em alaridos,\/\u00a0Buscam seu espa\u00e7o no c\u00e9u,\/\u00a0Em busca de alimento.\" \u00a0 MOMENTOS Momentos felizes, Outros nem tanto, Ousadias surpreendentes, Que exigem cautela, E os cora\u00e7\u00f5es respondem. Se est\u00e3o apaixonados, Tudo \u00e9 resplandecente, Como uma aurora bonita, Que o sol prepara, E o\u2026","rel":"","context":"Em &quot;Comunica\u00e7\u00e3o&quot;","block_context":{"text":"Comunica\u00e7\u00e3o","link":"http:\/\/jornalrol.com.br\/?cat=7"},"img":{"alt_text":"","src":"https:\/\/i0.wp.com\/www.jornalrol.com.br\/wp-content\/uploads\/2018\/11\/1888.jpg?resize=350%2C200","width":350,"height":200},"classes":[]},{"id":17606,"url":"http:\/\/jornalrol.com.br\/?p=17606","url_meta":{"origin":15085,"position":3},"title":"Jairo Valio: &#039;Vende-se o amor&#039;","author":"Sergio Diniz da Costa","date":"12 de abril de 2018","format":false,"excerpt":"\"Depreciado, tornando-se at\u00e9 vulgar,\/\u00a0O amor em desequil\u00edbrio est\u00e1 \u00e0 venda,\/\u00a0Pois os romantismos ent\u00e3o existentes,\/\u00a0E os apaixonados que lhe d\u00e3o vitalidades,\/\u00a0Est\u00e3o escassos e quase n\u00e3o aparecem,\/\u00a0E de t\u00e3o tristes at\u00e9 choram suas perdas.\" \u00a0 VENDE-SE O AMOR Depreciado, tornando-se at\u00e9 vulgar, O amor em desequil\u00edbrio est\u00e1 \u00e0 venda, Pois os romantismos\u2026","rel":"","context":"Em &quot;Comunica\u00e7\u00e3o&quot;","block_context":{"text":"Comunica\u00e7\u00e3o","link":"http:\/\/jornalrol.com.br\/?cat=7"},"img":{"alt_text":"","src":"https:\/\/i0.wp.com\/www.jornalrol.com.br\/wp-content\/uploads\/2018\/04\/18010517_1498212940210249_1726418210964697403_n-2.png?resize=350%2C200","width":350,"height":200},"classes":[]},{"id":34976,"url":"http:\/\/jornalrol.com.br\/?p=34976","url_meta":{"origin":15085,"position":4},"title":"Jairo Valio: &#039;As estrelas derramam l\u00e1grimas&#039;","author":"Sergio Diniz da Costa","date":"11 de novembro de 2020","format":false,"excerpt":"As estrelas derramam l\u00e1grimas \u00a0Parecem tristes, quase sem brilho,Ofuscadas pelas luzes da cidade, Que apagam at\u00e9 suas peraltices, Piscando, piscando sem cessar, E que os enamorados ignoram. \u00a0 Fui comparsa de suas belezas, Num amor que um dia cessou, E v\u00edamos todas as Constela\u00e7\u00f5es, Sendo a Cruzeiro do Sul a\u2026","rel":"","context":"Em &quot;Comunica\u00e7\u00e3o&quot;","block_context":{"text":"Comunica\u00e7\u00e3o","link":"http:\/\/jornalrol.com.br\/?cat=7"},"img":{"alt_text":"","src":"https:\/\/i0.wp.com\/jornalrol.com.br\/wp-content\/uploads\/2020\/11\/depositphotos_218651380-stock-photo-night-forest-scene.jpg?resize=350%2C200","width":350,"height":200},"classes":[]},{"id":18048,"url":"http:\/\/jornalrol.com.br\/?p=18048","url_meta":{"origin":15085,"position":5},"title":"Jairo Valio: &#039;E a Lua chorou&#039;","author":"Sergio Diniz da Costa","date":"5 de maio de 2018","format":false,"excerpt":"\"Percebi que l\u00e1grimas escorriam,\/\u00a0Condensando-se\u00a0 intensas nas nuvens,\/\u00a0e depois em prantos\u00a0 t\u00e3o abundantes,\/\u00a0despencavam quase em tormentas,\/\u00a0como se para tanto houvesse raz\u00f5es.\" \u00a0 E A LUA CHOROU Percebi que l\u00e1grimas escorriam, Condensando-se\u00a0 intensas nas nuvens, e depois em prantos\u00a0 t\u00e3o abundantes, despencavam quase em tormentas, como se para tanto houvesse raz\u00f5es. \u00a0\u2026","rel":"","context":"Em &quot;Comunica\u00e7\u00e3o&quot;","block_context":{"text":"Comunica\u00e7\u00e3o","link":"http:\/\/jornalrol.com.br\/?cat=7"},"img":{"alt_text":"","src":"https:\/\/i0.wp.com\/www.jornalrol.com.br\/wp-content\/uploads\/2018\/05\/18010517_1498212940210249_1726418210964697403_n-2.png?resize=350%2C200","width":350,"height":200},"classes":[]}],"_links":{"self":[{"href":"http:\/\/jornalrol.com.br\/index.php?rest_route=\/wp\/v2\/posts\/15085","targetHints":{"allow":["GET"]}}],"collection":[{"href":"http:\/\/jornalrol.com.br\/index.php?rest_route=\/wp\/v2\/posts"}],"about":[{"href":"http:\/\/jornalrol.com.br\/index.php?rest_route=\/wp\/v2\/types\/post"}],"author":[{"embeddable":true,"href":"http:\/\/jornalrol.com.br\/index.php?rest_route=\/wp\/v2\/users\/6"}],"replies":[{"embeddable":true,"href":"http:\/\/jornalrol.com.br\/index.php?rest_route=%2Fwp%2Fv2%2Fcomments&post=15085"}],"version-history":[{"count":0,"href":"http:\/\/jornalrol.com.br\/index.php?rest_route=\/wp\/v2\/posts\/15085\/revisions"}],"wp:featuredmedia":[{"embeddable":true,"href":"http:\/\/jornalrol.com.br\/index.php?rest_route=\/"}],"wp:attachment":[{"href":"http:\/\/jornalrol.com.br\/index.php?rest_route=%2Fwp%2Fv2%2Fmedia&parent=15085"}],"wp:term":[{"taxonomy":"category","embeddable":true,"href":"http:\/\/jornalrol.com.br\/index.php?rest_route=%2Fwp%2Fv2%2Fcategories&post=15085"},{"taxonomy":"post_tag","embeddable":true,"href":"http:\/\/jornalrol.com.br\/index.php?rest_route=%2Fwp%2Fv2%2Ftags&post=15085"}],"curies":[{"name":"wp","href":"https:\/\/api.w.org\/{rel}","templated":true}]}}