{"id":21107,"date":"2018-09-24T12:31:18","date_gmt":"2018-09-24T15:31:18","guid":{"rendered":"http:\/\/www.jornalrol.com.br\/?p=21107"},"modified":"2018-09-24T12:31:18","modified_gmt":"2018-09-24T15:31:18","slug":"genealogia-afranio-mello-fornece-informacoes-sobre-a-familia-souza-2","status":"publish","type":"post","link":"http:\/\/jornalrol.com.br\/?p=21107","title":{"rendered":"Genealogia: Afr\u00e2nio Mello fornece informa\u00e7\u00f5es sobre a familia SOUZA"},"content":{"rendered":"<div class=\"pdfprnt-buttons pdfprnt-buttons-post pdfprnt-top-right\"><a href=\"http:\/\/jornalrol.com.br\/index.php?rest_route=%2Fwp%2Fv2%2Fposts%2F21107&print=pdf\" class=\"pdfprnt-button pdfprnt-button-pdf\" target=\"_blank\" ><\/a><a href=\"http:\/\/jornalrol.com.br\/index.php?rest_route=%2Fwp%2Fv2%2Fposts%2F21107&print=print\" class=\"pdfprnt-button pdfprnt-button-print\" target=\"_blank\" ><img decoding=\"async\" src=\"https:\/\/jornalrol.com.br\/wp-content\/plugins\/pdf-print\/images\/print.png\" alt=\"image_print\" title=\"Conte\u00fado de impress\u00e3o\" \/><\/a><\/div><h2 style=\"text-align: center;\"><a href=\"http:\/\/www.jornalrol.com.br\/o-colunista-afranio-mello-coroa-seu-trabalho-genealogico-com-1000-pesquisas-e-com-honrosa-justica-com-a-pesquisa-da-familia-mello\/afranio-150x150\/\" rel=\"attachment wp-att-16915\"><img loading=\"lazy\" decoding=\"async\" class=\"aligncenter size-full wp-image-16915\" src=\"http:\/\/www.jornalrol.com.br\/wp-content\/uploads\/2018\/03\/afranio-150x150.jpg\" alt=\"\" width=\"150\" height=\"150\" \/><\/a><\/h2>\n<h2 style=\"text-align: center;\"><u><strong>Afr\u00e2nio Franco de Oliveira Mello: ATENDIMENTO N\u00daMERO 1068<\/strong><\/u><\/h2>\n<p><!--more--><\/p>\n<p>&nbsp;<\/p>\n<p>Cara Andressa, boa tarde.<\/p>\n<p>Estou enviando para o seu esturo o arquivo geneal\u00f3gico do sobrenome SOUZA.<\/p>\n<p><strong>SOUZA&#8230;&#8230;&#8230;&#8230;&#8230;.. 40 p\u00e1ginas e 3 bras\u00f5es no arquivo e mais 8 em separado para confec\u00e7\u00e3o de quadros.<\/strong><\/p>\n<p>Pendurados em sua parede fica muito bonito e serve para voc\u00ea historiar o seu sobronome aos que a visitarem.<\/p>\n<p>&nbsp;<\/p>\n<h1><img decoding=\"async\" src=\"https:\/\/mail.google.com\/mail\/u\/1?ui=2&amp;ik=d4016f14b7&amp;attid=0.0.1&amp;permmsgid=msg-f:1611697414876091886&amp;th=165de6427b1ad5ee&amp;view=fimg&amp;sz=s0-l75-ft&amp;attbid=ANGjdJ9eF6WN4OI7R3YqLVcuvVqH1Ug3F0VhkoQtkisAg49lJx5IjSDmxhF__SvPBX0gydynJbYXsC81MuCNu1VhA8YTELdNsOYGxYJK5glQ3V9o4ze17e42cAaYnNM&amp;disp=emb\" alt=\"clip_image002\" \/>\u00a0 \u00a0\u00a0<img decoding=\"async\" src=\"https:\/\/mail.google.com\/mail\/u\/1?ui=2&amp;ik=d4016f14b7&amp;attid=0.0.2&amp;permmsgid=msg-f:1611697414876091886&amp;th=165de6427b1ad5ee&amp;view=fimg&amp;sz=s0-l75-ft&amp;attbid=ANGjdJ8o314uan4-FJTepMn773Uol6ngPt_las7rPbrLKrayA-OklqHOqF6LAqDhKbrl3YqFkE1LMfiN_EM4L7jorIhL4rYU5ByPBQHbd0WBLnGSddKA8NS3H5IzGEk&amp;disp=emb\" alt=\"clip_image001\" \/>\u00a0 \u00a0\u00a0<img decoding=\"async\" src=\"https:\/\/mail.google.com\/mail\/u\/1?ui=2&amp;ik=d4016f14b7&amp;attid=0.0.3&amp;permmsgid=msg-f:1611697414876091886&amp;th=165de6427b1ad5ee&amp;view=fimg&amp;sz=s0-l75-ft&amp;attbid=ANGjdJ_3XmROO2r_uwwPthtig-dmJwImP9-eMKWJ6uq9yLQ6NhJ_kueFwQecwJ_LhoWDbYw5E4zbT6gdutGjbU65g87Cq_acHF8W9v9ox07q9cuxAA9S-OptXNzxiX4&amp;disp=emb\" alt=\"clip_image001[4]\" \/>\u00a0 \u00a0\u00a0<img decoding=\"async\" src=\"https:\/\/mail.google.com\/mail\/u\/1?ui=2&amp;ik=d4016f14b7&amp;attid=0.0.4&amp;permmsgid=msg-f:1611697414876091886&amp;th=165de6427b1ad5ee&amp;view=fimg&amp;sz=s0-l75-ft&amp;attbid=ANGjdJ9d__DOhe6hTtkqozlri4YP00XDOI0HDjczgedcpg23nedjquMyQiIXFBLHqbmiDDM3u6476Plc4e5UyQSHKjy4Z2PdMq9ntgHdZJJiDohEHcm0AOejN66GXVg&amp;disp=emb\" alt=\"clip_image001[5]\" \/>\u00a0\u00a0<span style=\"text-decoration: underline;\"><span style=\"color: #ff0000; text-decoration: underline;\"><strong>S<\/strong><strong>ousa,\u00a0<\/strong><strong>S<\/strong><strong>ouza<\/strong>\u00a0<\/span><\/span><\/h1>\n<p>sobrenome de origem portuguesa.\u00a0\u00a0Nome de ra\u00edzes topon\u00edmicas tirado da terra de Sousa, designou primeiramente a linhagem deste nome, cujas origens documentadas datam de \u00e9pocas anteriores \u00e0 Nacionalidade, vindo posteriormente a ser apelido da fam\u00edlia em que tal linhagem veio a transformar-se.<\/p>\n<p>Tendo reca\u00eddo em senhora os dois principais ramos desta fam\u00edlia, as duas damas da fam\u00edlia, Dona Maria Pais, chefe da linha primog\u00eanita, e Dona In\u00eas Louren\u00e7o, a secundog\u00eanita, vieram a casar respectivamente com Dom Afonso Dinis, filho bastardo legitimado de Dom Afonso III, e com Dom Martim Afonso, meio-irm\u00e3o daquele.<\/p>\n<p>De Dona Maria Pais e Dom Afonso nasceria a linha de Sousas dita de Arronches, por terem detido este senhorio, hoje chefiada pelos Duques de Laf\u00f5es<\/p>\n<p>De Dona In\u00eas e Dom Afonso descenderiam dos Sousas ditos do Prado, por terem tido o senhorio desta vila, ou Chichorros, da alcunha daquele Dom Martim.<\/p>\n<p>Sobrenome de origem geogr\u00e1fica. Rio e Povoa\u00e7\u00e3o de Portugal. Cortes\u00e3o tirou, com d\u00favida, da baixa latinidade Sousa, Saucia, ou Socia. Sousa [forma documentadano ano de 924], Souza [com z], Socia [documentado em 1088]. Leite de Vasconcelos tirou do latim saza, seixos, o que traz dificuldades fon\u00e9ticas. Outros derivam de Salsa, donde Souza, Sousa, o que n\u00e3o apresenta dificuldade fon\u00e9tica. Cortes\u00e3o faz diferen\u00e7a entre Sousa, nome do rio, e Souza, nome da povoa\u00e7\u00e3o, derivando aquele de saza e este de Socia (Antenor Nascentes, II,286). Uma das mais antigas e ilustres fam\u00edlias de Portugal. Felgueiras Gayo, em seu Nobili\u00e1rio das Fam\u00edlias de Portugal (Tomo XXIX), usando o Nobili\u00e1rio do Cazal do Pa\u00e7o, principia esta antiqu\u00edssima fam\u00edlia em Dom Sueiro Belfaguer, Cavaleiro antigo godo, que floresceu nos primeiros anos do s\u00e9culo VIII, ou pelos anos de 800. Foi filho, segundo melhores opini\u00f5es, de Don Fay\u00e3o Theodo ou Theodosio (que foi bisneto em varonia de Flavio Egica, Rei da Espanha) e de sua esposa Sona Soeira, filha de D. Soeiro, Pr\u00edncipe Godo. Informa ser a mais antiga fam\u00edlia que se encontra na Espanha Portuguesa, e por automazia, a mais antiga Portuguesa. O primeiro Solar que teve esta Fam\u00edlia foi na Comarca de Vila Real entre o Rio Tua e Tamega, em a terra chamada Panoyas, nome que lhe ficou de uma Cidade assim chamada pelos romanos, situada junto ao lugar de Val de Nogueiras, em cujas ru\u00ednas se encontr\u00e3o descri\u00e7\u00f5es com letras romanas. O segundo Solar desta Fam\u00edlia, de onde se tirou o sobrenome, fica em Entre Douro e Minho, no contorno do Concelho de Rio Tamaga, denominado = a terra de Souza = regada do Rio Souza, que nascendo por cima do Mosteiro beneditino de Pombeiro, recebe outras \u00e1guas, e corre at\u00e9 se encorporar com o Rio Douro, muito abaixo de ambos os rios, sendo o Tamega o \u00faltimo que recebe duas l\u00e9guas antes da Cidade do Porto. O sobrenome Souza n\u00e3o teve princ\u00edpios sen\u00e3o muito depois de principiar esta fam\u00edlia, conforme vimos, em Dom Sueiro Balfaguer, que deixou numerosa e ilustre descend\u00eancia do seu casamento com D. Munia = ou Menaya = Ribeiro, descendente dos Condes de Coimbra, e por varonia, descendente de Sizebuto, filho de Witissa, pen\u00faltimo rei godo. Foram quarto av\u00f3s de Dom Gomes Echigues , que floresceu pelos anos de 1030. Homem de muito valor, que combateu em Santar\u00e9m, onde, com sua lan\u00e7a, deteve o Rei de Castela D. Sancho, e o venceu. Foi Governador de toda a Comarca de Entre Douro e Minho, por nomea\u00e7\u00e3o do Rei D. Fernando, pelos anos de 1050. Comprou o Lugar de Felgueiras, junto a Pombeiro, a Payo Moniz, pelo pre\u00e7o de dois bons cavalos, em 04.1039. Fundou o Mosteiro de Pombeiro, de religiosos beneditinos, pelos anos de 1040. Achava-se em Guimar\u00e3es pelos anos de 1052. Pr\u00f3ximo as terras de Pombeiro, estava o Solar de Souza. Deixou numerosa descend\u00eancia do seu cas. com D. Gontrode Moniz, filha de Dom Munio Fernandes de Touro [filho do Rei D. Fernando de Castela]. Por este casamento, a fam\u00edlia Souza entrou para o sangue Real de Navarra, de quem descendem os Reis de Castela e Portugal.<\/p>\n<p>&nbsp;<\/p>\n<p>&nbsp;<\/p>\n<p>Veja que no arquivo tem associa\u00e7\u00e3o do SOUZA com diversos outros sobrenomes\u00a0 de<\/p>\n<p>grande import\u00e2ncia na hist\u00f3ria do Brasil.<\/p>\n<p>&nbsp;<\/p>\n<p>&nbsp;<\/p>\n<p><strong>Souza E Melo<\/strong><\/p>\n<p><strong>Souza e Oliveira<\/strong><\/p>\n<p><strong>Souza Fontes<\/strong><\/p>\n<p><strong>Souza Franco<\/strong><\/p>\n<p><strong>Souza Le\u00e3o<\/strong><\/p>\n<p><strong>Souza Leite<\/strong><\/p>\n<p><strong>Souza Menezes e Melo<\/strong><\/p>\n<p><strong>Souza Oliveira<\/strong><\/p>\n<p><strong>Souza Pereira<\/strong><\/p>\n<p><strong>Souza Ribeiro<\/strong><\/p>\n<p>&nbsp;<\/p>\n<p>FA\u00e7a uma boa pesquisa e espero que tenha gostado da minha remessa.<\/p>\n<p>&nbsp;<\/p>\n<p>Abra\u00e7os<\/p>\n<p>Afr\u00e2nio Franco de Oliveira Mello<br \/>\nafraniomello@itapetininga.com.br<\/p>\n<p>Observa\u00e7\u00e3o:<br \/>\nEstas informa\u00e7\u00f5es est\u00e3o sendo fornecidas gratuitamente<br \/>\ne ser\u00e3o publicadas na edi\u00e7\u00e3o virtual do Jornal Cultural<br \/>\nROL &#8211; Regi\u00e3o On Line (<a href=\"http:\/\/www.jornalrol.com.br\/\" data-saferedirecturl=\"https:\/\/www.google.com\/url?q=http:\/\/www.jornalrol.com.br&amp;source=gmail&amp;ust=1537887115678000&amp;usg=AFQjCNGrxRHbpBDCNn2QkbDPoj4mIktsNg\">www.jornalrol.com.br<\/a>).<br \/>\nA n\u00e3o concord\u00e2ncia com esta publica\u00e7\u00e3o deve ser informada imediatamente<\/p>\n<p>&nbsp;<\/p>\n<p><strong>From:<\/strong>\u00a0<a href=\"mailto:andressa_04@hotmail.com\">Andressa Souza<\/a><\/p>\n<p><strong>Sent:<\/strong>\u00a0Monday, September 03, 2018 8:06 PM<\/p>\n<p><strong>To:<\/strong>\u00a0<a href=\"mailto:afranio@tintaspig.com.br\">afranio@tintaspig.com.br<\/a><\/p>\n<p><strong>Subject:<\/strong>\u00a0Informa\u00e7\u00e3o<\/p>\n<p>&nbsp;<\/p>\n<p>Prezado, Afranio, boa noite!<\/p>\n<p>&nbsp;<\/p>\n<p>Me chamo Andressa, quem passou seu contato foi a Dina de Itaja\u00ed.<\/p>\n<p>&nbsp;<\/p>\n<p>Gostaria de informa\u00e7\u00f5es e\u00a0 quais os custos, para saber sobre a minha fam\u00edlia\/descend\u00eancia.<\/p>\n<p>&nbsp;<\/p>\n<p>Agrade\u00e7o se puder me ajudar.<\/p>\n<p>&nbsp;<\/p>\n<p>Sauda\u00e7\u00f5es,<\/p>\n<p>&nbsp;<\/p>\n<p><em>Andressa<\/em><\/p>\n<p style=\"font-weight: 400;\">&#8230;<\/p>\n","protected":false},"excerpt":{"rendered":"<p>Afr\u00e2nio Franco de Oliveira Mello: ATENDIMENTO N\u00daMERO 1068<\/p>\n","protected":false},"author":2,"featured_media":0,"comment_status":"open","ping_status":"open","sticky":false,"template":"","format":"standard","meta":{"_jetpack_newsletter_access":"","_jetpack_dont_email_post_to_subs":false,"_jetpack_newsletter_tier_id":0,"_jetpack_memberships_contains_paywalled_content":false,"_jetpack_memberships_contains_paid_content":false,"footnotes":""},"categories":[7],"tags":[657,3712,4152],"class_list":["post-21107","post","type-post","status-publish","format-standard","hentry","category-comunicacao","tag-afranio-mello","tag-familias","tag-genealogia"],"aioseo_notices":[],"views":798,"jetpack_featured_media_url":"","jetpack_sharing_enabled":true,"jetpack_likes_enabled":true,"jetpack-related-posts":[{"id":2419,"url":"http:\/\/jornalrol.com.br\/?p=2419","url_meta":{"origin":21107,"position":0},"title":"Genealogia: Afr\u00e2nio Mello fornece informa\u00e7\u00f5es sobre a familia Alfradique","author":"Helio Rubens","date":"4 de julho de 2015","format":false,"excerpt":"Afr\u00e2nio Mello: ATENDIMENTO N\u00daMERO 487 \u00a0 Solicita\u00e7\u00e3o pendente de 22.04.2015 \u00a0 Prezada Ana, \u00a0 Pesquisa extremamente dif\u00edcil. Arquivo s\u00f3 de uma p\u00e1gina que reproduzo abaixo. Sobrenome de pouca incid\u00eancia no Brasil e n\u00e3o encontrei os registros de entrada em nosso pa\u00eds. Encontrei tr\u00eas nomes no Brasil e um nos Estados\u2026","rel":"","context":"Em &quot;Comunica\u00e7\u00e3o&quot;","block_context":{"text":"Comunica\u00e7\u00e3o","link":"http:\/\/jornalrol.com.br\/?cat=7"},"img":{"alt_text":"Genealogista Afr\u00e2nio Mello","src":"https:\/\/i0.wp.com\/www.jornalrol.com.br\/wp-content\/uploads\/2014\/11\/FOTO-CLOSE-AFRANIO.jpg?resize=350%2C200","width":350,"height":200},"classes":[]},{"id":38051,"url":"http:\/\/jornalrol.com.br\/?p=38051","url_meta":{"origin":21107,"position":1},"title":"Genealogia: Afr\u00e2nio Mello fornece informa\u00e7\u00f5es sobre a fam\u00edlia Moraes Rosa","author":"ADM","date":"25 de fevereiro de 2021","format":false,"excerpt":"Afr\u00e2nio Mello fornece informa\u00e7\u00f5es sobre a fam\u00edlia MORAES ROSA ATENDIMENTO N\u00daMERO \u00a01.337 Clara, Boa tarde \u00a0Vou enviar os seus arquivos aos poucos, pois este primeiro \u00e9 muito grande. e onde est\u00e1 citada sua \u00a0ascendente. \u00a0Eu faria uma impress\u00e3o desse arquivo. Est\u00e1 meio apagado pois eu tirei de\u00a0uma c\u00f3pia j\u00e1 quase\u2026","rel":"","context":"Em &quot;Comunica\u00e7\u00e3o&quot;","block_context":{"text":"Comunica\u00e7\u00e3o","link":"http:\/\/jornalrol.com.br\/?cat=7"},"img":{"alt_text":"","src":"https:\/\/i0.wp.com\/jornalrol.com.br\/wp-content\/uploads\/2021\/02\/image003.jpg?resize=350%2C200","width":350,"height":200},"classes":[]},{"id":3929,"url":"http:\/\/jornalrol.com.br\/?p=3929","url_meta":{"origin":21107,"position":2},"title":"Genealogia: Afr\u00e2nio Mello fornece informa\u00e7\u00f5es sobre as familias Pereira, Souza e Cust\u00f3dio","author":"Helio Rubens","date":"20 de dezembro de 2015","format":false,"excerpt":"Afr\u00e2nio Franco de Oliveira Mello: ATENDIMENTOS N\u00daMEROS 568 e 569 \u00a0 \u00a0 Caro Luiz Carlos,boa tarde. \u00a0 Eu n\u00e3o tenho condi\u00e7\u00f5es de fazer pesquisas em cart\u00f3rio e em igrejas onde registros de\u00a0nascimento, casamento e \u00f3bitos s\u00e3o lan\u00e7ados. \u00c9 muito dif\u00edcil considerando que os Cart\u00f3rios ainda n\u00e3o disponibilizam esses registros de\u00a0forma\u2026","rel":"","context":"Em &quot;Comunica\u00e7\u00e3o&quot;","block_context":{"text":"Comunica\u00e7\u00e3o","link":"http:\/\/jornalrol.com.br\/?cat=7"},"img":{"alt_text":"Afr\u00e2nio Mello","src":"https:\/\/i0.wp.com\/www.jornalrol.com.br\/wp-content\/uploads\/2015\/07\/Afr%C3%A2nio-para-o-ROL-2.jpg?resize=350%2C200","width":350,"height":200},"classes":[]},{"id":3941,"url":"http:\/\/jornalrol.com.br\/?p=3941","url_meta":{"origin":21107,"position":3},"title":"Genealogia: Afr\u00e2nio Mello fornece informa\u00e7\u00f5es sobre a fam\u00edlia Melo","author":"Helio Rubens","date":"20 de dezembro de 2015","format":false,"excerpt":"Afr\u00e2nio Franco de Oliveira Mello: ATENDIMENTO N\u00daMERO 575 \u00a0 Caro Rafael, boa tarde. \u00a0 Eu tamb\u00e9m sou da ascend\u00eancia do sobrenome MELLO. \u00a0 Comum em todo o Brasil , de origem portugu\u00easa e com um hist\u00f3rico muito grande no Brasil. \u00a0 \u00a0 \u00a0 Tem com as duas grafias : Melo\u2026","rel":"","context":"Em &quot;Comunica\u00e7\u00e3o&quot;","block_context":{"text":"Comunica\u00e7\u00e3o","link":"http:\/\/jornalrol.com.br\/?cat=7"},"img":{"alt_text":"Afr\u00e2nio Mello","src":"https:\/\/i0.wp.com\/www.jornalrol.com.br\/wp-content\/uploads\/2015\/07\/Afr%C3%A2nio-para-o-ROL-2.jpg?resize=350%2C200","width":350,"height":200},"classes":[]},{"id":36511,"url":"http:\/\/jornalrol.com.br\/?p=36511","url_meta":{"origin":21107,"position":4},"title":"Genealogia: Afr\u00e2nio Mello Presta informa\u00e7\u00f5es sobre a fam\u00edlia Valad\u00e3o","author":"ADM","date":"9 de janeiro de 2021","format":false,"excerpt":"Afr\u00e2nio Mello presta informa\u00e7\u00f5es sobre a fam\u00edlia VALAD\u00c3O ATENDIMENTO N\u00daMERO 1.315 Caros Jos\u00e9 Luiz Nogueira e M\u00e1rcio Valad\u00e3o. Em aten\u00e7\u00e3o ao pedido de voc\u00eas dois estou encaminhando o arquivo do sobrenome VALAD\u00c3O. VALAD\u00c3O..................... 3 p\u00e1ginas e 1 bras\u00e3o e mais 1 em separado para quadros. Abaixo um resumo para os\u2026","rel":"","context":"Em &quot;Comunica\u00e7\u00e3o&quot;","block_context":{"text":"Comunica\u00e7\u00e3o","link":"http:\/\/jornalrol.com.br\/?cat=7"},"img":{"alt_text":"","src":"https:\/\/i0.wp.com\/www.jornalrol.com.br\/wp-content\/uploads\/2020\/04\/afranio-150x150-1.jpg?resize=350%2C200","width":350,"height":200},"classes":[]},{"id":5127,"url":"http:\/\/jornalrol.com.br\/?p=5127","url_meta":{"origin":21107,"position":5},"title":"Genealogia: Afr\u00e2nio Mello fornece informa\u00e7\u00f5es gratuitamente sobre a fam\u00edlia Alfradique","author":"Helio Rubens","date":"2 de junho de 2016","format":false,"excerpt":"Afr\u00e2nio Franco de Oliveira Mello - ATENDIMENTO N\u00daMERO 739 \u00a0 Prezada Mariane, Em 04.07.2015 fiz o primeiro atendimento desse sobrenome e, hoje, \u00e9 o segundo. A pessoa que fez a consulta \u00e9 Ana Karen. Em rela\u00e7\u00e3o ao sobrenome ALFRADIQUE envio: Arquivo com s\u00f3 uma p\u00e1gina e um bras\u00e3o. Na primeira\u2026","rel":"","context":"Em &quot;Comunica\u00e7\u00e3o&quot;","block_context":{"text":"Comunica\u00e7\u00e3o","link":"http:\/\/jornalrol.com.br\/?cat=7"},"img":{"alt_text":"","src":"","width":0,"height":0},"classes":[]}],"_links":{"self":[{"href":"http:\/\/jornalrol.com.br\/index.php?rest_route=\/wp\/v2\/posts\/21107","targetHints":{"allow":["GET"]}}],"collection":[{"href":"http:\/\/jornalrol.com.br\/index.php?rest_route=\/wp\/v2\/posts"}],"about":[{"href":"http:\/\/jornalrol.com.br\/index.php?rest_route=\/wp\/v2\/types\/post"}],"author":[{"embeddable":true,"href":"http:\/\/jornalrol.com.br\/index.php?rest_route=\/wp\/v2\/users\/2"}],"replies":[{"embeddable":true,"href":"http:\/\/jornalrol.com.br\/index.php?rest_route=%2Fwp%2Fv2%2Fcomments&post=21107"}],"version-history":[{"count":0,"href":"http:\/\/jornalrol.com.br\/index.php?rest_route=\/wp\/v2\/posts\/21107\/revisions"}],"wp:attachment":[{"href":"http:\/\/jornalrol.com.br\/index.php?rest_route=%2Fwp%2Fv2%2Fmedia&parent=21107"}],"wp:term":[{"taxonomy":"category","embeddable":true,"href":"http:\/\/jornalrol.com.br\/index.php?rest_route=%2Fwp%2Fv2%2Fcategories&post=21107"},{"taxonomy":"post_tag","embeddable":true,"href":"http:\/\/jornalrol.com.br\/index.php?rest_route=%2Fwp%2Fv2%2Ftags&post=21107"}],"curies":[{"name":"wp","href":"https:\/\/api.w.org\/{rel}","templated":true}]}}