{"id":21109,"date":"2018-09-24T12:34:38","date_gmt":"2018-09-24T15:34:38","guid":{"rendered":"http:\/\/www.jornalrol.com.br\/?p=21109"},"modified":"2018-09-24T12:34:38","modified_gmt":"2018-09-24T15:34:38","slug":"21109-2","status":"publish","type":"post","link":"http:\/\/jornalrol.com.br\/?p=21109","title":{"rendered":""},"content":{"rendered":"<div class=\"pdfprnt-buttons pdfprnt-buttons-post pdfprnt-top-right\"><a href=\"http:\/\/jornalrol.com.br\/index.php?rest_route=%2Fwp%2Fv2%2Fposts%2F21109&print=pdf\" class=\"pdfprnt-button pdfprnt-button-pdf\" target=\"_blank\" ><\/a><a href=\"http:\/\/jornalrol.com.br\/index.php?rest_route=%2Fwp%2Fv2%2Fposts%2F21109&print=print\" class=\"pdfprnt-button pdfprnt-button-print\" target=\"_blank\" ><img decoding=\"async\" src=\"https:\/\/jornalrol.com.br\/wp-content\/plugins\/pdf-print\/images\/print.png\" alt=\"image_print\" title=\"Conte\u00fado de impress\u00e3o\" \/><\/a><\/div><h1 style=\"text-align: center;\"><a href=\"http:\/\/www.jornalrol.com.br\/fabio-avila-uberaba-capital-brasileira-do-triangulo-mineiro-meca-do-zebu\/fabio-avila\/\" rel=\"attachment wp-att-19341\"><img loading=\"lazy\" decoding=\"async\" class=\"aligncenter size-medium wp-image-19341\" src=\"http:\/\/www.jornalrol.com.br\/wp-content\/uploads\/2018\/06\/fabio-avila-225x300.jpg\" alt=\"\" width=\"225\" height=\"300\" \/><\/a><\/h1>\n<h1 style=\"text-align: center;\">\u00a0 F\u00e1bio \u00c1vila: &#8216;<b>O Brasil, \u00e0s v\u00e9speras&#8230;&#8217;\u00a0<\/b><br \/>\n<!--more--><\/h1>\n<p><img loading=\"lazy\" decoding=\"async\" class=\"alignleft\" src=\"https:\/\/mail.google.com\/mail\/u\/1?ui=2&amp;ik=d4016f14b7&amp;attid=0.1&amp;permmsgid=msg-f:1612003202740108457&amp;th=165efc5f441dbca9&amp;view=fimg&amp;sz=s0-l75-ft&amp;attbid=ANGjdJ_XXP-qTbsTVT1Bj7OG_oBTYPYIcbBM55IjNSAqQD8NIsiDlxwlhG_8iW-D4hVXoelK5xO2XBbtr7lfeu6l39xw_qpXRHscNX6ChOv6U5CYYGSLMWoKyqulR8s&amp;disp=emb&amp;realattid=ii_jm8k52kf0\" alt=\"20180915_124742.jpg\" width=\"233\" height=\"311\" \/>No universo da inj\u00faria, na p\u00e1tria do esc\u00e1rnio, na na\u00e7\u00e3o da disc\u00f3rdia, em terra de coron\u00e9is,\u00a0 terra de populistas e de povo semi-analfabeto, um Sr. Bispo esfaqueou um Sr. Messias&#8230;<\/p>\n<p>O ocorrido,ato mal\u00e9fico e de inten\u00e7\u00f5es assassinas, me fez recordar o que li sobre o discurso do verdadeiro e genu\u00edno patriota pernambucano e brasileiro, Joaquim Nabuco, em 1884.\u00a0<i><br \/>\n<\/i><\/p>\n<p><i>&#8221;N\u00e3o, senhores, a cidade do Recife acordou do sono profundo de tantos anos de indiferen\u00e7a e de insensibilidade e deste lugar de onde falo, no centro de tantas tradi\u00e7\u00f5es e de tanto hero\u00edsmo, que, se n\u00e3o fosse a escravid\u00e3o, seria hoje uma rep\u00fablica forte e respeitada, e que, com a escravid\u00e3o, come\u00e7o a esquecer o passado e a descrer do futuro, dir-se-ia que n\u00f3s ouv\u00edamos uma voz que nos brada &#8221;Basta de persegui\u00e7\u00e3o, basta de sofrimento!&#8221;.\u00a0<\/i><\/p>\n<p>Os Brasileiros, em plena segunda d\u00e9cada do s\u00e9culo XXI, est\u00e3o sendo perseguidos por uma pol\u00edtica insana, liderada por populistas inescrupulosos, falsos liberalistas; representantes de uma esquerda obtusa, equivocada e mal\u00e9fica. Desejam dominar e saquear a popula\u00e7\u00e3o cr\u00e9dula e ignorante para satisfazer seus diab\u00f3licos e insanos projetos ditatoriais de &#8221;esquerda.&#8221; E os incultos e desavidos sofrem. Sofrem por serem e estarem ignorantes.<\/p>\n<p>A direita,em sua maioria,seja ela oriunda de classes sociais privilegiadas, da classe m\u00e9dia ou do &#8221;povo&#8221;, tampouco vislumbra, de forma cidad\u00e3, o acerto na escolha de um presidente da rep\u00fablica que possa ter um sentimento amplo de cidadania que contemple todos os brasileiros oriundos de m\u00faltiplas origens, matizes, cren\u00e7as e convic\u00e7\u00f5es pol\u00edticas.<\/p>\n<p>Apresenta-se ent\u00e3o, de forma equivocada, com o derramamento do sangue individual, o clamor para que os brasileiros usufruam do espetacular Pa\u00eds a ser liderado (esperamos ) por pessoas dignas e verdadeiros representantes de um projeto de na\u00e7\u00e3o que possa satisfazer a todos os que habitam nessa imensa por\u00e7\u00e3o de terras . O territ\u00f3rio gigante &#8211; que se estende pelas cinco macrorregi\u00f5es brasileiras &#8211; ap\u00f3s del\u00edrio coletivo da esquerda, \u00e9 sensibilizado a acolher refugiados pol\u00edticos de outros pa\u00edses e migrantes ou imigrantes miser\u00e1veis em busca de uma vida mais digna nesse\u00a0 nosso Brasil, Terra de Todos os Povos.<\/p>\n<p>O Brasil, Gigante Adormecido, foi vilipendiado por mais de cinco s\u00e9culos. Os descendentes dos invasores ocupantes ib\u00e9ricos propiciaram\u00a0 o resultado de uma\u00a0 mesti\u00e7agem com os amer\u00edndios, com os negros africanos escravizados selvagemente; com os europeus arianos ou latinos buscando uma vida mais digna no Novo Mundo, com asi\u00e1ticos em fuga de pa\u00edses em guerra ou sem perspectivas futuras, para transformar o Brasil em uma Na\u00e7\u00e3o Deseducada, Deselegante, Embrutecida, Egoc\u00eantrica e Ego\u00edsta, ao conviver com o falso capitalismo, com a fr\u00e1gil e inconsistente democracia e com a famigerada &#8221;esquerda&#8221;, sedenta de poder.<\/p>\n<p>Os jovens brasileiros est\u00e3o alienados, desinformados, deseducados, incultos e arrogantes. Estas pessoas, futuramente, estar\u00e3o no Poder e o Brasil continuar\u00e1 a involuir.<\/p>\n<p>Penso ent\u00e3o em pessoas que acreditaram neste Pa\u00eds ,como Joaquim Nabuco, Rui Barbosa, Rodrigues Alves, Gilberto Freire, Jos\u00e9 de Alencar, Machado de Assis&#8230; e tantos outros que, infelizmente, s\u00e3o praticamente desconhecidos dos que hoje t\u00eam menos de 30 anos.<\/p>\n<p>O que vemos neste momento no Brasil Maculado, no Brasil Machucado?<\/p>\n<p>Temos uma popula\u00e7\u00e3o hist\u00e9rica, carregada de preconceitos e literalmente ignorante.<\/p>\n<p>O &#8221;sistema&#8221; fracassou! As Escolas P\u00fablicas s\u00e3o evitadas e o Ensino Privado, literalmente, \u00e9 deficiente.<\/p>\n<p>Tristes tr\u00f3picos. Foi-se a vez de um\u00a0 Pa\u00eds do Futuro!!!&#8230;.<\/p>\n<p>O Brasil \u00e9 um caso de pol\u00edcia!!!!<\/p>\n","protected":false},"excerpt":{"rendered":"<p>\u00a0 F\u00e1bio \u00c1vila: &#8216;O Brasil, \u00e0s v\u00e9speras&#8230;&#8217;\u00a0<\/p>\n","protected":false},"author":3,"featured_media":0,"comment_status":"closed","ping_status":"closed","sticky":false,"template":"","format":"standard","meta":{"_jetpack_newsletter_access":"","_jetpack_dont_email_post_to_subs":false,"_jetpack_newsletter_tier_id":0,"_jetpack_memberships_contains_paywalled_content":false,"_jetpack_memberships_contains_paid_content":false,"footnotes":""},"categories":[7],"tags":[3641],"class_list":["post-21109","post","type-post","status-publish","format-standard","hentry","category-comunicacao","tag-fabio-avila"],"aioseo_notices":[],"views":423,"jetpack_featured_media_url":"","jetpack_sharing_enabled":true,"jetpack_likes_enabled":true,"jetpack-related-posts":[{"id":25822,"url":"http:\/\/jornalrol.com.br\/?p=25822","url_meta":{"origin":21109,"position":0},"title":"F\u00e1bio \u00c1vila: &#039;Brasil, jovens escritores e talentos aprisionados&#039;","author":"Helio Rubens","date":"1 de abril de 2019","format":false,"excerpt":"Brasil, jovens escritores e talentos aprisionados Tenho viajado pelo Brasil a fora e tido o privil\u00e9gio de solicitar a leitura do poema\u00a0Fazenda, de autoria de Edelson Rodrigues Nascimento, habitante do Distrito Federal. Muitas pessoas ao ler o poema ficam pensativas, interrompem a leitura ou, simplesmente, solu\u00e7am pela emo\u00e7\u00e3o das palavras\u2026","rel":"","context":"Em &quot;Comunica\u00e7\u00e3o&quot;","block_context":{"text":"Comunica\u00e7\u00e3o","link":"http:\/\/jornalrol.com.br\/?cat=7"},"img":{"alt_text":"","src":"https:\/\/i0.wp.com\/jornalrol.com.br\/wp-content\/uploads\/2019\/04\/WhatsApp-Image-2019-03-29-at-18.10.18-2.jpeg?resize=350%2C200","width":350,"height":200,"srcset":"https:\/\/i0.wp.com\/jornalrol.com.br\/wp-content\/uploads\/2019\/04\/WhatsApp-Image-2019-03-29-at-18.10.18-2.jpeg?resize=350%2C200 1x, https:\/\/i0.wp.com\/jornalrol.com.br\/wp-content\/uploads\/2019\/04\/WhatsApp-Image-2019-03-29-at-18.10.18-2.jpeg?resize=525%2C300 1.5x, https:\/\/i0.wp.com\/jornalrol.com.br\/wp-content\/uploads\/2019\/04\/WhatsApp-Image-2019-03-29-at-18.10.18-2.jpeg?resize=700%2C400 2x"},"classes":[]},{"id":24505,"url":"http:\/\/jornalrol.com.br\/?p=24505","url_meta":{"origin":21109,"position":1},"title":"F\u00e1bio \u00c1vila: &#039;Em dose dupla por Terras Paulistas&#039;","author":"Helio Rubens","date":"12 de fevereiro de 2019","format":false,"excerpt":"Em dose dupla por Terras Paulistas \"O povoamento da regi\u00e3o onde se localiza o atual munic\u00edpio de Esp\u00edrito Santo do Pinhal, iniciou sua forma\u00e7\u00e3o no territ\u00f3rio de Mogi-Gua\u00e7u.\" \"As terras dessa cidade pertenciam a Fazenda do Pinhal, antiga Sesmaria. Tratava-se de uma enorme fazenda dominada pela \u00e1rvore arauc\u00e1ria, nascentes e\u2026","rel":"","context":"Em &quot;Comunica\u00e7\u00e3o&quot;","block_context":{"text":"Comunica\u00e7\u00e3o","link":"http:\/\/jornalrol.com.br\/?cat=7"},"img":{"alt_text":"","src":"https:\/\/i0.wp.com\/jornalrol.com.br\/wp-content\/uploads\/2019\/02\/FABIO5.jpg?resize=350%2C200","width":350,"height":200,"srcset":"https:\/\/i0.wp.com\/jornalrol.com.br\/wp-content\/uploads\/2019\/02\/FABIO5.jpg?resize=350%2C200 1x, https:\/\/i0.wp.com\/jornalrol.com.br\/wp-content\/uploads\/2019\/02\/FABIO5.jpg?resize=525%2C300 1.5x, https:\/\/i0.wp.com\/jornalrol.com.br\/wp-content\/uploads\/2019\/02\/FABIO5.jpg?resize=700%2C400 2x, https:\/\/i0.wp.com\/jornalrol.com.br\/wp-content\/uploads\/2019\/02\/FABIO5.jpg?resize=1050%2C600 3x"},"classes":[]},{"id":26987,"url":"http:\/\/jornalrol.com.br\/?p=26987","url_meta":{"origin":21109,"position":2},"title":"F\u00e1bio \u00c1vila: &#039;Igarapava. Porta de entrada&#039;","author":"Helio Rubens","date":"11 de maio de 2019","format":false,"excerpt":"Convite aos leitores do ROL Encontro-me novamente em Uberaba ap\u00f3s uma viagem noturna, partindo de S\u00e3o Paulo e desembarque em Igarapava Neste munic\u00edpio paulista, cidade quase fronteira com Minas Gerais, desenvolvi o sonho de recupera\u00e7\u00e3o da antiga esta\u00e7\u00e3o rodovi\u00e1ria que foi inaugurada nos anos 70 pelo ent\u00e3o governador Orestes Qu\u00e9rcia.\u2026","rel":"","context":"Em &quot;Comunica\u00e7\u00e3o&quot;","block_context":{"text":"Comunica\u00e7\u00e3o","link":"http:\/\/jornalrol.com.br\/?cat=7"},"img":{"alt_text":"","src":"https:\/\/i0.wp.com\/www.jornalrol.com.br\/wp-content\/uploads\/2018\/06\/fabio-avila-225x300.jpg?resize=350%2C200","width":350,"height":200},"classes":[]},{"id":25852,"url":"http:\/\/jornalrol.com.br\/?p=25852","url_meta":{"origin":21109,"position":3},"title":"F\u00e1bio \u00c1vila: &#039;ABCZ\u00a0 100 anos : o Zebu no Brasil&#039;","author":"Helio Rubens","date":"3 de abril de 2019","format":false,"excerpt":"ABCZ\u00a0 100 anos : o Zebu no Brasil \u00a0 A vis\u00e3o, a obstina\u00e7\u00e3o, os sonhos e arroubos destes destemidos pioneiros, viajantes aliados ao surgimento da Sociedade do Herd Book Zebu em 1919,\u00a0 Sociedade Rural do Tri\u00e2ngulo Mineiro (SRTM) em 1934 e, posteriormente, da ABCZ (Associa\u00e7\u00e3o Brasileira dos Criadores de Zebu)\u2026","rel":"","context":"Em &quot;Comunica\u00e7\u00e3o&quot;","block_context":{"text":"Comunica\u00e7\u00e3o","link":"http:\/\/jornalrol.com.br\/?cat=7"},"img":{"alt_text":"","src":"https:\/\/i0.wp.com\/www.jornalrol.com.br\/wp-content\/uploads\/2019\/04\/WhatsApp-Image-2019-04-02-at-14.55.49-300x225.jpeg?resize=350%2C200","width":350,"height":200},"classes":[]},{"id":24204,"url":"http:\/\/jornalrol.com.br\/?p=24204","url_meta":{"origin":21109,"position":4},"title":"F\u00e1bio \u00c1vila: &#039;ABCZ 100 Anos &#8211; Uberaba 200 anos&#039;","author":"Helio Rubens","date":"31 de janeiro de 2019","format":false,"excerpt":"ABCZ 100 Anos - Uberaba 200 anos Em 2008 foram comemorados os 80 anos do Servi\u00e7o Geneal\u00f3gico das Ra\u00e7as Bovinas de Origem Indiana. Os pioneiros das fam\u00edlias Miranda, Borges, Rodrigues da Cunha, entre outros importantes aventureiros cruzaram oceanos, em tempos dif\u00edceis quando do per\u00edodo de guerra e do p\u00f3s guerra,\u2026","rel":"","context":"Em &quot;Comunica\u00e7\u00e3o&quot;","block_context":{"text":"Comunica\u00e7\u00e3o","link":"http:\/\/jornalrol.com.br\/?cat=7"},"img":{"alt_text":"","src":"https:\/\/i0.wp.com\/www.jornalrol.com.br\/wp-content\/uploads\/2018\/06\/fabio-avila-225x300.jpg?resize=350%2C200","width":350,"height":200},"classes":[]},{"id":25533,"url":"http:\/\/jornalrol.com.br\/?p=25533","url_meta":{"origin":21109,"position":5},"title":"F\u00e1bio \u00c1vila: &#039;Tempos dif\u00edceis em terras brasileiras&#039;","author":"Helio Rubens","date":"23 de mar\u00e7o de 2019","format":false,"excerpt":"Tempos dif\u00edceis em terras brasileiras Tempos dif\u00edceis... Foram tr\u00eas horas pelo transito intenso em uma das mais complexas, desfiguradas e horrendas avenidas que circulam centros urbanos massacrados e v\u00edtimas do tr\u00e1fego intenso de autom\u00f3veis que dificultam a locomo\u00e7\u00e3o urbana em um dos mais ca\u00f3ticos cen\u00e1rios de aglomera\u00e7\u00e3o urbana no hemisf\u00e9rio\u2026","rel":"","context":"Em &quot;Comunica\u00e7\u00e3o&quot;","block_context":{"text":"Comunica\u00e7\u00e3o","link":"http:\/\/jornalrol.com.br\/?cat=7"},"img":{"alt_text":"","src":"https:\/\/i0.wp.com\/www.jornalrol.com.br\/wp-content\/uploads\/2018\/06\/fabio-avila-225x300.jpg?resize=350%2C200","width":350,"height":200},"classes":[]}],"_links":{"self":[{"href":"http:\/\/jornalrol.com.br\/index.php?rest_route=\/wp\/v2\/posts\/21109","targetHints":{"allow":["GET"]}}],"collection":[{"href":"http:\/\/jornalrol.com.br\/index.php?rest_route=\/wp\/v2\/posts"}],"about":[{"href":"http:\/\/jornalrol.com.br\/index.php?rest_route=\/wp\/v2\/types\/post"}],"author":[{"embeddable":true,"href":"http:\/\/jornalrol.com.br\/index.php?rest_route=\/wp\/v2\/users\/3"}],"replies":[{"embeddable":true,"href":"http:\/\/jornalrol.com.br\/index.php?rest_route=%2Fwp%2Fv2%2Fcomments&post=21109"}],"version-history":[{"count":0,"href":"http:\/\/jornalrol.com.br\/index.php?rest_route=\/wp\/v2\/posts\/21109\/revisions"}],"wp:attachment":[{"href":"http:\/\/jornalrol.com.br\/index.php?rest_route=%2Fwp%2Fv2%2Fmedia&parent=21109"}],"wp:term":[{"taxonomy":"category","embeddable":true,"href":"http:\/\/jornalrol.com.br\/index.php?rest_route=%2Fwp%2Fv2%2Fcategories&post=21109"},{"taxonomy":"post_tag","embeddable":true,"href":"http:\/\/jornalrol.com.br\/index.php?rest_route=%2Fwp%2Fv2%2Ftags&post=21109"}],"curies":[{"name":"wp","href":"https:\/\/api.w.org\/{rel}","templated":true}]}}