{"id":21117,"date":"2018-09-24T17:29:34","date_gmt":"2018-09-24T20:29:34","guid":{"rendered":"http:\/\/www.jornalrol.com.br\/?p=21117"},"modified":"2018-09-24T17:29:34","modified_gmt":"2018-09-24T20:29:34","slug":"o-quadro-de-colunistas-do-rol-ganha-mais-uma-colaboradora-de-primeira-grandeza-ana-esther-balbao-pithan","status":"publish","type":"post","link":"http:\/\/jornalrol.com.br\/?p=21117","title":{"rendered":"O Quadro de Colunistas do ROL ganha mais uma colaboradora de Primeira Grandeza: Ana Esther Balb\u00e3o Pithan!"},"content":{"rendered":"<div class=\"pdfprnt-buttons pdfprnt-buttons-post pdfprnt-top-right\"><a href=\"http:\/\/jornalrol.com.br\/index.php?rest_route=%2Fwp%2Fv2%2Fposts%2F21117&print=pdf\" class=\"pdfprnt-button pdfprnt-button-pdf\" target=\"_blank\" ><\/a><a href=\"http:\/\/jornalrol.com.br\/index.php?rest_route=%2Fwp%2Fv2%2Fposts%2F21117&print=print\" class=\"pdfprnt-button pdfprnt-button-print\" target=\"_blank\" ><img decoding=\"async\" src=\"https:\/\/jornalrol.com.br\/wp-content\/plugins\/pdf-print\/images\/print.png\" alt=\"image_print\" title=\"Conte\u00fado de impress\u00e3o\" \/><\/a><\/div><h2 style=\"text-align: center;\"><a href=\"http:\/\/www.jornalrol.com.br\/wp-content\/uploads\/2018\/09\/41856545_536124080179853_7857447547667742720_n.jpg\"><img loading=\"lazy\" decoding=\"async\" class=\"size-medium wp-image-21118 aligncenter\" src=\"http:\/\/www.jornalrol.com.br\/wp-content\/uploads\/2018\/09\/41856545_536124080179853_7857447547667742720_n-225x300.jpg\" alt=\"\" width=\"225\" height=\"300\" \/><\/a>Professora de Ingl\u00eas e Literatura em L\u00edngua Inglesa, ilustradora, escritora e poetisa: \u00e9 a Fam\u00edlia ROLiana crescendo cada vez mais em qualidade com Ana Esther Balb\u00e3o Pithan!<\/h2>\n<p><!--more--><\/p>\n<p><strong>Ana Esther<\/strong> Balb\u00e3o Pithan nasceu em Erechim\/RS e mora em Florian\u00f3polis desde 1991.<\/p>\n<p>Tem gradua\u00e7\u00e3o em Letras\/Ingl\u00eas (UFRGS, 1987) e Mestrado em L\u00edngua e Literaturas de L\u00edngua Inglesa (UFSC, 1993).<\/p>\n<p>Cursou Ingl\u00eas na Inglaterra (Bournemouth e Stratford-upon-Avon, 1989) e International Business na Austr\u00e1lia (Sydney, 1998\/1999).<\/p>\n<p>Como professora de Ingl\u00eas e Literatura em L\u00edngua Inglesa lecionou na UPF (Passo Fundo, RS), na UNERJ (Jaragu\u00e1 do Sul, SC) e na UNIVILLE (Joinville, SC).<\/p>\n<p>Tem o curso de Ilustra\u00e7\u00e3o (SENAC, Florian\u00f3polis, 2009) e Professional Children\u2019s Writing Course (Austr\u00e1lia 2006\/2007, \u00e0 dist\u00e2ncia).<\/p>\n<p>Lan\u00e7ou-se como escritora em 2004 e atualmente tem 9 livros publicados e 2 e-books e participou de 7 antologias.<\/p>\n<p>\u00c9 criadora dos personagens O Pelicano, Boneca Cremilda, a Profa. Coruja- Buraqueira, Te\u00f3filo Br\u00e1s o Torcedor Brasileiro Mais Azarado do Mundo, Anamasth\u00ear e a Medita\u00e7\u00e3o do Chimarr\u00e3o entre outros.<\/p>\n<p>Seu Blog \u00e9 http:\/\/pelicanaesther.blogspot.com<\/p>\n<p>Ana Esther se apresenta para os leitores do ROL:<\/p>\n<p>Ol\u00e1, estou chegando ao ROL! A minha alegria \u00e9 imensa assim como o meu sentimento de gratid\u00e3o ao Sergio Diniz da Costa pelo convite t\u00e3o empolgante. Coisa boa ter um espa\u00e7o como este para poder compartilhar com os leitores as minhas reflex\u00f5es sobre tantos assuntos! Reflex\u00f5es estas que, ao longo do tempo, ser\u00e3o expressas atrav\u00e9s de meus contos, cr\u00f4nicas, poesia&#8230; Para a minha estreia, escolhi um poema meu que mostra muito a minha ess\u00eancia meditativa&#8230;<\/p>\n<p>&nbsp;<\/p>\n<p><strong><a href=\"http:\/\/www.jornalrol.com.br\/wp-content\/uploads\/2018\/09\/chimarrao..jpg\"><img loading=\"lazy\" decoding=\"async\" class=\"size-medium wp-image-21119 alignleft\" src=\"http:\/\/www.jornalrol.com.br\/wp-content\/uploads\/2018\/09\/chimarrao.-300x200.jpg\" alt=\"\" width=\"300\" height=\"200\" \/><\/a>Meu Chimarr\u00e3o<\/strong><\/p>\n<p>Enquanto eu sorvo o meu chimarr\u00e3o<\/p>\n<p>Esse mate amargo t\u00e3o saboroso<\/p>\n<p>Eu fico pensando, meditando,<\/p>\n<p>E me perco filosofando!<\/p>\n<p>&nbsp;<\/p>\n<p>Entre um gole e outro, com a cuia na m\u00e3o,<\/p>\n<p>A vida vai passando, a vida vai vivendo.<\/p>\n<p>&nbsp;<\/p>\n<p>Enquanto eu tomo o meu chimarr\u00e3o,<\/p>\n<p>Os passarinhos chilram incessantemente.<\/p>\n<p>Lagartas metamorfoseiam e saem de seus casulos:<\/p>\n<p>lindas borboletas!<\/p>\n<p>Abelhas polinizam mundo afora&#8230;<\/p>\n<p>Flores colorem todos os continentes.<\/p>\n<p>&nbsp;<\/p>\n<p>Que del\u00edcia de chimarr\u00e3o&#8230;<\/p>\n<p>Vou bebendo e vou ouvindo<\/p>\n<p>Que assassinatos s\u00e3o cometidos aqui, ali e acol\u00e1.<\/p>\n<p>Bombas explodem no Oriente versus Ocidente e vice-versa.<\/p>\n<p>O ser humano antropof\u00e1gico enfeia a natureza.<\/p>\n<p>Seres humanos iluminados enfeitam o planeta.<\/p>\n<p>&nbsp;<\/p>\n<p>Meu Deus, tudo isso ocorre<\/p>\n<p>Enquanto eu sorvo o meu chimarr\u00e3o&#8230;<\/p>\n<p>&nbsp;<\/p>\n","protected":false},"excerpt":{"rendered":"<p>Professora de Ingl\u00eas e Literatura em L\u00edngua Inglesa, ilustradora, escritora e poetisa: \u00e9 a Fam\u00edlia ROLiana crescendo cada vez mais em qualidade com Ana Esther Balb\u00e3o Pithan!<\/p>\n","protected":false},"author":6,"featured_media":0,"comment_status":"closed","ping_status":"closed","sticky":false,"template":"","format":"standard","meta":{"_jetpack_newsletter_access":"","_jetpack_dont_email_post_to_subs":false,"_jetpack_newsletter_tier_id":0,"_jetpack_memberships_contains_paywalled_content":false,"_jetpack_memberships_contains_paid_content":false,"footnotes":""},"categories":[7],"tags":[853,1009,2131],"class_list":["post-21117","post","type-post","status-publish","format-standard","hentry","category-comunicacao","tag-ana-esther-balbao-pithan","tag-apresentacao-aos-leitores","tag-colunista"],"aioseo_notices":[],"views":525,"jetpack_featured_media_url":"","jetpack_sharing_enabled":true,"jetpack_likes_enabled":true,"jetpack-related-posts":[{"id":29061,"url":"http:\/\/jornalrol.com.br\/?p=29061","url_meta":{"origin":21117,"position":0},"title":"Ana Esther Balb\u00e3o Pithan: &#039;Uma Mochila nas Costas e Sonhos no Cora\u00e7\u00e3o!&#039;","author":"Helio Rubens","date":"8 de agosto de 2019","format":false,"excerpt":"Poesia: 'Uma Mochila nas Costas e Sonhos no Cora\u00e7\u00e3o!' Uma Mochila nas Costas e Sonhos no Cora\u00e7\u00e3o!\u00a0 Ana Esther Uma mochila nas costas e sonhos no cora\u00e7\u00e3o... Impulsionam nossos passos destemidos! Viver bem a vida, enchendo-a de muita emo\u00e7\u00e3o... Descobrir mundos, mentes, seres queridos! Viajante correndo o mundo com olhos\u2026","rel":"","context":"Em &quot;Comunica\u00e7\u00e3o&quot;","block_context":{"text":"Comunica\u00e7\u00e3o","link":"http:\/\/jornalrol.com.br\/?cat=7"},"img":{"alt_text":"","src":"https:\/\/i0.wp.com\/www.jornalrol.com.br\/wp-content\/uploads\/2019\/04\/IMG_5751-300x225.jpg?resize=350%2C200","width":350,"height":200},"classes":[]},{"id":22109,"url":"http:\/\/jornalrol.com.br\/?p=22109","url_meta":{"origin":21117,"position":1},"title":"Ana Esther Balb\u00e3o Pithan: &#039;Uma Lei da Atra\u00e7\u00e3o toda minha&#039;","author":"Sergio Diniz da Costa","date":"2 de novembro de 2018","format":false,"excerpt":"\"Cansei de atrair tanta babaquice.\/\u00a0X\u00f4, pensamentos tristes, emo\u00e7\u00f5es negativas...\/\u00a0Agora eu s\u00f3 quero faceirice,\/\u00a0Ser um im\u00e3 para coisas positivas! Uma Lei da Atra\u00e7\u00e3o toda minha Cansei de atrair tanta babaquice. X\u00f4, pensamentos tristes, emo\u00e7\u00f5es negativas... Agora eu s\u00f3 quero faceirice, Ser um im\u00e3 para coisas positivas! Nada de concentrar nas tranqueiras.\u2026","rel":"","context":"Em &quot;Comunica\u00e7\u00e3o&quot;","block_context":{"text":"Comunica\u00e7\u00e3o","link":"http:\/\/jornalrol.com.br\/?cat=7"},"img":{"alt_text":"","src":"https:\/\/i0.wp.com\/www.jornalrol.com.br\/wp-content\/uploads\/2018\/10\/41856545_536124080179853_7857447547667742720_n-2-225x300.jpg?resize=350%2C200","width":350,"height":200},"classes":[]},{"id":21423,"url":"http:\/\/jornalrol.com.br\/?p=21423","url_meta":{"origin":21117,"position":2},"title":"Ana Esther Balb\u00e3o Pithan&quot; &#039;Helic\u00f3pteros e helic\u00f3pteros&#039;","author":"Sergio Diniz da Costa","date":"9 de outubro de 2018","format":false,"excerpt":"\"A primeira vez que voei de helic\u00f3ptero n\u00e3o poderia ser uma estreia melhor: sobrevoar a ilha de Manhattan. Ver New York com a vis\u00e3o de um p\u00e1ssaro!\" \u00a0 H\u00e1 quem morra de medo de voar. Voar num helic\u00f3ptero ent\u00e3o, nem pensar! Bate o p\u00e2nico e o medo toma conta impedindo\u2026","rel":"","context":"Em &quot;Comunica\u00e7\u00e3o&quot;","block_context":{"text":"Comunica\u00e7\u00e3o","link":"http:\/\/jornalrol.com.br\/?cat=7"},"img":{"alt_text":"","src":"https:\/\/i0.wp.com\/www.jornalrol.com.br\/wp-content\/uploads\/2018\/10\/41856545_536124080179853_7857447547667742720_n-1-225x300.jpg?resize=350%2C200","width":350,"height":200},"classes":[]},{"id":21911,"url":"http:\/\/jornalrol.com.br\/?p=21911","url_meta":{"origin":21117,"position":3},"title":"Ana Esther Balb\u00e3o Pithan \u00e9 a nova Correspondente Cultural do ROL","author":"Sergio Diniz da Costa","date":"26 de outubro de 2018","format":false,"excerpt":"\u00a0Como primeira colabora\u00e7\u00e3o, entrevista os idealizadores do\u00a0Sarau do QuintALL, evento art\u00edstico mensal gratuito que ocorre no norte da ilha de Santa Catarina, desde fevereiro de 2014 Ana Esther Balb\u00e3o Pithan passou a fazer parte recentemente do Time de Colunistas do ROL e, agora, passa a ser, tamb\u00e9m, Correspondente Cultural, de\u2026","rel":"","context":"Em &quot;Comunica\u00e7\u00e3o&quot;","block_context":{"text":"Comunica\u00e7\u00e3o","link":"http:\/\/jornalrol.com.br\/?cat=7"},"img":{"alt_text":"","src":"https:\/\/i0.wp.com\/www.jornalrol.com.br\/wp-content\/uploads\/2018\/10\/41856545_536124080179853_7857447547667742720_n-2-225x300.jpg?resize=350%2C200","width":350,"height":200},"classes":[]},{"id":7215,"url":"http:\/\/jornalrol.com.br\/?p=7215","url_meta":{"origin":21117,"position":4},"title":"Solenidade de conclus\u00e3o do curso de Ingl\u00eas para a Comunidade de Itapetininga","author":"Helio Rubens","date":"17 de dezembro de 2016","format":false,"excerpt":"A solenidade aconteceu dia 15 na Fatec de Itapetininga\u00a0 As 20 horas da quinta feira do dia 15 de dezembro de 2016 foi realizada a solenidade de certifica\u00e7\u00e3o da IV Turma de formandos do Curso B\u00e1sico de Ingl\u00eas para a Comunidade do Programa Fatec Idiomas - \u00e1rea de Ingl\u00eas. Fundado\u2026","rel":"","context":"Em &quot;Comunica\u00e7\u00e3o&quot;","block_context":{"text":"Comunica\u00e7\u00e3o","link":"http:\/\/jornalrol.com.br\/?cat=7"},"img":{"alt_text":"e1-2","src":"https:\/\/i0.wp.com\/www.jornalrol.com.br\/wp-content\/uploads\/2016\/12\/e1-2-300x193.jpg?resize=350%2C200","width":350,"height":200},"classes":[]},{"id":69010,"url":"http:\/\/jornalrol.com.br\/?p=69010","url_meta":{"origin":21117,"position":5},"title":"As cores de cada hist\u00f3ria","author":"Lee Oliveira","date":"30 de agosto de 2024","format":false,"excerpt":"Resenha do livro 'As cores de cada hist\u00f3ria. Um voo nas narrativas de professores', de Carla Conto e Michely Gomes Avelar, pela Editora Scotti Capa do livro 'As cores de cada hist\u00f3ria...' RESENHA Um livro inspirador que conta a hist\u00f3ria de doze professores, seus sonhos, suas lutas e suas vit\u00f3rias,\u2026","rel":"","context":"Em &quot;Literatura&quot;","block_context":{"text":"Literatura","link":"http:\/\/jornalrol.com.br\/?cat=9285"},"img":{"alt_text":"Capa do livro As cores de Cada Hist\u00f3ria de Carla Conto e Michely Gomes Avelar","src":"https:\/\/i0.wp.com\/jornalrol.com.br\/wp-content\/uploads\/2024\/08\/WhatsApp-Image-2024-05-08-at-15.43.15.jpeg?resize=350%2C200","width":350,"height":200,"srcset":"https:\/\/i0.wp.com\/jornalrol.com.br\/wp-content\/uploads\/2024\/08\/WhatsApp-Image-2024-05-08-at-15.43.15.jpeg?resize=350%2C200 1x, https:\/\/i0.wp.com\/jornalrol.com.br\/wp-content\/uploads\/2024\/08\/WhatsApp-Image-2024-05-08-at-15.43.15.jpeg?resize=525%2C300 1.5x, https:\/\/i0.wp.com\/jornalrol.com.br\/wp-content\/uploads\/2024\/08\/WhatsApp-Image-2024-05-08-at-15.43.15.jpeg?resize=700%2C400 2x"},"classes":[]}],"_links":{"self":[{"href":"http:\/\/jornalrol.com.br\/index.php?rest_route=\/wp\/v2\/posts\/21117","targetHints":{"allow":["GET"]}}],"collection":[{"href":"http:\/\/jornalrol.com.br\/index.php?rest_route=\/wp\/v2\/posts"}],"about":[{"href":"http:\/\/jornalrol.com.br\/index.php?rest_route=\/wp\/v2\/types\/post"}],"author":[{"embeddable":true,"href":"http:\/\/jornalrol.com.br\/index.php?rest_route=\/wp\/v2\/users\/6"}],"replies":[{"embeddable":true,"href":"http:\/\/jornalrol.com.br\/index.php?rest_route=%2Fwp%2Fv2%2Fcomments&post=21117"}],"version-history":[{"count":0,"href":"http:\/\/jornalrol.com.br\/index.php?rest_route=\/wp\/v2\/posts\/21117\/revisions"}],"wp:attachment":[{"href":"http:\/\/jornalrol.com.br\/index.php?rest_route=%2Fwp%2Fv2%2Fmedia&parent=21117"}],"wp:term":[{"taxonomy":"category","embeddable":true,"href":"http:\/\/jornalrol.com.br\/index.php?rest_route=%2Fwp%2Fv2%2Fcategories&post=21117"},{"taxonomy":"post_tag","embeddable":true,"href":"http:\/\/jornalrol.com.br\/index.php?rest_route=%2Fwp%2Fv2%2Ftags&post=21117"}],"curies":[{"name":"wp","href":"https:\/\/api.w.org\/{rel}","templated":true}]}}