{"id":23109,"date":"2018-12-08T13:53:01","date_gmt":"2018-12-08T15:53:01","guid":{"rendered":"http:\/\/www.jornalrol.com.br\/?p=23109"},"modified":"2018-12-08T13:53:01","modified_gmt":"2018-12-08T15:53:01","slug":"sergio-diniz-da-costa-num-canto-da-rua","status":"publish","type":"post","link":"http:\/\/jornalrol.com.br\/?p=23109","title":{"rendered":"Sergio Diniz da Costa: &#039;Num canto da rua&#8230;&#039;"},"content":{"rendered":"<div class=\"pdfprnt-buttons pdfprnt-buttons-post pdfprnt-top-right\"><a href=\"http:\/\/jornalrol.com.br\/index.php?rest_route=%2Fwp%2Fv2%2Fposts%2F23109&print=pdf\" class=\"pdfprnt-button pdfprnt-button-pdf\" target=\"_blank\" ><\/a><a href=\"http:\/\/jornalrol.com.br\/index.php?rest_route=%2Fwp%2Fv2%2Fposts%2F23109&print=print\" class=\"pdfprnt-button pdfprnt-button-print\" target=\"_blank\" ><img decoding=\"async\" src=\"https:\/\/jornalrol.com.br\/wp-content\/plugins\/pdf-print\/images\/print.png\" alt=\"image_print\" title=\"Conte\u00fado de impress\u00e3o\" \/><\/a><\/div><h3><\/h3>\n<figure id=\"attachment_36547\" aria-describedby=\"caption-attachment-36547\" style=\"width: 116px\" class=\"wp-caption aligncenter\"><a href=\"http:\/\/www.jornalrol.com.br\/sergio-diniz-da-costa-a-revolta-da-crase\/31958932_1530139587108097_1690179088217538560_o-1\/\" rel=\"attachment wp-att-36547\"><img loading=\"lazy\" decoding=\"async\" data-attachment-id=\"36547\" data-permalink=\"http:\/\/jornalrol.com.br\/?attachment_id=36547\" data-orig-file=\"http:\/\/jornalrol.com.br\/wp-content\/uploads\/2021\/01\/31958932_1530139587108097_1690179088217538560_o-1.jpg\" data-orig-size=\"1440,1438\" data-comments-opened=\"0\" data-image-meta=\"{&quot;aperture&quot;:&quot;0&quot;,&quot;credit&quot;:&quot;&quot;,&quot;camera&quot;:&quot;&quot;,&quot;caption&quot;:&quot;&quot;,&quot;created_timestamp&quot;:&quot;0&quot;,&quot;copyright&quot;:&quot;&quot;,&quot;focal_length&quot;:&quot;0&quot;,&quot;iso&quot;:&quot;0&quot;,&quot;shutter_speed&quot;:&quot;0&quot;,&quot;title&quot;:&quot;&quot;,&quot;orientation&quot;:&quot;0&quot;}\" data-image-title=\"31958932_1530139587108097_1690179088217538560_o (1)\" data-image-description=\"\" data-image-caption=\"&lt;p&gt;Sergio Diniz. Foto por Te\u00f3filo Negr\u00e3o Duarte&lt;\/p&gt;\n\" data-large-file=\"http:\/\/jornalrol.com.br\/wp-content\/uploads\/2021\/01\/31958932_1530139587108097_1690179088217538560_o-1.jpg\" class=\" wp-image-36547\" src=\"http:\/\/www.jornalrol.com.br\/wp-content\/uploads\/2021\/01\/31958932_1530139587108097_1690179088217538560_o-1-300x300.jpg\" alt=\"\" width=\"116\" height=\"116\" \/><\/a><figcaption id=\"caption-attachment-36547\" class=\"wp-caption-text\">Sergio Diniz. Foto por Te\u00f3filo Negr\u00e3o Duarte<\/figcaption><\/figure>\n<h3 style=\"text-align: center;\"><em>Adriane e Thor est\u00e3o ali, num canto da rua, semelhantes a uma vitrine. Uma vitrine sem brilho e sem enfeites. Uma vitrine para ser apreciada somente por aqueles que t\u00eam olhos de ver e cora\u00e7\u00e3o de sentir!&#8221;<\/em><\/h3>\n<p><!--more--><\/p>\n<p>Adriane \u00e9 uma moradora de rua de Sorocaba. \u2018Moradora de rua\u2019, em termos, porquanto sua \u2018casa\u2019 \u00e9 um im\u00f3vel abandonado, perto do F\u00f3rum Velho.<\/p>\n<p>Nascida em Santos (SP), perdeu a m\u00e3e quando era crian\u00e7a. E seu pai, perdeu-o para a vida errante.<\/p>\n<p>Os Ventos da Vida a trouxeram para a \u2018Terra Rasgada\u2019, na esperan\u00e7a de dias melhores. Entretanto, decorrente da falta de escolaridade, n\u00e3o consegue emprego formal. E, por causa da apar\u00eancia, sequer como empregada dom\u00e9stica ou faxineira (porque, afinal de contas, quem em \u2018s\u00e3 consci\u00eancia\u2019 a colocaria para dentro de casa para trabalhar, n\u00e3o \u00e9 mesmo?).<\/p>\n<p>Aqui, n\u00e3o tem familiares, parentes ou amigos. Ou, melhor dizendo, ela tem um amigo, sim! E foi ele quem me chamou a aten\u00e7\u00e3o, quando passei por ela. Dele, a princ\u00edpio, pude ver t\u00e3o somente a carinha, porque o corpo estava envolto por uma manta velha, mas aconchegante. Ele se chama Thor e tem 2 anos de idade. Thor n\u00e3o fala, pois a M\u00e3e Natureza n\u00e3o o dotou de tal habilidade. E, aparentemente, tamb\u00e9m n\u00e3o pensa, pela mesma raz\u00e3o. Por\u00e9m, em sua mudez de palavras e em sua aparente falta de pensar, Thor compensa tais dons com outro predicado: o dom da amizade; da amizade pura, da amizade incondicional.<\/p>\n<p>Adriane, quando nada ganha, a t\u00edtulo de esmola, \u00e0s vezes passa fome, \u00e0s vezes, frio. Solid\u00e3o, solid\u00e3o pela falta de pessoas pr\u00f3ximas, sempre! Thor, no entanto, desde que est\u00e1 com ela (a antiga dona n\u00e3o o quis mais), n\u00e3o passa fome e nem frio. E nunca est\u00e1 s\u00f3. E nem s\u00f3 deixa Adriane.<\/p>\n<p>Passo por Adriane e por Thor na rua e registro esta breve hist\u00f3ria, com palavras e imagem.<\/p>\n<p>Deixo-lhe algum dinheiro para um caf\u00e9 da manh\u00e3, afago a cabe\u00e7a de Thor (que, em retribui\u00e7\u00e3o, lambe minha m\u00e3o e finge mord\u00ea-la) e sigo meu caminho.<\/p>\n<p>Sigo meu caminho, alheio \u00e0s coisas e pessoas \u00e0 minha volta. Apenas pensando, refletindo sobre o momento em que, vendo aquele c\u00e3ozinho aquecido dentro da manta, parei para conversar com sua dona, a moradora de rua Adriane.<\/p>\n<p>Adriane, materialmente, \u00e9 miser\u00e1vel. P\u00e1ria da sociedade. Para n\u00f3s, os humanos, certamente nada tendo para oferecer. E, assim sendo, muitos que passam por ela n\u00e3o a veem. N\u00e3o obstante, algo nela atraiu o pequeno Thor, por la\u00e7os que os olhos comuns n\u00e3o veem.<\/p>\n<p>Adriane e Thor est\u00e3o ali, em algum canto da rua, semelhantes a uma vitrine. Uma vitrine sem brilho e sem enfeites. Uma vitrine para ser apreciada somente por aqueles que t\u00eam olhos de ver e cora\u00e7\u00e3o de sentir!<\/p>\n<p>&nbsp;<\/p>\n<p><strong>Sergio Diniz da Costa<\/strong>\u00a0&#8211; jornalculturalrol@gmail.com<\/p>\n<h3 style=\"text-align: center;\"><\/h3>\n","protected":false},"excerpt":{"rendered":"<p>Adriane e Thor est\u00e3o ali, num canto da rua, semelhantes a uma vitrine. Uma vitrine sem brilho e sem enfeites. Uma vitrine para ser apreciada somente por aqueles que t\u00eam olhos de ver e cora\u00e7\u00e3o de sentir!&#8221;<\/p>\n","protected":false},"author":6,"featured_media":23111,"comment_status":"closed","ping_status":"closed","sticky":false,"template":"","format":"standard","meta":{"_jetpack_newsletter_access":"","_jetpack_dont_email_post_to_subs":false,"_jetpack_newsletter_tier_id":0,"_jetpack_memberships_contains_paywalled_content":false,"_jetpack_memberships_contains_paid_content":false,"footnotes":""},"categories":[7],"tags":[],"class_list":["post-23109","post","type-post","status-publish","format-standard","has-post-thumbnail","hentry","category-comunicacao"],"aioseo_notices":[],"views":340,"jetpack_featured_media_url":"","jetpack_sharing_enabled":true,"jetpack_likes_enabled":true,"jetpack-related-posts":[{"id":61412,"url":"http:\/\/jornalrol.com.br\/?p=61412","url_meta":{"origin":23109,"position":0},"title":"Adriane e Thor","author":"Sergio Diniz da Costa","date":"28 de setembro de 2023","format":false,"excerpt":"Adriane \u00e9 uma moradora de rua de Sorocaba. \u2018Moradora de rua\u2019, em termos, porquanto sua \u2018casa\u2019 \u00e9 um im\u00f3vel abandonado, perto do F\u00f3rum Velho. Perdeu a m\u00e3e...","rel":"","context":"Em &quot;Cr\u00f4nicas&quot;","block_context":{"text":"Cr\u00f4nicas","link":"http:\/\/jornalrol.com.br\/?cat=9392"},"img":{"alt_text":"Sergio diniz","src":"https:\/\/i0.wp.com\/jornalrol.com.br\/wp-content\/uploads\/2023\/09\/369310038_1960893947611577_8225088201759754324_n.jpg?resize=350%2C200","width":350,"height":200,"srcset":"https:\/\/i0.wp.com\/jornalrol.com.br\/wp-content\/uploads\/2023\/09\/369310038_1960893947611577_8225088201759754324_n.jpg?resize=350%2C200 1x, https:\/\/i0.wp.com\/jornalrol.com.br\/wp-content\/uploads\/2023\/09\/369310038_1960893947611577_8225088201759754324_n.jpg?resize=525%2C300 1.5x"},"classes":[]},{"id":63536,"url":"http:\/\/jornalrol.com.br\/?p=63536","url_meta":{"origin":23109,"position":1},"title":"Em busca do meu Natal","author":"Sergio Diniz da Costa","date":"24 de dezembro de 2023","format":false,"excerpt":"A vitrine e o interior da grande loja da esquina estavam totalmente tomados pela decora\u00e7\u00e3o de Natal. Um Papai Noel mec\u00e2nico, tamanho adulto, postado na...","rel":"","context":"Em &quot;Literatura&quot;","block_context":{"text":"Literatura","link":"http:\/\/jornalrol.com.br\/?cat=9285"},"img":{"alt_text":"Um menino descal\u00e7o, com camisa desbotada e um cau\u00e7\u00e3o surrado...","src":"https:\/\/i0.wp.com\/jornalrol.com.br\/wp-content\/uploads\/2023\/12\/OIG-4-1.jpg?resize=350%2C200","width":350,"height":200,"srcset":"https:\/\/i0.wp.com\/jornalrol.com.br\/wp-content\/uploads\/2023\/12\/OIG-4-1.jpg?resize=350%2C200 1x, https:\/\/i0.wp.com\/jornalrol.com.br\/wp-content\/uploads\/2023\/12\/OIG-4-1.jpg?resize=525%2C300 1.5x, https:\/\/i0.wp.com\/jornalrol.com.br\/wp-content\/uploads\/2023\/12\/OIG-4-1.jpg?resize=700%2C400 2x"},"classes":[]},{"id":7307,"url":"http:\/\/jornalrol.com.br\/?p=7307","url_meta":{"origin":23109,"position":2},"title":"Sergio Diniz da Costa: &#039;Em busca do meu Natal&#039;","author":"Sergio Diniz da Costa","date":"24 de dezembro de 2016","format":false,"excerpt":"\"A primeira impress\u00e3o que tive foi de que se tratava de uma crian\u00e7a de rua, abandonada. E, em assim o sendo, tudo daquela vitrine e do interior da loja representava-lhe t\u00e3o somente sonhos.\" A vitrine e o interior da grande loja da esquina estavam totalmente tomados pela decora\u00e7\u00e3o de Natal.\u2026","rel":"","context":"Em &quot;Comunica\u00e7\u00e3o&quot;","block_context":{"text":"Comunica\u00e7\u00e3o","link":"http:\/\/jornalrol.com.br\/?cat=7"},"img":{"alt_text":"","src":"https:\/\/i0.wp.com\/www.jornalrol.com.br\/wp-content\/uploads\/2021\/01\/31958932_1530139587108097_1690179088217538560_o-1-300x300.jpg?resize=350%2C200","width":350,"height":200},"classes":[]},{"id":31218,"url":"http:\/\/jornalrol.com.br\/?p=31218","url_meta":{"origin":23109,"position":3},"title":"JORNAL CULTURAL ROL COMPLETA 26 ANOS SEM FESTA NESTE ANO","author":"Helio Rubens","date":"27 de abril de 2020","format":false,"excerpt":"26 ANOS A SERVI\u00c7O DA CULTURA \u00a0 Car\u00edssimos colunistas, correspondentes, colaboradores e leitores do Jornal Cultural ROL! Neste m\u00eas o ROL est\u00e1 completando 26 anos! Mais de \u00bc de s\u00e9culo prestando um servi\u00e7o gratuito \u00e0 Cultura! S\u00e3o 26 anos ininterruptos servindo como uma \u2018Vitrine Cultural\u2019, por meio da qual eventos\u2026","rel":"","context":"Em &quot;Comunica\u00e7\u00e3o&quot;","block_context":{"text":"Comunica\u00e7\u00e3o","link":"http:\/\/jornalrol.com.br\/?cat=7"},"img":{"alt_text":"","src":"https:\/\/i0.wp.com\/www.jornalrol.com.br\/wp-content\/uploads\/2018\/12\/nova-marca-ROL-sem-fundo-300x121.png?resize=350%2C200","width":350,"height":200},"classes":[]},{"id":21549,"url":"http:\/\/jornalrol.com.br\/?p=21549","url_meta":{"origin":23109,"position":4},"title":"Adriana Negrini: &#039;Sonhos&#039;","author":"Sergio Diniz da Costa","date":"15 de outubro de 2018","format":false,"excerpt":"\"Feche os olhos.\/\u00a0Sinta a vida que pulsa em voc\u00ea\/\u00a0Sentindo essa vida pura\/\u00a0Toda poesia... ...\" \u00a0 Sonhos Feche os olhos. Sinta a vida que pulsa em voc\u00ea Sentindo essa vida pura Toda poesia... ... Pense no mar Ou\u00e7a-o cantar Do vai e vem de suas ondas. Percorra, em seus pensamentos, As\u2026","rel":"","context":"Em &quot;Comunica\u00e7\u00e3o&quot;","block_context":{"text":"Comunica\u00e7\u00e3o","link":"http:\/\/jornalrol.com.br\/?cat=7"},"img":{"alt_text":"","src":"https:\/\/i0.wp.com\/www.jornalrol.com.br\/wp-content\/uploads\/2018\/05\/Adriana-Negrini-310x318-292x300.jpg?resize=350%2C200","width":350,"height":200},"classes":[]},{"id":20363,"url":"http:\/\/jornalrol.com.br\/?p=20363","url_meta":{"origin":23109,"position":5},"title":"Adriana Negrini: &#039;A vida&#039;","author":"Sergio Diniz da Costa","date":"20 de agosto de 2018","format":false,"excerpt":"\"A vida \u00e9 uma preciosidade!\/\u00a0\u00c9 o desabrochar das plantas na primavera,\/\u00a0O amadurecimento das frutas no outono,\/\u00a0O ritmo da Terra e da natureza.\" \u00a0 \u00a0 \u00a0 \u00a0 \u00a0 \u00a0 \u00a0 \u00a0 \u00a0 \u00a0A vida A vida \u00e9 uma preciosidade! \u00c9 o desabrochar das plantas na primavera, O amadurecimento das frutas no\u2026","rel":"","context":"Em &quot;Comunica\u00e7\u00e3o&quot;","block_context":{"text":"Comunica\u00e7\u00e3o","link":"http:\/\/jornalrol.com.br\/?cat=7"},"img":{"alt_text":"","src":"https:\/\/i0.wp.com\/www.jornalrol.com.br\/wp-content\/uploads\/2018\/05\/Adriana-Negrini-310x318-292x300.jpg?resize=350%2C200","width":350,"height":200},"classes":[]}],"_links":{"self":[{"href":"http:\/\/jornalrol.com.br\/index.php?rest_route=\/wp\/v2\/posts\/23109","targetHints":{"allow":["GET"]}}],"collection":[{"href":"http:\/\/jornalrol.com.br\/index.php?rest_route=\/wp\/v2\/posts"}],"about":[{"href":"http:\/\/jornalrol.com.br\/index.php?rest_route=\/wp\/v2\/types\/post"}],"author":[{"embeddable":true,"href":"http:\/\/jornalrol.com.br\/index.php?rest_route=\/wp\/v2\/users\/6"}],"replies":[{"embeddable":true,"href":"http:\/\/jornalrol.com.br\/index.php?rest_route=%2Fwp%2Fv2%2Fcomments&post=23109"}],"version-history":[{"count":0,"href":"http:\/\/jornalrol.com.br\/index.php?rest_route=\/wp\/v2\/posts\/23109\/revisions"}],"wp:featuredmedia":[{"embeddable":true,"href":"http:\/\/jornalrol.com.br\/index.php?rest_route=\/"}],"wp:attachment":[{"href":"http:\/\/jornalrol.com.br\/index.php?rest_route=%2Fwp%2Fv2%2Fmedia&parent=23109"}],"wp:term":[{"taxonomy":"category","embeddable":true,"href":"http:\/\/jornalrol.com.br\/index.php?rest_route=%2Fwp%2Fv2%2Fcategories&post=23109"},{"taxonomy":"post_tag","embeddable":true,"href":"http:\/\/jornalrol.com.br\/index.php?rest_route=%2Fwp%2Fv2%2Ftags&post=23109"}],"curies":[{"name":"wp","href":"https:\/\/api.w.org\/{rel}","templated":true}]}}