{"id":23134,"date":"2018-12-09T20:48:39","date_gmt":"2018-12-09T22:48:39","guid":{"rendered":"http:\/\/www.jornalrol.com.br\/?p=23134"},"modified":"2018-12-09T20:48:39","modified_gmt":"2018-12-09T22:48:39","slug":"celso-lungaretti-ai-5-x-50-anos-memoria-historica-depoimento-pessoal-de-celso-lungaretti-e-documento-o-dia-que-nao-existiu","status":"publish","type":"post","link":"http:\/\/jornalrol.com.br\/?p=23134","title":{"rendered":"Celso Lungaretti: AI-5 X 50 anos: mem\u00f3ria hist\u00f3rica, depoimento pessoal de Celso Lungaretti e documento &quot;O dia que n\u00e3o existiu&quot;"},"content":{"rendered":"<div class=\"pdfprnt-buttons pdfprnt-buttons-post pdfprnt-top-right\"><a href=\"http:\/\/jornalrol.com.br\/index.php?rest_route=%2Fwp%2Fv2%2Fposts%2F23134&print=pdf\" class=\"pdfprnt-button pdfprnt-button-pdf\" target=\"_blank\" ><\/a><a href=\"http:\/\/jornalrol.com.br\/index.php?rest_route=%2Fwp%2Fv2%2Fposts%2F23134&print=print\" class=\"pdfprnt-button pdfprnt-button-print\" target=\"_blank\" ><img decoding=\"async\" src=\"https:\/\/jornalrol.com.br\/wp-content\/plugins\/pdf-print\/images\/print.png\" alt=\"image_print\" title=\"Conte\u00fado de impress\u00e3o\" \/><\/a><\/div><h2 style=\"text-align: center;\"><a href=\"http:\/\/www.jornalrol.com.br\/wp-content\/uploads\/2017\/04\/Foto-Celso3-abril-17.jpg\"><img loading=\"lazy\" decoding=\"async\" class=\" wp-image-9671 aligncenter\" src=\"http:\/\/www.jornalrol.com.br\/wp-content\/uploads\/2017\/04\/Foto-Celso3-abril-17-225x300.jpg\" alt=\"\" width=\"175\" height=\"233\" \/><\/a><span style=\"color: #993300;\">H\u00c1 MEIO S\u00c9CULO, OS ESCR\u00daPULOS FORAM MANDADOS \u00c0S FAVAS E AS PORTAS DO INFERNO SE ABRIRAM NO BRASIL<\/span><\/h2>\n<div>\n<p style=\"text-align: right;\"><b><span style=\"color: #45818e; font-family: 'comic sans ms', sans-serif; font-size: large;\">&#8220;E voc\u00ea tendo ido,<\/span><\/b><\/p>\n<\/div>\n<div style=\"text-align: right;\">\n<p><b><span style=\"color: #45818e; font-family: 'comic sans ms', sans-serif; font-size: large;\">n\u00e3o pode voltar,<\/span><\/b><\/p>\n<\/div>\n<div style=\"text-align: right;\">\n<p><b><span style=\"color: #45818e; font-family: 'comic sans ms', sans-serif; font-size: large;\">quando sai do azul<\/span><\/b><\/p>\n<\/div>\n<div style=\"text-align: right;\">\n<p><b><span style=\"color: #45818e; font-family: 'comic sans ms', sans-serif; font-size: large;\">e entra nas trevas&#8221;<\/span><\/b><\/p>\n<\/div>\n<div style=\"text-align: right;\">\n<p><b><span style=\"color: #45818e; font-family: 'comic sans ms', sans-serif; font-size: large;\">(Neil Young,<\/span><\/b><\/p>\n<\/div>\n<div>\n<p style=\"text-align: right;\"><b><span style=\"color: #45818e; font-family: 'comic sans ms', sans-serif; font-size: large;\"><u>Hey Hey My My<\/u>)<\/span><\/b><\/p>\n<\/div>\n<p><!--more--><\/p>\n<div>\n<p><b><span style=\"font-family: verdana, sans-serif; font-size: xx-large;\"><a href=\"http:\/\/www.jornalrol.com.br\/wp-content\/uploads\/2018\/12\/images.jpg\"><img loading=\"lazy\" decoding=\"async\" class=\"size-full wp-image-23135 alignleft\" src=\"http:\/\/www.jornalrol.com.br\/wp-content\/uploads\/2018\/12\/images.jpg\" alt=\"\" width=\"192\" height=\"263\" \/><\/a>N<\/span><\/b><span style=\"font-family: times, 'times new roman', serif;\">a pr\u00f3xima 5\u00aa feira se ter\u00e1 passado meio s\u00e9culo desde que o Brasil saiu n\u00e3o do azul, mas de um cinza j\u00e1 bem escuro, para entrar nas trevas absolutas do Ato Institucional n\u00ba 5.<\/span><\/p>\n<p><span style=\"font-family: times, 'times new roman', serif;\">O 13 de dezembro de 1968 caiu numa 6\u00aa feira \u2013 a mais funesta da Hist\u00f3ria brasileira.\u00a0<\/span><span style=\"font-family: times, 'times new roman', serif;\">Foi quando 17 sinistros personagens, com uma simples canetada, deram sinal verde para torturas, assassinatos, estupros, oculta\u00e7\u00e3o de cad\u00e1veres e todo o festival de horrores dos anos subsequentes.<\/span><\/p>\n<\/div>\n<div>\n<p><span style=\"font-family: times, 'times new roman', serif;\">Eram eles o ditador Costa e Silva e 16 de seus ministros:\u00a0Albuquerque Lima (Interior); Augusto Rademaker (Marinha); Carlos Simas (Comunica\u00e7\u00f5es); Costa Cavalcanti (Minas e Energia); Delfim Netto (Fazenda); Gama e Silva (Justi\u00e7a); H\u00e9lio Beltr\u00e3o (Planejamento); Ivo Arzua (Agricultura); Jarbas Passarinho (Trabalho); Leonel Miranda (Sa\u00fade); Lyra Tavares (Ex\u00e9rcito); Macedo Soares (Ind\u00fastria e Com\u00e9rcio); Magalh\u00e3es Pinto (Rela\u00e7\u00f5es Exteriores); M\u00e1rio Andreazza (Transportes);\u00a0<\/span>Souza e Mello (Aeron\u00e1utica);\u00a0e Tarso Dutra (Educa\u00e7\u00e3o).<\/p>\n<\/div>\n<div>S\u00f3 um permanece vivo at\u00e9 hoje, Delfim Netto, que est\u00e1 com 90 anos e n\u00e3o se arrepende da autoria de uma assinatura da qual tanto sangue jorrou: continua afirmando que, apresentando-se as mesmas circunst\u00e2ncias, voltaria a proceder da mesm\u00edssima maneira.<\/div>\n<div><\/div>\n<div><span style=\"font-family: times, 'times new roman', serif;\"><a href=\"http:\/\/www.jornalrol.com.br\/wp-content\/uploads\/2018\/12\/unnamed.jpg\"><img loading=\"lazy\" decoding=\"async\" class=\"size-medium wp-image-23136 alignright\" src=\"http:\/\/www.jornalrol.com.br\/wp-content\/uploads\/2018\/12\/unnamed-300x173.jpg\" alt=\"\" width=\"300\" height=\"173\" \/><\/a><span style=\"font-family: times, 'times new roman', serif;\">O 16\u00ba a falecer foi (em junho de 2016) o igualmente empedernido Jarbas Passarinho, de origem militar,\u00a0<\/span><span style=\"font-family: times, 'times new roman', serif;\">que\u00a0 ao proferir seu voto, disse a frase mais emblem\u00e1tica daquela infame reuni\u00e3o ministerial:<\/span><br \/>\n<\/span><\/div>\n<div>\n<blockquote class=\"m_-3781276183151294706m_-1146143666466805824gmail-tr_bq\"><p><b><span style=\"color: #cc0000; font-family: 'arial black', sans-serif; font-size: large;\">&#8220;\u00c0s favas, sr. presidente, neste momento,<\/span><\/b><\/p>\n<p><b><span style=\"color: #cc0000; font-family: 'arial black', sans-serif; font-size: large;\">todos os escr\u00fapulos de consci\u00eancia&#8221;.<\/span><span style=\"color: #cc0000; font-family: 'trebuchet ms', sans-serif;\">\u00a0<\/span><\/b><\/p><\/blockquote>\n<div>\n<div>\n<p><span style=\"font-family: times, 'times new roman', serif;\">Ele continuou, pelas d\u00e9cadas adentro, enturmado com as aves de mau agouro, sempre defendendo o regime de exce\u00e7\u00e3o ao qual serviu nas equipes ministeriais de Costa e Silva, M\u00e9dici e Figueiredo.<\/span><\/p>\n<\/div>\n<\/div>\n<p><span style=\"font-family: times, 'times new roman', serif;\">Um m\u00eas depois chegou a vez de Rondon Pacheco, cuja assinatura n\u00e3o consta do documento, embora chefiasse\u00a0<\/span><span style=\"font-family: times, 'times new roman', serif;\">o Gabinete Civil. Talvez a lacuna se deva a haver sido um personagem reticente naquele momento, tendo inclusive tentado fixar um prazo para a vig\u00eancia do AI-5: um ano apenas.\u00a0<\/span><\/p>\n<p><span style=\"font-family: times, 'times new roman', serif;\"><a href=\"http:\/\/www.jornalrol.com.br\/wp-content\/uploads\/2018\/12\/unnamed-1.jpg\"><img loading=\"lazy\" decoding=\"async\" class=\"size-medium wp-image-23137 alignleft\" src=\"http:\/\/www.jornalrol.com.br\/wp-content\/uploads\/2018\/12\/unnamed-1-300x281.jpg\" alt=\"\" width=\"300\" height=\"281\" \/><\/a>Outra voz dissonante foi a do vice-presidente Pedro Aleixo, que inclusive empenhou-se adiante em restabelecer a legalidade. Chegou a convencer Costa e Silva, mas este morreu antes de concretizar o intento (coincid\u00eancia?).<br \/>\n<\/span><\/p>\n<\/div>\n<div>\n<p><span style=\"font-family: times, 'times new roman', serif;\">O \u00a0<b><i><span style=\"font-family: arial, helvetica, sans-serif; font-size: large;\">golpe dentro do golpe<\/span><\/i><\/b>, que levou ao paroxismo o fechamento ditatorial do Pa\u00eds, foi o lance decisivo da disputa interna entre a\u00a0<b><i><span style=\"font-family: verdana, sans-serif;\">linha dura<\/span><\/i><\/b>\u00a0militar (que queria radicalizar o arb\u00edtrio) e os conspiradores originais (oficiais veteranos da participa\u00e7\u00e3o brasileira na 2\u00aa Guerra Mundial).<\/span><\/p>\n<\/div>\n<div>\u00a0<span style=\"font-family: times, 'times new roman', serif;\">Os \u00faltimos, encabe\u00e7ados por Castello Branco, pretendiam usurpar o poder por pouco tempo. Falavam numa\u00a0<\/span><b style=\"font-family: times, 'times new roman', serif;\"><i><span style=\"font-family: arial, helvetica, sans-serif; font-size: large;\">interven\u00e7\u00e3o cir\u00fargica<\/span><\/i><\/b><span style=\"font-family: times, 'times new roman', serif;\">, durante a qual imporiam medidas que modernizassem o Estado e enfraquecessem a esquerda (pris\u00f5es, persegui\u00e7\u00f5es, cassa\u00e7\u00f5es, extin\u00e7\u00e3o de entidades legais, etc.).\u00a0<\/span><\/div>\n<div>\n<p><span style=\"font-family: times, 'times new roman', serif;\">Aprenderam, contudo, que implantar uma ditadura \u00e9 bem mais f\u00e1cil que dar-lhe fim.<\/span><\/p>\n<\/div>\n<div><span style=\"font-family: times, 'times new roman', serif;\">As duas posi\u00e7\u00f5es competiram acirradamente pela hegemonia na caserna ao longo de 1968, mas o crescimento dos movimentos contestat\u00f3rios fez a balan\u00e7a pender para \u00a0o lado dos ferrabrases.\u00a0<\/span><\/div>\n<div>\n<p><span style=\"font-family: times, 'times new roman', serif;\">Estes iam ao encontro da cultura de intoler\u00e2ncia que grassava nos quart\u00e9is, pois se propunham a dotar o regime de meios para reagir com maior contund\u00eancia \u00e0s manifesta\u00e7\u00f5es de rua e ao desafio das organiza\u00e7\u00f5es armadas, passando por cima dos direitos humanos e das garantias constitucionais.<\/span><\/p>\n<\/div>\n<div>\n<p><span style=\"font-family: times, 'times new roman', serif;\"><a href=\"http:\/\/www.jornalrol.com.br\/wp-content\/uploads\/2018\/12\/unnamed-2.jpg\"><img loading=\"lazy\" decoding=\"async\" class=\"size-medium wp-image-23138 alignright\" src=\"http:\/\/www.jornalrol.com.br\/wp-content\/uploads\/2018\/12\/unnamed-2-300x157.jpg\" alt=\"\" width=\"300\" height=\"157\" \/><\/a>Pesaram tamb\u00e9m os interesses mesquinhos dos oficiais das tr\u00eas Armas, seduzidos pelas perspectivas que o prolongamento do regime de exce\u00e7\u00e3o e a amplia\u00e7\u00e3o dos poderes ditatoriais abriam para seu enriquecimento pessoal:<\/span><\/p>\n<\/div>\n<ul>\n<li><span style=\"font-family: times, 'times new roman', serif;\">os da ativa, como gestores de um setor estatal que estava sendo cada vez mais inflado, ou como benefici\u00e1rios de suas\u00a0<b><i><span style=\"font-family: arial, helvetica, sans-serif; font-size: large;\">boquinhas<\/span><\/i><\/b>; e<\/span><\/li>\n<li><span style=\"font-family: times, 'times new roman', serif;\">os da reserva como facilitadores dos favores oficiais (quase todos os grandes grupos privados contrataram militares reformados para integrarem seus conselhos de administra\u00e7\u00e3o, como forma de terem seus interesses contemplados nos altos escal\u00f5es governamentais).<\/span><\/li>\n<\/ul>\n<div>\n<p><span style=\"font-family: times, 'times new roman', serif;\">O pretexto para a nova virada de mesa foi um discurso exaltado do deputado M\u00e1rcio Moreira Alves numa sess\u00e3o esvaziada (o chamado\u00a0<b><i><span style=\"font-family: verdana, sans-serif;\">pequeno expediente<\/span><\/i><\/b>) da C\u00e2mara Federal, no in\u00edcio de setembro de 1968.<\/span><\/p>\n<\/div>\n<div>\n<figure id=\"attachment_23139\" aria-describedby=\"caption-attachment-23139\" style=\"width: 196px\" class=\"wp-caption alignleft\"><a href=\"http:\/\/www.jornalrol.com.br\/wp-content\/uploads\/2018\/12\/unnamed-3.jpg\"><img loading=\"lazy\" decoding=\"async\" class=\"wp-image-23139 size-medium\" src=\"http:\/\/www.jornalrol.com.br\/wp-content\/uploads\/2018\/12\/unnamed-3-196x300.jpg\" alt=\"\" width=\"196\" height=\"300\" \/><\/a><figcaption id=\"caption-attachment-23139\" class=\"wp-caption-text\">Discurso errado, hora errada<\/figcaption><\/figure>\n<p><span style=\"font-family: times, 'times new roman', serif;\">Tratava-se de uma lengalenga sem verdadeira import\u00e2ncia (inclu\u00eda at\u00e9 uma sugest\u00e3o \u00e0s mo\u00e7as, de que n\u00e3o namorassem alunos das academias militares\u00a0\u2013vide\u00a0<\/span><a href=\"http:\/\/www1.folha.uol.com.br\/poder\/2009\/04\/545663-leia-discurso-historico-do-ex-deputado-marcio-moreira-alves.shtml\" target=\"_blank\" rel=\"noopener\" data-saferedirecturl=\"https:\/\/www.google.com\/url?q=http:\/\/www1.folha.uol.com.br\/poder\/2009\/04\/545663-leia-discurso-historico-do-ex-deputado-marcio-moreira-alves.shtml&amp;source=gmail&amp;ust=1544479011780000&amp;usg=AFQjCNGrqpVbaEiztW1hkqyPI1KysnYXow\"><b><span style=\"color: #ff0000; font-family: verdana, sans-serif;\">aqui<\/span><\/b><\/a><span style=\"font-family: times, 'times new roman', serif;\">), proferida apenas para constar dos anais e poder ser exibida depois aos eleitores, quando ele lhes fosse pedir votos no pleito seguinte.<\/span><\/p>\n<p><span style=\"font-family: times, 'times new roman', serif;\">Mas, um jornalista favor\u00e1vel ao arb\u00edtrio vislumbrou a oportunidade de uma provoca\u00e7\u00e3o e trombeteou-a; em seguida, os partid\u00e1rios do enrijecimento a divulgaram amplamente, mimeografada, entre os fardados, insuflando a indigna\u00e7\u00e3o.<\/span><\/p>\n<p><span style=\"font-family: times, 'times new roman', serif;\">As For\u00e7as Armadas se declararam atingidas e o governo pediu ao Congresso Nacional a abertura de um processo visando \u00e0 cassa\u00e7\u00e3o de Moreira Alves.\u00a0<\/span><\/p>\n<p><span style=\"font-family: times, 'times new roman', serif;\">Os parlamentares, depois de em tantas ocasi\u00f5es, t\u00e3o vergonhosamente, se prostrarem aos ultimatos da caserna, daquela vez recha\u00e7aram o pedido, temendo que outras cabe\u00e7as fossem exigidas na sequ\u00eancia e a ca\u00e7a \u00e0s bruxas acabasse extinguindo o mandato de muitos deles.\u00a0<\/span><\/p>\n<p><span style=\"font-family: times, 'times new roman', serif;\">Pateticamente, encerraram a sess\u00e3o cantando o Hino Nacional, sem perceberem que tinham \u00e9 escancarado as portas d<\/span><span style=\"font-family: times, 'times new roman', serif;\">o inferno.<\/span><\/p>\n<div><span style=\"font-family: times, 'times new roman', serif;\">A resposta da ditadura foi imediata e a mais tir\u00e2nica poss\u00edvel: colocou os Legislativos federal e estaduais em recesso e imp\u00f4s \u00e0 Na\u00e7\u00e3o, na marra, novas e terr\u00edveis regras do jogo.<\/span><\/div>\n<p><span style=\"font-family: times, 'times new roman', serif;\"><a href=\"http:\/\/www.jornalrol.com.br\/wp-content\/uploads\/2018\/12\/unnamed-4.jpg\"><img loading=\"lazy\" decoding=\"async\" class=\"size-full wp-image-23140 alignright\" src=\"http:\/\/www.jornalrol.com.br\/wp-content\/uploads\/2018\/12\/unnamed-4.jpg\" alt=\"\" width=\"195\" height=\"259\" \/><\/a>O presidente da Rep\u00fablica (escolhido por um Congresso Nacional expurgado e intimidado) passou a ter plenos poderes para cassar mandatos eletivos, suspender direitos pol\u00edticos, demitir ou aposentar ju\u00edzes e outros funcion\u00e1rios p\u00fablicos, suspender o habeas-corpus em crimes contra a seguran\u00e7a nacional, legislar por decreto e julgar crimes pol\u00edticos em tribunais militares, dentre outras medidas totalit\u00e1rias.<\/span><\/p>\n<\/div>\n<div>\n<div>\n<p><span style=\"font-family: times, 'times new roman', serif;\">Principal ferramenta do terrorismo de estado, o AI-5 s\u00f3 seria atirado na lixeira dez anos depois. Nesse meio tempo, centenas de resistentes foram executados, dezenas de milhares torturados, mais de uma centena de parlamentares cassados, um sem-n\u00famero de funcion\u00e1rios p\u00fablicos no olho da rua, a arte amorda\u00e7ada (mais de 500 filmes, 450 pe\u00e7as teatrais, 200 livros e umas 500 can\u00e7\u00f5es sofreram os rigores da censura), etc.<\/span><\/p>\n<\/div>\n<div>\u00a0<span style=\"font-family: times, 'times new roman', serif;\">Quando os\u00a0<\/span><b style=\"font-family: times, 'times new roman', serif;\"><i><span style=\"font-family: arial, helvetica, sans-serif; font-size: large;\">gorilas<\/span><\/i><\/b><span style=\"font-family: times, 'times new roman', serif;\">\u00a0sa\u00edram do arm\u00e1rio, o Brasil entrou no per\u00edodo mais bestial e vergonhoso de sua Hist\u00f3ria.<\/span><\/div>\n<div>\n<div>\u00a0<span style=\"font-size: xx-small; font-family: times, 'times new roman', serif;\">.<\/span><\/div>\n<div><b><span style=\"color: #cc0000; font-family: georgia, 'times new roman', serif; font-size: x-large;\"><u>UM DEPOIMENTO PESSOAL<\/u><\/span><\/b><span style=\"font-family: times, 'times new roman', serif;\">\u00a0\u2013\u00a0<\/span><span style=\"font-family: times, 'times new roman', serif;\">Para jovens estudantes que, como eu, ingressaram na luta a partir do novo ascenso do movimento de massas, \u00a0aquele agourento 13 de dezembro de 1968 marcou o fim da aventura e o in\u00edcio da trag\u00e9dia.<\/span><\/div>\n<\/div>\n<div>\n<p><span style=\"font-family: times, 'times new roman', serif;\">Pass\u00e1ramos o melhor ano de nossas vidas descobrindo a luta e descobrindo-nos na luta. A\u00ed veio aquele pacote de\u00a0medidas draconianas ao extremo, cujas implica\u00e7\u00f5es captamos de imediato: haviam declarado guerra contra n\u00f3s e os riscos dali em diante seriam imensos.\u00a0<\/span><\/p>\n<div>\n<p><span style=\"font-family: times, 'times new roman', serif;\">Mesmo assim, diante da alternativa\u00a0<\/span><b><span style=\"font-family: arial, helvetica, sans-serif; font-size: large;\"><u>desistir x perseverar<\/u><\/span><\/b><span style=\"font-family: times, 'times new roman', serif;\">, fizemos a op\u00e7\u00e3o digna&#8230; que se revelaria das mais sofridas.<\/span><\/p>\n<p><span style=\"font-family: times, 'times new roman', serif;\">Ent\u00e3o, o AI-5 foi o divisor de \u00e1guas entre o 1968 exuberante e o 1969 soturno.<\/span><\/p>\n<\/div>\n<div>\n<p><span style=\"font-family: times, 'times new roman', serif;\"><a href=\"http:\/\/www.jornalrol.com.br\/wp-content\/uploads\/2018\/12\/unnamed-5.jpg\"><img loading=\"lazy\" decoding=\"async\" class=\"size-medium wp-image-23141 alignleft\" src=\"http:\/\/www.jornalrol.com.br\/wp-content\/uploads\/2018\/12\/unnamed-5-300x184.jpg\" alt=\"\" width=\"300\" height=\"184\" \/><\/a>Entre o enfrentamento a c\u00e9u aberto e o mart\u00edrio nos por\u00f5es.<\/span><\/p>\n<p><span style=\"font-family: times, 'times new roman', serif;\">Entre a luta travada ao lado das massas despertadas e a luta que travamos sozinhos em nome das massas amedrontadas.<\/span><\/p>\n<\/div>\n<div><span style=\"font-family: times, 'times new roman', serif;\">Meu av\u00f4 morreu quando meu pai tinha 11 anos. Como era o primog\u00eanito, minha av\u00f3 fez com que come\u00e7asse imediatamente a trabalhar \u00a0numa f\u00e1brica escura, barulhenta e empoeirada, burlando a legisla\u00e7\u00e3o que exigia idade m\u00ednima de 14 anos.<\/span><\/div>\n<div><\/div>\n<div><span style=\"font-family: times, 'times new roman', serif;\">Passou o resto da vida lamentando a responsabilidade que desabou cedo demais sobre seus ombros. Num dia, estava despreocupadamente jogando bola no campinho ao lado de sua casa. No outro, esfalfando-se oito horas seguidas para colocar o p\u00e3o na mesa familiar.<\/span><\/div>\n<div><\/div>\n<div><span style=\"font-family: times, 'times new roman', serif;\">O AI-5 teve o mesmo efeito sobre mim. At\u00e9 ent\u00e3o, a milit\u00e2ncia era puro deleite. De um momento para outro, tornou-se um pesadelo que me deixou em frangalhos, al\u00e9m de tragar alguns dos meus melhores amigos e tantos companheiros estimados.<\/span><\/div>\n<div><\/div>\n<div><span style=\"font-family: times, 'times new roman', serif;\">Parafraseando a bela can\u00e7\u00e3o de Neil Young, foi a sa\u00edda do azul e entrada nas trevas.\u00a0<b><span style=\"color: #cc0000; font-family: 'trebuchet ms', sans-serif;\">(por\u00a0<u>Celso Lungaretti<\/u>)<\/span><\/b><\/span><\/div>\n<div>\n<p><span style=\"font-family: 'comic sans ms', sans-serif; font-size: large;\"><a href=\"https:\/\/youtu.be\/QM2eZTaR0Ng\" target=\"_blank\" rel=\"noopener\" data-saferedirecturl=\"https:\/\/www.google.com\/url?q=https:\/\/youtu.be\/QM2eZTaR0Ng&amp;source=gmail&amp;ust=1544479011780000&amp;usg=AFQjCNG5F-10xvSuZN_DoHX_0tVdnZSN3Q\"><span style=\"color: #38761d;\">(<\/span><b><span style=\"color: #38761d;\">clique aqui para assistir ao document\u00e1rio AI-5\u00a0<\/span><\/b><span style=\"color: #38761d;\"><b>\u2013 o dia que n\u00e3o existiu)<\/b><\/span><\/a><\/span><\/p>\n<\/div>\n<p>https:\/\/mail.google.com\/mail\/u\/0\/#inbox\/FMfcgxvzMBkXlSgGMGHCXvlJdXJTDQSF?projector=1<\/p>\n<p>&nbsp;<\/p>\n<div><\/div>\n<\/div>\n<\/div>\n","protected":false},"excerpt":{"rendered":"<p>H\u00c1 MEIO S\u00c9CULO, OS ESCR\u00daPULOS FORAM MANDADOS \u00c0S FAVAS E AS PORTAS DO INFERNO SE ABRIRAM NO BRASIL &#8220;E voc\u00ea tendo ido, n\u00e3o pode voltar, quando sai do azul e entra nas trevas&#8221; (Neil Young, Hey Hey My My)<\/p>\n","protected":false},"author":2,"featured_media":23136,"comment_status":"closed","ping_status":"closed","sticky":false,"template":"","format":"standard","meta":{"_jetpack_newsletter_access":"","_jetpack_dont_email_post_to_subs":false,"_jetpack_newsletter_tier_id":0,"_jetpack_memberships_contains_paywalled_content":false,"_jetpack_memberships_contains_paid_content":false,"footnotes":""},"categories":[7],"tags":[],"class_list":["post-23134","post","type-post","status-publish","format-standard","has-post-thumbnail","hentry","category-comunicacao"],"aioseo_notices":[],"views":429,"jetpack_featured_media_url":"","jetpack_sharing_enabled":true,"jetpack_likes_enabled":true,"jetpack-related-posts":[{"id":25832,"url":"http:\/\/jornalrol.com.br\/?p=25832","url_meta":{"origin":23134,"position":0},"title":"Celso Lungaretti: &#039;Miss\u00e3o cumprida, presidente! Agora nada lhe falta para matas as saudades dos ignaros velhos tempos&#8230;&#039;","author":"Helio Rubens","date":"1 de abril de 2019","format":false,"excerpt":"\u00a0REUNIMOS 21 TEXTOS PARA SERVIREM DE ANT\u00cdDOTOS \u00c0\u00a0DITADURA. UM PARA CADA ANO QUE O PESADELO DUROU O\u00a0Encontro com a ditadura\u00a0j\u00e1 atingiu seu objetivo, o de oferecer farto material de leitura e consulta para quem busca informa\u00e7\u00e3o isenta e consistente sobre o arb\u00edtrio que se abateu sobre o Brasil no dia\u2026","rel":"","context":"Em &quot;Comunica\u00e7\u00e3o&quot;","block_context":{"text":"Comunica\u00e7\u00e3o","link":"http:\/\/jornalrol.com.br\/?cat=7"},"img":{"alt_text":"","src":"https:\/\/i0.wp.com\/www.jornalrol.com.br\/wp-content\/uploads\/2019\/03\/Celso5.jpg?resize=350%2C200","width":350,"height":200},"classes":[]},{"id":25731,"url":"http:\/\/jornalrol.com.br\/?p=25731","url_meta":{"origin":23134,"position":1},"title":"Celso lungaretti: &#039;O Capit\u00e3o est\u00e1 com saudades? Ent\u00e3o vamos ajud\u00e1-lo a rememorar os velhos e bons tempos&#8230;&#039;","author":"Helio Rubens","date":"31 de mar\u00e7o de 2019","format":false,"excerpt":"ENCONTRO COM A DITADURA. VENHA PARTICIPAR! Unindo-se \u00e0 nostalgia do presidente Bolsonaro, o\u00a0Direto da Reda\u00e7\u00e3o\u00a0e o\u00a0N\u00e1ufrago da Utopia\u00a0v\u00e3o revisitar\u00a0O\u00a0GOLPE DE 1964 E OS 21 ANOS DE DITADURA Participe voc\u00ea tamb\u00e9m desta jornada de recorda\u00e7\u00f5es. Conte como viveu os dias do Golpe e o que representaram na sua vida. Iremos publicando\u2026","rel":"","context":"Em &quot;Comunica\u00e7\u00e3o&quot;","block_context":{"text":"Comunica\u00e7\u00e3o","link":"http:\/\/jornalrol.com.br\/?cat=7"},"img":{"alt_text":"","src":"https:\/\/i0.wp.com\/www.jornalrol.com.br\/wp-content\/uploads\/2019\/03\/Celso5.jpg?resize=350%2C200","width":350,"height":200},"classes":[]},{"id":38274,"url":"http:\/\/jornalrol.com.br\/?p=38274","url_meta":{"origin":23134,"position":2},"title":"Celso Lungaretti: &#039;Matamos a cobra e mostramos o pau: com um presidente de verdade, o Brasil poderia ter uns 100 mil brasileiros a menos mortos pela Covid&#039;","author":"ADM","date":"3 de mar\u00e7o de 2021","format":false,"excerpt":"Celso Lungaretti Calculamos quantas mortes por Covid poderiam ser evitadas\u00a0 sem o negacionismo do Bolsonaro. o resultado \u00e9 chocante No s\u00e9culo passado os economistas gostavam de comparar o Brasil a uma\u00a0Bel\u00edndia: os impostos aqui existentes seriam t\u00e3o elevados quanto os da rica B\u00e9lgica, mas a mis\u00e9ria que suport\u00e1vamos equivaleria \u00e0\u2026","rel":"","context":"Em &quot;Comunica\u00e7\u00e3o&quot;","block_context":{"text":"Comunica\u00e7\u00e3o","link":"http:\/\/jornalrol.com.br\/?cat=7"},"img":{"alt_text":"","src":"https:\/\/i0.wp.com\/www.jornalrol.com.br\/wp-content\/uploads\/2020\/04\/celso-5-300x169-300x169.jpg?resize=350%2C200","width":350,"height":200},"classes":[]},{"id":4487,"url":"http:\/\/jornalrol.com.br\/?p=4487","url_meta":{"origin":23134,"position":3},"title":"Artigo de Celso Lungaretti: &#039;DILMA, LULA E MORO: N\u00c3O H\u00c1 INOCENTE NESTE IMBROGLIO!&#039;","author":"Helio Rubens","date":"21 de mar\u00e7o de 2016","format":false,"excerpt":"Celso Lungaretti -\u00a0TR\u00caS PERDIDOS NUMA NOITE SUJA O\u00a0que ocorreu na \u00faltima 4\u00aa feira (16\/03) foi o abuso de poder de um juiz reagindo ao abuso de poder de uma presidente da Rep\u00fablica para livrar a cara de um ex-presidente da Rep\u00fablica. Por Celso Lungaretti, no blogue\u00a0N\u00e1ufrago da Utopia. Mesmo que\u2026","rel":"","context":"Em &quot;Comunica\u00e7\u00e3o&quot;","block_context":{"text":"Comunica\u00e7\u00e3o","link":"http:\/\/jornalrol.com.br\/?cat=7"},"img":{"alt_text":"","src":"","width":0,"height":0},"classes":[]},{"id":27244,"url":"http:\/\/jornalrol.com.br\/?p=27244","url_meta":{"origin":23134,"position":4},"title":"Celso Lungaretti: &#039;O ogro Bolsonaro, o Olavo sem cabe\u00e7a, os pr\u00edncipes-herdeiros das trevas e os ministros zumbis s\u00e3o um halloween querendo se prolongar meses adentro&#039;","author":"Helio Rubens","date":"16 de maio de 2019","format":false,"excerpt":"O GOVERNO BOLSONARO J\u00c1 DERRETEU. S\u00d3 FALTA, TAPANDO\u00a0O NARIZ, EMPURRAR A GOSMA\u00a0NAUSEABUNDA PARA O RALO Foi bonita a festa, mo\u00e7ada, fiquei contente! \u00a0Era exatamente do que precis\u00e1vamos, esse tsunami de jovens despertando para a pol\u00edtica (o pesadelo do Bolsonaro na v\u00e9spera!), tomando a Paulista e tantas outras avenidas e pra\u00e7as\u2026","rel":"","context":"Em &quot;Comunica\u00e7\u00e3o&quot;","block_context":{"text":"Comunica\u00e7\u00e3o","link":"http:\/\/jornalrol.com.br\/?cat=7"},"img":{"alt_text":"","src":"https:\/\/i0.wp.com\/www.jornalrol.com.br\/wp-content\/uploads\/2019\/03\/Celso5.jpg?resize=350%2C200","width":350,"height":200},"classes":[]},{"id":4452,"url":"http:\/\/jornalrol.com.br\/?p=4452","url_meta":{"origin":23134,"position":5},"title":"Celso Lungaretti: &#039;DILMA, ACABOU.\u00a0&#039;","author":"Helio Rubens","date":"17 de mar\u00e7o de 2016","format":false,"excerpt":"N\u00c3O TEM MAIS JEITO. \u00a0 Por Celso Lungaretti, no blogue\u00a0N\u00e1ufrago da Utopia. Dilma, acabou. N\u00e3o tem mais jeito. Voc\u00ea fez hoje o que decerto n\u00e3o fazia no tempo em que ambos \u00e9ramos militantes da VAR-Palmares: numa conversa que poderia ser interceptada, deu nome aos bois ao inv\u00e9s de passar o\u2026","rel":"","context":"Em &quot;Comunica\u00e7\u00e3o&quot;","block_context":{"text":"Comunica\u00e7\u00e3o","link":"http:\/\/jornalrol.com.br\/?cat=7"},"img":{"alt_text":"","src":"https:\/\/ci4.googleusercontent.com\/proxy\/7nMTjVScygVQxIy4twmNgpyWSlE4XUFE_PN9mZ6Nda-8WY5B6mn213vIbASf59fDb8odsvt9DsssykjyR0zxwcHZyHd2DTzm8pM17YSR06nz_sez1vAwW1KMnH_e0-hW_Cz5myrnpZ-K06jm_iiaKPAemBD2zLgMXkLLhW2_hmN7nCgIZB73Yl6TGgwMA85Xe6R0AIy3wwrhGIUBp3iTOwW4oZ71O-hCeSdmIjVus5e7cdQWSoGJDfYYmh96y_oeKAIB4kLY5XiM=s0-d-e1-ft#https:\/\/images-blogger-opensocial.googleusercontent.com\/gadgets\/proxy?url=http%3A%2F%2Fwww.mdig.com.br%2Fmedia%2F10680%2FLula.jpg&container=blogger&gadget=a&rewriteMime=image%2F*","width":350,"height":200},"classes":[]}],"_links":{"self":[{"href":"http:\/\/jornalrol.com.br\/index.php?rest_route=\/wp\/v2\/posts\/23134","targetHints":{"allow":["GET"]}}],"collection":[{"href":"http:\/\/jornalrol.com.br\/index.php?rest_route=\/wp\/v2\/posts"}],"about":[{"href":"http:\/\/jornalrol.com.br\/index.php?rest_route=\/wp\/v2\/types\/post"}],"author":[{"embeddable":true,"href":"http:\/\/jornalrol.com.br\/index.php?rest_route=\/wp\/v2\/users\/2"}],"replies":[{"embeddable":true,"href":"http:\/\/jornalrol.com.br\/index.php?rest_route=%2Fwp%2Fv2%2Fcomments&post=23134"}],"version-history":[{"count":0,"href":"http:\/\/jornalrol.com.br\/index.php?rest_route=\/wp\/v2\/posts\/23134\/revisions"}],"wp:featuredmedia":[{"embeddable":true,"href":"http:\/\/jornalrol.com.br\/index.php?rest_route=\/"}],"wp:attachment":[{"href":"http:\/\/jornalrol.com.br\/index.php?rest_route=%2Fwp%2Fv2%2Fmedia&parent=23134"}],"wp:term":[{"taxonomy":"category","embeddable":true,"href":"http:\/\/jornalrol.com.br\/index.php?rest_route=%2Fwp%2Fv2%2Fcategories&post=23134"},{"taxonomy":"post_tag","embeddable":true,"href":"http:\/\/jornalrol.com.br\/index.php?rest_route=%2Fwp%2Fv2%2Ftags&post=23134"}],"curies":[{"name":"wp","href":"https:\/\/api.w.org\/{rel}","templated":true}]}}