{"id":23172,"date":"2018-12-11T18:37:25","date_gmt":"2018-12-11T20:37:25","guid":{"rendered":"http:\/\/www.jornalrol.com.br\/?p=23172"},"modified":"2018-12-11T18:37:25","modified_gmt":"2018-12-11T20:37:25","slug":"prefeitura-de-itu-divulga-a-programacao-de-natal-2018","status":"publish","type":"post","link":"http:\/\/jornalrol.com.br\/?p=23172","title":{"rendered":"Prefeitura de Itu divulga a programa\u00e7\u00e3o de Natal 2018"},"content":{"rendered":"<div class=\"pdfprnt-buttons pdfprnt-buttons-post pdfprnt-top-right\"><a href=\"http:\/\/jornalrol.com.br\/index.php?rest_route=%2Fwp%2Fv2%2Fposts%2F23172&print=pdf\" class=\"pdfprnt-button pdfprnt-button-pdf\" target=\"_blank\" ><\/a><a href=\"http:\/\/jornalrol.com.br\/index.php?rest_route=%2Fwp%2Fv2%2Fposts%2F23172&print=print\" class=\"pdfprnt-button pdfprnt-button-print\" target=\"_blank\" ><img decoding=\"async\" src=\"https:\/\/jornalrol.com.br\/wp-content\/plugins\/pdf-print\/images\/print.png\" alt=\"image_print\" title=\"Conte\u00fado de impress\u00e3o\" \/><\/a><\/div><h2 style=\"text-align: center;\"><a href=\"http:\/\/www.jornalrol.com.br\/wp-content\/uploads\/2018\/12\/image003.jpg\"><img loading=\"lazy\" decoding=\"async\" class=\"size-medium wp-image-23173 aligncenter\" src=\"http:\/\/www.jornalrol.com.br\/wp-content\/uploads\/2018\/12\/image003-300x218.jpg\" alt=\"\" width=\"300\" height=\"218\" \/><\/a>De 15 a 20 de dezembro, o Natal em Itu ser\u00e1 comemorado com concertos e a Caravana de Natal<\/h2>\n<p><!--more--><\/p>\n<p>&nbsp;<\/p>\n<p style=\"text-align: center;\"><strong>PROGRAMA\u00c7\u00c3O DE NATAL ITU 2018<\/strong><\/p>\n<p><strong>12\/12 &#8211; \u00e0s 20h<\/strong><\/p>\n<p>Concerto da Orquestra filarm\u00f4nica de Itu<\/p>\n<p>(Igreja Nossa Senhora da Candel\u00e1ria)<\/p>\n<p><strong>16\/12 &#8211; \u00e0s 19h15<\/strong><\/p>\n<p>Concerto do Coral de de Vozes de Itu e coral Nossa Senhora do Carmo<\/p>\n<p>(Igreja do Carmo)<\/p>\n<p><strong>18\/12 &#8211; \u00e0s 20h<\/strong><\/p>\n<p>Sons e Letras Brasileiras &#8211; Caravana de Natal<\/p>\n<p>Pra\u00e7a da Independ\u00eancia (do Carmo)<\/p>\n<p><strong>20\/12 &#8211; \u00e0s 20h<\/strong><\/p>\n<p>Concerto do Coral Municipal de Itu<\/p>\n<p>(Igreja Nossa Senhora do Patroc\u00ednio)<\/p>\n<p style=\"text-align: center;\"><a href=\"http:\/\/www.jornalrol.com.br\/wp-content\/uploads\/2018\/12\/IMG-20181031-WA0012.jpg\"><img loading=\"lazy\" decoding=\"async\" class=\" wp-image-23070 aligncenter\" src=\"http:\/\/www.jornalrol.com.br\/wp-content\/uploads\/2018\/12\/IMG-20181031-WA0012-300x225.jpg\" alt=\"\" width=\"131\" height=\"98\" \/><\/a><\/p>\n<h6 style=\"text-align: center;\">Mat\u00e9ria enviada pela correspondente Cultural do ROL em Itu, M\u00f4nia Sales<\/h6>\n<h6><\/h6>\n<h6><\/h6>\n","protected":false},"excerpt":{"rendered":"<p>De 15 a 20 de dezembro, o Natal em Itu ser\u00e1 comemorado com concertos e a Caravana de Natal<\/p>\n","protected":false},"author":6,"featured_media":0,"comment_status":"closed","ping_status":"closed","sticky":false,"template":"","format":"standard","meta":{"_jetpack_newsletter_access":"","_jetpack_dont_email_post_to_subs":false,"_jetpack_newsletter_tier_id":0,"_jetpack_memberships_contains_paywalled_content":false,"_jetpack_memberships_contains_paid_content":false,"footnotes":""},"categories":[7],"tags":[],"class_list":["post-23172","post","type-post","status-publish","format-standard","hentry","category-comunicacao"],"aioseo_notices":[],"views":419,"jetpack_featured_media_url":"","jetpack_sharing_enabled":true,"jetpack_likes_enabled":true,"jetpack-related-posts":[{"id":24743,"url":"http:\/\/jornalrol.com.br\/?p=24743","url_meta":{"origin":23172,"position":0},"title":"Concertos Hist\u00f3ricos de Itu \u2013 Duzentos Anos de M\u00fasica na Matriz","author":"Sergio Diniz da Costa","date":"23 de fevereiro de 2019","format":false,"excerpt":"No dia 23 de fevereiro, \u00e0s 20h, na Igreja Nossa Senhora da Candel\u00e1ria (Matriz), ser\u00e1 realizada a segunda edi\u00e7\u00e3o do concerto hist\u00f3rico do Coral Vozes de Itu O projeto Concertos Hist\u00f3ricos de Itu est\u00e1 sendo realizado em raz\u00e3o da celebra\u00e7\u00e3o do bicenten\u00e1rio de morte do mais antigo compositor ituano, o\u2026","rel":"","context":"Em &quot;Comunica\u00e7\u00e3o&quot;","block_context":{"text":"Comunica\u00e7\u00e3o","link":"http:\/\/jornalrol.com.br\/?cat=7"},"img":{"alt_text":"","src":"https:\/\/i0.wp.com\/www.jornalrol.com.br\/wp-content\/uploads\/2019\/02\/52642914_2152783078366017_232886539971985408_o-300x221.jpg?resize=350%2C200","width":350,"height":200},"classes":[]},{"id":24649,"url":"http:\/\/jornalrol.com.br\/?p=24649","url_meta":{"origin":23172,"position":1},"title":"Itu celebra 80 anos do tombamento da Igreja Matriz","author":"Sergio Diniz da Costa","date":"19 de fevereiro de 2019","format":false,"excerpt":"Bicenten\u00e1rio da morte do Padre Jesu\u00edno tamb\u00e9m ser\u00e1 lembrado Em raz\u00e3o dos 80 anos de tombamento da\u00a0Igreja Matriz Nossa Senhora da Candel\u00e1ria de Itu\u00a0como Patrim\u00f4nio Nacional e do bicenten\u00e1rio do falecimento do Padre Jesu\u00edno do Monte Carmelo, a cidade de Itu contar\u00e1 com uma programa\u00e7\u00e3o especial no pr\u00f3ximo dia 23\u2026","rel":"","context":"Em &quot;Comunica\u00e7\u00e3o&quot;","block_context":{"text":"Comunica\u00e7\u00e3o","link":"http:\/\/jornalrol.com.br\/?cat=7"},"img":{"alt_text":"","src":"https:\/\/i0.wp.com\/www.jornalrol.com.br\/wp-content\/uploads\/2019\/02\/52458993_554134748433491_1145354214612926464_n-214x300.png?resize=350%2C200","width":350,"height":200},"classes":[]},{"id":22734,"url":"http:\/\/jornalrol.com.br\/?p=22734","url_meta":{"origin":23172,"position":2},"title":"Festival de Coros tem tr\u00eas dias de apresenta\u00e7\u00f5es gratuitas em Itu","author":"Sergio Diniz da Costa","date":"23 de novembro de 2018","format":false,"excerpt":"Corais de diversas cidades v\u00eam at\u00e9 Itu para se apresentar no Festival de Coros Entre os dias 23 e 25 de novembro, toda popula\u00e7\u00e3o est\u00e1 convidada a prestigiar o Festival de Coros de Itu, que re\u00fane coralistas de diversos locais em apresenta\u00e7\u00f5es gratuitas que ocorrer\u00e3o na\u00a0Igreja do Bom Jesus. Em\u2026","rel":"","context":"Em &quot;Comunica\u00e7\u00e3o&quot;","block_context":{"text":"Comunica\u00e7\u00e3o","link":"http:\/\/jornalrol.com.br\/?cat=7"},"img":{"alt_text":"","src":"https:\/\/i0.wp.com\/www.jornalrol.com.br\/wp-content\/uploads\/2018\/11\/188_img-300x229.jpg?resize=350%2C200","width":350,"height":200},"classes":[]},{"id":28174,"url":"http:\/\/jornalrol.com.br\/?p=28174","url_meta":{"origin":23172,"position":3},"title":"26\u00ba Festival de Artes de Itu divulga algumas de suas atra\u00e7\u00f5es","author":"Sergio Diniz da Costa","date":"1 de julho de 2019","format":false,"excerpt":"Ser\u00e3o shows musicais, teatro, fotografia, artes visuais, gastronomia, oficinas e muitas outras atividades que prometem movimentar o m\u00eas de julho em v\u00e1rios espa\u00e7os da cidade A Prefeitura de Itu, por meio da Secretaria Municipal de Cultura e Patrim\u00f4nio Hist\u00f3rico, divulga parte da programa\u00e7\u00e3o do\u00a026\u00ba Festival de Artes de Itu, que\u2026","rel":"","context":"Em &quot;Comunica\u00e7\u00e3o&quot;","block_context":{"text":"Comunica\u00e7\u00e3o","link":"http:\/\/jornalrol.com.br\/?cat=7"},"img":{"alt_text":"","src":"https:\/\/i0.wp.com\/www.jornalrol.com.br\/wp-content\/uploads\/2019\/07\/Flautins-de-Matua-FAI-Cao-Laru-Thais-Andressa-2-2--300x185.jpg?resize=350%2C200","width":350,"height":200},"classes":[]},{"id":11787,"url":"http:\/\/jornalrol.com.br\/?p=11787","url_meta":{"origin":23172,"position":4},"title":"Festival de Artes de Itu entra no \u00faltimo final de semana","author":"Sergio Diniz da Costa","date":"21 de julho de 2017","format":false,"excerpt":"Neste \u00faltimo final de semana do Festival de Artes a popula\u00e7\u00e3o pode prestigiar apresenta\u00e7\u00f5es de blues, hip hop, capoeira, sarau e muitas outras atra\u00e7\u00f5es \u00a0 Neste \u00faltimo final de semana do Festival de Artes a popula\u00e7\u00e3o pode prestigiar apresenta\u00e7\u00f5es de blues, hip hop, capoeira, sarau e muitas outras atra\u00e7\u00f5es. Uma\u2026","rel":"","context":"Em &quot;Comunica\u00e7\u00e3o&quot;","block_context":{"text":"Comunica\u00e7\u00e3o","link":"http:\/\/jornalrol.com.br\/?cat=7"},"img":{"alt_text":"","src":"https:\/\/i0.wp.com\/www.jornalrol.com.br\/wp-content\/uploads\/2017\/07\/imagem_release_1008860-1-300x200.jpg?resize=350%2C200","width":350,"height":200},"classes":[]},{"id":74684,"url":"http:\/\/jornalrol.com.br\/?p=74684","url_meta":{"origin":23172,"position":5},"title":"Atividades no Museu Republicano de Itu","author":"Sergio Diniz da Costa","date":"6 de agosto de 2025","format":false,"excerpt":"Em agosto, o Museu segue com sua programa\u00e7\u00e3o musical e recebe o concerto em comemora\u00e7\u00e3o aos 35 anos do Quarteto Trist\u00e3o J\u00fanior, no dia 10, e o recital...","rel":"","context":"Em &quot;Arte&quot;","block_context":{"text":"Arte","link":"http:\/\/jornalrol.com.br\/?cat=9286"},"img":{"alt_text":"Card do concerto em comemora\u00e7\u00e3o aos 35 anos do Quarteto Trist\u00e3o J\u00fanior","src":"https:\/\/i0.wp.com\/jornalrol.com.br\/wp-content\/uploads\/2025\/08\/b3cea0b4-2ee5-4d51-bf23-3b698eee2635.jpeg?resize=350%2C200","width":350,"height":200,"srcset":"https:\/\/i0.wp.com\/jornalrol.com.br\/wp-content\/uploads\/2025\/08\/b3cea0b4-2ee5-4d51-bf23-3b698eee2635.jpeg?resize=350%2C200 1x, https:\/\/i0.wp.com\/jornalrol.com.br\/wp-content\/uploads\/2025\/08\/b3cea0b4-2ee5-4d51-bf23-3b698eee2635.jpeg?resize=525%2C300 1.5x, https:\/\/i0.wp.com\/jornalrol.com.br\/wp-content\/uploads\/2025\/08\/b3cea0b4-2ee5-4d51-bf23-3b698eee2635.jpeg?resize=700%2C400 2x, https:\/\/i0.wp.com\/jornalrol.com.br\/wp-content\/uploads\/2025\/08\/b3cea0b4-2ee5-4d51-bf23-3b698eee2635.jpeg?resize=1050%2C600 3x"},"classes":[]}],"_links":{"self":[{"href":"http:\/\/jornalrol.com.br\/index.php?rest_route=\/wp\/v2\/posts\/23172","targetHints":{"allow":["GET"]}}],"collection":[{"href":"http:\/\/jornalrol.com.br\/index.php?rest_route=\/wp\/v2\/posts"}],"about":[{"href":"http:\/\/jornalrol.com.br\/index.php?rest_route=\/wp\/v2\/types\/post"}],"author":[{"embeddable":true,"href":"http:\/\/jornalrol.com.br\/index.php?rest_route=\/wp\/v2\/users\/6"}],"replies":[{"embeddable":true,"href":"http:\/\/jornalrol.com.br\/index.php?rest_route=%2Fwp%2Fv2%2Fcomments&post=23172"}],"version-history":[{"count":0,"href":"http:\/\/jornalrol.com.br\/index.php?rest_route=\/wp\/v2\/posts\/23172\/revisions"}],"wp:attachment":[{"href":"http:\/\/jornalrol.com.br\/index.php?rest_route=%2Fwp%2Fv2%2Fmedia&parent=23172"}],"wp:term":[{"taxonomy":"category","embeddable":true,"href":"http:\/\/jornalrol.com.br\/index.php?rest_route=%2Fwp%2Fv2%2Fcategories&post=23172"},{"taxonomy":"post_tag","embeddable":true,"href":"http:\/\/jornalrol.com.br\/index.php?rest_route=%2Fwp%2Fv2%2Ftags&post=23172"}],"curies":[{"name":"wp","href":"https:\/\/api.w.org\/{rel}","templated":true}]}}