{"id":23183,"date":"2018-12-12T12:05:12","date_gmt":"2018-12-12T14:05:12","guid":{"rendered":"http:\/\/www.jornalrol.com.br\/?p=23183"},"modified":"2018-12-12T12:05:12","modified_gmt":"2018-12-12T14:05:12","slug":"pedro-israel-novaes-de-almeida-fim-de-ano","status":"publish","type":"post","link":"http:\/\/jornalrol.com.br\/?p=23183","title":{"rendered":"Pedro Israel Novaes de Almeida: &#039;Fim de ano&#039;"},"content":{"rendered":"<div class=\"pdfprnt-buttons pdfprnt-buttons-post pdfprnt-top-right\"><a href=\"http:\/\/jornalrol.com.br\/index.php?rest_route=%2Fwp%2Fv2%2Fposts%2F23183&print=pdf\" class=\"pdfprnt-button pdfprnt-button-pdf\" target=\"_blank\" ><\/a><a href=\"http:\/\/jornalrol.com.br\/index.php?rest_route=%2Fwp%2Fv2%2Fposts%2F23183&print=print\" class=\"pdfprnt-button pdfprnt-button-print\" target=\"_blank\" ><img decoding=\"async\" src=\"https:\/\/jornalrol.com.br\/wp-content\/plugins\/pdf-print\/images\/print.png\" alt=\"image_print\" title=\"Conte\u00fado de impress\u00e3o\" \/><\/a><\/div><h2 style=\"text-align: center;\"><a href=\"http:\/\/www.jornalrol.com.br\/wp-content\/uploads\/2018\/06\/pedronovaes.jpg\"><img loading=\"lazy\" decoding=\"async\" class=\"size-full wp-image-19340 aligncenter\" src=\"http:\/\/www.jornalrol.com.br\/wp-content\/uploads\/2018\/06\/pedronovaes.jpg\" alt=\"\" width=\"195\" height=\"258\" \/><\/a>Pedro Israel Novaes de Almeida: &#8216;Fim de ano&#8217;<\/h2>\n<p><!--more--><\/p>\n<p><span style=\"font-weight: 400;\">O fim de ano, como sempre, trar\u00e1 consigo os votos e esperan\u00e7as que h\u00e1 anos experimentamos.<\/span><\/p>\n<p><span style=\"font-weight: 400;\">Emagrecer, acertar a loteria, abandonar o tabagismo e conseguir agendar aquela cirurgia eletiva, pelo SUS, figuram dentre a maioria dos pedidos. \u00a0A crise que experimentamos, contudo, faz parecer ego\u00edsta qualquer pedido de cunho individual.<\/span><\/p>\n<p><span style=\"font-weight: 400;\">Sofremos a chaga social do desemprego, com milh\u00f5es de brasileiros que sequer conseguem uma simples oportunidade de trabalho. S\u00e3o pais, m\u00e3es e filhos que engrossam quilom\u00e9tricas filas, implorando por um lugar ao sol.<\/span><\/p>\n<p><span style=\"font-weight: 400;\">Sofremos uma s\u00e9ria crise de inseguran\u00e7a, e somos, diariamente, bombardeados por relatos escabrosos de barb\u00e1rie humana. Aguardar a passagem de um \u00f4nibus passou a ser atividade de risco, e conversas na vizinhan\u00e7a, ao ar livre, chamamento para assaltos.<\/span><\/p>\n<p><span style=\"font-weight: 400;\">A pr\u00f3pria estabilidade do servi\u00e7o p\u00fablico \u00e9 diariamente abalada, e diversos estados j\u00e1 n\u00e3o conseguem cumprir a pontualidade no pagamento de sal\u00e1rios. A queda de receitas faz imperiosa a diminui\u00e7\u00e3o do montante da despesa com pessoal.<\/span><\/p>\n<p><span style=\"font-weight: 400;\">A certeza da aposentadoria diminui a cada dia, e, c\u00ednica e demagogicamente, figuras de destaque na vida p\u00fablica propalam n\u00e3o ser necess\u00e1ria a reforma da previd\u00eancia. Em todo o mundo, a previd\u00eancia tem sido reformada, t\u00e3o mais drasticamente quanto mais adiada.<\/span><\/p>\n<p><span style=\"font-weight: 400;\">Pacientes imploram por atendimento nos estabelecimentos p\u00fablicos, como se o direito \u00e0 sa\u00fade e ao socorro fossem meras frescuras de algum legislador nada realista. Crian\u00e7as nascem em viaturas, e opera\u00e7\u00f5es s\u00e3o desmarcadas at\u00e9 pela falta de fios de sutura.<\/span><\/p>\n<p><span style=\"font-weight: 400;\">O pa\u00eds precisa voltar a crescer, gerando produtos, empregos, impostos e bem estar social. O crescimento n\u00e3o \u00e9 produto de decreto ou mero chamamento p\u00fablico.<\/span><\/p>\n<p><span style=\"font-weight: 400;\">Sem seguran\u00e7a jur\u00eddica e confian\u00e7a, poucos investem ou persistem operosos, e segue aumentada nossa crise. A desigualdade social, em \u00e9pocas de crise, torna-se cada vez maior.<\/span><\/p>\n<p><span style=\"font-weight: 400;\">Triste \u00e9 reconhecer que todo nosso mart\u00edrio tem origem na corrup\u00e7\u00e3o, incompet\u00eancia e posturas irrespons\u00e1veis e criminosas de mandat\u00e1rios, alguns ainda livres e reeleitos. Somos v\u00edtimas de nossas escolhas, e sequer podemos alegar contextos internacionais como motivos para nossa crise.<\/span><\/p>\n<p><span style=\"font-weight: 400;\">Iniciando um novo ano, resta torcer e colaborar para que os acenos de moralidade p\u00fablica sejam exitosos, e continuarmos a dar um basta aos arautos do desastre, j\u00e1 saudosos do tempo em que manipulavam a coisa p\u00fablica como se fosse pr\u00f3pria.<\/span><\/p>\n<p><span style=\"font-weight: 400;\">Os brasileiros sedentos por mudan\u00e7as j\u00e1 s\u00e3o maioria, e se algum novo tempo for vislumbrado, as minorias continuar\u00e3o respeitadas, mas cada vez mais desacreditadas e incapazes de turvar solu\u00e7\u00f5es duradouras.<\/span><\/p>\n<p><span style=\"font-weight: 400;\">Assim como outros povos, seremos amadurecidos pelas crises. O fundo do po\u00e7o, enfim pr\u00f3ximo, far\u00e1 de n\u00f3s art\u00edfices de nosso pr\u00f3prio futuro.<\/span><\/p>\n<p><a href=\"mailto:pedroinovaes@uol.com.br\"><span style=\"font-weight: 400;\">pedroinovaes@uol.com.br<\/span><\/a><\/p>\n<p><span style=\"font-weight: 400;\">O autor \u00e9 engenheiro agr\u00f4nomo e advogado, aposentado. \u00a0\u00a0\u00a0<\/span><\/p>\n<p><span style=\"font-weight: 400;\"> \u00a0\u00a0\u00a0\u00a0<\/span><\/p>\n<p><span style=\"font-weight: 400;\"> \u00a0\u00a0\u00a0<\/span><\/p>\n","protected":false},"excerpt":{"rendered":"<p>Pedro Israel Novaes de Almeida: &#8216;Fim de ano&#8217;<\/p>\n","protected":false},"author":6,"featured_media":0,"comment_status":"closed","ping_status":"closed","sticky":false,"template":"","format":"standard","meta":{"_jetpack_newsletter_access":"","_jetpack_dont_email_post_to_subs":false,"_jetpack_newsletter_tier_id":0,"_jetpack_memberships_contains_paywalled_content":false,"_jetpack_memberships_contains_paid_content":false,"footnotes":""},"categories":[7],"tags":[2456,3957,6687],"class_list":["post-23183","post","type-post","status-publish","format-standard","hentry","category-comunicacao","tag-cronica","tag-fim-de-ano","tag-pedro-israel-novaes-de-almeida"],"aioseo_notices":[],"views":469,"jetpack_featured_media_url":"","jetpack_sharing_enabled":true,"jetpack_likes_enabled":true,"jetpack-related-posts":[{"id":27435,"url":"http:\/\/jornalrol.com.br\/?p=27435","url_meta":{"origin":23183,"position":0},"title":"Pedro Novaes: &#039;Fundo do po\u00e7o&#039;","author":"Helio Rubens","date":"22 de maio de 2019","format":false,"excerpt":"FUNDO DO PO\u00c7O \u00a0 N\u00e3o conv\u00e9m menosprezar a crise fiscal e \u00e9tica que ronda o pa\u00eds. Em alguns setores, as pen\u00farias e defici\u00eancias j\u00e1 s\u00e3o hist\u00f3ricas, mesmo em tempos de bonan\u00e7a. \u00c9 o caso da sa\u00fade p\u00fablica, que, apesar de algumas ilhas de excel\u00eancia e bom atendimento, sempre foi considerada\u2026","rel":"","context":"Em &quot;Comunica\u00e7\u00e3o&quot;","block_context":{"text":"Comunica\u00e7\u00e3o","link":"http:\/\/jornalrol.com.br\/?cat=7"},"img":{"alt_text":"","src":"https:\/\/i0.wp.com\/www.jornalrol.com.br\/wp-content\/uploads\/2018\/06\/pedronovaes.jpg?resize=350%2C200","width":350,"height":200},"classes":[]},{"id":13334,"url":"http:\/\/jornalrol.com.br\/?p=13334","url_meta":{"origin":23183,"position":1},"title":"Pedro Novaes: &#039;Trevas no fim do t\u00fanel&#039;","author":"Helio Rubens","date":"27 de setembro de 2017","format":false,"excerpt":"Pedro Israel Novaes de Almeida - TREVAS NO FIM DO T\u00daNEL \u00a0 Bom seria se nossa crise fosse consequ\u00eancia de um terremoto, furac\u00e3o, peste ou enchente. Bastaria o sofrido esfor\u00e7o de reconstru\u00e7\u00e3o, somando iniciativas e perpetuando o sentimento de solidariedade. Responder\u00edamos com a conjuga\u00e7\u00e3o de esfor\u00e7os, \u00e0 a\u00e7\u00e3o de um\u2026","rel":"","context":"Em &quot;Comunica\u00e7\u00e3o&quot;","block_context":{"text":"Comunica\u00e7\u00e3o","link":"http:\/\/jornalrol.com.br\/?cat=7"},"img":{"alt_text":"","src":"https:\/\/i0.wp.com\/www.jornalrol.com.br\/wp-content\/uploads\/2017\/01\/Foto-Zezinho-224x300.jpg?resize=350%2C200","width":350,"height":200},"classes":[]},{"id":26308,"url":"http:\/\/jornalrol.com.br\/?p=26308","url_meta":{"origin":23183,"position":2},"title":"Pedro Novaes: &#039;Solu\u00e7\u00e3o ainda distante&#039;","author":"Helio Rubens","date":"18 de abril de 2019","format":false,"excerpt":"SOLU\u00c7\u00c3O AINDA DISTANTE Os caminhoneiros retornaram \u00e0s manchetes. Ap\u00f3s uma greve com fei\u00e7\u00f5es medievais, marcada por espancamentos, desrespeitos e depreda\u00e7\u00f5es, conseguiram obter a edi\u00e7\u00e3o de medidas oficiais, como o subs\u00eddio ao pre\u00e7o do diesel e o estabelecimento de uma impratic\u00e1vel e nociva tabela do frete. O governo Temer, preocupado em\u2026","rel":"","context":"Em &quot;Comunica\u00e7\u00e3o&quot;","block_context":{"text":"Comunica\u00e7\u00e3o","link":"http:\/\/jornalrol.com.br\/?cat=7"},"img":{"alt_text":"","src":"https:\/\/i0.wp.com\/www.jornalrol.com.br\/wp-content\/uploads\/2018\/06\/pedronovaes.jpg?resize=350%2C200","width":350,"height":200},"classes":[]},{"id":5630,"url":"http:\/\/jornalrol.com.br\/?p=5630","url_meta":{"origin":23183,"position":3},"title":"Artigo de Pedro Israel Novaes de Almeida: &#039;Mais circo que p\u00e3o&#039;","author":"Helio Rubens","date":"19 de julho de 2016","format":false,"excerpt":"Pedro Israel Novaes de Almeida - MAIS CIRCO QUE P\u00c3O \u00a0 O milenar h\u00e1bito de conduzir e domesticar o povo com p\u00e3o e circo ainda \u00e9 praticado, no Brasil. Por aqui, parece importar menos a obra e mais a festa, sempre perdul\u00e1ria, da inaugura\u00e7\u00e3o. Festas, em nosso inculto e bovino\u2026","rel":"","context":"Em &quot;Comunica\u00e7\u00e3o&quot;","block_context":{"text":"Comunica\u00e7\u00e3o","link":"http:\/\/jornalrol.com.br\/?cat=7"},"img":{"alt_text":"colunista do ROL","src":"https:\/\/i0.wp.com\/www.jornalrol.com.br\/wp-content\/uploads\/2014\/11\/Foto-close1.jpg?resize=350%2C200","width":350,"height":200},"classes":[]},{"id":24555,"url":"http:\/\/jornalrol.com.br\/?p=24555","url_meta":{"origin":23183,"position":4},"title":"Pedro Novaes: &#039;Vamos que vamos&#039;","author":"Helio Rubens","date":"15 de fevereiro de 2019","format":false,"excerpt":"Pedro Israel Novaes de Almeida: 'VAMOS QUE VAMOS' Em meio a trapalhadas e incontin\u00eancias verbais, pr\u00f3prias de todos os governos em in\u00edcio de mandato, o Brasil segue tentando reverter nossa grave crise fiscal, econ\u00f4mica e \u00e9tica. Temos um presidente que n\u00e3o consegue sequer ir \u00e0 padaria da esquina, submetido a\u2026","rel":"","context":"Em &quot;Comunica\u00e7\u00e3o&quot;","block_context":{"text":"Comunica\u00e7\u00e3o","link":"http:\/\/jornalrol.com.br\/?cat=7"},"img":{"alt_text":"","src":"https:\/\/i0.wp.com\/www.jornalrol.com.br\/wp-content\/uploads\/2018\/06\/pedronovaes.jpg?resize=350%2C200","width":350,"height":200},"classes":[]},{"id":3911,"url":"http:\/\/jornalrol.com.br\/?p=3911","url_meta":{"origin":23183,"position":5},"title":"Artigo de Pedro Novaes: &#039;Natal diferente&#039;","author":"Helio Rubens","date":"16 de dezembro de 2015","format":false,"excerpt":"\u00a0\u00a0 Pedro Israel Novaes de Almeida: NATAL DIFERENTE \u00a0 \u00a0 Os finais de anos s\u00e3o pr\u00f3digos em promessas e juras, quase sempre descumpridas. S\u00e3o comuns as promessas de dar um basta aos v\u00edcios, emagrecer, retomar as visitas aos pais, tornar in\u00fatil o cart\u00e3o de cr\u00e9dito, jogar fora o CD de\u2026","rel":"","context":"Em &quot;Comunica\u00e7\u00e3o&quot;","block_context":{"text":"Comunica\u00e7\u00e3o","link":"http:\/\/jornalrol.com.br\/?cat=7"},"img":{"alt_text":"colunista do ROL","src":"https:\/\/i0.wp.com\/www.jornalrol.com.br\/wp-content\/uploads\/2014\/11\/Foto-close1.jpg?resize=350%2C200","width":350,"height":200},"classes":[]}],"_links":{"self":[{"href":"http:\/\/jornalrol.com.br\/index.php?rest_route=\/wp\/v2\/posts\/23183","targetHints":{"allow":["GET"]}}],"collection":[{"href":"http:\/\/jornalrol.com.br\/index.php?rest_route=\/wp\/v2\/posts"}],"about":[{"href":"http:\/\/jornalrol.com.br\/index.php?rest_route=\/wp\/v2\/types\/post"}],"author":[{"embeddable":true,"href":"http:\/\/jornalrol.com.br\/index.php?rest_route=\/wp\/v2\/users\/6"}],"replies":[{"embeddable":true,"href":"http:\/\/jornalrol.com.br\/index.php?rest_route=%2Fwp%2Fv2%2Fcomments&post=23183"}],"version-history":[{"count":0,"href":"http:\/\/jornalrol.com.br\/index.php?rest_route=\/wp\/v2\/posts\/23183\/revisions"}],"wp:attachment":[{"href":"http:\/\/jornalrol.com.br\/index.php?rest_route=%2Fwp%2Fv2%2Fmedia&parent=23183"}],"wp:term":[{"taxonomy":"category","embeddable":true,"href":"http:\/\/jornalrol.com.br\/index.php?rest_route=%2Fwp%2Fv2%2Fcategories&post=23183"},{"taxonomy":"post_tag","embeddable":true,"href":"http:\/\/jornalrol.com.br\/index.php?rest_route=%2Fwp%2Fv2%2Ftags&post=23183"}],"curies":[{"name":"wp","href":"https:\/\/api.w.org\/{rel}","templated":true}]}}