{"id":23185,"date":"2018-12-12T12:38:03","date_gmt":"2018-12-12T14:38:03","guid":{"rendered":"http:\/\/www.jornalrol.com.br\/?p=23185"},"modified":"2018-12-12T12:38:03","modified_gmt":"2018-12-12T14:38:03","slug":"carlos-carvalho-cavalheiro-tem-livro-publicado-pela-ar-publisher-editora","status":"publish","type":"post","link":"http:\/\/jornalrol.com.br\/?p=23185","title":{"rendered":"Carlos Carvalho Cavalheiro tem livro publicado pela AR Publisher Editora"},"content":{"rendered":"<div class=\"pdfprnt-buttons pdfprnt-buttons-post pdfprnt-top-right\"><a href=\"http:\/\/jornalrol.com.br\/index.php?rest_route=%2Fwp%2Fv2%2Fposts%2F23185&print=pdf\" class=\"pdfprnt-button pdfprnt-button-pdf\" target=\"_blank\" ><\/a><a href=\"http:\/\/jornalrol.com.br\/index.php?rest_route=%2Fwp%2Fv2%2Fposts%2F23185&print=print\" class=\"pdfprnt-button pdfprnt-button-print\" target=\"_blank\" ><img decoding=\"async\" src=\"https:\/\/jornalrol.com.br\/wp-content\/plugins\/pdf-print\/images\/print.png\" alt=\"image_print\" title=\"Conte\u00fado de impress\u00e3o\" \/><\/a><\/div><h3 style=\"text-align: center;\"><a href=\"http:\/\/www.jornalrol.com.br\/wp-content\/uploads\/2018\/12\/48343444_1197073657084232_5613013409621606400_n.jpg\"><img loading=\"lazy\" decoding=\"async\" class=\"size-medium wp-image-23186 aligncenter\" src=\"http:\/\/www.jornalrol.com.br\/wp-content\/uploads\/2018\/12\/48343444_1197073657084232_5613013409621606400_n-300x219.jpg\" alt=\"\" width=\"300\" height=\"219\" \/><\/a>&#8220;T\u00e1 vendo aquele edif\u00edcio, mo\u00e7o?&#8221; de Carlos Carvalho Cavalheiro, tem como pano de fundo um dos versos da m\u00fasica &#8216;Cidad\u00e3o&#8217;, de Z\u00e9 Ramalho<\/h3>\n<p><!--more--><\/p>\n<figure id=\"attachment_23190\" aria-describedby=\"caption-attachment-23190\" style=\"width: 166px\" class=\"wp-caption alignright\"><a href=\"http:\/\/www.jornalrol.com.br\/wp-content\/uploads\/2018\/12\/Carlos-Foto-Andr\u00e9-Pinto-2018-1.jpg\"><img loading=\"lazy\" decoding=\"async\" class=\"wp-image-23190\" src=\"http:\/\/www.jornalrol.com.br\/wp-content\/uploads\/2018\/12\/Carlos-Foto-Andr\u00e9-Pinto-2018-1-194x300.jpg\" alt=\"\" width=\"166\" height=\"257\" \/><\/a><figcaption id=\"caption-attachment-23190\" class=\"wp-caption-text\">Carlos Carvalho Cavalheiro<\/figcaption><\/figure>\n<p>Mais um livro saindo na Publisher: &#8220;T\u00e1 vendo aquele edif\u00edcio, mo\u00e7o?&#8221; de Carlos Carvalho Cavalheiro, tem como pano de fundo um dos versos da m\u00fasica &#8216;Cidad\u00e3o&#8217;, de Z\u00e9 Ramalho.<\/p>\n<p>A obra provoca reflex\u00f5es sobre os lugares de mem\u00f3ria da regi\u00e3o central de Sorocaba e como tais espa\u00e7os dialogam com as pessoas, resultando em processos educativos.<\/p>\n<p>\u201cOs monumentos, as evoca\u00e7\u00f5es do passado, a mem\u00f3ria que se preserva \u2013 e aquela que se faz quest\u00e3o de esquecer \u2013 possuem um car\u00e1ter ideol\u00f3gico e tamb\u00e9m educativo. As imagens e s\u00edmbolos que emergem desses lugares t\u00eam uma intencionalidade que \u00e9 a de formar o cidad\u00e3o idealizado dentro de uma vis\u00e3o de mundo\u201d, defende o autor, que \u00e9 escritor, pesquisador e historiador.<\/p>\n<p>A obra, recebe os \u00faltimos ajustes e em breve seguir\u00e1 para impress\u00e3o. Carlos, al\u00e9m de possuir excelente curr\u00edculo, \u00e9 poeta e este ano classificou-se em 17\u00ba lugar no VIP\/2018!<\/p>\n<p><strong><a href=\"http:\/\/www.jornalrol.com.br\/wp-content\/uploads\/2018\/12\/perfil_capa_incentivador_6105d6cc76af400325e94d588ce511be5bfdbb73b437dc51eca43917d7a43e3d-1.png\"><img loading=\"lazy\" decoding=\"async\" class=\"size-medium wp-image-23187 alignleft\" src=\"http:\/\/www.jornalrol.com.br\/wp-content\/uploads\/2018\/12\/perfil_capa_incentivador_6105d6cc76af400325e94d588ce511be5bfdbb73b437dc51eca43917d7a43e3d-1-300x100.png\" alt=\"\" width=\"300\" height=\"100\" \/><\/a>A Editora<\/strong><\/p>\n<p>A AR Publisher Editora foi fundada em 2010, com a miss\u00e3o de prestar servi\u00e7os de reda\u00e7\u00e3o e edi\u00e7\u00e3o com qualidade e bom pre\u00e7o.<\/p>\n<p>A editora n\u00e3o possui funcion\u00e1rios e nem endere\u00e7o comercial. Seu trabalho se realiza por meio de parcerias com frilas (free-lancers) e trabalha no sistema de home-office.<\/p>\n<p>&nbsp;<\/p>\n","protected":false},"excerpt":{"rendered":"<p>&#8220;T\u00e1 vendo aquele edif\u00edcio, mo\u00e7o?&#8221; de Carlos Carvalho Cavalheiro, tem como pano de fundo um dos versos da m\u00fasica &#8216;Cidad\u00e3o&#8217;, de Z\u00e9 Ramalho<\/p>\n","protected":false},"author":4,"featured_media":23186,"comment_status":"closed","ping_status":"closed","sticky":false,"template":"","format":"standard","meta":{"_jetpack_newsletter_access":"","_jetpack_dont_email_post_to_subs":false,"_jetpack_newsletter_tier_id":0,"_jetpack_memberships_contains_paywalled_content":false,"_jetpack_memberships_contains_paid_content":false,"footnotes":""},"categories":[7],"tags":[],"class_list":["post-23185","post","type-post","status-publish","format-standard","has-post-thumbnail","hentry","category-comunicacao"],"aioseo_notices":[],"views":394,"jetpack_featured_media_url":"","jetpack_sharing_enabled":true,"jetpack_likes_enabled":true,"jetpack-related-posts":[{"id":37390,"url":"http:\/\/jornalrol.com.br\/?p=37390","url_meta":{"origin":23185,"position":0},"title":"Carlos Carvalho Cavalheiro disponibiliza obra hist\u00f3rica para download","author":"Carlos Carvalho Cavalheiro","date":"5 de fevereiro de 2021","format":false,"excerpt":"A obra provoca reflex\u00f5es sobre os lugares de mem\u00f3ria da regi\u00e3o central de Sorocaba e como tais espa\u00e7os dialogam com as pessoas, resultando em processos educativos Publicado pela A.R. Publisher Editora em 2018, a obra\u00a0\u00a0'T\u00e1 Vendo Aquele Edif\u00edcio, Mo\u00e7o?: Lugares de Mem\u00f3ria, Produ\u00e7\u00e3o da Invisibilidade e Processos Educativos na Cidade\u2026","rel":"","context":"Em &quot;Comunica\u00e7\u00e3o&quot;","block_context":{"text":"Comunica\u00e7\u00e3o","link":"http:\/\/jornalrol.com.br\/?cat=7"},"img":{"alt_text":"","src":"https:\/\/i0.wp.com\/www.jornalrol.com.br\/wp-content\/uploads\/2021\/02\/image-2-200x300.png?resize=350%2C200","width":350,"height":200},"classes":[]},{"id":24071,"url":"http:\/\/jornalrol.com.br\/?p=24071","url_meta":{"origin":23185,"position":1},"title":"Professor Carlos Cavalheiro lan\u00e7a dois livros em fevereiro","author":"Carlos Carvalho Cavalheiro","date":"24 de janeiro de 2019","format":false,"excerpt":"O escritor, historiador e poeta Carlos Carvalho Cavalheiro lan\u00e7ar\u00e1 em fevereiro seus dois mais recentes livros: \u201cErg\u00e1stulo\u201d e \u201c\u2019T\u00e1 vendo aquele edif\u00edcio, mo\u00e7o?\u201d. O lan\u00e7amento ocorrer\u00e1 durante a Feira do Beco do Inferno, a ser realizada no dia 10 \u00a0 \u00a0 \u00a0 \u00a0 \u00a0 \u00a0 O escritor, historiador e poeta\u2026","rel":"","context":"Em &quot;Comunica\u00e7\u00e3o&quot;","block_context":{"text":"Comunica\u00e7\u00e3o","link":"http:\/\/jornalrol.com.br\/?cat=7"},"img":{"alt_text":"","src":"https:\/\/i0.wp.com\/www.jornalrol.com.br\/wp-content\/uploads\/2019\/01\/DSC09945-300x225.jpg?resize=350%2C200","width":350,"height":200},"classes":[]},{"id":16934,"url":"http:\/\/jornalrol.com.br\/?p=16934","url_meta":{"origin":23185,"position":2},"title":"Carlos Carvalho Cavalheiro: &#039;Livro traz reflex\u00f5es sobre Lugares de Mem\u00f3ria em Sorocaba&#039;","author":"Sergio Diniz da Costa","date":"7 de mar\u00e7o de 2018","format":false,"excerpt":"Resultado da disserta\u00e7\u00e3o de Mestrado em Educa\u00e7\u00e3o, defendida na UFSCar, campus Sorocaba, o livro traz uma reflex\u00e3o sobre os lugares de mem\u00f3ria da regi\u00e3o central de Sorocaba e como tais espa\u00e7os dialogam com as pessoas, produzindo processos educativos \u00a0 O livro \"T\u00e1 vendo aquele edif\u00edcio, mo\u00e7o? - Lugares de mem\u00f3ria,\u2026","rel":"","context":"Em &quot;Comunica\u00e7\u00e3o&quot;","block_context":{"text":"Comunica\u00e7\u00e3o","link":"http:\/\/jornalrol.com.br\/?cat=7"},"img":{"alt_text":"","src":"https:\/\/i0.wp.com\/www.jornalrol.com.br\/wp-content\/uploads\/2018\/01\/Carlos-Foto-Andr%C3%A9-Pinto-26032016-C%C3%B3pia-237x300.jpg?resize=350%2C200","width":350,"height":200},"classes":[]},{"id":8411,"url":"http:\/\/jornalrol.com.br\/?p=8411","url_meta":{"origin":23185,"position":3},"title":"Professor Carlos Cavalheiro, colunista do ROL, conquista o t\u00edtulo de &#039;Mestre em Educa\u00e7\u00e3o&#039;","author":"Helio Rubens","date":"24 de fevereiro de 2017","format":false,"excerpt":"Professor Carlos Cavalheiro conquista o t\u00edtulo de Mestre em Educa\u00e7\u00e3o \u00a0 \u00a0 \u00a0\u00a0\u00a0\u00a0\u00a0\u00a0\u00a0\u00a0\u00a0\u00a0\u00a0\u00a0\u00a0\u00a0\u00a0 O professor, escritor e poeta Carlos Carvalho Cavalheiro foi aprovado na defesa de disserta\u00e7\u00e3o de Mestrado em Educa\u00e7\u00e3o, no \u00faltimo dia 23 de fevereiro. Carlos Cavalheiro \u00e9 professor de Hist\u00f3ria da rede p\u00fablica municipal de Porto Feliz\u2026","rel":"","context":"Em &quot;Comunica\u00e7\u00e3o&quot;","block_context":{"text":"Comunica\u00e7\u00e3o","link":"http:\/\/jornalrol.com.br\/?cat=7"},"img":{"alt_text":"","src":"https:\/\/i0.wp.com\/www.jornalrol.com.br\/wp-content\/uploads\/2016\/07\/Carlos-300x284.jpg?resize=350%2C200","width":350,"height":200},"classes":[]},{"id":19782,"url":"http:\/\/jornalrol.com.br\/?p=19782","url_meta":{"origin":23185,"position":4},"title":"Poeta Carlos Carvalho Cavalheiro ter\u00e1 seus poemas distribu\u00eddos na FLIP","author":"Sergio Diniz da Costa","date":"18 de julho de 2018","format":false,"excerpt":"O escritor, historiador e poeta Carlos Carvalho Cavalheiro ter\u00e1 versos de sua autoria impressos,\u00a0dobrados e distribu\u00eddos gratuitamente durante toda edi\u00e7\u00e3o 2018 da Festa Liter\u00e1ria Internacional de Parati, a FLIP \u00a0 O escritor, historiador e poeta Carlos Carvalho Cavalheiro ter\u00e1 versos de sua autoria impressos,\u00a0dobrados e distribu\u00eddos gratuitamente durante toda edi\u00e7\u00e3o\u2026","rel":"","context":"Em &quot;Comunica\u00e7\u00e3o&quot;","block_context":{"text":"Comunica\u00e7\u00e3o","link":"http:\/\/jornalrol.com.br\/?cat=7"},"img":{"alt_text":"","src":"https:\/\/i0.wp.com\/www.jornalrol.com.br\/wp-content\/uploads\/2018\/07\/paraty-flip-300x120.jpg?resize=350%2C200","width":350,"height":200},"classes":[]},{"id":51180,"url":"http:\/\/jornalrol.com.br\/?p=51180","url_meta":{"origin":23185,"position":5},"title":"Professor Carlos Cavalheiro \u00e9 um dos vencedores do Pr\u00eamio VIP 2022","author":"Carlos Carvalho Cavalheiro","date":"19 de julho de 2022","format":false,"excerpt":"De periodicidade anual, o Pr\u00eamio VIP de Literatura surgiu em 2016 como uma forma de divulgar e incentivar a produ\u00e7\u00e3o liter\u00e1ria nacional O professor Carlos Carvalho Cavalheiro \u00e9 um dos vencedores do Pr\u00eamio VIP de Literatura 2022. Com o conto \u201cCazu\u201d, Cavalheiro obteve o 9\u00ba Lugar numa disputa bastante acirrada.\u2026","rel":"","context":"Em &quot;Comunica\u00e7\u00e3o&quot;","block_context":{"text":"Comunica\u00e7\u00e3o","link":"http:\/\/jornalrol.com.br\/?cat=7"},"img":{"alt_text":"","src":"https:\/\/i0.wp.com\/jornalrol.com.br\/wp-content\/uploads\/2022\/07\/a954b230-fe7b-45e8-ab97-5c6eb80b5f5b.jpg?resize=350%2C200","width":350,"height":200,"srcset":"https:\/\/i0.wp.com\/jornalrol.com.br\/wp-content\/uploads\/2022\/07\/a954b230-fe7b-45e8-ab97-5c6eb80b5f5b.jpg?resize=350%2C200 1x, https:\/\/i0.wp.com\/jornalrol.com.br\/wp-content\/uploads\/2022\/07\/a954b230-fe7b-45e8-ab97-5c6eb80b5f5b.jpg?resize=525%2C300 1.5x, https:\/\/i0.wp.com\/jornalrol.com.br\/wp-content\/uploads\/2022\/07\/a954b230-fe7b-45e8-ab97-5c6eb80b5f5b.jpg?resize=700%2C400 2x, https:\/\/i0.wp.com\/jornalrol.com.br\/wp-content\/uploads\/2022\/07\/a954b230-fe7b-45e8-ab97-5c6eb80b5f5b.jpg?resize=1050%2C600 3x"},"classes":[]}],"_links":{"self":[{"href":"http:\/\/jornalrol.com.br\/index.php?rest_route=\/wp\/v2\/posts\/23185","targetHints":{"allow":["GET"]}}],"collection":[{"href":"http:\/\/jornalrol.com.br\/index.php?rest_route=\/wp\/v2\/posts"}],"about":[{"href":"http:\/\/jornalrol.com.br\/index.php?rest_route=\/wp\/v2\/types\/post"}],"author":[{"embeddable":true,"href":"http:\/\/jornalrol.com.br\/index.php?rest_route=\/wp\/v2\/users\/4"}],"replies":[{"embeddable":true,"href":"http:\/\/jornalrol.com.br\/index.php?rest_route=%2Fwp%2Fv2%2Fcomments&post=23185"}],"version-history":[{"count":0,"href":"http:\/\/jornalrol.com.br\/index.php?rest_route=\/wp\/v2\/posts\/23185\/revisions"}],"wp:featuredmedia":[{"embeddable":true,"href":"http:\/\/jornalrol.com.br\/index.php?rest_route=\/"}],"wp:attachment":[{"href":"http:\/\/jornalrol.com.br\/index.php?rest_route=%2Fwp%2Fv2%2Fmedia&parent=23185"}],"wp:term":[{"taxonomy":"category","embeddable":true,"href":"http:\/\/jornalrol.com.br\/index.php?rest_route=%2Fwp%2Fv2%2Fcategories&post=23185"},{"taxonomy":"post_tag","embeddable":true,"href":"http:\/\/jornalrol.com.br\/index.php?rest_route=%2Fwp%2Fv2%2Ftags&post=23185"}],"curies":[{"name":"wp","href":"https:\/\/api.w.org\/{rel}","templated":true}]}}