{"id":23210,"date":"2018-12-13T14:46:58","date_gmt":"2018-12-13T16:46:58","guid":{"rendered":"http:\/\/www.jornalrol.com.br\/?p=23210"},"modified":"2018-12-13T14:46:58","modified_gmt":"2018-12-13T16:46:58","slug":"escritor-radicado-em-pilar-do-sul-divulga-seu-novo-livro","status":"publish","type":"post","link":"http:\/\/jornalrol.com.br\/?p=23210","title":{"rendered":"Escritor radicado em Pilar do Sul divulga seu novo livro"},"content":{"rendered":"<div class=\"pdfprnt-buttons pdfprnt-buttons-post pdfprnt-top-right\"><a href=\"http:\/\/jornalrol.com.br\/index.php?rest_route=%2Fwp%2Fv2%2Fposts%2F23210&print=pdf\" class=\"pdfprnt-button pdfprnt-button-pdf\" target=\"_blank\" ><\/a><a href=\"http:\/\/jornalrol.com.br\/index.php?rest_route=%2Fwp%2Fv2%2Fposts%2F23210&print=print\" class=\"pdfprnt-button pdfprnt-button-print\" target=\"_blank\" ><img decoding=\"async\" src=\"https:\/\/jornalrol.com.br\/wp-content\/plugins\/pdf-print\/images\/print.png\" alt=\"image_print\" title=\"Conte\u00fado de impress\u00e3o\" \/><\/a><\/div><h3 style=\"text-align: center;\"><a href=\"http:\/\/www.jornalrol.com.br\/wp-content\/uploads\/2018\/12\/image-65.png\"><img loading=\"lazy\" decoding=\"async\" class=\"size-medium wp-image-23211 aligncenter\" src=\"http:\/\/www.jornalrol.com.br\/wp-content\/uploads\/2018\/12\/image-65-204x300.png\" alt=\"\" width=\"204\" height=\"300\" \/><\/a>&#8216;Planeta \u00c9den-A origem da primeira cria\u00e7\u00e3o&#8217;, do escritor\u00a0Andr\u00e9 Luiz Souza de Azevedo, \u00e9 uma obra de fic\u00e7\u00e3o\u00a0baseada em hist\u00f3rias reais<\/h3>\n<p><!--more--><\/p>\n<p><strong>Planeta \u00c9den &#8211; A origem da primeira cria\u00e7\u00e3o\u2019<\/strong>, \u00e9 o primeiro livro do escritor, compositor e autodidata em Teologia\u00a0<strong>Andr\u00e9 Luiz Souza de Azevedo<\/strong>, natural de Manaus (AM), e radicado em Pilar do Sul (SP), que se considera crist\u00e3o convicto e atuante e diz amar os seres humanos, os animais e o nosso planeta.<\/p>\n<p>Publicado\u00a0pela Editora \u00d3lli, foi lan\u00e7ado no dia\u00a0<strong>21 de novembro<\/strong>, na cidade de Pilar do Sul (SP).<\/p>\n<p>Trata-se de uma obra de fic\u00e7\u00e3o que, de acordo com o autor &#8211; que se apresenta sob o pseud\u00f4nimo &#8216;<strong>Pequeno Servo<\/strong>&#8216; -, se baseia em hist\u00f3rias reais. Elohim, anjos, dinossauros e outros seres viventes comp\u00f5em este pequeno livro de 79 p\u00e1ginas com muitos mist\u00e9rios, simbologias e n\u00fameros. Tamb\u00e9m elementos e personagens do folclore amaz\u00f4nico, bem como animais e aves da fauna brasileira.<\/p>\n<p>O livro, ilustrado e com letras de can\u00e7\u00f5es compostas pelo pr\u00f3prio autor, prop\u00f5e apresentar, por meio dos personagens Reobolt, o grande Alencorne e \u00d4pas o sapinho muiraquit\u00e3 e sua Amiga Borl\u00ea, a rainha das borboletas amarelas,\u00a0 o amor e o cuidado por parte dos humanos ao nosso planeta, a todo o universo e, acima de tudo, o respeito e a pr\u00e1tica das Leis do Criador.<\/p>\n<p>Andr\u00e9 Luiz\u00a0 ressalta que a necessidade de mostrar que existe um \u00fanico Deus e que h\u00e1 uma guerra espiritual em andamento, foi o que mais o motivou a escrever o livro, de 79 p\u00e1ginas, com ilustra\u00e7\u00f5es, uma delas, inclusive, de sua autoria.<\/p>\n<p>Para escrever o livro \u2013 terminado em 12 meses \u2013 o escritor se utilizou como\u00a0 primeira e grande fonte de inspira\u00e7\u00e3o a B\u00edblia e as obras: \u2018O Peregrino\u2019 \u2013 John Burnyan e \u2018As eras mais primitivas da terra\u2019 \u2013 G.H. Pember.<\/p>\n<p>&nbsp;<\/p>\n<p>&nbsp;<\/p>\n<p>&nbsp;<\/p>\n<p>&nbsp;<\/p>\n<p>&nbsp;<\/p>\n","protected":false},"excerpt":{"rendered":"<p>&#8216;Planeta \u00c9den-A origem da primeira cria\u00e7\u00e3o&#8217;, do escritor\u00a0Andr\u00e9 Luiz Souza de Azevedo, \u00e9 uma obra de fic\u00e7\u00e3o\u00a0baseada em hist\u00f3rias reais<\/p>\n","protected":false},"author":6,"featured_media":0,"comment_status":"closed","ping_status":"closed","sticky":false,"template":"","format":"standard","meta":{"_jetpack_newsletter_access":"","_jetpack_dont_email_post_to_subs":false,"_jetpack_newsletter_tier_id":0,"_jetpack_memberships_contains_paywalled_content":false,"_jetpack_memberships_contains_paid_content":false,"footnotes":""},"categories":[7],"tags":[873,4983,5145,6805],"class_list":["post-23210","post","type-post","status-publish","format-standard","hentry","category-comunicacao","tag-andre-luiz-souza-de-azevedo","tag-lancamento","tag-livro","tag-planeta-eden-a-origem-da-primeira-criacao"],"aioseo_notices":[],"views":394,"jetpack_featured_media_url":"","jetpack_sharing_enabled":true,"jetpack_likes_enabled":true,"jetpack-related-posts":[{"id":24242,"url":"http:\/\/jornalrol.com.br\/?p=24242","url_meta":{"origin":23210,"position":0},"title":"Andr\u00e9 Luiz Souza de Azevedo lan\u00e7a o livro Planeta \u00c9den &#8211; A origem da primeira cria\u00e7\u00e3o","author":"Sergio Diniz da Costa","date":"1 de fevereiro de 2019","format":false,"excerpt":"O lan\u00e7amento ocorrer\u00e1 hoje, \u00e0s 20h00, em Sorocaba, na Livraria Nobel Planeta \u00c9den \u2013 A origem da primeira cria\u00e7\u00e3o, \u00e9 o primeiro livro do escritor, compositor e autodidata em Teologia Andr\u00e9 Luiz Souza de Azevedo, natural de Manaus (AM), e radicado em Pilar do Sul (SP), que se considera crist\u00e3o\u2026","rel":"","context":"Em &quot;Comunica\u00e7\u00e3o&quot;","block_context":{"text":"Comunica\u00e7\u00e3o","link":"http:\/\/jornalrol.com.br\/?cat=7"},"img":{"alt_text":"","src":"https:\/\/i0.wp.com\/www.jornalrol.com.br\/wp-content\/uploads\/2019\/02\/47681002_352487828912161_8485303695406268416_n-204x300.jpg?resize=350%2C200","width":350,"height":200},"classes":[]},{"id":16990,"url":"http:\/\/jornalrol.com.br\/?p=16990","url_meta":{"origin":23210,"position":1},"title":"Celio Pezza: &#039;Mito da cria\u00e7\u00e3o&#039;","author":"Sergio Diniz da Costa","date":"9 de mar\u00e7o de 2018","format":false,"excerpt":"Celio Pezza: Cr\u00f4nica # 373: 'Mito da Cria\u00e7\u00e3o' \"Por muitos anos, temos escutado que Ad\u00e3o e Eva foram nossos primeiros pais, viviam no Jardim do \u00c9den, comeram uma ma\u00e7a da \u00e1rvore proibida por Deus e, atrav\u00e9s desse ato de desobedi\u00eancia, o mundo inteiro mergulhou em pecado.\" \u00a0 Um dos mitos\u2026","rel":"","context":"Em &quot;Comunica\u00e7\u00e3o&quot;","block_context":{"text":"Comunica\u00e7\u00e3o","link":"http:\/\/jornalrol.com.br\/?cat=7"},"img":{"alt_text":"","src":"https:\/\/i0.wp.com\/www.jornalrol.com.br\/wp-content\/uploads\/2017\/01\/Imagem-close-Google-1.jpeg?resize=350%2C200","width":350,"height":200},"classes":[]},{"id":24604,"url":"http:\/\/jornalrol.com.br\/?p=24604","url_meta":{"origin":23210,"position":2},"title":"C\u00e9lio Pezza: &#039;Lilith, a primeira mulher&#039;","author":"Sergio Diniz da Costa","date":"18 de fevereiro de 2019","format":false,"excerpt":"C\u00e9lio Pezza: # Cr\u00f4nica 396: 'Lilith, a primeira mulher' \"Um dos mitos mais conhecidos da humanidade \u00e9 o da cria\u00e7\u00e3o dos primeiros humanos e os epis\u00f3dios do Jardim do \u00c9den.\" Um dos mitos mais conhecidos da humanidade \u00e9 o da cria\u00e7\u00e3o dos primeiros humanos e os epis\u00f3dios do Jardim do\u2026","rel":"","context":"Em &quot;Comunica\u00e7\u00e3o&quot;","block_context":{"text":"Comunica\u00e7\u00e3o","link":"http:\/\/jornalrol.com.br\/?cat=7"},"img":{"alt_text":"","src":"https:\/\/i0.wp.com\/www.jornalrol.com.br\/wp-content\/uploads\/2017\/01\/Imagem-close-Google-1.jpeg?resize=350%2C200","width":350,"height":200},"classes":[]},{"id":18537,"url":"http:\/\/jornalrol.com.br\/?p=18537","url_meta":{"origin":23210,"position":3},"title":"Jornalista indicado ao Pr\u00eamio Jabuti apresenta fatos in\u00e9ditos sobre a Revolu\u00e7\u00e3o Constitucional de 1932","author":"Helio Rubens","date":"22 de maio de 2018","format":false,"excerpt":"Luiz Octavio de Lima lan\u00e7a seu livro '1932 - S\u00e3o Paulo em Chamas', que traz um novo panorama sobre esse per\u00edodo hist\u00f3rico do Brasil No dia 23 de maio, quarta-feira, \u00e0s 19h, o autor e jornalista indicado ao Pr\u00eamio Jabuti (2015), Luiz Octavio de Lima, recebe os leitores na Livraria\u2026","rel":"","context":"Em &quot;Comunica\u00e7\u00e3o&quot;","block_context":{"text":"Comunica\u00e7\u00e3o","link":"http:\/\/jornalrol.com.br\/?cat=7"},"img":{"alt_text":"","src":"https:\/\/i0.wp.com\/www.jornalrol.com.br\/wp-content\/uploads\/2018\/05\/imagem_release_1293952-300x300.jpg?resize=350%2C200","width":350,"height":200},"classes":[]},{"id":51609,"url":"http:\/\/jornalrol.com.br\/?p=51609","url_meta":{"origin":23210,"position":4},"title":"Marcelo Antonio Corr\u00eaa lan\u00e7a o livro &#039;A Vida num Papel de P\u00e3o&#039;","author":"Sergio Diniz da Costa","date":"18 de agosto de 2022","format":false,"excerpt":"O lan\u00e7amento ser\u00e1 realizado no dia 20 de agosto (s\u00e1bado), das 14h \u00e0s 18h, na Patelli P\u00e3es O escritor\u00a0Marcelo Antonio Corr\u00eaa est\u00e1 lan\u00e7ando, pela Crearte Editora, o livro 'A Vida num Papel de P\u00e3o', que se dar\u00e1 por meio de um coquetel filantr\u00f3pico e cultural na Patelli P\u00e3es. No lan\u00e7amento,\u2026","rel":"","context":"Em &quot;Comunica\u00e7\u00e3o&quot;","block_context":{"text":"Comunica\u00e7\u00e3o","link":"http:\/\/jornalrol.com.br\/?cat=7"},"img":{"alt_text":"","src":"https:\/\/i0.wp.com\/jornalrol.com.br\/wp-content\/uploads\/2022\/08\/8caa4575-891b-41a0-a738-18d8227e1f84.jpg?resize=350%2C200","width":350,"height":200,"srcset":"https:\/\/i0.wp.com\/jornalrol.com.br\/wp-content\/uploads\/2022\/08\/8caa4575-891b-41a0-a738-18d8227e1f84.jpg?resize=350%2C200 1x, https:\/\/i0.wp.com\/jornalrol.com.br\/wp-content\/uploads\/2022\/08\/8caa4575-891b-41a0-a738-18d8227e1f84.jpg?resize=525%2C300 1.5x, https:\/\/i0.wp.com\/jornalrol.com.br\/wp-content\/uploads\/2022\/08\/8caa4575-891b-41a0-a738-18d8227e1f84.jpg?resize=700%2C400 2x"},"classes":[]},{"id":74741,"url":"http:\/\/jornalrol.com.br\/?p=74741","url_meta":{"origin":23210,"position":5},"title":"Hino da Hist\u00f3ria ao Rio Amazonas","author":"Sergio Diniz da Costa","date":"7 de agosto de 2025","format":false,"excerpt":"Em um feito in\u00e9dito e relev\u00e2ncia nacional, a poeta brasileira Suziene Cavalcante comp\u00f4s o primeiro hino da Hist\u00f3ria dedicado exclusivamente ao Rio Amazonas.","rel":"","context":"Em &quot;Hino&quot;","block_context":{"text":"Hino","link":"http:\/\/jornalrol.com.br\/?cat=14774"},"img":{"alt_text":"","src":"https:\/\/i0.wp.com\/jornalrol.com.br\/wp-content\/uploads\/2025\/08\/pexels-jeangc-28587130-2-scaled.jpg?resize=350%2C200","width":350,"height":200,"srcset":"https:\/\/i0.wp.com\/jornalrol.com.br\/wp-content\/uploads\/2025\/08\/pexels-jeangc-28587130-2-scaled.jpg?resize=350%2C200 1x, https:\/\/i0.wp.com\/jornalrol.com.br\/wp-content\/uploads\/2025\/08\/pexels-jeangc-28587130-2-scaled.jpg?resize=525%2C300 1.5x, https:\/\/i0.wp.com\/jornalrol.com.br\/wp-content\/uploads\/2025\/08\/pexels-jeangc-28587130-2-scaled.jpg?resize=700%2C400 2x, https:\/\/i0.wp.com\/jornalrol.com.br\/wp-content\/uploads\/2025\/08\/pexels-jeangc-28587130-2-scaled.jpg?resize=1050%2C600 3x, https:\/\/i0.wp.com\/jornalrol.com.br\/wp-content\/uploads\/2025\/08\/pexels-jeangc-28587130-2-scaled.jpg?resize=1400%2C800 4x"},"classes":[]}],"_links":{"self":[{"href":"http:\/\/jornalrol.com.br\/index.php?rest_route=\/wp\/v2\/posts\/23210","targetHints":{"allow":["GET"]}}],"collection":[{"href":"http:\/\/jornalrol.com.br\/index.php?rest_route=\/wp\/v2\/posts"}],"about":[{"href":"http:\/\/jornalrol.com.br\/index.php?rest_route=\/wp\/v2\/types\/post"}],"author":[{"embeddable":true,"href":"http:\/\/jornalrol.com.br\/index.php?rest_route=\/wp\/v2\/users\/6"}],"replies":[{"embeddable":true,"href":"http:\/\/jornalrol.com.br\/index.php?rest_route=%2Fwp%2Fv2%2Fcomments&post=23210"}],"version-history":[{"count":0,"href":"http:\/\/jornalrol.com.br\/index.php?rest_route=\/wp\/v2\/posts\/23210\/revisions"}],"wp:attachment":[{"href":"http:\/\/jornalrol.com.br\/index.php?rest_route=%2Fwp%2Fv2%2Fmedia&parent=23210"}],"wp:term":[{"taxonomy":"category","embeddable":true,"href":"http:\/\/jornalrol.com.br\/index.php?rest_route=%2Fwp%2Fv2%2Fcategories&post=23210"},{"taxonomy":"post_tag","embeddable":true,"href":"http:\/\/jornalrol.com.br\/index.php?rest_route=%2Fwp%2Fv2%2Ftags&post=23210"}],"curies":[{"name":"wp","href":"https:\/\/api.w.org\/{rel}","templated":true}]}}