{"id":23217,"date":"2018-12-13T15:02:05","date_gmt":"2018-12-13T17:02:05","guid":{"rendered":"http:\/\/www.jornalrol.com.br\/?p=23217"},"modified":"2018-12-13T15:02:05","modified_gmt":"2018-12-13T17:02:05","slug":"recital-encantos-e-apresentado-em-votorantim","status":"publish","type":"post","link":"http:\/\/jornalrol.com.br\/?p=23217","title":{"rendered":"Recital &#039;EnCantos&#039; \u00e9 apresentado em Votorantim"},"content":{"rendered":"<div class=\"pdfprnt-buttons pdfprnt-buttons-post pdfprnt-top-right\"><a href=\"http:\/\/jornalrol.com.br\/index.php?rest_route=%2Fwp%2Fv2%2Fposts%2F23217&print=pdf\" class=\"pdfprnt-button pdfprnt-button-pdf\" target=\"_blank\" ><\/a><a href=\"http:\/\/jornalrol.com.br\/index.php?rest_route=%2Fwp%2Fv2%2Fposts%2F23217&print=print\" class=\"pdfprnt-button pdfprnt-button-print\" target=\"_blank\" ><img decoding=\"async\" src=\"https:\/\/jornalrol.com.br\/wp-content\/plugins\/pdf-print\/images\/print.png\" alt=\"image_print\" title=\"Conte\u00fado de impress\u00e3o\" \/><\/a><\/div><h3 style=\"text-align: center;\"><a href=\"http:\/\/www.jornalrol.com.br\/wp-content\/uploads\/2018\/12\/47685811_2191206361140211_2396798261785526272_n.jpg\"><img loading=\"lazy\" decoding=\"async\" class=\"size-medium wp-image-23214 aligncenter\" src=\"http:\/\/www.jornalrol.com.br\/wp-content\/uploads\/2018\/12\/47685811_2191206361140211_2396798261785526272_n-224x300.jpg\" alt=\"\" width=\"224\" height=\"300\" \/><span style=\"font-weight: 400;\">O Recital visa apresentar um panorama presente na m\u00fasica vocal e coral, abrangendo os diversos g\u00eaneros e estilos e conceitos que demonstram o talento dos profissionais e alunos participantes<\/span><\/a><\/h3>\n<p><!--more--><\/p>\n<p><span style=\"font-weight: 400;\">A Allegro Produ\u00e7\u00f5es Musical apresenta o Recital \u201c<\/span><i><span style=\"font-weight: 400;\">EnCantos\u201d<\/span><\/i><span style=\"font-weight: 400;\"> neste domingo, ao meio-dia, no Audit\u00f3rio Municipal de Votorantim \u201cFrancisco Beranger\u201d. A dire\u00e7\u00e3o art\u00edstica \u00e9 de Lu\u00eds Gustavo Laureano. A entrada \u00e9 franca.<\/span><\/p>\n<p><span style=\"font-weight: 400;\">O Recital visa apresentar um panorama presente na m\u00fasica vocal e coral, abrangendo os diversos g\u00eaneros e estilos e conceitos que demonstram o talento dos profissionais e alunos participantes.<\/span><\/p>\n<p><span style=\"font-weight: 400;\"> \u201cEnCantos do Mar\u201d abre o Recital e ser\u00e1 apresentado pelo Coral Voci sob dire\u00e7\u00e3o musical e reg\u00eancia de Lu\u00eds Gustavo Laureano, dire\u00e7\u00e3o c\u00eanica de Felipe Ven\u00e2ncio e percuss\u00e3o de Alexandre Oliveira.<\/span><\/p>\n<p><span style=\"font-weight: 400;\">O Espet\u00e1culo faz uma viagem sonora e visual pelo litoral brasileiro. Uma pesquisa sobre a corporeidade do povo ribeirinho. Uma vila de pescadores, do momento em que se preparam para lan\u00e7ar o barco ao mar at\u00e9 o reencontro das fam\u00edlias depois do trabalho \u00e1rduo. Destacam-se composi\u00e7\u00f5es de Dorival Caymmi, Tom Jobim, Gabriel Levy, Rodrigo Maranh\u00e3o e Lenine.<\/span><\/p>\n<p><span style=\"font-weight: 400;\">Na segunda parte, Madrigal Cantabile e Coral da APEVO apresentam \u201cEnCantos do Natal\u201d com pe\u00e7as tradicionais e contempor\u00e2neas de natal, das quais destacam-se Tolite Hostias do Oratorio de N\u00f6el de Saint-S\u00e4ens, Silent Night, Pequena Vila de Bel\u00e9m, dentre outras. Ao final, ambos os corais entoar\u00e3o as pe\u00e7as Natal\u00edcio de um Rei de W. H. Neidlinger e Que a Luz de Cristo Brilhe de Tom Fettke. No piano, Luiz Ot\u00e1vio Pereira do Carmo.<\/span><\/p>\n<p><span style=\"font-weight: 400;\">O Audit\u00f3rio Municipal de Votorantim fica na Avenida Marginal Vereador Newton Vieira Soares, s\/n.\u00ba &#8211; Centro. A entrada \u00e9 franca. <\/span><\/p>\n<p>&nbsp;<\/p>\n<p><b>SERVI\u00c7O:<\/b><\/p>\n<p><span style=\"font-weight: 400;\">Recital \u201cEnCantos\u201d<\/span><\/p>\n<p><span style=\"font-weight: 400;\">Data: 16 de dezembro de 2018 \u2013 domingo<\/span><\/p>\n<p><span style=\"font-weight: 400;\">Hor\u00e1rio: 12h00<\/span><\/p>\n<p><span style=\"font-weight: 400;\">Local: Audit\u00f3rio Municipal de Votorantim \u201cFrancisco Beranger\u201d<\/span><\/p>\n<p><span style=\"font-weight: 400;\">Entrada Franca<\/span><\/p>\n","protected":false},"excerpt":{"rendered":"<p>O Recital visa apresentar um panorama presente na m\u00fasica vocal e coral, abrangendo os diversos g\u00eaneros e estilos e conceitos que demonstram o talento dos profissionais e alunos participantes<\/p>\n","protected":false},"author":6,"featured_media":0,"comment_status":"closed","ping_status":"closed","sticky":false,"template":"","format":"standard","meta":{"_jetpack_newsletter_access":"","_jetpack_dont_email_post_to_subs":false,"_jetpack_newsletter_tier_id":0,"_jetpack_memberships_contains_paywalled_content":false,"_jetpack_memberships_contains_paid_content":false,"footnotes":""},"categories":[7],"tags":[2353,7375],"class_list":["post-23217","post","type-post","status-publish","format-standard","hentry","category-comunicacao","tag-coral-voci","tag-recital-encantos"],"aioseo_notices":[],"views":359,"jetpack_featured_media_url":"","jetpack_sharing_enabled":true,"jetpack_likes_enabled":true,"jetpack-related-posts":[{"id":29673,"url":"http:\/\/jornalrol.com.br\/?p=29673","url_meta":{"origin":23217,"position":0},"title":"Coral da Apevo representa Votorantim em festival nacional de m\u00fasica","author":"Sergio Diniz da Costa","date":"22 de outubro de 2019","format":false,"excerpt":"Coral da Apevo representa Votorantim na 5\u00aa Edi\u00e7\u00e3o do Festival Nacional de M\u00fasica & Literatura de Taubat\u00e9 O Coral da APEVO \u2013 Associa\u00e7\u00e3o dos Aposentados e Pensionistas de Votorantim e Regi\u00e3o participou nos dias 12 e 13 deste m\u00eas da 5.\u00aa Edi\u00e7\u00e3o do Festival Nacional de M\u00fasica & Literatura de\u2026","rel":"","context":"Em &quot;Comunica\u00e7\u00e3o&quot;","block_context":{"text":"Comunica\u00e7\u00e3o","link":"http:\/\/jornalrol.com.br\/?cat=7"},"img":{"alt_text":"","src":"https:\/\/i0.wp.com\/www.jornalrol.com.br\/wp-content\/uploads\/2019\/10\/unnamed-300x169.jpg?resize=350%2C200","width":350,"height":200},"classes":[]},{"id":13878,"url":"http:\/\/jornalrol.com.br\/?p=13878","url_meta":{"origin":23217,"position":1},"title":"Recital de flauta e piano em Tatui","author":"Helio Rubens","date":"17 de outubro de 2017","format":false,"excerpt":"MUSEU RECEBE RECITAL DE\u00a0FLAUTA TRANSVERSAL E PIANO \u00a0 O Museu Hist\u00f3rico Paulo Set\u00fabal recebe na quinta-feira (19\/10), \u00e0s 19h30, o Recital de Flauta Transversal e Piano \u201cMaestro Juliano e Convidados\u201d. A apresenta\u00e7\u00e3o faz parte do Projeto \"Musica para Todos\u201d, coordenado por Juliano de Arruda Campos. O projeto, segundo o m\u00fasico,\u2026","rel":"","context":"Em &quot;Comunica\u00e7\u00e3o&quot;","block_context":{"text":"Comunica\u00e7\u00e3o","link":"http:\/\/jornalrol.com.br\/?cat=7"},"img":{"alt_text":"","src":"https:\/\/ci6.googleusercontent.com\/proxy\/nHW_P4aT2EErouQOoYhDdozV3mQUJfGMlkXiTk5FPU7J7oY6Cqqavm2dSPng7WonUXOPDiV8oaIO4zCngEIub_ZydAY6mDStsZchpKjBSsJj99MUHOww_s1kotUL5sEedDZX7dluhXdFXV5P8-_KS6mtmGcFX9mC0DpIZHLRavv2=s0-d-e1-ft#http:\/\/assets.mktnaweb.com\/accounts\/2013\/06\/13\/17128\/pictures\/615\/original_MAESTRO%20JULIANO.jpg?1508245959","width":350,"height":200},"classes":[]},{"id":68082,"url":"http:\/\/jornalrol.com.br\/?p=68082","url_meta":{"origin":23217,"position":2},"title":"As Notas Et\u00e9reas de Ronaldo Rolim em Votorantim","author":"Sergio Diniz da Costa","date":"16 de julho de 2024","format":false,"excerpt":"No dia 21 de julho (domingo), \u00e0s 14h, o Teatro Municipal 'Francisco Beranger', de Votorantim (SP) ser\u00e1 palco da audi\u00e7\u00e3o do pianista votorantinense Ronaldo Rolim","rel":"","context":"Em &quot;Arte&quot;","block_context":{"text":"Arte","link":"http:\/\/jornalrol.com.br\/?cat=9286"},"img":{"alt_text":"Cartaz do recital de piano de Ronaldo Rolim, no Teatro Municipal de Votorantim (SP)","src":"https:\/\/i0.wp.com\/jornalrol.com.br\/wp-content\/uploads\/2024\/07\/6f5d8bff-5b90-4dfc-bd64-78116d630a99.jpeg?resize=350%2C200","width":350,"height":200,"srcset":"https:\/\/i0.wp.com\/jornalrol.com.br\/wp-content\/uploads\/2024\/07\/6f5d8bff-5b90-4dfc-bd64-78116d630a99.jpeg?resize=350%2C200 1x, https:\/\/i0.wp.com\/jornalrol.com.br\/wp-content\/uploads\/2024\/07\/6f5d8bff-5b90-4dfc-bd64-78116d630a99.jpeg?resize=525%2C300 1.5x, https:\/\/i0.wp.com\/jornalrol.com.br\/wp-content\/uploads\/2024\/07\/6f5d8bff-5b90-4dfc-bd64-78116d630a99.jpeg?resize=700%2C400 2x, https:\/\/i0.wp.com\/jornalrol.com.br\/wp-content\/uploads\/2024\/07\/6f5d8bff-5b90-4dfc-bd64-78116d630a99.jpeg?resize=1050%2C600 3x"},"classes":[]},{"id":13321,"url":"http:\/\/jornalrol.com.br\/?p=13321","url_meta":{"origin":23217,"position":3},"title":"Recital de flauta e piano no Ceu das Artes, de Tatui","author":"Helio Rubens","date":"27 de setembro de 2017","format":false,"excerpt":"CEU DAS ARTES TER\u00c1 RECITAL DE FLAUTA\u00a0E PIANO 'M\u00daSICA PARA TODOS' O teatro do Centro de Artes e Esportes Unificados \u201cFot\u00f3grafo Victor Hugo da Costa Pires\u201d - CEU das Artes, equipamento de cultural da Secretaria de Esporte, Cultura, Turismo, Lazer e Juventude da Prefeitura de Tatu\u00ed, receber\u00e1 no pr\u00f3ximo s\u00e1bado\u2026","rel":"","context":"Em &quot;Comunica\u00e7\u00e3o&quot;","block_context":{"text":"Comunica\u00e7\u00e3o","link":"http:\/\/jornalrol.com.br\/?cat=7"},"img":{"alt_text":"","src":"","width":0,"height":0},"classes":[]},{"id":23007,"url":"http:\/\/jornalrol.com.br\/?p=23007","url_meta":{"origin":23217,"position":4},"title":"Madrigal Cantabile apresenta &#039;Concerto de Natal ao Som de \u00d3rg\u00e3o&#039;","author":"Sergio Diniz da Costa","date":"3 de dezembro de 2018","format":false,"excerpt":"O Madrigal Cantabile apresenta: \u201cNatal em Concerto ao som de \u00d3rg\u00e3o\u201d no dia 7 de dezembro \u2013 sexta-feira, a partir das 20h00, na Catedral Metropolitana de Sorocaba O Madrigal Cantabile apresenta: \u201cNatal em Concerto ao som de \u00d3rg\u00e3o\u201d no dia 7 de dezembro \u2013 sexta-feira, a partir das 20h00, na\u2026","rel":"","context":"Em &quot;Comunica\u00e7\u00e3o&quot;","block_context":{"text":"Comunica\u00e7\u00e3o","link":"http:\/\/jornalrol.com.br\/?cat=7"},"img":{"alt_text":"","src":"https:\/\/i0.wp.com\/www.jornalrol.com.br\/wp-content\/uploads\/2018\/12\/47262118_2184537615140419_5513576305309777920_n-300x300.jpg?resize=350%2C200","width":350,"height":200},"classes":[]},{"id":26526,"url":"http:\/\/jornalrol.com.br\/?p=26526","url_meta":{"origin":23217,"position":5},"title":"Madrigal Cantabile abre vagas remanescentes para a temporada 2019","author":"Sergio Diniz da Costa","date":"27 de abril de 2019","format":false,"excerpt":"Ao todo, s\u00e3o dez vagas para as seguintes classifica\u00e7\u00f5es vocais: soprano, mezzo-soprano\/contralto, tenor e bar\u00edtono\/baixo\u00a0 \u00a0 Criado com o intuito de acolher os ex-integrantes do Coral Municipal de Votorantim, que foi extinto pela atual gest\u00e3o no in\u00edcio de 2017, o Madrigal Cantabile est\u00e1 com inscri\u00e7\u00f5es abertas para interessados em fazer\u2026","rel":"","context":"Em &quot;Comunica\u00e7\u00e3o&quot;","block_context":{"text":"Comunica\u00e7\u00e3o","link":"http:\/\/jornalrol.com.br\/?cat=7"},"img":{"alt_text":"","src":"https:\/\/i0.wp.com\/www.jornalrol.com.br\/wp-content\/uploads\/2019\/04\/51112658_317862195531767_2736054429961682944_n-300x154.jpg?resize=350%2C200","width":350,"height":200},"classes":[]}],"_links":{"self":[{"href":"http:\/\/jornalrol.com.br\/index.php?rest_route=\/wp\/v2\/posts\/23217","targetHints":{"allow":["GET"]}}],"collection":[{"href":"http:\/\/jornalrol.com.br\/index.php?rest_route=\/wp\/v2\/posts"}],"about":[{"href":"http:\/\/jornalrol.com.br\/index.php?rest_route=\/wp\/v2\/types\/post"}],"author":[{"embeddable":true,"href":"http:\/\/jornalrol.com.br\/index.php?rest_route=\/wp\/v2\/users\/6"}],"replies":[{"embeddable":true,"href":"http:\/\/jornalrol.com.br\/index.php?rest_route=%2Fwp%2Fv2%2Fcomments&post=23217"}],"version-history":[{"count":0,"href":"http:\/\/jornalrol.com.br\/index.php?rest_route=\/wp\/v2\/posts\/23217\/revisions"}],"wp:attachment":[{"href":"http:\/\/jornalrol.com.br\/index.php?rest_route=%2Fwp%2Fv2%2Fmedia&parent=23217"}],"wp:term":[{"taxonomy":"category","embeddable":true,"href":"http:\/\/jornalrol.com.br\/index.php?rest_route=%2Fwp%2Fv2%2Fcategories&post=23217"},{"taxonomy":"post_tag","embeddable":true,"href":"http:\/\/jornalrol.com.br\/index.php?rest_route=%2Fwp%2Fv2%2Ftags&post=23217"}],"curies":[{"name":"wp","href":"https:\/\/api.w.org\/{rel}","templated":true}]}}