{"id":23248,"date":"2018-12-14T21:44:25","date_gmt":"2018-12-14T23:44:25","guid":{"rendered":"http:\/\/www.jornalrol.com.br\/?p=23248"},"modified":"2018-12-14T21:44:25","modified_gmt":"2018-12-14T23:44:25","slug":"jairo-valio-ah-se-eu-pudesse","status":"publish","type":"post","link":"http:\/\/jornalrol.com.br\/?p=23248","title":{"rendered":"Jairo Valio: &#039;Ah, se eu pudesse&#8230;&#039;"},"content":{"rendered":"<div class=\"pdfprnt-buttons pdfprnt-buttons-post pdfprnt-top-right\"><a href=\"http:\/\/jornalrol.com.br\/index.php?rest_route=%2Fwp%2Fv2%2Fposts%2F23248&print=pdf\" class=\"pdfprnt-button pdfprnt-button-pdf\" target=\"_blank\" ><\/a><a href=\"http:\/\/jornalrol.com.br\/index.php?rest_route=%2Fwp%2Fv2%2Fposts%2F23248&print=print\" class=\"pdfprnt-button pdfprnt-button-print\" target=\"_blank\" ><img decoding=\"async\" src=\"https:\/\/jornalrol.com.br\/wp-content\/plugins\/pdf-print\/images\/print.png\" alt=\"image_print\" title=\"Conte\u00fado de impress\u00e3o\" \/><\/a><\/div><h3 style=\"text-align: center;\"><a href=\"http:\/\/www.jornalrol.com.br\/wp-content\/uploads\/2018\/07\/jairo-valio.png\"><img loading=\"lazy\" decoding=\"async\" class=\"wp-image-19667 aligncenter\" src=\"http:\/\/www.jornalrol.com.br\/wp-content\/uploads\/2018\/07\/jairo-valio.png\" alt=\"\" width=\"109\" height=\"110\" \/><em>&#8220;Gostaria de ser o jardineiro do amor,\/\u00a0Plantando flores em todos os jardins,\/\u00a0Regando-as para que florescessem,\/\u00a0<span class=\"text_exposed_show\">E depois que estivessem vi\u00e7osas,\/\u00a0Em cada cora\u00e7\u00e3o uma plantasse,\/\u00a0Para abrandar os temperamentos.&#8221;<\/span><\/em><\/a><\/h3>\n<p><!--more--><\/p>\n<p><a href=\"http:\/\/www.jornalrol.com.br\/wp-content\/uploads\/2018\/12\/jardineiro.jpg\"><img loading=\"lazy\" decoding=\"async\" class=\"size-medium wp-image-23249 aligncenter\" src=\"http:\/\/www.jornalrol.com.br\/wp-content\/uploads\/2018\/12\/jardineiro-300x200.jpg\" alt=\"\" width=\"300\" height=\"200\" \/><\/a><\/p>\n<p style=\"text-align: center;\"><strong>Ah, se eu pudesse&#8230;&#8221;<\/strong><\/p>\n<p style=\"text-align: center;\">Gostaria de ser o jardineiro do amor,<br \/>\nPlantando flores em todos os jardins,<br \/>\nRegando-as para que florescessem,<span class=\"text_exposed_show\"><br \/>\nE depois que estivessem vi\u00e7osas,<br \/>\nEm cada cora\u00e7\u00e3o uma plantasse,<br \/>\nPara abrandar os temperamentos.<\/span><\/p>\n<div class=\"text_exposed_show\">\n<p style=\"text-align: center;\">N\u00e3o queria ver mais tantas maldades,<br \/>\nOriundas por ambi\u00e7\u00f5es desenfreadas,<br \/>\nE quem vivesse esses desencantos,<br \/>\nFosse tocado por uma flor generosa,<br \/>\nQue mudaria seus comportamentos,<br \/>\nPois para o perd\u00e3o existem os espa\u00e7os.<\/p>\n<p style=\"text-align: center;\">Queria mentes perfumadas e sem v\u00edcios,<br \/>\nQue vivessem e propagassem o amor,<br \/>\nAmando profundamente quem escolheu,<br \/>\nE se receberam flores do meu jardim<br \/>\nVivam suas vidas em perfeitas sintonias,<br \/>\nE jamais quebrarem os elos prometidos.<\/p>\n<p style=\"text-align: center;\">Para as m\u00e3es desejaria todos os perfumes,<br \/>\nE jamais vivessem as desarmonias que ferem,<br \/>\nPois s\u00e3o Anjos que Deus criou para darem vidas,<br \/>\nCrian\u00e7as que merecem todas as flores e carinhos,<br \/>\nE por essas d\u00e1divas Divinas nunca fossem agredidas,<br \/>\nPelas viol\u00eancias que muitas vezes s\u00e3o submetidas.<\/p>\n<p style=\"text-align: center;\">Para a natureza que vive em constante ebuli\u00e7\u00e3o,<br \/>\nTantas s\u00e3o as agress\u00f5es que o homem lhe faz,<br \/>\nSempre haja flores nas matas t\u00e3o deslumbrantes,<br \/>\nE seus rios caminhem livres nas calhas protetoras,<br \/>\nNunca sendo feridos por polui\u00e7\u00f5es que os matam,<br \/>\nPois s\u00e3o fontes de vida que mitigam nossa sede.<\/p>\n<p style=\"text-align: center;\">Veria todos os dias o sol deslumbrante se pondo,<br \/>\nNuma atmosfera limpa e destitu\u00edda de poluentes,<br \/>\nPara que quando tombar colorisse todas as nuvens,<br \/>\nE na negritude da noite as estrelas fossem vistas,<br \/>\nAt\u00e9 que a lua toda brilhante convidasse para amar.<br \/>\nE calma e serena aguardasse linda aurora surgir.<br \/>\nAh&#8230;se eu pudesse&#8230;.<\/p>\n<p>&nbsp;<\/p>\n<p style=\"text-align: center;\"><strong>Jairo Valio<\/strong> &#8211; valio.jairo@gmail.com<br \/>\n16\/04\/2011<\/p>\n<\/div>\n","protected":false},"excerpt":{"rendered":"<p>&#8220;Gostaria de ser o jardineiro do amor,\/\u00a0Plantando flores em todos os jardins,\/\u00a0Regando-as para que florescessem,\/\u00a0E depois que estivessem vi\u00e7osas,\/\u00a0Em cada cora\u00e7\u00e3o uma plantasse,\/\u00a0Para abrandar os temperamentos.&#8221;<\/p>\n","protected":false},"author":7,"featured_media":23249,"comment_status":"closed","ping_status":"closed","sticky":false,"template":"","format":"standard","meta":{"_jetpack_newsletter_access":"","_jetpack_dont_email_post_to_subs":false,"_jetpack_newsletter_tier_id":0,"_jetpack_memberships_contains_paywalled_content":false,"_jetpack_memberships_contains_paid_content":false,"footnotes":""},"categories":[7],"tags":[4745,4746,6854],"class_list":["post-23248","post","type-post","status-publish","format-standard","has-post-thumbnail","hentry","category-comunicacao","tag-jairo","tag-jairo-valio","tag-poesia"],"aioseo_notices":[],"views":378,"jetpack_featured_media_url":"","jetpack_sharing_enabled":true,"jetpack_likes_enabled":true,"jetpack-related-posts":[{"id":18703,"url":"http:\/\/jornalrol.com.br\/?p=18703","url_meta":{"origin":23248,"position":0},"title":"Jairo Valio: &#039;Ser mulher&#039;","author":"Sergio Diniz da Costa","date":"30 de maio de 2018","format":false,"excerpt":"\"Ser uma nuvem que navega num dia de sol,\/\u00a0Para, ent\u00e3o, derramar suas l\u00e1grimas,\/\u00a0Revigorando a terra sedenta de chuvas,\/\u00a0E tornando vi\u00e7osas as plantas que morriam.\" \u00a0 SER MULHER Chorar na alegria e sorrir na tristeza. Identificar, num sorriso triste, o amor que faltou. Distribuir emo\u00e7\u00f5es, ainda que n\u00e3o compreendidas, E quando\u2026","rel":"","context":"Em &quot;Comunica\u00e7\u00e3o&quot;","block_context":{"text":"Comunica\u00e7\u00e3o","link":"http:\/\/jornalrol.com.br\/?cat=7"},"img":{"alt_text":"","src":"https:\/\/i0.wp.com\/www.jornalrol.com.br\/wp-content\/uploads\/2018\/05\/18010517_1498212940210249_1726418210964697403_n-2.png?resize=350%2C200","width":350,"height":200},"classes":[]},{"id":42807,"url":"http:\/\/jornalrol.com.br\/?p=42807","url_meta":{"origin":23248,"position":1},"title":"Jairo Valio: &#039;Mulher, simplesmente mulher&#039;","author":"Jairo Valio","date":"11 de julho de 2021","format":false,"excerpt":"Mulher, simplesmente mulher L\u00e1 vai ela, atraente, sedutora, capaz, n\u00e3o se curva \u00e0 vaidades por ser soberana, e se existirem defeitos em sua postura, passa ao largo com toda desenvoltura, diante das virtudes mais significantes, por ser especial e aben\u00e7oada por Deus. \u00a0 Sabem amar com a sedu\u00e7\u00e3o que emanam,\u2026","rel":"","context":"Em &quot;Comunica\u00e7\u00e3o&quot;","block_context":{"text":"Comunica\u00e7\u00e3o","link":"http:\/\/jornalrol.com.br\/?cat=7"},"img":{"alt_text":"","src":"https:\/\/i0.wp.com\/www.jornalrol.com.br\/wp-content\/uploads\/2021\/06\/IMG-20210611-WA0099-150x150.jpg?resize=350%2C200","width":350,"height":200},"classes":[]},{"id":50511,"url":"http:\/\/jornalrol.com.br\/?p=50511","url_meta":{"origin":23248,"position":2},"title":"Jairo Valio: &#039;Se eu pudesse&#8230;&#039;","author":"Jairo Valio","date":"6 de junho de 2022","format":false,"excerpt":"Se eu pudesse... Protegeria a natureza t\u00e3o massacrada, Evitando as queimadas devastadoras t\u00e3o cru\u00e9is, Produtos de derrubadas de matas nativas, Riquezas que Deus nos deu e o homem destr\u00f3i, Com suas serras afiadas que machucam e ferem, E \u00e1rvores imensas tombam ceifando vidas. Deixam meus despojos para o fogo me\u2026","rel":"","context":"Em &quot;Comunica\u00e7\u00e3o&quot;","block_context":{"text":"Comunica\u00e7\u00e3o","link":"http:\/\/jornalrol.com.br\/?cat=7"},"img":{"alt_text":"","src":"https:\/\/i0.wp.com\/www.jornalrol.com.br\/wp-content\/uploads\/2021\/06\/IMG-20210611-WA0099-1-300x262.jpg?resize=350%2C200","width":350,"height":200},"classes":[]},{"id":17618,"url":"http:\/\/jornalrol.com.br\/?p=17618","url_meta":{"origin":23248,"position":3},"title":"Jairo Valio: &#039;Alma de poeta&#039;","author":"Sergio Diniz da Costa","date":"12 de abril de 2018","format":false,"excerpt":"\"A alma do poeta,\/\u00a0suave como crian\u00e7a que dorme,\/\u00a0tem seus privil\u00e9gios,\/\u00a0pois \u00a0jamais acalenta ressentimentos,\/\u00a0tampouco se curva \u00e0 tenta\u00e7\u00f5es escusas.\" \u00a0 ALMA DE POETA A alma do poeta, suave como crian\u00e7a que dorme, tem seus privil\u00e9gios, pois \u00a0jamais acalenta ressentimentos, tampouco se curva \u00e0 tenta\u00e7\u00f5es escusas. \u00a0 Se ver extenuada pelas dores,\u2026","rel":"","context":"Em &quot;Comunica\u00e7\u00e3o&quot;","block_context":{"text":"Comunica\u00e7\u00e3o","link":"http:\/\/jornalrol.com.br\/?cat=7"},"img":{"alt_text":"","src":"https:\/\/i0.wp.com\/www.jornalrol.com.br\/wp-content\/uploads\/2018\/04\/18010517_1498212940210249_1726418210964697403_n-2.png?resize=350%2C200","width":350,"height":200},"classes":[]},{"id":43671,"url":"http:\/\/jornalrol.com.br\/?p=43671","url_meta":{"origin":23248,"position":4},"title":"Jairo Valio: &#039;Pai&#039;","author":"Jairo Valio","date":"8 de agosto de 2021","format":false,"excerpt":"Pai Cuidadoso jardineiro, Vai juntando sementinhas, Regando um precioso jardim, E uma graciosa companheirinha, Faz as plantinhas vingarem. Filhinhos nascem regados com amor e carinho, E pais atentos tornam-se parceiros, Da m\u00e3e atenta que d\u00e1 vida aos rebentos que nascem, E o pai se torna provedor daquele lar cheio de\u2026","rel":"","context":"Em &quot;Comunica\u00e7\u00e3o&quot;","block_context":{"text":"Comunica\u00e7\u00e3o","link":"http:\/\/jornalrol.com.br\/?cat=7"},"img":{"alt_text":"","src":"https:\/\/i0.wp.com\/www.jornalrol.com.br\/wp-content\/uploads\/2021\/06\/IMG-20210611-WA0099-300x262.jpg?resize=350%2C200","width":350,"height":200},"classes":[]},{"id":22551,"url":"http:\/\/jornalrol.com.br\/?p=22551","url_meta":{"origin":23248,"position":5},"title":"Jairo Valio: &#039;Minha ess\u00eancia&#039;","author":"Jairo Valio","date":"17 de novembro de 2018","format":false,"excerpt":"\"N\u00e3o desejo riquezas materiais,\/\u00a0Que corrompem pelas ambi\u00e7\u00f5es,\/\u00a0E se precisar carregar meus fardos,\/\u00a0N\u00e3o importa ter chinelos rotos,\/\u00a0Nem roupas rasgadas para aquecer.\" \u00a0 \u00a0 \u00a0 \u00a0Minha Ess\u00eancia \u00a0Desejo a suprema humildade. Jamais quero ter as blindagens, Que escondem at\u00e9 falsidades, Muitas vezes nefastas, E agridem mesmo sorrindo. Quero a pureza das crian\u00e7as,\u2026","rel":"","context":"Em &quot;Comunica\u00e7\u00e3o&quot;","block_context":{"text":"Comunica\u00e7\u00e3o","link":"http:\/\/jornalrol.com.br\/?cat=7"},"img":{"alt_text":"","src":"https:\/\/i0.wp.com\/www.jornalrol.com.br\/wp-content\/uploads\/2018\/07\/jairo-valio.png?resize=350%2C200","width":350,"height":200},"classes":[]}],"_links":{"self":[{"href":"http:\/\/jornalrol.com.br\/index.php?rest_route=\/wp\/v2\/posts\/23248","targetHints":{"allow":["GET"]}}],"collection":[{"href":"http:\/\/jornalrol.com.br\/index.php?rest_route=\/wp\/v2\/posts"}],"about":[{"href":"http:\/\/jornalrol.com.br\/index.php?rest_route=\/wp\/v2\/types\/post"}],"author":[{"embeddable":true,"href":"http:\/\/jornalrol.com.br\/index.php?rest_route=\/wp\/v2\/users\/7"}],"replies":[{"embeddable":true,"href":"http:\/\/jornalrol.com.br\/index.php?rest_route=%2Fwp%2Fv2%2Fcomments&post=23248"}],"version-history":[{"count":0,"href":"http:\/\/jornalrol.com.br\/index.php?rest_route=\/wp\/v2\/posts\/23248\/revisions"}],"wp:featuredmedia":[{"embeddable":true,"href":"http:\/\/jornalrol.com.br\/index.php?rest_route=\/"}],"wp:attachment":[{"href":"http:\/\/jornalrol.com.br\/index.php?rest_route=%2Fwp%2Fv2%2Fmedia&parent=23248"}],"wp:term":[{"taxonomy":"category","embeddable":true,"href":"http:\/\/jornalrol.com.br\/index.php?rest_route=%2Fwp%2Fv2%2Fcategories&post=23248"},{"taxonomy":"post_tag","embeddable":true,"href":"http:\/\/jornalrol.com.br\/index.php?rest_route=%2Fwp%2Fv2%2Ftags&post=23248"}],"curies":[{"name":"wp","href":"https:\/\/api.w.org\/{rel}","templated":true}]}}