{"id":23440,"date":"2018-12-27T20:06:12","date_gmt":"2018-12-27T22:06:12","guid":{"rendered":"http:\/\/www.jornalrol.com.br\/?p=23440"},"modified":"2018-12-27T20:06:12","modified_gmt":"2018-12-27T22:06:12","slug":"coroando-o-final-do-ano-de-2018-o-rol-apresenta-sua-mais-nova-colunista-a-poetisa-debora-bellentani","status":"publish","type":"post","link":"http:\/\/jornalrol.com.br\/?p=23440","title":{"rendered":"Coroando o final do ano de 2018, o ROL apresenta sua mais nova colunista: a poetisa D\u00e9bora Bellentani!"},"content":{"rendered":"<div class=\"pdfprnt-buttons pdfprnt-buttons-post pdfprnt-top-right\"><a href=\"http:\/\/jornalrol.com.br\/index.php?rest_route=%2Fwp%2Fv2%2Fposts%2F23440&print=pdf\" class=\"pdfprnt-button pdfprnt-button-pdf\" target=\"_blank\" ><\/a><a href=\"http:\/\/jornalrol.com.br\/index.php?rest_route=%2Fwp%2Fv2%2Fposts%2F23440&print=print\" class=\"pdfprnt-button pdfprnt-button-print\" target=\"_blank\" ><img decoding=\"async\" src=\"https:\/\/jornalrol.com.br\/wp-content\/plugins\/pdf-print\/images\/print.png\" alt=\"image_print\" title=\"Conte\u00fado de impress\u00e3o\" \/><\/a><\/div><h3 style=\"text-align: center;\"><a href=\"http:\/\/www.jornalrol.com.br\/wp-content\/uploads\/2018\/12\/48423801_2501373633212836_5220616964006739968_o.jpg\"><img loading=\"lazy\" decoding=\"async\" class=\"size-medium wp-image-23441 aligncenter\" src=\"http:\/\/www.jornalrol.com.br\/wp-content\/uploads\/2018\/12\/48423801_2501373633212836_5220616964006739968_o-300x169.jpg\" alt=\"\" width=\"300\" height=\"169\" \/><\/a>No Quadro de Colunistas do ROL, D\u00e9bora Bellentani marca a presen\u00e7a cada vez maior da sensibilidade feminina<\/h3>\n<p><!--more--><\/p>\n<p>D\u00e9bora Bellentani \u00e9 escritora e poetisa sorocabana, publicit\u00e1ria (aposentada) e membro da Academia sorocabana de Letras.<\/p>\n<p>Formada em Letras, p\u00f3s-graduada em Propaganda\/Comunica\u00e7\u00e3o de Marketing e p\u00f3s-graduada em Administra\u00e7\u00e3o de Marketing, ambas como especialista (Lato Senso), foi redatora do suplemento infantil &#8216;Cruzeirinho&#8217;, do jornal Cruzeiro do Sul, de Sorocaba.<\/p>\n<p>Participou de oito colet\u00e2neas de poesia e recebeu v\u00e1rias premia\u00e7\u00f5es, sem fins lucrativos.<\/p>\n<p>Durante muitos anos publicou suas poesias nos jornais &#8216;Cruzeiro do Sul&#8217; e &#8216;Di\u00e1rio de Sorocaba&#8217;.<\/p>\n<p>Recentemente, foi classificada em 2\u00ba Lugar no 14\u00ba Concurso Liter\u00e1rio Nacional \u2018Prof. Armando Oliveira Lima\u2019 2018, modalidade Poesia.<\/p>\n<p>\u00c9 autora do livro de poesias &#8216;Lua de Papel&#8217; e do romance &#8216;Max&#8217; e est\u00e1 aguardando a oportunidade para publicar uma short Novel, um conto e um comp\u00eandio com os melhores poemas.<\/p>\n<p>D\u00e9bora inicia sua colabora\u00e7\u00e3o no ROL apresentando a poesia &#8216;Uma primavera no meio do caminho&#8217;, classificada no 14\u00ba Concurso\u00a0Liter\u00e1rio Nacional \u2018Prof. Armando Oliveira Lima\u2019 2018.<\/p>\n<p><a href=\"http:\/\/www.jornalrol.com.br\/wp-content\/uploads\/2018\/12\/48421423_743828632666163_7062459692567494656_n.jpg\"><img loading=\"lazy\" decoding=\"async\" class=\"alignnone size-medium wp-image-23442\" src=\"http:\/\/www.jornalrol.com.br\/wp-content\/uploads\/2018\/12\/48421423_743828632666163_7062459692567494656_n-300x169.jpg\" alt=\"\" width=\"300\" height=\"169\" \/><\/a><\/p>\n<p style=\"text-align: left;\"><strong>Uma primavera no meio do caminho<\/strong><\/p>\n<p>No meio do caminho da vida<\/p>\n<p>Procuro na beleza da Esta\u00e7\u00e3o,<\/p>\n<p>O perfume das rosas,<\/p>\n<p>A paz das margaridas,<\/p>\n<p>A luz dos girass\u00f3is\u2026<\/p>\n<p>&nbsp;<\/p>\n<p>As alfazemas em festa<\/p>\n<p>Distribuem seus perfumes lilases<\/p>\n<p>Enquanto busco, solit\u00e1ria,<\/p>\n<p>As diferen\u00e7as das hort\u00eansias.<\/p>\n<p>&nbsp;<\/p>\n<p>As onze horas florescem<\/p>\n<p>Marcando mais um dia<\/p>\n<p>E passeio no tempo\u2026<\/p>\n<p>&nbsp;<\/p>\n<p>Contemplar a Natureza<\/p>\n<p>Faz-me gente!<\/p>\n<p>&nbsp;<\/p>\n<p>Quem dera sempre houvesse flores,<\/p>\n<p>Apenas flores,<\/p>\n<p>No meio do caminho.<\/p>\n<p>&nbsp;<\/p>\n<p>Homenageando Drummond e seu poema<\/p>\n<p>\u201cNo meio do Caminho\u201d, que completou 90 anos.<\/p>\n<p>1928 \u2013 2018.<\/p>\n<p>&nbsp;<\/p>\n<p>&nbsp;<\/p>\n<p>&nbsp;<\/p>\n<p>&nbsp;<\/p>\n<p>&nbsp;<\/p>\n<p>&nbsp;<\/p>\n<p>&nbsp;<\/p>\n<p>&nbsp;<\/p>\n<p>&nbsp;<\/p>\n","protected":false},"excerpt":{"rendered":"<p>No Quadro de Colunistas do ROL, D\u00e9bora Bellentani marca a presen\u00e7a cada vez maior da sensibilidade feminina<\/p>\n","protected":false},"author":6,"featured_media":23441,"comment_status":"closed","ping_status":"closed","sticky":false,"template":"","format":"standard","meta":{"_jetpack_newsletter_access":"","_jetpack_dont_email_post_to_subs":false,"_jetpack_newsletter_tier_id":0,"_jetpack_memberships_contains_paywalled_content":false,"_jetpack_memberships_contains_paid_content":false,"footnotes":""},"categories":[7],"tags":[1009,2131,2652],"class_list":["post-23440","post","type-post","status-publish","format-standard","has-post-thumbnail","hentry","category-comunicacao","tag-apresentacao-aos-leitores","tag-colunista","tag-debora-bellentani"],"aioseo_notices":[],"views":445,"jetpack_featured_media_url":"","jetpack_sharing_enabled":true,"jetpack_likes_enabled":true,"jetpack-related-posts":[{"id":11752,"url":"http:\/\/jornalrol.com.br\/?p=11752","url_meta":{"origin":23440,"position":0},"title":"Jo\u00e3o Brotas, colunista do ROL publica artigo no Cruzeiro do Sul","author":"Helio Rubens","date":"20 de julho de 2017","format":false,"excerpt":"Jo\u00e3o Brotas \u00e9\u00a0vice-presidente do Gabinete de Leitura Sorocabano \u00a0 O colunista do ROL e tamb\u00e9m membro da AVLAH - Academia Votorantinense de Letras, Artes e Hist\u00f3ria \u00e9 um dos intelectuais mais queridos e admirados de Sorocaba e da Regi\u00e3o. Reconhecendo sua capacidade liter\u00e1ria e de observador atento, o jornal Cruzeiro\u2026","rel":"","context":"Em &quot;Comunica\u00e7\u00e3o&quot;","block_context":{"text":"Comunica\u00e7\u00e3o","link":"http:\/\/jornalrol.com.br\/?cat=7"},"img":{"alt_text":"","src":"https:\/\/i0.wp.com\/www.jornalrol.com.br\/wp-content\/uploads\/2017\/01\/joao-brotas.jpg?resize=350%2C200","width":350,"height":200},"classes":[]},{"id":23258,"url":"http:\/\/jornalrol.com.br\/?p=23258","url_meta":{"origin":23440,"position":1},"title":"Concurso Liter\u00e1rio Nacional &#039;Prof. Armando Oliveira Lima&#039; divulga os vencedores de sua 14\u00aa Edi\u00e7\u00e3o (2018)","author":"Sergio Diniz da Costa","date":"20 de dezembro de 2018","format":false,"excerpt":"A 14\u00aa edi\u00e7\u00e3o do Concurso Liter\u00e1rio Nacional 'Prof. Armando Oliveira Lima' teve um recorde de participa\u00e7\u00e3o, com concorrentes de diversas cidades e estados do Brasil, bem como brasileiros residentes em Portugal e no Jap\u00e3o A 14\u00aa edi\u00e7\u00e3o do Concurso Nacional Liter\u00e1rio 'Prof. Armando Oliveira Lima' 2018, segundo o Coordenador Eliseu\u2026","rel":"","context":"Em &quot;Comunica\u00e7\u00e3o&quot;","block_context":{"text":"Comunica\u00e7\u00e3o","link":"http:\/\/jornalrol.com.br\/?cat=7"},"img":{"alt_text":"","src":"https:\/\/i0.wp.com\/www.jornalrol.com.br\/wp-content\/uploads\/2018\/12\/DSCF9073-300x225.jpg?resize=350%2C200","width":350,"height":200},"classes":[]},{"id":8869,"url":"http:\/\/jornalrol.com.br\/?p=8869","url_meta":{"origin":23440,"position":2},"title":"O time de craques do ROL ganha mais um grande refor\u00e7o: Sergio Diniz da Costa passa a atuar tamb\u00e9m como t\u00e9cnico!","author":"Helio Rubens","date":"21 de mar\u00e7o de 2017","format":false,"excerpt":"Sergio Diniz da Costa, al\u00e9m de colunista, ser\u00e1 tamb\u00e9m Editor do ROL\u00a0 \u00a0 Nossa equipe de colunistas colaboradores do ROL\u00a0fica a cada dia mais rica. Al\u00e9m de outro important\u00edssimo colunista que brevemente anunciaremos, o nosso jornal ROL - REGI\u00c3O ON LINE passa a contar agora com o apoio inestim\u00e1vel do\u2026","rel":"","context":"Em &quot;Comunica\u00e7\u00e3o&quot;","block_context":{"text":"Comunica\u00e7\u00e3o","link":"http:\/\/jornalrol.com.br\/?cat=7"},"img":{"alt_text":"","src":"https:\/\/i0.wp.com\/www.jornalrol.com.br\/wp-content\/uploads\/2017\/02\/Ultima-foto-Sergio-fev-17-reduzida.png?resize=350%2C200","width":350,"height":200},"classes":[]},{"id":12885,"url":"http:\/\/jornalrol.com.br\/?p=12885","url_meta":{"origin":23440,"position":3},"title":"Floresta Cultural: Uma esperan\u00e7a verde que jovens oferecem ao cimento do progresso!","author":"Sergio Diniz da Costa","date":"16 de setembro de 2017","format":false,"excerpt":"... nascentes, Trilha das Borboletas, \u00a0Horta Comunit\u00e1ria, taiobas e parapebas... Um Santu\u00e1rio Ecol\u00f3gico!\u00a0Floresta Cultural: um lugar para sentir a M\u00e3e Terra! \u00a0 \u00a0Uma pra\u00e7a... Em 1983, \u00a0um morador da rua Ant\u00f4nio Arrojo Peres, no Parque 3 Meninos - Sorocaba, \u00a0Dimas Cabral de Oliveira, tendo uma grande pra\u00e7a em frente de\u2026","rel":"","context":"Em &quot;Comunica\u00e7\u00e3o&quot;","block_context":{"text":"Comunica\u00e7\u00e3o","link":"http:\/\/jornalrol.com.br\/?cat=7"},"img":{"alt_text":"","src":"https:\/\/i0.wp.com\/www.jornalrol.com.br\/wp-content\/uploads\/2017\/09\/20170908_102026-1-300x169.jpg?resize=350%2C200","width":350,"height":200},"classes":[]},{"id":4464,"url":"http:\/\/jornalrol.com.br\/?p=4464","url_meta":{"origin":23440,"position":4},"title":"Novo e importante colaborador do ROL: Sergio Diniz da Costa","author":"Helio Rubens","date":"20 de mar\u00e7o de 2016","format":false,"excerpt":"Conhe\u00e7a quem \u00e9 o nosso novo colunista: Sergio Diniz da Costa \u00a0 Sergio Diniz da Costa, 59, nascido em Sorocaba\/SP, \u00e9 advogado aposentado, formado pela Faculdade de Direito de Sorocaba e p\u00f3s-graduado pela Universidade de Sorocaba (Uniso). Foi colaborador da IX Turma do Tribunal de \u00c9tica e Disciplina da OAB\/S\u00e3o\u2026","rel":"","context":"Em &quot;Comunica\u00e7\u00e3o&quot;","block_context":{"text":"Comunica\u00e7\u00e3o","link":"http:\/\/jornalrol.com.br\/?cat=7"},"img":{"alt_text":"foto close","src":"https:\/\/i0.wp.com\/www.jornalrol.com.br\/wp-content\/uploads\/2016\/03\/foto-close-300x300.jpg?resize=350%2C200","width":350,"height":200},"classes":[]},{"id":35786,"url":"http:\/\/jornalrol.com.br\/?p=35786","url_meta":{"origin":23440,"position":5},"title":"No Quadro de Colunistas do ROL, a sensibilidade social e liter\u00e1ria de Eliana Hoenhe Pereira!","author":"Sergio Diniz da Costa","date":"15 de dezembro de 2020","format":false,"excerpt":"Especialista da mente e poetisa, Eliana Hoenhe Pereira traz para o universo ROLiano a sensibilidade social e liter\u00e1ria Eliana Hoenhe Pereira \u00e9 natural de Nil\u00f3polis \u2013 RJ e atualmente reside em Cruzeiro\/SP. \u00c9 Formada em Magist\u00e9rio pela antiga Escola Normal de Cruzeiro. Estudou psicologia na Faculdade Salesiana de Lorena\/SP. P\u00f3s-graduada\u2026","rel":"","context":"Em &quot;Comunica\u00e7\u00e3o&quot;","block_context":{"text":"Comunica\u00e7\u00e3o","link":"http:\/\/jornalrol.com.br\/?cat=7"},"img":{"alt_text":"","src":"https:\/\/i0.wp.com\/jornalrol.com.br\/wp-content\/uploads\/2020\/12\/Foto-2.jpg?resize=350%2C200","width":350,"height":200,"srcset":"https:\/\/i0.wp.com\/jornalrol.com.br\/wp-content\/uploads\/2020\/12\/Foto-2.jpg?resize=350%2C200 1x, https:\/\/i0.wp.com\/jornalrol.com.br\/wp-content\/uploads\/2020\/12\/Foto-2.jpg?resize=525%2C300 1.5x"},"classes":[]}],"_links":{"self":[{"href":"http:\/\/jornalrol.com.br\/index.php?rest_route=\/wp\/v2\/posts\/23440","targetHints":{"allow":["GET"]}}],"collection":[{"href":"http:\/\/jornalrol.com.br\/index.php?rest_route=\/wp\/v2\/posts"}],"about":[{"href":"http:\/\/jornalrol.com.br\/index.php?rest_route=\/wp\/v2\/types\/post"}],"author":[{"embeddable":true,"href":"http:\/\/jornalrol.com.br\/index.php?rest_route=\/wp\/v2\/users\/6"}],"replies":[{"embeddable":true,"href":"http:\/\/jornalrol.com.br\/index.php?rest_route=%2Fwp%2Fv2%2Fcomments&post=23440"}],"version-history":[{"count":0,"href":"http:\/\/jornalrol.com.br\/index.php?rest_route=\/wp\/v2\/posts\/23440\/revisions"}],"wp:featuredmedia":[{"embeddable":true,"href":"http:\/\/jornalrol.com.br\/index.php?rest_route=\/"}],"wp:attachment":[{"href":"http:\/\/jornalrol.com.br\/index.php?rest_route=%2Fwp%2Fv2%2Fmedia&parent=23440"}],"wp:term":[{"taxonomy":"category","embeddable":true,"href":"http:\/\/jornalrol.com.br\/index.php?rest_route=%2Fwp%2Fv2%2Fcategories&post=23440"},{"taxonomy":"post_tag","embeddable":true,"href":"http:\/\/jornalrol.com.br\/index.php?rest_route=%2Fwp%2Fv2%2Ftags&post=23440"}],"curies":[{"name":"wp","href":"https:\/\/api.w.org\/{rel}","templated":true}]}}