{"id":23518,"date":"2018-12-30T17:20:02","date_gmt":"2018-12-30T19:20:02","guid":{"rendered":"http:\/\/www.jornalrol.com.br\/?p=23518"},"modified":"2018-12-30T17:20:02","modified_gmt":"2018-12-30T19:20:02","slug":"celso-lungaretti-nossas-escolhas-devem-simbolizar-disposicao-de-luta-nao-retirada-apos-a-derrota","status":"publish","type":"post","link":"http:\/\/jornalrol.com.br\/?p=23518","title":{"rendered":"Celso Lungaretti: &#039;Nossas escolhas devem simbolizar disposi\u00e7\u00e3o de luta, n\u00e3o retirada ap\u00f3s a derrota&#039;"},"content":{"rendered":"<div class=\"pdfprnt-buttons pdfprnt-buttons-post pdfprnt-top-right\"><a href=\"http:\/\/jornalrol.com.br\/index.php?rest_route=%2Fwp%2Fv2%2Fposts%2F23518&print=pdf\" class=\"pdfprnt-button pdfprnt-button-pdf\" target=\"_blank\" ><\/a><a href=\"http:\/\/jornalrol.com.br\/index.php?rest_route=%2Fwp%2Fv2%2Fposts%2F23518&print=print\" class=\"pdfprnt-button pdfprnt-button-print\" target=\"_blank\" ><img decoding=\"async\" src=\"https:\/\/jornalrol.com.br\/wp-content\/plugins\/pdf-print\/images\/print.png\" alt=\"image_print\" title=\"Conte\u00fado de impress\u00e3o\" \/><\/a><\/div><figure id=\"attachment_12773\" aria-describedby=\"caption-attachment-12773\" style=\"width: 225px\" class=\"wp-caption aligncenter\"><a href=\"http:\/\/www.jornalrol.com.br\/wp-content\/uploads\/2017\/09\/celso.jpg\"><img loading=\"lazy\" decoding=\"async\" class=\"size-medium wp-image-12773\" src=\"http:\/\/www.jornalrol.com.br\/wp-content\/uploads\/2017\/09\/celso-225x300.jpg\" alt=\"\" width=\"225\" height=\"300\" \/><\/a><figcaption id=\"caption-attachment-12773\" class=\"wp-caption-text\">Celso Lungaretti<\/figcaption><\/figure>\n<h2 style=\"text-align: center;\"><span style=\"color: #b45f06; font-family: 'trebuchet ms', sans-serif; font-size: xx-large;\">BOICOTANDO<\/span><b><span style=\"color: #b45f06; font-family: 'trebuchet ms', sans-serif; font-size: xx-large;\"> A POSSE, ABANDONAREMOS O PALCO E OS\u00a0<\/span><\/b><b><span style=\"color: #b45f06; font-family: 'trebuchet ms', sans-serif; font-size: xx-large;\">HOLOFOTES\u00a0<\/span><\/b><b><span style=\"color: #b45f06; font-family: 'trebuchet ms', sans-serif; font-size: xx-large;\">AO INIMIGO. MELHOR OP\u00c7\u00c3O SER\u00c1\u00a0<\/span><\/b><b><span style=\"color: #b45f06; font-family: 'trebuchet ms', sans-serif; font-size: xx-large;\">COMPARECERMOS&#8230; DE LUTO!<\/span><\/b><\/h2>\n<p><!--more--><\/p>\n<p><b><span style=\"font-family: Verdana, sans-serif; font-size: xx-large;\"><a href=\"http:\/\/www.jornalrol.com.br\/wp-content\/uploads\/2018\/12\/unnamed-7.jpg\"><img loading=\"lazy\" decoding=\"async\" class=\"size-full wp-image-23519 alignleft\" src=\"http:\/\/www.jornalrol.com.br\/wp-content\/uploads\/2018\/12\/unnamed-7.jpg\" alt=\"\" width=\"277\" height=\"182\" \/><\/a>A<\/span><\/b><span style=\"font-family: Times, 'Times New Roman', serif;\">\u00a0posse de um presidente da Rep\u00fablica \u00e9 um evento simb\u00f3lico, que tenta projetar a imagem de um l\u00edder vitorioso, com amplo respaldo de seu povo.<\/span><\/p>\n<p><span style=\"font-family: Times, 'Times New Roman', serif;\">A festa vai acontecer de qualquer jeito e ser\u00e1 vista por boa parte dos 210 milh\u00f5es de brasileiros.<\/span><\/p>\n<p><span style=\"font-family: Times, 'Times New Roman', serif;\">Isto l\u00e1 \u00e9 hora de o PT, o Psol e o PCdoB deixarem o palco e os holofotes inteiramente para os inimigos, como se n\u00e3o existissem descontentes com o terr\u00edvel retrocesso hist\u00f3rico representado pelo\u00a0<\/span><b><span style=\"font-family: Verdana, sans-serif;\"><i>presidente fake news<\/i><\/span><\/b><span style=\"font-family: Times, 'Times New Roman', serif;\">\u00a0e sua cambada de fan\u00e1ticos, obtusos e esquisitos?<\/span><\/p>\n<p><span style=\"font-family: Times, 'Times New Roman', serif;\">Jair Bolsonaro teve 39% dos votos no 2\u00ba turno, mas parecer\u00e1 unanimidade se os partidos de esquerda n\u00e3o estiverem l\u00e1 dizendo em alto e bom som que 61% dos brasileiros n\u00e3o votaram nele: ou porque n\u00e3o votariam nele de jeito nenhum, ou porque n\u00e3o o viram como solu\u00e7\u00e3o, ou porque conclu\u00edram que havia coisas melhores para se fazer num domingo. <\/span><\/p>\n<p><span style=\"font-family: Times, 'Times New Roman', serif;\"><a href=\"http:\/\/www.jornalrol.com.br\/wp-content\/uploads\/2018\/12\/unnamed-1-2.jpg\"><img loading=\"lazy\" decoding=\"async\" class=\"size-medium wp-image-23520 alignright\" src=\"http:\/\/www.jornalrol.com.br\/wp-content\/uploads\/2018\/12\/unnamed-1-2-300x172.jpg\" alt=\"\" width=\"300\" height=\"172\" \/><\/a>Uma das campanhas mais simp\u00e1ticas e impactantes j\u00e1 realizadas por aqui foi a das diretas-j\u00e1, em 1983\/1984, que tinha como s\u00edmbolo a cor amarela. A extrema-direita copiou o exemplo e adotou o verde-amarelo nas manifesta\u00e7\u00f5es contra Dilma.<\/span><\/p>\n<p><span style=\"font-family: Times, 'Times New Roman', serif;\">\u00c9 assim que os partidos de esquerda deveriam comparecer \u00e0 solenidade de posse: com todos os seus membros presentes e se mantendo o mais pr\u00f3ximos poss\u00edvel entre si (para serem vistos como um conjunto e n\u00e3o como gatos pingados).\u00a0E, claro, adotando algo que os identificasse.<\/span><\/p>\n<p><span style=\"font-family: Times, 'Times New Roman', serif;\">Qual? Proponho a cor preta nas vestes, pois quem souber o que realmente aquela festa macabra prenuncia, estar\u00e1 com a morte na alma. O luto \u00e9 a melhor express\u00e3o de tal sentimento.\u00a0<\/span><\/p>\n<p>&nbsp;<\/p>\n","protected":false},"excerpt":{"rendered":"<p>BOICOTANDO A POSSE, ABANDONAREMOS O PALCO E OS\u00a0HOLOFOTES\u00a0AO INIMIGO. MELHOR OP\u00c7\u00c3O SER\u00c1\u00a0COMPARECERMOS&#8230; DE LUTO!<\/p>\n","protected":false},"author":2,"featured_media":0,"comment_status":"closed","ping_status":"closed","sticky":false,"template":"","format":"standard","meta":{"_jetpack_newsletter_access":"","_jetpack_dont_email_post_to_subs":false,"_jetpack_newsletter_tier_id":0,"_jetpack_memberships_contains_paywalled_content":false,"_jetpack_memberships_contains_paid_content":false,"footnotes":""},"categories":[7],"tags":[1094,1797],"class_list":["post-23518","post","type-post","status-publish","format-standard","hentry","category-comunicacao","tag-artigo","tag-celso-lungaretti"],"aioseo_notices":[],"views":401,"jetpack_featured_media_url":"","jetpack_sharing_enabled":true,"jetpack_likes_enabled":true,"jetpack-related-posts":[{"id":3684,"url":"http:\/\/jornalrol.com.br\/?p=3684","url_meta":{"origin":23518,"position":0},"title":"Artigo de Celso Lungaretti: &#039;A li\u00e7\u00e3o de carnificina de Paris: o Estado Isl\u00e2mico \u00e9 uma abomina\u00e7\u00e3o!&#039;","author":"Helio Rubens","date":"14 de novembro de 2015","format":false,"excerpt":"A LI\u00c7\u00c3O DA CARNIFICINA DE PARIS: O ESTADO ISL\u00c2MICO \u00c9 UMA ABOMINA\u00c7\u00c3O! Celso Lungaretti, no blogue\u00a0N\u00e1ufrago da Utopia Nenhuma causa justifica a matan\u00e7a de civis. Nenhuma! N\u00f3s, revolucion\u00e1rios, encaramos a luta armada como uma luta pol\u00edtica travada\u00a0tamb\u00e9m, quando\u00a0imprescind\u00edvel\u00a0e\u00a0inescap\u00e1vel, por meio das armas. \u00c9 um recurso v\u00e1lido para combatermos inimigos que\u2026","rel":"","context":"Em &quot;Comunica\u00e7\u00e3o&quot;","block_context":{"text":"Comunica\u00e7\u00e3o","link":"http:\/\/jornalrol.com.br\/?cat=7"},"img":{"alt_text":"","src":"","width":0,"height":0},"classes":[]},{"id":25832,"url":"http:\/\/jornalrol.com.br\/?p=25832","url_meta":{"origin":23518,"position":1},"title":"Celso Lungaretti: &#039;Miss\u00e3o cumprida, presidente! Agora nada lhe falta para matas as saudades dos ignaros velhos tempos&#8230;&#039;","author":"Helio Rubens","date":"1 de abril de 2019","format":false,"excerpt":"\u00a0REUNIMOS 21 TEXTOS PARA SERVIREM DE ANT\u00cdDOTOS \u00c0\u00a0DITADURA. UM PARA CADA ANO QUE O PESADELO DUROU O\u00a0Encontro com a ditadura\u00a0j\u00e1 atingiu seu objetivo, o de oferecer farto material de leitura e consulta para quem busca informa\u00e7\u00e3o isenta e consistente sobre o arb\u00edtrio que se abateu sobre o Brasil no dia\u2026","rel":"","context":"Em &quot;Comunica\u00e7\u00e3o&quot;","block_context":{"text":"Comunica\u00e7\u00e3o","link":"http:\/\/jornalrol.com.br\/?cat=7"},"img":{"alt_text":"","src":"https:\/\/i0.wp.com\/www.jornalrol.com.br\/wp-content\/uploads\/2019\/03\/Celso5.jpg?resize=350%2C200","width":350,"height":200},"classes":[]},{"id":4227,"url":"http:\/\/jornalrol.com.br\/?p=4227","url_meta":{"origin":23518,"position":2},"title":"Artigo de Celso Lungaretti: &quot;\u00c9 assim que acaba o mundo. N\u00e3o com estrondo, mas com um suspiro&#8230;&quot;","author":"Helio Rubens","date":"13 de fevereiro de 2016","format":false,"excerpt":"Celso Lungaretti: DOIS PERDIDOS NUMA TARDE SUJA \u00a0 Por Celso Lungaretti, no blogue\u00a0N\u00e1ufrago da Utopia. \u00a0 Dilma manteve um encontro de agonizantes com Lula e, ao que tudo indica, foi tempo jogado fora. Ela dever\u00e1 permanecer em cima do muro enquanto seu criador \u00e9 destru\u00eddo e vai insistir em impor\u2026","rel":"","context":"Em &quot;Comunica\u00e7\u00e3o&quot;","block_context":{"text":"Comunica\u00e7\u00e3o","link":"http:\/\/jornalrol.com.br\/?cat=7"},"img":{"alt_text":"","src":"https:\/\/ci4.googleusercontent.com\/proxy\/u6BAPh4I0HJBslKp5z1pReF0LletoBwOLHXlPjJ6Kc0kc_T4WUByEsxzgqRSiEpgm6_bvbin31IOu82U3wcLi1nANeYY5sKoJZqnhWyKh0F_wtdYQ8VT2uH_bPuu_CqS-M1HxI2yjXVjIJjLv2RT=s0-d-e1-ft#https:\/\/skoob.s3.amazonaws.com\/livros\/45872\/DOIS_PERDIDOS_NUMA_NOITE_SUJA_1355446284B.jpg","width":350,"height":200},"classes":[]},{"id":4452,"url":"http:\/\/jornalrol.com.br\/?p=4452","url_meta":{"origin":23518,"position":3},"title":"Celso Lungaretti: &#039;DILMA, ACABOU.\u00a0&#039;","author":"Helio Rubens","date":"17 de mar\u00e7o de 2016","format":false,"excerpt":"N\u00c3O TEM MAIS JEITO. \u00a0 Por Celso Lungaretti, no blogue\u00a0N\u00e1ufrago da Utopia. Dilma, acabou. N\u00e3o tem mais jeito. Voc\u00ea fez hoje o que decerto n\u00e3o fazia no tempo em que ambos \u00e9ramos militantes da VAR-Palmares: numa conversa que poderia ser interceptada, deu nome aos bois ao inv\u00e9s de passar o\u2026","rel":"","context":"Em &quot;Comunica\u00e7\u00e3o&quot;","block_context":{"text":"Comunica\u00e7\u00e3o","link":"http:\/\/jornalrol.com.br\/?cat=7"},"img":{"alt_text":"","src":"https:\/\/ci4.googleusercontent.com\/proxy\/7nMTjVScygVQxIy4twmNgpyWSlE4XUFE_PN9mZ6Nda-8WY5B6mn213vIbASf59fDb8odsvt9DsssykjyR0zxwcHZyHd2DTzm8pM17YSR06nz_sez1vAwW1KMnH_e0-hW_Cz5myrnpZ-K06jm_iiaKPAemBD2zLgMXkLLhW2_hmN7nCgIZB73Yl6TGgwMA85Xe6R0AIy3wwrhGIUBp3iTOwW4oZ71O-hCeSdmIjVus5e7cdQWSoGJDfYYmh96y_oeKAIB4kLY5XiM=s0-d-e1-ft#https:\/\/images-blogger-opensocial.googleusercontent.com\/gadgets\/proxy?url=http%3A%2F%2Fwww.mdig.com.br%2Fmedia%2F10680%2FLula.jpg&container=blogger&gadget=a&rewriteMime=image%2F*","width":350,"height":200},"classes":[]},{"id":25731,"url":"http:\/\/jornalrol.com.br\/?p=25731","url_meta":{"origin":23518,"position":4},"title":"Celso lungaretti: &#039;O Capit\u00e3o est\u00e1 com saudades? Ent\u00e3o vamos ajud\u00e1-lo a rememorar os velhos e bons tempos&#8230;&#039;","author":"Helio Rubens","date":"31 de mar\u00e7o de 2019","format":false,"excerpt":"ENCONTRO COM A DITADURA. VENHA PARTICIPAR! Unindo-se \u00e0 nostalgia do presidente Bolsonaro, o\u00a0Direto da Reda\u00e7\u00e3o\u00a0e o\u00a0N\u00e1ufrago da Utopia\u00a0v\u00e3o revisitar\u00a0O\u00a0GOLPE DE 1964 E OS 21 ANOS DE DITADURA Participe voc\u00ea tamb\u00e9m desta jornada de recorda\u00e7\u00f5es. Conte como viveu os dias do Golpe e o que representaram na sua vida. Iremos publicando\u2026","rel":"","context":"Em &quot;Comunica\u00e7\u00e3o&quot;","block_context":{"text":"Comunica\u00e7\u00e3o","link":"http:\/\/jornalrol.com.br\/?cat=7"},"img":{"alt_text":"","src":"https:\/\/i0.wp.com\/www.jornalrol.com.br\/wp-content\/uploads\/2019\/03\/Celso5.jpg?resize=350%2C200","width":350,"height":200},"classes":[]},{"id":38274,"url":"http:\/\/jornalrol.com.br\/?p=38274","url_meta":{"origin":23518,"position":5},"title":"Celso Lungaretti: &#039;Matamos a cobra e mostramos o pau: com um presidente de verdade, o Brasil poderia ter uns 100 mil brasileiros a menos mortos pela Covid&#039;","author":"ADM","date":"3 de mar\u00e7o de 2021","format":false,"excerpt":"Celso Lungaretti Calculamos quantas mortes por Covid poderiam ser evitadas\u00a0 sem o negacionismo do Bolsonaro. o resultado \u00e9 chocante No s\u00e9culo passado os economistas gostavam de comparar o Brasil a uma\u00a0Bel\u00edndia: os impostos aqui existentes seriam t\u00e3o elevados quanto os da rica B\u00e9lgica, mas a mis\u00e9ria que suport\u00e1vamos equivaleria \u00e0\u2026","rel":"","context":"Em &quot;Comunica\u00e7\u00e3o&quot;","block_context":{"text":"Comunica\u00e7\u00e3o","link":"http:\/\/jornalrol.com.br\/?cat=7"},"img":{"alt_text":"","src":"https:\/\/i0.wp.com\/www.jornalrol.com.br\/wp-content\/uploads\/2020\/04\/celso-5-300x169-300x169.jpg?resize=350%2C200","width":350,"height":200},"classes":[]}],"_links":{"self":[{"href":"http:\/\/jornalrol.com.br\/index.php?rest_route=\/wp\/v2\/posts\/23518","targetHints":{"allow":["GET"]}}],"collection":[{"href":"http:\/\/jornalrol.com.br\/index.php?rest_route=\/wp\/v2\/posts"}],"about":[{"href":"http:\/\/jornalrol.com.br\/index.php?rest_route=\/wp\/v2\/types\/post"}],"author":[{"embeddable":true,"href":"http:\/\/jornalrol.com.br\/index.php?rest_route=\/wp\/v2\/users\/2"}],"replies":[{"embeddable":true,"href":"http:\/\/jornalrol.com.br\/index.php?rest_route=%2Fwp%2Fv2%2Fcomments&post=23518"}],"version-history":[{"count":0,"href":"http:\/\/jornalrol.com.br\/index.php?rest_route=\/wp\/v2\/posts\/23518\/revisions"}],"wp:attachment":[{"href":"http:\/\/jornalrol.com.br\/index.php?rest_route=%2Fwp%2Fv2%2Fmedia&parent=23518"}],"wp:term":[{"taxonomy":"category","embeddable":true,"href":"http:\/\/jornalrol.com.br\/index.php?rest_route=%2Fwp%2Fv2%2Fcategories&post=23518"},{"taxonomy":"post_tag","embeddable":true,"href":"http:\/\/jornalrol.com.br\/index.php?rest_route=%2Fwp%2Fv2%2Ftags&post=23518"}],"curies":[{"name":"wp","href":"https:\/\/api.w.org\/{rel}","templated":true}]}}