{"id":23523,"date":"2018-12-30T20:09:16","date_gmt":"2018-12-30T22:09:16","guid":{"rendered":"http:\/\/www.jornalrol.com.br\/?p=23523"},"modified":"2018-12-30T20:09:16","modified_gmt":"2018-12-30T22:09:16","slug":"em-2018-o-jornal-cultural-rol-cumpriu-sua-finalidade-de-divulgar-a-cultura-e-ainda-abriu-espaco-para-a-solidariedade-em-2019-o-sonho-sera-renovado-e-ampliado","status":"publish","type":"post","link":"http:\/\/jornalrol.com.br\/?p=23523","title":{"rendered":"Em 2018 o Jornal Cultural ROL cumpriu sua finalidade de divulgar a cultura e ainda abriu espa\u00e7o para a solidariedade. Em 2019 o sonho ser\u00e1 renovado e ampliado"},"content":{"rendered":"<div class=\"pdfprnt-buttons pdfprnt-buttons-post pdfprnt-top-right\"><a href=\"http:\/\/jornalrol.com.br\/index.php?rest_route=%2Fwp%2Fv2%2Fposts%2F23523&print=pdf\" class=\"pdfprnt-button pdfprnt-button-pdf\" target=\"_blank\" ><\/a><a href=\"http:\/\/jornalrol.com.br\/index.php?rest_route=%2Fwp%2Fv2%2Fposts%2F23523&print=print\" class=\"pdfprnt-button pdfprnt-button-print\" target=\"_blank\" ><img decoding=\"async\" src=\"https:\/\/jornalrol.com.br\/wp-content\/plugins\/pdf-print\/images\/print.png\" alt=\"image_print\" title=\"Conte\u00fado de impress\u00e3o\" \/><\/a><\/div><h3 style=\"text-align: center;\"><a href=\"http:\/\/www.jornalrol.com.br\/wp-content\/uploads\/2018\/12\/nova-marca-ROL-sem-fundo.png\"><img loading=\"lazy\" decoding=\"async\" class=\"size-medium wp-image-23505 aligncenter\" src=\"http:\/\/www.jornalrol.com.br\/wp-content\/uploads\/2018\/12\/nova-marca-ROL-sem-fundo-300x121.png\" alt=\"\" width=\"300\" height=\"121\" \/><\/a>As promo\u00e7\u00f5es culturais-filantr\u00f3picas e a amplia\u00e7\u00e3o do quadro de Colunistas e Correspondentes Culturais marcaram o ano de 2018 como muito bem sucedido para o nosso <strong>ROL<\/strong>. Em 2019 nova e intensa programa\u00e7\u00e3o de atividades<\/h3>\n<p><!--more--><\/p>\n<p>Nos seus 25 anos de exist\u00eancia (a serem completados no pr\u00f3ximo m\u00eas de abril), o <strong>Jornal Cultural ROL<\/strong> vem marcando sua presen\u00e7a virtual por um constante crescimento e aprimoramento na divulga\u00e7\u00e3o de not\u00edcias culturais e textos liter\u00e1rios. O ano de 2018 marcou uma fase de grande desenvolvimento editorial do nosso jornal, com o aumento de seu quadro de Colunistas, Correspondentes e Colaboradores espor\u00e1dicos. Em consequ\u00eancia desse aprimoramento redacional, o <strong>ROL<\/strong> aumentou seu prestigio e conquistou mais leitores.<\/p>\n<p><a href=\"http:\/\/www.jornalrol.com.br\/wp-content\/uploads\/2018\/12\/Melhores-do-anoHR.png\"><img loading=\"lazy\" decoding=\"async\" class=\"size-medium wp-image-23500 alignright\" src=\"http:\/\/www.jornalrol.com.br\/wp-content\/uploads\/2018\/12\/Melhores-do-anoHR-212x300.png\" alt=\"\" width=\"212\" height=\"300\" \/><\/a>No primeiro semestre de 2018, o ROL promoveu a enquete \u2018<strong>Melhores do Ano 2017<\/strong>\u2019 em Itapetininga, Sorocaba e Porto Feliz, respectivamente nos meses de janeiro, fevereiro e mar\u00e7o. A enquete teve por objetivo indicar e eleger quais foram as pessoas e entidades que mais se destacaram em 2017 e, por isso, mereceram ser distinguidos.<\/p>\n<p>Segundo esclareceu um dos idealizadores da enquete, o jornalista Helio Rubens, \u201ca ideia de realizar a escolha dos melhores do ano via virtual foi a de registrar a opini\u00e3o do p\u00fablico pois n\u00e3o se tratava de uma pesquisa cient\u00edfica ou de uma a\u00e7\u00e3o promocional para valorizar ou denegrir quem quer que seja, e sim mostrar \u2018um retrato\u2019 da opini\u00e3o p\u00fablica segundo a pr\u00f3pria opini\u00e3o p\u00fablica\u201d. O outro editor respons\u00e1vel pela a\u00e7\u00e3o foi Sergio Diniz da Costa: \u201cO objetivo das enquetes foi atingido plenamente, pois a popula\u00e7\u00e3o compareceu em grande n\u00famero e livremente e indicou quais foram os que mais destacaram no ano de 2017\u201d. A enquete foi desenvolvida em duas fases, ambas com um prazo de 15 dias: a primeira dedicada \u00e0s indica\u00e7\u00f5es e a segunda \u00e0 vota\u00e7\u00e3o. Ao final, os editores proclamaram os vencedores\u201d. Distribu\u00eddas nas tr\u00eas enquetes, o evento contou com um total de aproximadamente 11 mil pessoas votantes.<\/p>\n<p><strong>Festas culturais<\/strong><\/p>\n<figure id=\"attachment_23526\" aria-describedby=\"caption-attachment-23526\" style=\"width: 300px\" class=\"wp-caption alignleft\"><a href=\"http:\/\/www.jornalrol.com.br\/wp-content\/uploads\/2018\/12\/IMG-20180426-WA0002.jpg\"><img loading=\"lazy\" decoding=\"async\" class=\"wp-image-23526 size-medium\" src=\"http:\/\/www.jornalrol.com.br\/wp-content\/uploads\/2018\/12\/IMG-20180426-WA0002-300x169.jpg\" alt=\"\" width=\"300\" height=\"169\" \/><\/a><figcaption id=\"caption-attachment-23526\" class=\"wp-caption-text\">Foto com todos os vencedores da enquete em Sorocaba<\/figcaption><\/figure>\n<p>A primeira cidade onde foi realizada \u2018uma festa\u2019 de entrega dos diplomas aos \u2018<strong>Melhores do Ano de 2017<\/strong>\u2019 foi Sorocaba. A C\u00e2mara Municipal, por iniciativa do vereador Anselmo Neto, realizou uma sess\u00e3o solene onde os escolhidos pelo p\u00fablico receberam seus valiosos diplomas e apresenta\u00e7\u00f5es culturais foram realizadas.\u00a0 Foi um evento de grande repercuss\u00e3o que marcou indelevelmente a promo\u00e7\u00e3o realizada pelo nosso <strong>Jornal Cultural ROL<\/strong>. Na cidade de Porto Feliz n\u00e3o foi diferente: uma grande festa cultural foi realizada na C\u00e2mara Municipal local, em cerim\u00f4nia que lotou o plen\u00e1rio, contou com apresenta\u00e7\u00f5es culturais importantes e onde os ganhadores receberam seus diplomas.<\/p>\n<figure id=\"attachment_23534\" aria-describedby=\"caption-attachment-23534\" style=\"width: 300px\" class=\"wp-caption alignright\"><a href=\"http:\/\/www.jornalrol.com.br\/wp-content\/uploads\/2018\/12\/24-anos-do-ROL-abril-2018.jpg\"><img loading=\"lazy\" decoding=\"async\" class=\"wp-image-23534 size-medium\" src=\"http:\/\/www.jornalrol.com.br\/wp-content\/uploads\/2018\/12\/24-anos-do-ROL-abril-2018-300x169.jpg\" alt=\"\" width=\"300\" height=\"169\" \/><\/a><figcaption id=\"caption-attachment-23534\" class=\"wp-caption-text\">Almo\u00e7o de Confraterniza\u00e7\u00e3o pelo 24\u00ba Anivers\u00e1rio do ROL<\/figcaption><\/figure>\n<p>A organiza\u00e7\u00e3o dos eventos foi realizada por uma Comiss\u00e3o Organizadora composta pelos editores Helio Rubens e Sergio Diniz, mais amigos e colaboradores das tr\u00eas cidades. Na cidade de Itapetininga, o <strong>ROL<\/strong> contou, tamb\u00e9m, com o apoio da <strong>Revista TOP da Cidade<\/strong>.<\/p>\n<p>Dia 28 de abril o <strong>ROL<\/strong> novamente reuniu v\u00e1rios colunistas para a comemora\u00e7\u00e3o de seu 24o. anivers\u00e1rio de vida. Foi na Padaria Real e v\u00e1rios colaboradores participaram, irmanando-se nessa equipe que voluntariamente luta pela Cultura brasileira!<\/p>\n<p><strong>Novidade: evento cultural-beneficente<\/strong><\/p>\n<figure id=\"attachment_23504\" aria-describedby=\"caption-attachment-23504\" style=\"width: 300px\" class=\"wp-caption alignleft\"><a href=\"http:\/\/www.jornalrol.com.br\/wp-content\/uploads\/2018\/12\/34812983_1538438169612264_7169328602129891328_n.jpg\"><img loading=\"lazy\" decoding=\"async\" class=\"wp-image-23504 size-medium\" src=\"http:\/\/www.jornalrol.com.br\/wp-content\/uploads\/2018\/12\/34812983_1538438169612264_7169328602129891328_n-300x169.jpg\" alt=\"\" width=\"300\" height=\"169\" \/><\/a><figcaption id=\"caption-attachment-23504\" class=\"wp-caption-text\">Helio Fontes e sua banda &#8211; Itapetininga<\/figcaption><\/figure>\n<p>Diante do sucesso dessa promo\u00e7\u00e3o, o <strong>Jornal Cultural ROL<\/strong> inovou novamente e decidiu transformar a cerim\u00f4nia de entrega dos certificados em um evento cultural \u2013 como \u00e9 de pr\u00f3prio de sua atividade h\u00e1 quase um quarto de s\u00e9culo \u2013 mas tamb\u00e9m em uma festa com finalidade beneficente, eis que todos que dela participam o fazem voluntariamente, assim como toda a equipe do jornal. E foi assim que aconteceu, dia 7 de Junho, em Itapetininga, a cerim\u00f4nia de entrega dos \u2018<strong>Melhores do Ano 2017\u2019<\/strong>, tendo como benefici\u00e1rio principal o Lar S\u00e3o Vicente de Paulo, onde foi realizado o evento. A iniciativa atingiu seus objetivos, mostrando assim que a Cultura, al\u00e9m de fornecer o \u2018p\u00e3o espiritual\u2019, tamb\u00e9m pode (e deve!) proporcionar o \u2018p\u00e3o material\u2019 aos mais necessitados: a entidade se beneficiou das 220 caixas de leite arrecadadas e mais a venda de outros produtos.<\/p>\n<p><strong>Rod\u00edzio Liter\u00e1rio<\/strong><\/p>\n<figure id=\"attachment_23502\" aria-describedby=\"caption-attachment-23502\" style=\"width: 300px\" class=\"wp-caption alignright\"><a href=\"http:\/\/www.jornalrol.com.br\/wp-content\/uploads\/2018\/12\/WhatsApp-Image-2018-11-28-at-00.18.07-3.jpeg\"><img loading=\"lazy\" decoding=\"async\" class=\"wp-image-23502 size-medium\" src=\"http:\/\/www.jornalrol.com.br\/wp-content\/uploads\/2018\/12\/WhatsApp-Image-2018-11-28-at-00.18.07-3-300x169.jpeg\" alt=\"\" width=\"300\" height=\"169\" \/><\/a><figcaption id=\"caption-attachment-23502\" class=\"wp-caption-text\">A poetisa Elze Arruda<\/figcaption><\/figure>\n<p>Outra novidade introduzida pelo <strong>ROL<\/strong> em 2018, foi o evento <strong>\u2018Rod\u00edzio Liter\u00e1rio<\/strong>\u2019, realizado em parceria com a <strong>AIL \u2013 Academia Itapetiningana de Letras<\/strong>, com apoio da <strong>Revista TOP da Cidade <\/strong>e com a parceria do restaurante itapetiningano <strong>\u2018Itap\u00ea Pizzas<\/strong>\u2019. Assim como ocorreu com o evento anterior do <strong>ROL<\/strong>, tamb\u00e9m este se alicer\u00e7ou no objetivo de ter uma finalidade cultural, mas tamb\u00e9m beneficente. E assim foram realizados duas edi\u00e7\u00f5es do \u2018<strong>Rodizio Liter\u00e1rio<\/strong>\u2019, a primeira beneficiando o Lar S\u00e3o Vicente de Paulo e o segundo o Lar das Meninas. Os eventos propuseram um <strong>Varal de Poesias<\/strong>, pelo qual os participantes podiam escolher uma poesia para ser declamada. E, al\u00e9m das poesias, houve a apresenta\u00e7\u00e3o de n\u00fameros musicais, pelos maiores m\u00fasicos de Itapetininga. O \u2018<strong>Rod\u00edzio Liter\u00e1rio\u2019<\/strong> obteve uma repercuss\u00e3o t\u00e3o grande que, dos 60 convites disponibilizados na primeira edi\u00e7\u00e3o, passou a cem na segunda, nesta inclu\u00eddas ainda, apresenta\u00e7\u00f5es musicais, uma exposi\u00e7\u00e3o de quadros e a venda de livros usados (sebo). Calcula-se que cerca de 200 pessoas contribu\u00edram para o sucesso do empreendimento.<\/p>\n<p><strong>Fase de crescimento e aperfei\u00e7oamento<\/strong><\/p>\n<p>Uma outra novidade colaborou para o grande desenvolvimento do <strong>Jornal Cultural ROL<\/strong>\u00a0em 2018. Foi a nova dimens\u00e3o e abrang\u00eancia territorial do <strong>ROL<\/strong>. A partir do segundo semestre de 2018, o jornal ampliou seu quadro de colaboradores, admitindo mais colunistas, mais correspondentes culturais e muitos novos leitores. Foi mais uma fase de amadurecimento deste ve\u00edculo virtual que cresce aceleradamente de import\u00e2ncia e de alcance, mesmo sendo confeccionado e mantido apenas por volunt\u00e1rios.<\/p>\n<p>Em 2018, dezoito novos colunistas passaram a fazer parte da Fam\u00edlia ROLiana, que, agora, conta com um quadro de 49 colaboradores, que publicam, sem qualquer tipo de censura, textos de todos os g\u00eaneros liter\u00e1rios e assuntos espec\u00edficos, inclusive entrevistas.<\/p>\n<p>O ve\u00edculo cultural fecha o ano com colaboradores exclusivos nas seguintes cidade: Apia\u00ed\/SP, Angatuba\/SP, Cap\u00e3o Bonito\/SP, Cruzeiro\/SP, Florian\u00f3polis\/SC, Itaja\u00ed\/SC, Itapetininga\/SP, Itarar\u00e9\/SP, Itu\/SP, Lavrinhas\/MG, Pilar do Sul\/SP, Jundia\u00ed\/SP, Niter\u00f3i\/RJ, Osasco\/SP, Porto Feliz\/SP, Uberaba\/MG, S\u00e3o Miguel dos Santos\/AL, S\u00e3o Paulo\/SP, Sorocaba\/SP, Saitama (Jap\u00e3o), Uberaba\/MG e Veran\u00f3polis\/RS, mais leitores e colaboradores avulsos em todo o territ\u00f3rio nacional, em Portugal, Inglaterra e Fran\u00e7a.<\/p>\n<p><strong>Abaixo segue a lista atual dos Colunistas e Correspondentes:<\/strong><\/p>\n<p>Ana Esther Balb\u00e3o Pithan &#8211;\u00a0Adriana da Rocha Leite &#8211;\u00a0Adriana Eli Negrini &#8211;\u00a0Afranio Franco de Oliveira Mello &#8211;\u00a0Andrade Jorge &#8211;\u00a0Andreia Cristina de Souza &#8211;\u00a0Aparecido Gon\u00e7alves Viana &#8211;\u00a0Bruno Hernandes Le\u00e3o &#8211;\u00a0Carlos Carvalho Cavalheiro &#8211; Carlos da Terra &#8211; C\u00e9lio Arruda Pezza &#8211;\u00a0Celso Lungaretti &#8211;\u00a0C\u00edntia Croco &#8211;\u00a0Claudia de Almeida Carvalho &#8211;\u00a0Cl\u00e1udio Renato Alves de Bloch &#8211; D\u00e9bora Bellentani &#8211;\u00a0Eduardo C\u00e9sar Werneck &#8211;\u00a0Edweine Loureiro &#8211;\u00a0Elcio M\u00e1rio Pinto &#8211;\u00a0Elza Francisco &#8211;\u00a0Elze Arruda &#8211;\u00a0Erica Matias &#8211;\u00a0F\u00e1bio de Brito \u00c1vila &#8211;\u00a0Gua\u00e7u Piteri &#8211;\u00a0Helio Porto &#8211;\u00a0Helio Rubens de Arruda e Miranda &#8211;\u00a0Isabelly de Souza Manoel &#8211;\u00a0Ivan Fortunato\u00a0 &#8211;\u00a0Ivan Vagner Marcon &#8211;\u00a0Jairo Valio &#8211;\u00a0Jo\u00e3o Francisco Brotas &#8211;\u00a0Jo\u00e3o Paulo Lopes de Meira Hergesel &#8211;\u00a0Jorge Facury &#8211;\u00a0Jorge Paunovic\u00a0 &#8211;\u00a0Jos\u00e9 Antonio Piedade &#8211;\u00a0Jos\u00e9 Coutinho de Oliveira &#8211;\u00a0Jossieleni Gon\u00e7ales Tobias &#8211;\u00a0Kiko Rebelles &#8211;\u00a0Luiz Alexandre Faccin de\u00a0Arruda Miranda &#8211;\u00a0Marcelo Paiva Pereira &#8211;\u00a0Maria Dolores Tucunduva &#8211;\u00a0Mario Rafael Persico &#8211;\u00a0M\u00f4nia Sales &#8211; Nicanor Filadelfo Pereira &#8211;\u00a0Osvaldo de Souza Filho &#8211;\u00a0Paulo Roberto Costa &#8211;\u00a0Pedro Israel Novaes de\u00a0Almeida &#8211;\u00a0Reinaldo Canto &#8211;\u00a0Rog\u00e9rio Sardella &#8211;\u00a0Sergio Diniz da Costa &#8211;\u00a0S\u00f4nyah Moreira &#8211;\u00a0Tereza Du\u2019Zai &#8211;\u00a0Walquiria Paunovic<\/p>\n<p><strong>Para 2019, novos avan\u00e7os<\/strong><\/p>\n<figure id=\"attachment_23503\" aria-describedby=\"caption-attachment-23503\" style=\"width: 300px\" class=\"wp-caption alignleft\"><a href=\"http:\/\/www.jornalrol.com.br\/wp-content\/uploads\/2018\/12\/77564_FOTO5.jpg\"><img loading=\"lazy\" decoding=\"async\" class=\"wp-image-23503 size-medium\" src=\"http:\/\/www.jornalrol.com.br\/wp-content\/uploads\/2018\/12\/77564_FOTO5-300x205.jpg\" alt=\"\" width=\"300\" height=\"205\" \/><\/a><figcaption id=\"caption-attachment-23503\" class=\"wp-caption-text\">Prof. Armando Oliveira Lima<\/figcaption><\/figure>\n<p>Em 2017, o <strong>Jornal Cultural ROL<\/strong> passou a apoiar o \u2018<strong>Concurso Liter\u00e1rio Nacional \u2018Prof. Armando Oliveira Lima\u2019<\/strong>, de Sorocaba. Em 2018 o jornal apoiou diretamente tamb\u00e9m o \u2018<strong>Concurso Liter\u00e1rio de Cr\u00f4nicas ASPAMS\u2019<\/strong>, promovido pela Associa\u00e7\u00e3o dos Professores da Rede Municipal de Sorocaba. Em ambos os concursos o <strong>ROL<\/strong> participou como jurado atrav\u00e9s do seu editor <strong>Sergio Diniz da Costa<\/strong> e do seu colunista <strong>Aparecido Gon\u00e7alves Viana<\/strong>.<\/p>\n<p>Os planos para 2019 incluem a continua\u00e7\u00e3o dos eventos realizados em 2017 e 2018 e as parcerias com a <strong>AIL-Academia Itapetiningana de Letras<\/strong>, a revista <strong>TOP da Cidade<\/strong>, a <strong>Itape Pizzas<\/strong>, o <strong>IHGGI- Instituto Hist\u00f3rico, Geogr\u00e1fico e Geneal\u00f3gico de Itapetininga<\/strong>, o<strong> CCBEU \u2013 Centro Cultural Brasil-Estados Unidos (Casa Kennedy de Itapetininga)<\/strong>, o<strong> Clube de Poesia de Itapetininga, <\/strong>as c\u00e2maras municipais de <strong>Sorocaba<\/strong> e <strong>Porto Feliz<\/strong>, as entidades filantr\u00f3picas <strong>Lar S\u00e3o Vicente de Paulo<\/strong> e <strong>Lar das Meninas<\/strong> e todas as outras que aceitarem parceria com o jornal visando a promo\u00e7\u00e3o da cultura e um benef\u00edcio social.<\/p>\n<p><strong>Programa\u00e7\u00e3o para o primeiro semestre de 2019 <\/strong>(alguns eventos ainda est\u00e3o dependentes de confirma\u00e7\u00e3o de datas)<\/p>\n<p><strong><u>Janeiro<\/u><\/strong><br \/>\n&#8211; realiza\u00e7\u00e3o da enquete \u2018Melhores do Ano 2018\u2019 em Itapetininga<\/p>\n<p><strong><u>Fevereiro<\/u><\/strong><br \/>\n&#8211; realiza\u00e7\u00e3o da enquete \u2018Melhores do Ano 2018\u2019 em Sorocaba<\/p>\n<p>&#8211; realiza\u00e7\u00e3o do \u2018Rodizio Liter\u00e1rio\u2019 em Itapetininga<\/p>\n<p><strong><u>Mar\u00e7o<\/u><\/strong><br \/>\n&#8211; realiza\u00e7\u00e3o da enquete \u2018Melhores do Ano 2018\u2019 em Porto Feliz<\/p>\n<p>&#8211;\u00a0 Festa de Entrega dos Certificados de Melhores do Ano em Itapetininga<\/p>\n<p><strong><u>Abril<\/u><\/strong><br \/>\n&#8211; <strong>Comemora\u00e7\u00e3o, em Sorocaba, dos 25 anos de exist\u00eancia do Jornal Cultural ROL<\/strong><\/p>\n<p>&#8211; Realiza\u00e7\u00e3o da enquete \u2018Melhores do Ano 2018\u2019 em Tatu\u00ed<\/p>\n<p>&#8211; Festa de Entrega dos Certificados de Melhores do Ano em Sorocaba<\/p>\n<p>&#8211; Realiza\u00e7\u00e3o do \u2018Rodizio Liter\u00e1rio\u2019 em Itapetininga<\/p>\n<p><strong><u>Maio<\/u><\/strong><br \/>\n&#8211; realiza\u00e7\u00e3o da enquete \u2018Melhores do Ano 2018\u2019 em Cap\u00e3o Bonito<\/p>\n<p>&#8211; realiza\u00e7\u00e3o da enquete \u2018Melhores do Ano 2018\u2019 em Angatuba<\/p>\n<p>&#8211; Festa de Entrega dos Certificados de Melhores do Ano em Tatu\u00ed<\/p>\n<p><strong><u>Junho<\/u><\/strong><br \/>\n&#8211; Festa de Entrega dos Certificados de Melhores do Ano em Cap\u00e3o Bonito<\/p>\n<p>&#8211; Festa de Entrega dos Certificados de Melhores do Ano em Angatuba<\/p>\n<p>Este \u00e9, enfim, o novo <strong>ROL<\/strong>, o <strong>Jornal Cultural ROL<\/strong>, que coloca um grupo de colaboradores volunt\u00e1rios a servi\u00e7o da Literatura, das Artes em Geral, da Cultura e da Educa\u00e7\u00e3o, com vi\u00e9s filantr\u00f3pico e seu \u00fanico objetivo \u00e9 contribuir para a constru\u00e7\u00e3o de um Mundo Melhor em conhecimento e, sobretudo, em solidariedade!<\/p>\n<p>Se voc\u00ea, leitor, quiser participar dessa Grande Cruzada em favor da Cultura, alie-se a n\u00f3s: <strong>jornalrol@gmail.com.br<\/strong> ou <strong>jornalculturalrol@gmail.com.br<\/strong><\/p>\n","protected":false},"excerpt":{"rendered":"<p>As promo\u00e7\u00f5es culturais-filantr\u00f3picas e a amplia\u00e7\u00e3o do quadro de Colunistas e Correspondentes Culturais marcaram o ano de 2018 como muito bem sucedido para o nosso ROL. Em 2019 nova e intensa programa\u00e7\u00e3o de atividades<\/p>\n","protected":false},"author":6,"featured_media":23505,"comment_status":"closed","ping_status":"closed","sticky":false,"template":"","format":"standard","meta":{"_jetpack_newsletter_access":"","_jetpack_dont_email_post_to_subs":false,"_jetpack_newsletter_tier_id":0,"_jetpack_memberships_contains_paywalled_content":false,"_jetpack_memberships_contains_paid_content":false,"footnotes":""},"categories":[7],"tags":[4849,7512],"class_list":["post-23523","post","type-post","status-publish","format-standard","has-post-thumbnail","hentry","category-comunicacao","tag-jornal-cultural-rol","tag-retrospectiva-2018"],"aioseo_notices":[],"views":431,"jetpack_featured_media_url":"","jetpack_sharing_enabled":true,"jetpack_likes_enabled":true,"jetpack-related-posts":[{"id":30311,"url":"http:\/\/jornalrol.com.br\/?p=30311","url_meta":{"origin":23523,"position":0},"title":"A enquete Melhores do Ano de cara nova: Pr\u00eamio ROL de Cultura 2019!","author":"Sergio Diniz da Costa","date":"13 de janeiro de 2020","format":false,"excerpt":"O PR\u00caMIO ROL DE CULTURA 2019 mant\u00e9m o objetivo da enquete origin\u00e1ria: premiar pessoas e entidades que produzem a cultura com excel\u00eancia! O jornal ROL, fundado pelo jornalista Helio Rubens de Arruda e Miranda\u00a0em 1994, quando a internet come\u00e7ava a se expandir no Brasil, tinha originariamente o nome ROL -\u00a0\u2026","rel":"","context":"Em &quot;Comunica\u00e7\u00e3o&quot;","block_context":{"text":"Comunica\u00e7\u00e3o","link":"http:\/\/jornalrol.com.br\/?cat=7"},"img":{"alt_text":"","src":"https:\/\/i0.wp.com\/www.jornalrol.com.br\/wp-content\/uploads\/2020\/01\/Pr%C3%AAmio-ROL-de-Cultura-logo-final-quadrado.jpg?resize=350%2C200","width":350,"height":200},"classes":[]},{"id":24373,"url":"http:\/\/jornalrol.com.br\/?p=24373","url_meta":{"origin":23523,"position":1},"title":"Em abril o Jornal Cultural ROL completar\u00e1 25 anos! Um quarto de s\u00e9culo dedicado \u00e0 divulga\u00e7\u00e3o da cultura!","author":"Sergio Diniz da Costa","date":"7 de fevereiro de 2019","format":false,"excerpt":"Leitores, editores, colunistas e correspondentes unidos voluntariamente para que a Cultura se dissemine pelo Brasil como um rastilho de informa\u00e7\u00f5es, conhecimentos e entretenimentos No meados da d\u00e9cada de 90\u00a0 a internet come\u00e7ou a se difundir no Brasil, trazendo-nos um mundo novo, mais r\u00e1pido e maior. Percebendo a alt\u00edssima import\u00e2ncia desse\u2026","rel":"","context":"Em &quot;Comunica\u00e7\u00e3o&quot;","block_context":{"text":"Comunica\u00e7\u00e3o","link":"http:\/\/jornalrol.com.br\/?cat=7"},"img":{"alt_text":"","src":"https:\/\/i0.wp.com\/www.jornalrol.com.br\/wp-content\/uploads\/2019\/02\/42626030_248612072468903_7232672502093185024_n.png?resize=350%2C200","width":350,"height":200},"classes":[]},{"id":21215,"url":"http:\/\/jornalrol.com.br\/?p=21215","url_meta":{"origin":23523,"position":2},"title":"Al\u00e9m de Colunistas, o ROL passa a contar tamb\u00e9m com &#039;Correspondentes Culturais&#039;.","author":"Helio Rubens","date":"29 de setembro de 2018","format":false,"excerpt":"Saiba quem \u00e9 Claudio Bloch, nosso Correspondente Cultural em Niter\u00f3i\/RJ Al\u00e9m de um 'respeitabil\u00edssimo time' de selecionad\u00edssimos Colunistas, o JORNAL CULTURAL ROL passar\u00e1 a contar a partir de agora\u00a0 com um novo time de colaboradores, todos eles tamb\u00e9m com excepcionais qualidades pessoais: os CORRESPONDENTES CULTURAIS DO ROL. Diferentemente do papel\u2026","rel":"","context":"Em &quot;Comunica\u00e7\u00e3o&quot;","block_context":{"text":"Comunica\u00e7\u00e3o","link":"http:\/\/jornalrol.com.br\/?cat=7"},"img":{"alt_text":"","src":"https:\/\/i0.wp.com\/www.jornalrol.com.br\/wp-content\/uploads\/2018\/09\/Claudio-de-palet%C3%B3-e-gravata-out-18-225x300.jpg?resize=350%2C200","width":350,"height":200},"classes":[]},{"id":41624,"url":"http:\/\/jornalrol.com.br\/?p=41624","url_meta":{"origin":23523,"position":3},"title":"Jornal Cultural ROL inicia videoquestes semanais, divulgando eventos e textos dos colunistas e correspondentes","author":"Sergio Diniz da Costa","date":"11 de junho de 2021","format":false,"excerpt":"Os videoquestes ser\u00e3o apresentados pelo editor Sergio Diniz, com efeitos especiais do colunista Gabriel Garcia O\u00a0Jornal Cultural ROL, h\u00e1 27 anos divulgando gratuitamente not\u00edcias culturais, continua crescendo e, sobretudo, inovando! Com um quadro de 54 colaboradores, entre editores gerais, editores setoriais, colunistas e correspondentes nacionais e internacionais, o ROL inovou\u2026","rel":"","context":"Em &quot;Comunica\u00e7\u00e3o&quot;","block_context":{"text":"Comunica\u00e7\u00e3o","link":"http:\/\/jornalrol.com.br\/?cat=7"},"img":{"alt_text":"","src":"https:\/\/i0.wp.com\/jornalrol.com.br\/wp-content\/uploads\/2021\/06\/Imagem-ilustrativa-da-mate%CC%81ria-de-lanc%CC%A7amento-do-vi%CC%81deoqueste-1.jpeg?resize=350%2C200","width":350,"height":200,"srcset":"https:\/\/i0.wp.com\/jornalrol.com.br\/wp-content\/uploads\/2021\/06\/Imagem-ilustrativa-da-mate%CC%81ria-de-lanc%CC%A7amento-do-vi%CC%81deoqueste-1.jpeg?resize=350%2C200 1x, https:\/\/i0.wp.com\/jornalrol.com.br\/wp-content\/uploads\/2021\/06\/Imagem-ilustrativa-da-mate%CC%81ria-de-lanc%CC%A7amento-do-vi%CC%81deoqueste-1.jpeg?resize=525%2C300 1.5x, https:\/\/i0.wp.com\/jornalrol.com.br\/wp-content\/uploads\/2021\/06\/Imagem-ilustrativa-da-mate%CC%81ria-de-lanc%CC%A7amento-do-vi%CC%81deoqueste-1.jpeg?resize=700%2C400 2x, https:\/\/i0.wp.com\/jornalrol.com.br\/wp-content\/uploads\/2021\/06\/Imagem-ilustrativa-da-mate%CC%81ria-de-lanc%CC%A7amento-do-vi%CC%81deoqueste-1.jpeg?resize=1050%2C600 3x"},"classes":[]},{"id":65589,"url":"http:\/\/jornalrol.com.br\/?p=65589","url_meta":{"origin":23523,"position":4},"title":"30 anos do ROL: Um legado de dedica\u00e7\u00e3o \u00e0 Cultura","author":"Jose Henriques Martins","date":"10 de abril de 2024","format":false,"excerpt":"Jornal Cultural Rol e seus 30 anos de dedica\u00e7\u00e3o \u00e0 cultura, contribuindo para promover e enriquecer ainda mais o cen\u00e1rio cultural. Leia mais...","rel":"","context":"Em &quot;Arte&quot;","block_context":{"text":"Arte","link":"http:\/\/jornalrol.com.br\/?cat=9286"},"img":{"alt_text":"","src":"https:\/\/i0.wp.com\/jornalrol.com.br\/wp-content\/uploads\/2024\/04\/a90a8e93-7ed3-4de1-b2ad-3d3012ca34fa.jpg?resize=350%2C200","width":350,"height":200,"srcset":"https:\/\/i0.wp.com\/jornalrol.com.br\/wp-content\/uploads\/2024\/04\/a90a8e93-7ed3-4de1-b2ad-3d3012ca34fa.jpg?resize=350%2C200 1x, https:\/\/i0.wp.com\/jornalrol.com.br\/wp-content\/uploads\/2024\/04\/a90a8e93-7ed3-4de1-b2ad-3d3012ca34fa.jpg?resize=525%2C300 1.5x, https:\/\/i0.wp.com\/jornalrol.com.br\/wp-content\/uploads\/2024\/04\/a90a8e93-7ed3-4de1-b2ad-3d3012ca34fa.jpg?resize=700%2C400 2x, https:\/\/i0.wp.com\/jornalrol.com.br\/wp-content\/uploads\/2024\/04\/a90a8e93-7ed3-4de1-b2ad-3d3012ca34fa.jpg?resize=1050%2C600 3x, https:\/\/i0.wp.com\/jornalrol.com.br\/wp-content\/uploads\/2024\/04\/a90a8e93-7ed3-4de1-b2ad-3d3012ca34fa.jpg?resize=1400%2C800 4x"},"classes":[]},{"id":37133,"url":"http:\/\/jornalrol.com.br\/?p=37133","url_meta":{"origin":23523,"position":5},"title":"Editor do ROL recebe novas honrarias da FEBACLA","author":"Sergio Diniz da Costa","date":"28 de janeiro de 2021","format":false,"excerpt":"Helio Rubens de Arruda e Miranda recebe os t\u00edtulos de Acad\u00eamico Correspondente da FEBACLA e Personalidade Cultural de 2020 \u00c0s v\u00e9speras de completar 27 anos de um trabalho ininterrupto em prol da cultura, o\u00a0Jornal Cultural ROL\u00a0a cada dia tem seu trabalho reconhecido publicamente. E isso se deve a um jornalista\u2026","rel":"","context":"Em &quot;Comunica\u00e7\u00e3o&quot;","block_context":{"text":"Comunica\u00e7\u00e3o","link":"http:\/\/jornalrol.com.br\/?cat=7"},"img":{"alt_text":"","src":"https:\/\/i0.wp.com\/jornalrol.com.br\/wp-content\/uploads\/2021\/01\/IMG-20210125-WA0049.jpg?resize=350%2C200","width":350,"height":200,"srcset":"https:\/\/i0.wp.com\/jornalrol.com.br\/wp-content\/uploads\/2021\/01\/IMG-20210125-WA0049.jpg?resize=350%2C200 1x, https:\/\/i0.wp.com\/jornalrol.com.br\/wp-content\/uploads\/2021\/01\/IMG-20210125-WA0049.jpg?resize=525%2C300 1.5x, https:\/\/i0.wp.com\/jornalrol.com.br\/wp-content\/uploads\/2021\/01\/IMG-20210125-WA0049.jpg?resize=700%2C400 2x"},"classes":[]}],"_links":{"self":[{"href":"http:\/\/jornalrol.com.br\/index.php?rest_route=\/wp\/v2\/posts\/23523","targetHints":{"allow":["GET"]}}],"collection":[{"href":"http:\/\/jornalrol.com.br\/index.php?rest_route=\/wp\/v2\/posts"}],"about":[{"href":"http:\/\/jornalrol.com.br\/index.php?rest_route=\/wp\/v2\/types\/post"}],"author":[{"embeddable":true,"href":"http:\/\/jornalrol.com.br\/index.php?rest_route=\/wp\/v2\/users\/6"}],"replies":[{"embeddable":true,"href":"http:\/\/jornalrol.com.br\/index.php?rest_route=%2Fwp%2Fv2%2Fcomments&post=23523"}],"version-history":[{"count":0,"href":"http:\/\/jornalrol.com.br\/index.php?rest_route=\/wp\/v2\/posts\/23523\/revisions"}],"wp:featuredmedia":[{"embeddable":true,"href":"http:\/\/jornalrol.com.br\/index.php?rest_route=\/"}],"wp:attachment":[{"href":"http:\/\/jornalrol.com.br\/index.php?rest_route=%2Fwp%2Fv2%2Fmedia&parent=23523"}],"wp:term":[{"taxonomy":"category","embeddable":true,"href":"http:\/\/jornalrol.com.br\/index.php?rest_route=%2Fwp%2Fv2%2Fcategories&post=23523"},{"taxonomy":"post_tag","embeddable":true,"href":"http:\/\/jornalrol.com.br\/index.php?rest_route=%2Fwp%2Fv2%2Ftags&post=23523"}],"curies":[{"name":"wp","href":"https:\/\/api.w.org\/{rel}","templated":true}]}}