{"id":26479,"date":"2019-04-25T12:56:55","date_gmt":"2019-04-25T15:56:55","guid":{"rendered":"http:\/\/www.jornalrol.com.br\/?p=26479"},"modified":"2019-04-25T12:56:55","modified_gmt":"2019-04-25T15:56:55","slug":"jose-coutinho-ecletismo","status":"publish","type":"post","link":"http:\/\/jornalrol.com.br\/?p=26479","title":{"rendered":"Jos\u00e9 Coutinho: &#039;Ecletismo&#039;"},"content":{"rendered":"<div class=\"pdfprnt-buttons pdfprnt-buttons-post pdfprnt-top-right\"><a href=\"http:\/\/jornalrol.com.br\/index.php?rest_route=%2Fwp%2Fv2%2Fposts%2F26479&print=pdf\" class=\"pdfprnt-button pdfprnt-button-pdf\" target=\"_blank\" ><\/a><a href=\"http:\/\/jornalrol.com.br\/index.php?rest_route=%2Fwp%2Fv2%2Fposts%2F26479&print=print\" class=\"pdfprnt-button pdfprnt-button-print\" target=\"_blank\" ><img decoding=\"async\" src=\"https:\/\/jornalrol.com.br\/wp-content\/plugins\/pdf-print\/images\/print.png\" alt=\"image_print\" title=\"Conte\u00fado de impress\u00e3o\" \/><\/a><\/div><div class=\"nH V8djrc byY\"><\/div>\n<div class=\"nH aHU\">\n<div class=\"nH hx\">\n<div class=\"nH\" role=\"list\">\n<div class=\"h7  \" tabindex=\"-1\" role=\"listitem\">\n<div class=\"Bk\">\n<div class=\"G3 G2\">\n<div>\n<div id=\":wn\">\n<div>\n<div class=\"adn ads\" data-message-id=\"#msg-f:1631061036844812744\" data-legacy-message-id=\"16a2b15f0c1d89c8\">\n<div class=\"gs\">\n<div class=\"\">\n<div id=\":w0\" class=\"ii gt\">\n<div id=\":vz\" class=\"a3s aXjCH \">\n<div dir=\"ltr\">\n<div class=\"adM\">\n<figure id=\"attachment_12712\" aria-describedby=\"caption-attachment-12712\" style=\"width: 218px\" class=\"wp-caption aligncenter\"><a href=\"http:\/\/www.jornalrol.com.br\/jose-coutinho-de-oliveira-tessalonica\/coutinho\/\" rel=\"attachment wp-att-12712\"><img loading=\"lazy\" decoding=\"async\" class=\"size-medium wp-image-12712\" src=\"http:\/\/www.jornalrol.com.br\/wp-content\/uploads\/2017\/09\/Coutinho-218x300.jpg\" alt=\"\" width=\"218\" height=\"300\" \/><\/a><figcaption id=\"caption-attachment-12712\" class=\"wp-caption-text\">Jos\u00e9 Coutinho de Oliveira<\/figcaption><\/figure>\n<\/div>\n<div class=\"gmail_quote\">\n<h2 dir=\"ltr\" style=\"text-align: center;\"><strong>Ecletismo<\/strong><\/h2>\n<\/div>\n<\/div>\n<\/div>\n<\/div>\n<\/div>\n<\/div>\n<\/div>\n<\/div>\n<\/div>\n<\/div>\n<\/div>\n<\/div>\n<\/div>\n<\/div>\n<\/div>\n<\/div>\n<p><!--more--><\/p>\n<div class=\"nH aHU\">\n<div class=\"nH hx\">\n<div class=\"nH\" role=\"list\">\n<div class=\"h7  \" tabindex=\"-1\" role=\"listitem\">\n<div class=\"Bk\">\n<div class=\"G3 G2\">\n<div id=\":wn\">\n<div class=\"adn ads\" data-message-id=\"#msg-f:1631061036844812744\" data-legacy-message-id=\"16a2b15f0c1d89c8\">\n<div class=\"gs\">\n<div class=\"\">\n<div id=\":w0\" class=\"ii gt\">\n<div id=\":vz\" class=\"a3s aXjCH \">\n<div dir=\"ltr\">\n<div class=\"gmail_quote\">\n<div dir=\"ltr\"><\/div>\n<div class=\"gmail_attr\" dir=\"ltr\"><\/div>\n<div dir=\"ltr\">\u00a0 \u00a0 \u00a0 Hoje percebemos o quanto \u00e9 necess\u00e1ria essa palavra. Necess\u00e1ria, pois ser\u00e1 ela que nos indica que \u00e9 muito \u00fatil a imbrica\u00e7\u00e3o de v\u00e1rias filosofias para apoiarmos uma nova.<\/div>\n<div dir=\"ltr\">Nossa proposta pode parecer em muito com a de Fourier, que sonhava com os falanst\u00e9rios.<\/div>\n<div dir=\"ltr\">Essa palavra \u00e9 uma uni\u00e3o da palavra falange\u00a0+ monast\u00e9rio.<\/div>\n<div dir=\"ltr\">Chamo ent\u00e3o esse nosso neofalanst\u00e9rio de frente de trabalho, trabalho volunt\u00e1rio, mutir\u00e3o, fazenda experimental ou ergasia.<\/div>\n<div dir=\"ltr\">Cada igreja ou associa\u00e7\u00e3o a seu modo disponibilizaria fazenda na zona rural para isso.<\/div>\n<div dir=\"ltr\">Uma das caracter\u00edsticas dessas fazendas seria o contrato de risco, ou seja, o retorno quantitativo s\u00f3 haveria se houver retorno suficiente na agricultura ou na pecu\u00e1ria. Al\u00e9m de ser volunt\u00e1rio \u00e9 tamb\u00e9m tempor\u00e1rio e renov\u00e1vel. Parece se parecer tamb\u00e9m com o que chamam de agrega\u00e7\u00e3o, ou seja, \u00e9 uma filia\u00e7\u00e3o tempor\u00e1ria e preferencial ao clero.<\/div>\n<div dir=\"ltr\">Dentre os participantes poder\u00e1 haver os aspirantes aspirantes e os aspirantes n\u00e3o aspirantes. Aspirantes ao sacerd\u00f3cio ou \u00e0 diaconia.<\/div>\n<div dir=\"ltr\">Mas ent\u00e3o falemos dos fil\u00f3sofos aos quais nos recorremos para refor\u00e7armos a nossa proposta.<\/div>\n<div dir=\"ltr\">Vemos ent\u00e3o que algo que em muito atrapalha os pa\u00edses ocidentais na contemporaneidade \u00e9 o que chamam de secularismo; para o superarmos ter\u00edamos que alterar a reda\u00e7\u00e3o do artigo 19\/I da Constitui\u00e7\u00e3o Federal e inaugurarmos os tempos da secularidade, ou seja, ajudar sem privilegiar. Nesse giro ent\u00e3o de filosofias passamos por Francisco Su\u00e1rez que desautorizou o direito divino dos reis; David Hume, John Locke que tamb\u00e9m\u00a0 contestou o direito divino dos reis; o j\u00e1 citado Fourier e finalmente e de forma especial Augusto Comte que criou a palavra altru\u00edsmo para com ela substituir a moral. Essa ideia de secularidade parece que encontramos nas propostas de Boaventura de Sousa Santos em refor\u00e7o \u00e0 j\u00e1 lembrada diferen\u00e7a entre laicismo e laicidade.<\/div>\n<div dir=\"ltr\">\n<div><\/div>\n<div><strong>Jos\u00e9 Coutinho de Oliveira<br \/>\n&lt;<a href=\"mailto:jocoutinho2019@gmail.com\" target=\"_blank\" rel=\"noopener\">jocoutinho2019@gmail.com<\/a>&gt;<br \/>\n<\/strong><\/div>\n<div>Propugnador da Taxionomosemasiologia<\/div>\n<\/div>\n<\/div>\n<\/div>\n<\/div>\n<\/div>\n<\/div>\n<\/div>\n<\/div>\n<\/div>\n<\/div>\n<\/div>\n<\/div>\n<\/div>\n<\/div>\n<\/div>\n","protected":false},"excerpt":{"rendered":"<p>Ecletismo<\/p>\n","protected":false},"author":3,"featured_media":0,"comment_status":"closed","ping_status":"closed","sticky":false,"template":"","format":"standard","meta":{"_jetpack_newsletter_access":"","_jetpack_dont_email_post_to_subs":false,"_jetpack_newsletter_tier_id":0,"_jetpack_memberships_contains_paywalled_content":false,"_jetpack_memberships_contains_paid_content":false,"footnotes":""},"categories":[7],"tags":[3046],"class_list":["post-26479","post","type-post","status-publish","format-standard","hentry","category-comunicacao","tag-ecletismo"],"aioseo_notices":[],"views":402,"jetpack_featured_media_url":"","jetpack_sharing_enabled":true,"jetpack_likes_enabled":true,"jetpack-related-posts":[{"id":12711,"url":"http:\/\/jornalrol.com.br\/?p=12711","url_meta":{"origin":26479,"position":0},"title":"Jose Coutinho de Oliveira: &#039;Tessal\u00f4nica&#039;","author":"Helio Rubens","date":"2 de setembro de 2017","format":false,"excerpt":"Jose Coutinho de Oliveira: 'Tessal\u00f4nica' \u00a0\u00a0\u00a0\u00a0 Importante porto mar\u00edtimo da Maced\u00f4nia grega, conhecida hoje por Salonik. Assim se refere a ela o Curso B\u00edblico da escola \"Mater Ecclesiae\" do mosteiro de S\u00e3o Bento do Rio de Janeiro, pg. 49: \"Conforme o seu costume, Paulo, ao chegar em Tessal\u00f4nica, foi primeiramente\u2026","rel":"","context":"Em &quot;Comunica\u00e7\u00e3o&quot;","block_context":{"text":"Comunica\u00e7\u00e3o","link":"http:\/\/jornalrol.com.br\/?cat=7"},"img":{"alt_text":"","src":"https:\/\/i0.wp.com\/www.jornalrol.com.br\/wp-content\/uploads\/2017\/09\/Coutinho-218x300.jpg?resize=350%2C200","width":350,"height":200},"classes":[]},{"id":7559,"url":"http:\/\/jornalrol.com.br\/?p=7559","url_meta":{"origin":26479,"position":1},"title":"Jose Coutinho de Oliveira: Gnose: &#039;Civiliza\u00e7\u00e3o divina&#039;","author":"Helio Rubens","date":"16 de janeiro de 2017","format":false,"excerpt":"Jos\u00e9 Coutinho de Oliveira - 'Civiliza\u00e7\u00e3o divina' Diz-nos Jesus em Mt 10,37 : \" quem ama seu pai ou sua m\u00e3e mais do que a mim n\u00e3o \u00e9 digno de mim; quem ama seu filho ou sua filha mais do que a mim n\u00e3o \u00e9 digno de mim.\" Ora realmente\u2026","rel":"","context":"Em &quot;Comunica\u00e7\u00e3o&quot;","block_context":{"text":"Comunica\u00e7\u00e3o","link":"http:\/\/jornalrol.com.br\/?cat=7"},"img":{"alt_text":"","src":"","width":0,"height":0},"classes":[]},{"id":7257,"url":"http:\/\/jornalrol.com.br\/?p=7257","url_meta":{"origin":26479,"position":2},"title":"Jose Coutinho de Oliveira: Nobilistica","author":"Helio Rubens","date":"20 de dezembro de 2016","format":false,"excerpt":"Jose Coutinho de Oliveira - Significado Como sabemos para a Lingu\u00edstica o signo lingu\u00edstico ( o voc\u00e1bulo) comp\u00f5em-se de significante e do significado. Pois bem, na filosofia d\u00e1-se menos import\u00e2ncia ao significante, ao nome. Com efeito deparamo-nos com a quest\u00e3o sem\u00e2ntica ao estudarmos os modelos de governo. Acreditamos que chegamos\u2026","rel":"","context":"Em &quot;Comunica\u00e7\u00e3o&quot;","block_context":{"text":"Comunica\u00e7\u00e3o","link":"http:\/\/jornalrol.com.br\/?cat=7"},"img":{"alt_text":"foto-jose-coutinho","src":"https:\/\/i0.wp.com\/www.jornalrol.com.br\/wp-content\/uploads\/2016\/09\/foto-Jos%C3%A9-Coutinho-202x300.jpg?resize=350%2C200","width":350,"height":200},"classes":[]},{"id":6480,"url":"http:\/\/jornalrol.com.br\/?p=6480","url_meta":{"origin":26479,"position":3},"title":"Jos\u00e9 Coutinho de Oliveira: &#039;Capelania&#039;","author":"Helio Rubens","date":"7 de outubro de 2016","format":false,"excerpt":"Jos\u00e9 Coutinho de Oliveira -\u00a0Nobilistica Capelania \u00e9 sin\u00f4nimo de assist\u00eancia social, solidariedade, prov\u00e9m do latim cappella, diminutivo de cappa- capa. Surgiu de um milagre que aconteceu com S\u00e3o Martinho de Tours, 316-8\/11\/397, Fran\u00e7a, quando este santo repartiu sua capa com uma pessoa que padecia de muito frio, tendo isso possivelmente\u2026","rel":"","context":"Em &quot;Comunica\u00e7\u00e3o&quot;","block_context":{"text":"Comunica\u00e7\u00e3o","link":"http:\/\/jornalrol.com.br\/?cat=7"},"img":{"alt_text":"foto-jose-coutinho","src":"https:\/\/i0.wp.com\/www.jornalrol.com.br\/wp-content\/uploads\/2016\/09\/foto-Jos%C3%A9-Coutinho-202x300.jpg?resize=350%2C200","width":350,"height":200},"classes":[]},{"id":7314,"url":"http:\/\/jornalrol.com.br\/?p=7314","url_meta":{"origin":26479,"position":4},"title":"Jose Coutinho de Oliveira &#8211; Nobilistica","author":"Helio Rubens","date":"25 de dezembro de 2016","format":false,"excerpt":"Jose Coutinho de Oliveira - Pilares do Evangelho (bis) Vamos falar hoje do que julgamos serem os dois pilares da doutrina crist\u00e3o, ou seja, Lc 15,7 e Mt 13,24. O primeiro diz que \"haver\u00e1 maior j\u00fabilo (alegria) no c\u00e9u por um pecador que se arrepende do que por noventa e\u2026","rel":"","context":"Em &quot;Comunica\u00e7\u00e3o&quot;","block_context":{"text":"Comunica\u00e7\u00e3o","link":"http:\/\/jornalrol.com.br\/?cat=7"},"img":{"alt_text":"foto-jose-coutinho","src":"https:\/\/i0.wp.com\/www.jornalrol.com.br\/wp-content\/uploads\/2016\/09\/foto-Jos%C3%A9-Coutinho-202x300.jpg?resize=350%2C200","width":350,"height":200},"classes":[]},{"id":6249,"url":"http:\/\/jornalrol.com.br\/?p=6249","url_meta":{"origin":26479,"position":5},"title":"Jose Coutinho de Oliveira: Neoparlamentarismo II","author":"Helio Rubens","date":"18 de setembro de 2016","format":false,"excerpt":"Jose Coutinho de Oliveira - Neoparlamentarismo II \u00a0Se algu\u00e9m lhe perguntasse qual \u00e9 uma das grandes diferen\u00e7as entre o parlamentarismo e o presidencialismo, poder\u00edeis responder sem medo de errar que no primeiro sistema o mandato do 1\u00ba Ministro e dos parlamentares \u00e9 por prazo indeterminado. Indeterminado pois eles permanecessem no\u2026","rel":"","context":"Em &quot;Comunica\u00e7\u00e3o&quot;","block_context":{"text":"Comunica\u00e7\u00e3o","link":"http:\/\/jornalrol.com.br\/?cat=7"},"img":{"alt_text":"foto-jose-coutinho","src":"https:\/\/i0.wp.com\/www.jornalrol.com.br\/wp-content\/uploads\/2016\/09\/foto-Jos%C3%A9-Coutinho-202x300.jpg?resize=350%2C200","width":350,"height":200},"classes":[]}],"_links":{"self":[{"href":"http:\/\/jornalrol.com.br\/index.php?rest_route=\/wp\/v2\/posts\/26479","targetHints":{"allow":["GET"]}}],"collection":[{"href":"http:\/\/jornalrol.com.br\/index.php?rest_route=\/wp\/v2\/posts"}],"about":[{"href":"http:\/\/jornalrol.com.br\/index.php?rest_route=\/wp\/v2\/types\/post"}],"author":[{"embeddable":true,"href":"http:\/\/jornalrol.com.br\/index.php?rest_route=\/wp\/v2\/users\/3"}],"replies":[{"embeddable":true,"href":"http:\/\/jornalrol.com.br\/index.php?rest_route=%2Fwp%2Fv2%2Fcomments&post=26479"}],"version-history":[{"count":0,"href":"http:\/\/jornalrol.com.br\/index.php?rest_route=\/wp\/v2\/posts\/26479\/revisions"}],"wp:attachment":[{"href":"http:\/\/jornalrol.com.br\/index.php?rest_route=%2Fwp%2Fv2%2Fmedia&parent=26479"}],"wp:term":[{"taxonomy":"category","embeddable":true,"href":"http:\/\/jornalrol.com.br\/index.php?rest_route=%2Fwp%2Fv2%2Fcategories&post=26479"},{"taxonomy":"post_tag","embeddable":true,"href":"http:\/\/jornalrol.com.br\/index.php?rest_route=%2Fwp%2Fv2%2Ftags&post=26479"}],"curies":[{"name":"wp","href":"https:\/\/api.w.org\/{rel}","templated":true}]}}