{"id":26498,"date":"2019-04-26T08:01:37","date_gmt":"2019-04-26T11:01:37","guid":{"rendered":"http:\/\/www.jornalrol.com.br\/?p=26498"},"modified":"2019-04-26T08:01:37","modified_gmt":"2019-04-26T11:01:37","slug":"no-quadro-de-colunistas-do-rol-o-talento-de-rafaela-chor","status":"publish","type":"post","link":"http:\/\/jornalrol.com.br\/?p=26498","title":{"rendered":"No Quadro de Colunistas do ROL, o talento de Rafaela Chor!"},"content":{"rendered":"<div class=\"pdfprnt-buttons pdfprnt-buttons-post pdfprnt-top-right\"><a href=\"http:\/\/jornalrol.com.br\/index.php?rest_route=%2Fwp%2Fv2%2Fposts%2F26498&print=pdf\" class=\"pdfprnt-button pdfprnt-button-pdf\" target=\"_blank\" ><\/a><a href=\"http:\/\/jornalrol.com.br\/index.php?rest_route=%2Fwp%2Fv2%2Fposts%2F26498&print=print\" class=\"pdfprnt-button pdfprnt-button-print\" target=\"_blank\" ><img decoding=\"async\" src=\"https:\/\/jornalrol.com.br\/wp-content\/plugins\/pdf-print\/images\/print.png\" alt=\"image_print\" title=\"Conte\u00fado de impress\u00e3o\" \/><\/a><\/div><figure id=\"attachment_26499\" aria-describedby=\"caption-attachment-26499\" style=\"width: 225px\" class=\"wp-caption aligncenter\"><a href=\"http:\/\/www.jornalrol.com.br\/wp-content\/uploads\/2019\/04\/Rafaela-Chor.jpg\"><img loading=\"lazy\" decoding=\"async\" data-attachment-id=\"26499\" data-permalink=\"http:\/\/jornalrol.com.br\/?attachment_id=26499\" data-orig-file=\"http:\/\/jornalrol.com.br\/wp-content\/uploads\/2019\/04\/Rafaela-Chor.jpg\" data-orig-size=\"600,800\" data-comments-opened=\"0\" data-image-meta=\"{&quot;aperture&quot;:&quot;0&quot;,&quot;credit&quot;:&quot;&quot;,&quot;camera&quot;:&quot;&quot;,&quot;caption&quot;:&quot;&quot;,&quot;created_timestamp&quot;:&quot;0&quot;,&quot;copyright&quot;:&quot;&quot;,&quot;focal_length&quot;:&quot;0&quot;,&quot;iso&quot;:&quot;0&quot;,&quot;shutter_speed&quot;:&quot;0&quot;,&quot;title&quot;:&quot;&quot;,&quot;orientation&quot;:&quot;1&quot;}\" data-image-title=\"Rafaela Chor\" data-image-description=\"\" data-image-caption=\"&lt;p&gt;Rafaela Chor&lt;\/p&gt;\n\" data-large-file=\"http:\/\/jornalrol.com.br\/wp-content\/uploads\/2019\/04\/Rafaela-Chor.jpg\" class=\"size-medium wp-image-26499\" src=\"http:\/\/www.jornalrol.com.br\/wp-content\/uploads\/2019\/04\/Rafaela-Chor-225x300.jpg\" alt=\"\" width=\"225\" height=\"300\" \/><\/a><figcaption id=\"caption-attachment-26499\" class=\"wp-caption-text\">Rafaela Chor<\/figcaption><\/figure>\n<h2 style=\"text-align: center;\"><strong>Atriz, artes\u00e3, artista pl\u00e1stica e poetisa: as v\u00e1rias faces da mais nova colaboradora do ROL!<\/strong><\/h2>\n<p><!--more--><\/p>\n<p>&nbsp;<\/p>\n<p><strong>Rafaela Chor<\/strong> \u00e9 natural do Rio de Janeiro e, atualmente, reside em Sorocaba.<\/p>\n<p>Atriz formada pela Escola Superior de Artes C\u00e9lia Helena, artes\u00e3, artista pl\u00e1stica e poetisa.<\/p>\n<p>Apaixonada pela escrita, teve seu primeiro contato com a poesia e composi\u00e7\u00f5es musicais aos sete anos de idade e, desde ent\u00e3o, a literatura tem tomado lugar crucial em sua vida.<\/p>\n<p>Publicou seu primeiro livro &#8216;A Poesia Carnal da Mulher&#8217; aos vinte e tr\u00eas anos, trazendo \u00e0 tona temas como o empoderamento do corpo e da sexualidade feminina. Todo o seu trabalho \u00e9 voltado para a luta feminista e LGBTQI+ bandeiras que s\u00e3o de extrema import\u00e2ncia em sua vida.<\/p>\n<p>Foi indicada e ganhou o t\u00edtulo de <strong>Revela\u00e7\u00e3o Liter\u00e1ri<\/strong>a, na enquete Melhores do Ano 2018 em Sorocaba, promovida pelo <strong>Jornal Cultural ROL<\/strong>.<\/p>\n<p>Cocriadora do <strong>projeto O Trampo Delas<\/strong>, plataforma digital que visa reconhecer e divulgar o trabalho de mulheres de diversos lugares do Brasil para que elas tenham chance de participar mais ativamente do mercado do trabalho.<\/p>\n<p>Atualmente, exp\u00f5e seus trabalhos nas redes sociais e em feiras culturais na regi\u00e3o de S\u00e3o Paulo e Sorocaba.<\/p>\n<p>\u00c9 esta multifacetada artista que o ROL apresenta, orgulhosamente, aos seus leitores. E, como primeira colabora\u00e7\u00e3o, Rafaela os contempla com a poesia &#8216;Receita de Bolo&#8217;:<\/p>\n<p><a href=\"http:\/\/www.jornalrol.com.br\/wp-content\/uploads\/2019\/04\/receita-1.jpg\"><img loading=\"lazy\" decoding=\"async\" data-attachment-id=\"26500\" data-permalink=\"http:\/\/jornalrol.com.br\/?attachment_id=26500\" data-orig-file=\"http:\/\/jornalrol.com.br\/wp-content\/uploads\/2019\/04\/receita-1.jpg\" data-orig-size=\"993,1404\" data-comments-opened=\"0\" data-image-meta=\"{&quot;aperture&quot;:&quot;0&quot;,&quot;credit&quot;:&quot;&quot;,&quot;camera&quot;:&quot;&quot;,&quot;caption&quot;:&quot;&quot;,&quot;created_timestamp&quot;:&quot;0&quot;,&quot;copyright&quot;:&quot;&quot;,&quot;focal_length&quot;:&quot;0&quot;,&quot;iso&quot;:&quot;0&quot;,&quot;shutter_speed&quot;:&quot;0&quot;,&quot;title&quot;:&quot;&quot;,&quot;orientation&quot;:&quot;0&quot;}\" data-image-title=\"receita-1\" data-image-description=\"\" data-image-caption=\"\" data-large-file=\"http:\/\/jornalrol.com.br\/wp-content\/uploads\/2019\/04\/receita-1.jpg\" class=\"size-medium wp-image-26500 aligncenter\" src=\"http:\/\/www.jornalrol.com.br\/wp-content\/uploads\/2019\/04\/receita-1-212x300.jpg\" alt=\"\" width=\"212\" height=\"300\" \/><\/a><\/p>\n<h4 style=\"text-align: center;\">Receita de bolo<\/h4>\n<p>&nbsp;<\/p>\n<p style=\"text-align: center;\"><strong>\u00a0<\/strong>Tira a m\u00e3o da\u00ed menina<\/p>\n<p style=\"text-align: center;\">3 x\u00edcaras de farinha de trigo<\/p>\n<p style=\"text-align: center;\">Sozinha n\u00e3o, chama algum amigo para te acompanhar<\/p>\n<p style=\"text-align: center;\">2 x\u00edcaras de a\u00e7\u00facar<\/p>\n<p style=\"text-align: center;\">Esconde esse absorvente, ningu\u00e9m precisa saber que voc\u00ea menstrua<\/p>\n<p style=\"text-align: center;\">1\u00a0 e 1\/2 colher de sopa de fermento<\/p>\n<p style=\"text-align: center;\">Est\u00e1 na hora de depilarmos essa axila n\u00e9?<\/p>\n<p style=\"text-align: center;\">1 x\u00edcara de \u00f3leo<\/p>\n<p style=\"text-align: center;\">Fica t\u00e3o feio mulher falando palavr\u00e3o<\/p>\n<p style=\"text-align: center;\">1 x\u00edcara de \u00e1gua fervente<\/p>\n<p style=\"text-align: center;\">Misture bem todos os ingredientes exceto a \u00e1gua, na batedeira ou com uma colher.<\/p>\n<p style=\"text-align: center;\">Fala mais baixo, ningu\u00e9m precisa ouvir o que voc\u00ea tem pra dizer.<\/p>\n<p style=\"text-align: center;\">Quando estiver bem misturado adicione a \u00e1gua fervente e continue misturando at\u00e9 a massa ficar homog\u00eanea.<\/p>\n<p style=\"text-align: center;\">Ta vendo aquela menina ali? Por que voc\u00ea n\u00e3o se veste que nem ela?<\/p>\n<p style=\"text-align: center;\">Unte uma forma, coloque a massa no forno pr\u00e9 aquecido por aproximadamente 30 minutos.<\/p>\n<p style=\"text-align: center;\">Para com essa mania de ficar sem suti\u00e3, fica t\u00e3o feio<\/p>\n<p style=\"text-align: center;\">Deixe esfriar e desenforme.<\/p>\n<p style=\"text-align: center;\">Olha s\u00f3, agora j\u00e1 pode casar!<\/p>\n","protected":false},"excerpt":{"rendered":"<p>Atriz, artes\u00e3, artista pl\u00e1stica e poetisa: as v\u00e1rias faces da mais nova colaboradora do ROL!<\/p>\n","protected":false},"author":6,"featured_media":26499,"comment_status":"closed","ping_status":"closed","sticky":false,"template":"","format":"standard","meta":{"_jetpack_newsletter_access":"","_jetpack_dont_email_post_to_subs":false,"_jetpack_newsletter_tier_id":0,"_jetpack_memberships_contains_paywalled_content":false,"_jetpack_memberships_contains_paid_content":false,"footnotes":""},"categories":[7],"tags":[1009,2131,7325],"class_list":["post-26498","post","type-post","status-publish","format-standard","has-post-thumbnail","hentry","category-comunicacao","tag-apresentacao-aos-leitores","tag-colunista","tag-rafaela-chor"],"aioseo_notices":[],"views":431,"jetpack_featured_media_url":"http:\/\/jornalrol.com.br\/wp-content\/uploads\/2019\/04\/Rafaela-Chor.jpg","jetpack_sharing_enabled":true,"jetpack_likes_enabled":true,"jetpack-related-posts":[{"id":52798,"url":"http:\/\/jornalrol.com.br\/?p=52798","url_meta":{"origin":26498,"position":0},"title":"Rafael Pires &#8211; chargista do Internet Jornal","author":"Helio Rubens","date":"30 de novembro de 2022","format":false,"excerpt":"O chargista do Internet Jornal \u00e9 o artista pl\u00e1stico de Itapetininga Rafael Pires \u00a0","rel":"","context":"Em &quot;Comunica\u00e7\u00e3o&quot;","block_context":{"text":"Comunica\u00e7\u00e3o","link":"http:\/\/jornalrol.com.br\/?cat=7"},"img":{"alt_text":"","src":"https:\/\/i0.wp.com\/jornalrol.com.br\/wp-content\/uploads\/2022\/11\/WhatsApp-Image-2022-11-17-at-09.21.31-169x300.jpeg?resize=350%2C200","width":350,"height":200},"classes":[]},{"id":5866,"url":"http:\/\/jornalrol.com.br\/?p=5866","url_meta":{"origin":26498,"position":1},"title":"Artigo de Pedro Novaes: &#039;Rafaelas&#039;","author":"Helio Rubens","date":"11 de agosto de 2016","format":false,"excerpt":"Pedro Israel Novaes de Almeida -\u00a0RAFAELAS Dizem, cinicamente, que vencer \u00e9 um detalhe, e o importante \u00e9 competir. Rafaela Silva, nossa judoca medalhista ol\u00edmpica, deixou o anonimato, a discrimina\u00e7\u00e3o e os olhares desconfiados pelo detalhe de conseguir uma medalha de ouro, lutando e vencendo as melhores do mundo. A Rafaela\u2026","rel":"","context":"Em &quot;Comunica\u00e7\u00e3o&quot;","block_context":{"text":"Comunica\u00e7\u00e3o","link":"http:\/\/jornalrol.com.br\/?cat=7"},"img":{"alt_text":"colunista do ROL","src":"https:\/\/i0.wp.com\/www.jornalrol.com.br\/wp-content\/uploads\/2014\/11\/Foto-close1.jpg?resize=350%2C200","width":350,"height":200},"classes":[]},{"id":47978,"url":"http:\/\/jornalrol.com.br\/?p=47978","url_meta":{"origin":26498,"position":2},"title":"Da Academia de Letras e Artes de Cruzeiro para o ROL, Irene da Rocha!","author":"Sergio Diniz da Costa","date":"18 de janeiro de 2022","format":false,"excerpt":"Fonoaudi\u00f3loga por profiss\u00e3o e artista pl\u00e1stica e poetisa por talento, Irene da Rocha abrilhanta ainda mais o Quadro de Colunistas do ROL! Irene da Rocha, natural de Passa Quatro\/MG e residente em Cruzeiro\/SP, \u00e9 formada em contabilidade pela Escola T\u00e9cnica de Cruzeiro. Na \u00e1rea da sa\u00fade e educa\u00e7\u00e3o, cursou Fonoaudiologia\u2026","rel":"","context":"Em &quot;Comunica\u00e7\u00e3o&quot;","block_context":{"text":"Comunica\u00e7\u00e3o","link":"http:\/\/jornalrol.com.br\/?cat=7"},"img":{"alt_text":"","src":"https:\/\/i0.wp.com\/jornalrol.com.br\/wp-content\/uploads\/2022\/01\/d99682f3-59df-4c97-b5f7-7d6f47b45fd6-169x300.jpg?resize=350%2C200","width":350,"height":200},"classes":[]},{"id":8786,"url":"http:\/\/jornalrol.com.br\/?p=8786","url_meta":{"origin":26498,"position":3},"title":"Carmelina Monteiro exp\u00f5e no CEU de Tatui","author":"Helio Rubens","date":"17 de mar\u00e7o de 2017","format":false,"excerpt":"EXPOSI\u00c7\u00c3O DE CARMELINA MONTEIRO, EST\u00c1 ABERTA AO P\u00daBLICO NO CEU DAS ARTES \u00a0 Come\u00e7ou na ter\u00e7a-feira, dia 7 de mar\u00e7o, no Centro de Artes e Esportes Unificados \u201cFot\u00f3grafo Victor Hugo da Costa Pires\u201d - CEU das Artes, a exposi\u00e7\u00e3o \u201cSentimentos\u201d, da artista pl\u00e1stica de Tatu\u00ed, Carmelina Monteiro. Quando a exposi\u00e7\u00e3o\u2026","rel":"","context":"Em &quot;Comunica\u00e7\u00e3o&quot;","block_context":{"text":"Comunica\u00e7\u00e3o","link":"http:\/\/jornalrol.com.br\/?cat=7"},"img":{"alt_text":"","src":"https:\/\/i0.wp.com\/www.jornalrol.com.br\/wp-content\/uploads\/2017\/03\/EXPOSI%C3%87%C3%83O-CARMELINA-CEU-300x169.jpg?resize=350%2C200","width":350,"height":200},"classes":[]},{"id":52530,"url":"http:\/\/jornalrol.com.br\/?p=52530","url_meta":{"origin":26498,"position":4},"title":"No Quadro de Colunistas do ROL a pedagogia liter\u00e1ria de Valdina Augusto de Souza","author":"Sergio Diniz da Costa","date":"1 de novembro de 2022","format":false,"excerpt":"Pedagoga, professora, escritora, poetisa, contadora de hist\u00f3rias, ministrante de cursos para professoras e autora de apostilas para concurso: a versatilidade de Valdina Augusto de Souza! Valdina Augusto de Souza, natural da cidade de Paragua\u00e7u Paulista (SP), \u00e9 pedagoga formada pela UNESP de Mar\u00edlia, professora h\u00e1 32 anos na rede municipal\u2026","rel":"","context":"Em &quot;Comunica\u00e7\u00e3o&quot;","block_context":{"text":"Comunica\u00e7\u00e3o","link":"http:\/\/jornalrol.com.br\/?cat=7"},"img":{"alt_text":"","src":"https:\/\/i0.wp.com\/jornalrol.com.br\/wp-content\/uploads\/2022\/11\/286e9e1a-8c04-44bd-93d1-4a9b98596573-214x300.jpg?resize=350%2C200","width":350,"height":200},"classes":[]},{"id":38212,"url":"http:\/\/jornalrol.com.br\/?p=38212","url_meta":{"origin":26498,"position":5},"title":"No Quadro de Colunistas do ROL, a escritora, poetisa e artista pl\u00e1stica Gabriela Lopes!","author":"Sergio Diniz da Costa","date":"1 de mar\u00e7o de 2021","format":false,"excerpt":"\u00a0De Te\u00f3filo Otoni (MG) para o Jornal ROL, a mineirice po\u00e9tica de Gabriela Lopes! Gabriela Lopes\u00a0(Gabriela Lopes dos Santos), natural de\u00a0Te\u00f3filo Otoni (MG), \u00e9\u00a0escritora, poetisa, artista pl\u00e1stica e Bacharel em Direito pela Faculdade UNIPAC, Campus de Te\u00f3filo Otoni. Autora de 4 livros liter\u00e1rios e organizadora de 2 colet\u00e2neas art\u00edsticas entre\u2026","rel":"","context":"Em &quot;Comunica\u00e7\u00e3o&quot;","block_context":{"text":"Comunica\u00e7\u00e3o","link":"http:\/\/jornalrol.com.br\/?cat=7"},"img":{"alt_text":"","src":"https:\/\/i0.wp.com\/www.jornalrol.com.br\/wp-content\/uploads\/2021\/03\/WhatsApp-Image-2021-02-28-at-12.10.58-208x300.jpg?resize=350%2C200","width":350,"height":200},"classes":[]}],"_links":{"self":[{"href":"http:\/\/jornalrol.com.br\/index.php?rest_route=\/wp\/v2\/posts\/26498","targetHints":{"allow":["GET"]}}],"collection":[{"href":"http:\/\/jornalrol.com.br\/index.php?rest_route=\/wp\/v2\/posts"}],"about":[{"href":"http:\/\/jornalrol.com.br\/index.php?rest_route=\/wp\/v2\/types\/post"}],"author":[{"embeddable":true,"href":"http:\/\/jornalrol.com.br\/index.php?rest_route=\/wp\/v2\/users\/6"}],"replies":[{"embeddable":true,"href":"http:\/\/jornalrol.com.br\/index.php?rest_route=%2Fwp%2Fv2%2Fcomments&post=26498"}],"version-history":[{"count":0,"href":"http:\/\/jornalrol.com.br\/index.php?rest_route=\/wp\/v2\/posts\/26498\/revisions"}],"wp:featuredmedia":[{"embeddable":true,"href":"http:\/\/jornalrol.com.br\/index.php?rest_route=\/wp\/v2\/media\/26499"}],"wp:attachment":[{"href":"http:\/\/jornalrol.com.br\/index.php?rest_route=%2Fwp%2Fv2%2Fmedia&parent=26498"}],"wp:term":[{"taxonomy":"category","embeddable":true,"href":"http:\/\/jornalrol.com.br\/index.php?rest_route=%2Fwp%2Fv2%2Fcategories&post=26498"},{"taxonomy":"post_tag","embeddable":true,"href":"http:\/\/jornalrol.com.br\/index.php?rest_route=%2Fwp%2Fv2%2Ftags&post=26498"}],"curies":[{"name":"wp","href":"https:\/\/api.w.org\/{rel}","templated":true}]}}