{"id":28850,"date":"2019-07-30T17:03:30","date_gmt":"2019-07-30T20:03:30","guid":{"rendered":"http:\/\/www.jornalrol.com.br\/?p=28850"},"modified":"2019-07-30T17:03:30","modified_gmt":"2019-07-30T20:03:30","slug":"evento-literario-todos-livros-que-amei-comemora-o-aniversario-de-sorocaba","status":"publish","type":"post","link":"http:\/\/jornalrol.com.br\/?p=28850","title":{"rendered":"Evento liter\u00e1rio Todos Livros que Amei comemora o anivers\u00e1rio de Sorocaba"},"content":{"rendered":"<div class=\"pdfprnt-buttons pdfprnt-buttons-post pdfprnt-top-right\"><a href=\"http:\/\/jornalrol.com.br\/index.php?rest_route=%2Fwp%2Fv2%2Fposts%2F28850&print=pdf\" class=\"pdfprnt-button pdfprnt-button-pdf\" target=\"_blank\" ><\/a><a href=\"http:\/\/jornalrol.com.br\/index.php?rest_route=%2Fwp%2Fv2%2Fposts%2F28850&print=print\" class=\"pdfprnt-button pdfprnt-button-print\" target=\"_blank\" ><img decoding=\"async\" src=\"https:\/\/jornalrol.com.br\/wp-content\/plugins\/pdf-print\/images\/print.png\" alt=\"image_print\" title=\"Conte\u00fado de impress\u00e3o\" \/><\/a><\/div><h2 style=\"text-align: center;\"><a href=\"http:\/\/www.jornalrol.com.br\/wp-content\/uploads\/2019\/07\/67405105_2016494395121266_505204835386130432_n-1.jpg\"><img loading=\"lazy\" decoding=\"async\" data-attachment-id=\"28851\" data-permalink=\"http:\/\/jornalrol.com.br\/?attachment_id=28851\" data-orig-file=\"http:\/\/jornalrol.com.br\/wp-content\/uploads\/2019\/07\/67405105_2016494395121266_505204835386130432_n-1.jpg\" data-orig-size=\"800,558\" data-comments-opened=\"0\" data-image-meta=\"{&quot;aperture&quot;:&quot;0&quot;,&quot;credit&quot;:&quot;&quot;,&quot;camera&quot;:&quot;&quot;,&quot;caption&quot;:&quot;&quot;,&quot;created_timestamp&quot;:&quot;0&quot;,&quot;copyright&quot;:&quot;&quot;,&quot;focal_length&quot;:&quot;0&quot;,&quot;iso&quot;:&quot;0&quot;,&quot;shutter_speed&quot;:&quot;0&quot;,&quot;title&quot;:&quot;&quot;,&quot;orientation&quot;:&quot;0&quot;}\" data-image-title=\"67405105_2016494395121266_505204835386130432_n\" data-image-description=\"\" data-image-caption=\"\" data-large-file=\"http:\/\/jornalrol.com.br\/wp-content\/uploads\/2019\/07\/67405105_2016494395121266_505204835386130432_n-1.jpg\" class=\"size-medium wp-image-28851 aligncenter\" src=\"http:\/\/www.jornalrol.com.br\/wp-content\/uploads\/2019\/07\/67405105_2016494395121266_505204835386130432_n-1-300x209.jpg\" alt=\"\" width=\"300\" height=\"209\" \/><\/a><strong>O evento ser\u00e1 realizado no Shopping Cidade, de 10 a 15 de agosto, em comemora\u00e7\u00e3o aos 365 anos\u00a0 de Sorocaba<\/strong><\/h2>\n<p><!--more--><\/p>\n<figure id=\"attachment_28879\" aria-describedby=\"caption-attachment-28879\" style=\"width: 293px\" class=\"wp-caption alignright\"><a href=\"http:\/\/www.jornalrol.com.br\/wp-content\/uploads\/2019\/07\/IMG-20190730-WA0045.jpg\"><img loading=\"lazy\" decoding=\"async\" class=\"wp-image-28879\" src=\"http:\/\/www.jornalrol.com.br\/wp-content\/uploads\/2019\/07\/IMG-20190730-WA0045-300x300.jpg\" alt=\"\" width=\"293\" height=\"293\" \/><\/a><figcaption id=\"caption-attachment-28879\" class=\"wp-caption-text\">A blogueira e idealizadora do evento Suzi Corr\u00eaa. Ao lado, seu marido,\u00a0Tito Corr\u00eaa um dos autores participantes<\/figcaption><\/figure>\n<p>Apaixonada por leitura e participante ativa de eventos liter\u00e1rios, como leitora e mediadora, com muitos amigos escritores e, tamb\u00e9m, o pr\u00f3prio marido, Tito Corr\u00eaa, a blogueira e Influenciadora Digital\u00a0<strong>Suzi Corr\u00eaa <\/strong>resolveu homenagear Sorocaba (SP), por seu anivers\u00e1rio de 365 anos de funda\u00e7\u00e3o (15 de agosto), com um evento liter\u00e1rio.<\/p>\n<p>Para Suzi,\u00a0 as pessoas est\u00e3o muito conectadas \u00e0 tecnologia moderna e, com isso, a leitura est\u00e1 sendo deixada de lado. Al\u00e9m disso, segundo ela, o\u00a0mercado editorial enfrenta uma crise significativa pela aus\u00eancia de leitores e, por essas raz\u00f5es, acredita que \u00e9 obriga\u00e7\u00e3o do pr\u00f3prio leitor fazer sua parte, divulgando nossos autores, por meio de eventos liter\u00e1rios.<\/p>\n<p>Colocando na pr\u00e1tica essa vis\u00e3o, Suzi mant\u00e9m o blog\u00a0<strong>Todos Livros que\u00a0 Amei<\/strong>, definido por ela como: &#8220;Um IG liter\u00e1rio ecl\u00e9tico onde todo e qualquer autor \u00e9 divulgado, seja ele independente ou contratado por uma editora, aqui voc\u00ea encontra divulga\u00e7\u00e3o de livros, resenhas, muitos sorteios com brindes maravilhosos e as principais not\u00edcias dos \u00faltimos lan\u00e7amentos de seus autores favoritos&#8217;.<\/p>\n<p>Surgiu, desta forma, a ideia de promover o evento\u00a0<strong>Todos Livros que Amei<\/strong>, que reunir\u00e1 escritores de Sorocaba e S\u00e3o Paulo, do dia <strong>10 a 15 de agosto<\/strong>, das <strong>15h \u00e0s 18h<\/strong>, no <strong>Shopping Cidade\u00a0<\/strong>(Av. Itavuvu, 3.373), tendo dias destinados, inclusive, para as crian\u00e7as, com a presen\u00e7a de autores infantis.<\/p>\n<p>O evento, com bate-papo com os autores, sess\u00e3o de fotos, aut\u00f3grafos e vendas de livros, conta com o apoio de\u00a0Matheus Corr\u00eaa e\u00a0<strong>Alda dos Santos<\/strong> (<strong>blog Dondoca liter\u00e1ria<\/strong>.<\/p>\n<p>Abaixo, dentre os autores\/as participantes do evento:<\/p>\n<figure id=\"attachment_28877\" aria-describedby=\"caption-attachment-28877\" style=\"width: 300px\" class=\"wp-caption alignleft\"><a href=\"http:\/\/www.jornalrol.com.br\/wp-content\/uploads\/2019\/07\/IMG-20190730-WA0022.jpg\"><img loading=\"lazy\" decoding=\"async\" class=\"wp-image-28877 size-medium\" src=\"http:\/\/www.jornalrol.com.br\/wp-content\/uploads\/2019\/07\/IMG-20190730-WA0022-300x210.jpg\" alt=\"\" width=\"300\" height=\"210\" \/><\/a><figcaption id=\"caption-attachment-28877\" class=\"wp-caption-text\">Mari Moraes, colunista do Jornal Cultural ROL<\/figcaption><\/figure>\n<p>&nbsp;<\/p>\n<p>&nbsp;<\/p>\n<p>&nbsp;<\/p>\n<p>&nbsp;<\/p>\n<p>&nbsp;<\/p>\n<p>&nbsp;<\/p>\n<figure id=\"attachment_28878\" aria-describedby=\"caption-attachment-28878\" style=\"width: 300px\" class=\"wp-caption alignleft\"><a href=\"http:\/\/www.jornalrol.com.br\/wp-content\/uploads\/2019\/07\/IMG-20190729-WA0029.jpg\"><img loading=\"lazy\" decoding=\"async\" data-attachment-id=\"28878\" data-permalink=\"http:\/\/jornalrol.com.br\/?attachment_id=28878\" data-orig-file=\"http:\/\/jornalrol.com.br\/wp-content\/uploads\/2019\/07\/IMG-20190729-WA0029.jpg\" data-orig-size=\"768,537\" data-comments-opened=\"0\" data-image-meta=\"{&quot;aperture&quot;:&quot;0&quot;,&quot;credit&quot;:&quot;&quot;,&quot;camera&quot;:&quot;&quot;,&quot;caption&quot;:&quot;&quot;,&quot;created_timestamp&quot;:&quot;0&quot;,&quot;copyright&quot;:&quot;&quot;,&quot;focal_length&quot;:&quot;0&quot;,&quot;iso&quot;:&quot;0&quot;,&quot;shutter_speed&quot;:&quot;0&quot;,&quot;title&quot;:&quot;&quot;,&quot;orientation&quot;:&quot;0&quot;}\" data-image-title=\"IMG-20190729-WA0029\" data-image-description=\"\" data-image-caption=\"\" data-large-file=\"http:\/\/jornalrol.com.br\/wp-content\/uploads\/2019\/07\/IMG-20190729-WA0029.jpg\" class=\"wp-image-28878 size-medium\" src=\"http:\/\/www.jornalrol.com.br\/wp-content\/uploads\/2019\/07\/IMG-20190729-WA0029-300x210.jpg\" alt=\"\" width=\"300\" height=\"210\" \/><\/a><figcaption id=\"caption-attachment-28878\" class=\"wp-caption-text\">Carina Cardoso, membro do grupo Coes\u00e3o Po\u00e9tica de Sorocaba<\/figcaption><\/figure>\n<p>&nbsp;<\/p>\n<p>&nbsp;<\/p>\n<p>&nbsp;<\/p>\n<p>&nbsp;<\/p>\n<p>&nbsp;<\/p>\n<p>&nbsp;<\/p>\n<p>&nbsp;<\/p>\n<p>&nbsp;<\/p>\n<p><strong>PROGRAMA\u00c7\u00c3O<\/strong><\/p>\n<p><strong>Dia 10 e 11 de agosto<\/strong><br \/>\nAutoras de Romance<br \/>\nEntre elas:<\/p>\n<p>Tito Corr\u00eaa<br \/>\nWil Seba<br \/>\nRebeca Cruz<br \/>\nDaya Alves<\/p>\n<p>Betania Vicente<br \/>\nCassandra Gia<br \/>\nPriscila Debly<br \/>\nVina Ferreira<br \/>\nEliset Duart<br \/>\nDaniela Rosa<br \/>\nHelena Andrade<br \/>\nSimone O. Marques<br \/>\nDeane Ramos.<\/p>\n<p><strong>Dia 12<\/strong><br \/>\n<strong>Autores da cidade de Sorocaba<\/strong><\/p>\n<p>Carina Cardoso<br \/>\nMary Morais<br \/>\nMaria Eduarda Paschoal<\/p>\n<p>Andre S. Azevedo<br \/>\nSueli Aduan<\/p>\n<p><strong>Dia 13<\/strong><\/p>\n<p>Evento infantil com Suzi Corr\u00eaa e com pessoal da livraria Promolivros<\/p>\n<p><strong>Dia 14<\/strong><\/p>\n<p>Evento infantil.<\/p>\n<p><strong>Dia 15<\/strong><br \/>\nEvento infantil<\/p>\n<p>Autor Manoel Francisco.<\/p>\n<p>&nbsp;<\/p>\n<p>&nbsp;<\/p>\n","protected":false},"excerpt":{"rendered":"<p>O evento ser\u00e1 realizado no Shopping Cidade, de 10 a 15 de agosto, em comemora\u00e7\u00e3o aos 365 anos\u00a0 de Sorocaba<\/p>\n","protected":false},"author":6,"featured_media":28851,"comment_status":"closed","ping_status":"closed","sticky":false,"template":"","format":"standard","meta":{"_jetpack_newsletter_access":"","_jetpack_dont_email_post_to_subs":false,"_jetpack_newsletter_tier_id":0,"_jetpack_memberships_contains_paywalled_content":false,"_jetpack_memberships_contains_paid_content":false,"footnotes":""},"categories":[7],"tags":[3570,8169,8412],"class_list":["post-28850","post","type-post","status-publish","format-standard","has-post-thumbnail","hentry","category-comunicacao","tag-evento-literario","tag-suzi-correa","tag-todos-livros-que-amei"],"aioseo_notices":[],"views":471,"jetpack_featured_media_url":"http:\/\/jornalrol.com.br\/wp-content\/uploads\/2019\/07\/67405105_2016494395121266_505204835386130432_n-1.jpg","jetpack_sharing_enabled":true,"jetpack_likes_enabled":true,"jetpack-related-posts":[{"id":30154,"url":"http:\/\/jornalrol.com.br\/?p=30154","url_meta":{"origin":28850,"position":0},"title":"Sorocaba recebe a terceira edi\u00e7\u00e3o da FLAUS","author":"Carlos Carvalho Cavalheiro","date":"18 de dezembro de 2019","format":false,"excerpt":"A FLAUS (Feira de Livros e Autores Sorocabanos) ter\u00e1 a sua terceira edi\u00e7\u00e3o no dia 21 de dezembro, das 9 h \u00e0s 16 h, na Pra\u00e7a Coronel Fernando Prestes A FLAUS (Feira de Livros e Autores Sorocabanos) ter\u00e1 a sua terceira edi\u00e7\u00e3o no dia 21 de dezembro, das 9 h\u2026","rel":"","context":"Em &quot;Comunica\u00e7\u00e3o&quot;","block_context":{"text":"Comunica\u00e7\u00e3o","link":"http:\/\/jornalrol.com.br\/?cat=7"},"img":{"alt_text":"","src":"https:\/\/i0.wp.com\/jornalrol.com.br\/wp-content\/uploads\/2019\/12\/IMG-20191216-WA0040.jpg?resize=350%2C200","width":350,"height":200,"srcset":"https:\/\/i0.wp.com\/jornalrol.com.br\/wp-content\/uploads\/2019\/12\/IMG-20191216-WA0040.jpg?resize=350%2C200 1x, https:\/\/i0.wp.com\/jornalrol.com.br\/wp-content\/uploads\/2019\/12\/IMG-20191216-WA0040.jpg?resize=525%2C300 1.5x, https:\/\/i0.wp.com\/jornalrol.com.br\/wp-content\/uploads\/2019\/12\/IMG-20191216-WA0040.jpg?resize=700%2C400 2x"},"classes":[]},{"id":47749,"url":"http:\/\/jornalrol.com.br\/?p=47749","url_meta":{"origin":28850,"position":1},"title":"Editora  Baronesa realizar\u00e1 evento comemorativo do Centen\u00e1rio da Semana de Arte Moderna","author":"Sergio Diniz da Costa","date":"6 de janeiro de 2022","format":false,"excerpt":"De 20 a 22 maio de 2022, em S\u00e3o Pedro da Aldeia-RJ a Editora Baronesa realizar\u00e1 um evento de m\u00faltiplas atividades culturais para homenagear esse momento hist\u00f3rico Em 2022 acontecer\u00e1 o Centen\u00e1rio da Semana de Arte Moderna evento que reuniu personalidades como Di Cavalcanti, Mario de Andrade, Oswald de Andrade\u2026","rel":"","context":"Em &quot;Comunica\u00e7\u00e3o&quot;","block_context":{"text":"Comunica\u00e7\u00e3o","link":"http:\/\/jornalrol.com.br\/?cat=7"},"img":{"alt_text":"","src":"https:\/\/i0.wp.com\/jornalrol.com.br\/wp-content\/uploads\/2022\/01\/271590617_116339150909244_7083707055169587117_n.jpg?resize=350%2C200","width":350,"height":200,"srcset":"https:\/\/i0.wp.com\/jornalrol.com.br\/wp-content\/uploads\/2022\/01\/271590617_116339150909244_7083707055169587117_n.jpg?resize=350%2C200 1x, https:\/\/i0.wp.com\/jornalrol.com.br\/wp-content\/uploads\/2022\/01\/271590617_116339150909244_7083707055169587117_n.jpg?resize=525%2C300 1.5x, https:\/\/i0.wp.com\/jornalrol.com.br\/wp-content\/uploads\/2022\/01\/271590617_116339150909244_7083707055169587117_n.jpg?resize=700%2C400 2x"},"classes":[]},{"id":18028,"url":"http:\/\/jornalrol.com.br\/?p=18028","url_meta":{"origin":28850,"position":2},"title":"O Grupo Coes\u00e3o Po\u00e9tica de Sorocaba promove o IV Concurso Coes\u00e3o Po\u00e9tica &#8211; 2018","author":"Sergio Diniz da Costa","date":"4 de maio de 2018","format":false,"excerpt":"O Grupo Coes\u00e3o Po\u00e9tica de Sorocaba, em junho, comemora seus 13 anos de funda\u00e7\u00e3o em grande estilo: com o IV Concurso Coes\u00e3o Po\u00e9tica! O tema \u00e9 livre. E livre, a inspira\u00e7\u00e3o! \u00a0 O Grupo Coes\u00e3o Po\u00e9tica de Sorocaba comemora, no dia 17 de junho, 13 anos de atividades ininterruptas, em\u2026","rel":"","context":"Em &quot;Comunica\u00e7\u00e3o&quot;","block_context":{"text":"Comunica\u00e7\u00e3o","link":"http:\/\/jornalrol.com.br\/?cat=7"},"img":{"alt_text":"","src":"https:\/\/i0.wp.com\/www.jornalrol.com.br\/wp-content\/uploads\/2018\/05\/31932397_1766280946725777_1367127831649189888_n-300x169.jpg?resize=350%2C200","width":350,"height":200},"classes":[]},{"id":12135,"url":"http:\/\/jornalrol.com.br\/?p=12135","url_meta":{"origin":28850,"position":3},"title":"Polo UAB Votorantim, em parceria com a SEED de Votorantim, promovem, no dia 09 de agosto (4.\u00aa feira), \u00e0s 19h00, o evento beneficente, liter\u00e1rio e filos\u00f3fico &#039;Um bom caldo de Filosofia&#039;","author":"Sergio Diniz da Costa","date":"7 de agosto de 2017","format":false,"excerpt":"O evento 'Um bom caldo de Filosofia' contar\u00e1 com a presen\u00e7a do escritor e colunista do ROL \u00c9lcio M\u00e1rio Pinto, que apresentar\u00e1 seu projeto 'O escritor em todos os cantos' \u00a0 No dia 09 de agosto (4.\u00aa feira), \u00e0s 19h00, o polo UAB - Universidade Aberta do Brasil - de\u2026","rel":"","context":"Em &quot;Comunica\u00e7\u00e3o&quot;","block_context":{"text":"Comunica\u00e7\u00e3o","link":"http:\/\/jornalrol.com.br\/?cat=7"},"img":{"alt_text":"","src":"https:\/\/i0.wp.com\/www.jornalrol.com.br\/wp-content\/uploads\/2017\/08\/Convite-FINAL-300x201.jpg?resize=350%2C200","width":350,"height":200},"classes":[]},{"id":23925,"url":"http:\/\/jornalrol.com.br\/?p=23925","url_meta":{"origin":28850,"position":4},"title":"Roberto Flores apresenta, neste s\u00e1bado (19), a partir das 19h, o primeiro Sarau Liter\u00e1rio de 2019","author":"Sergio Diniz da Costa","date":"18 de janeiro de 2019","format":false,"excerpt":"Com entrada gratuita, evento acontece no Espa\u00e7o Cultural Du-Arts, na Rua Antonio S\u00e3o Leandro, 76 - Bairro Maria Eugenia, Zona Norte de Sorocaba O tradicional Sarau Liter\u00e1rio promovido pelo escritor e poeta Roberto Flores\u00a0ter\u00e1 sua 1\u00aa edi\u00e7\u00e3o do ano de 2019 no pr\u00f3ximo s\u00e1bado (19), a partir das 19h. Com\u2026","rel":"","context":"Em &quot;Comunica\u00e7\u00e3o&quot;","block_context":{"text":"Comunica\u00e7\u00e3o","link":"http:\/\/jornalrol.com.br\/?cat=7"},"img":{"alt_text":"","src":"https:\/\/i0.wp.com\/www.jornalrol.com.br\/wp-content\/uploads\/2019\/01\/14522954_1059536060832795_3613448104777101268_n-300x225.jpg?resize=350%2C200","width":350,"height":200},"classes":[]},{"id":19839,"url":"http:\/\/jornalrol.com.br\/?p=19839","url_meta":{"origin":28850,"position":5},"title":"Associa\u00e7\u00e3o dos Professores da Rede Municipal de Sorocaba &#8211; ASPAMS lan\u00e7a o 1\u00ba Concurso Liter\u00e1rio de Cr\u00f4nicas ASPAMS 2018","author":"Sergio Diniz da Costa","date":"24 de julho de 2018","format":false,"excerpt":"O 1\u00ba CONCURSO LITER\u00c1RIO DE CR\u00d4NICAS ASPAMS 2018 \u00e9 uma iniciativa que visa proporcionar a seus associados e associadas a oportunidade de dar uma voz autoral \u00e0 suas experi\u00eancias reais e manifestar fisicamente seu imagin\u00e1rio \u00a0 1\u00ba CONCURSO LITER\u00c1RIO DE CR\u00d4NICAS ASPAMS 2018 Introdu\u00e7\u00e3o A cria\u00e7\u00e3o liter\u00e1ria \u00e9 enriquecedora para\u2026","rel":"","context":"Em &quot;Comunica\u00e7\u00e3o&quot;","block_context":{"text":"Comunica\u00e7\u00e3o","link":"http:\/\/jornalrol.com.br\/?cat=7"},"img":{"alt_text":"","src":"https:\/\/i0.wp.com\/www.jornalrol.com.br\/wp-content\/uploads\/2018\/07\/5ae1c64c-6fcf-4130-929b-d51722452b00-204x300.jpg?resize=350%2C200","width":350,"height":200},"classes":[]}],"_links":{"self":[{"href":"http:\/\/jornalrol.com.br\/index.php?rest_route=\/wp\/v2\/posts\/28850","targetHints":{"allow":["GET"]}}],"collection":[{"href":"http:\/\/jornalrol.com.br\/index.php?rest_route=\/wp\/v2\/posts"}],"about":[{"href":"http:\/\/jornalrol.com.br\/index.php?rest_route=\/wp\/v2\/types\/post"}],"author":[{"embeddable":true,"href":"http:\/\/jornalrol.com.br\/index.php?rest_route=\/wp\/v2\/users\/6"}],"replies":[{"embeddable":true,"href":"http:\/\/jornalrol.com.br\/index.php?rest_route=%2Fwp%2Fv2%2Fcomments&post=28850"}],"version-history":[{"count":0,"href":"http:\/\/jornalrol.com.br\/index.php?rest_route=\/wp\/v2\/posts\/28850\/revisions"}],"wp:featuredmedia":[{"embeddable":true,"href":"http:\/\/jornalrol.com.br\/index.php?rest_route=\/wp\/v2\/media\/28851"}],"wp:attachment":[{"href":"http:\/\/jornalrol.com.br\/index.php?rest_route=%2Fwp%2Fv2%2Fmedia&parent=28850"}],"wp:term":[{"taxonomy":"category","embeddable":true,"href":"http:\/\/jornalrol.com.br\/index.php?rest_route=%2Fwp%2Fv2%2Fcategories&post=28850"},{"taxonomy":"post_tag","embeddable":true,"href":"http:\/\/jornalrol.com.br\/index.php?rest_route=%2Fwp%2Fv2%2Ftags&post=28850"}],"curies":[{"name":"wp","href":"https:\/\/api.w.org\/{rel}","templated":true}]}}