{"id":30212,"date":"2019-12-27T22:36:34","date_gmt":"2019-12-28T00:36:34","guid":{"rendered":"http:\/\/www.jornalrol.com.br\/?p=30212"},"modified":"2023-12-15T15:13:50","modified_gmt":"2023-12-15T18:13:50","slug":"sergio-diniz-da-costa-os-confinados","status":"publish","type":"post","link":"http:\/\/jornalrol.com.br\/?p=30212","title":{"rendered":"Sergio Diniz da Costa: &#039;Os confinados&#039;"},"content":{"rendered":"<div class=\"pdfprnt-buttons pdfprnt-buttons-post pdfprnt-top-right\"><a href=\"http:\/\/jornalrol.com.br\/index.php?rest_route=%2Fwp%2Fv2%2Fposts%2F30212&print=pdf\" class=\"pdfprnt-button pdfprnt-button-pdf\" target=\"_blank\" ><\/a><a href=\"http:\/\/jornalrol.com.br\/index.php?rest_route=%2Fwp%2Fv2%2Fposts%2F30212&print=print\" class=\"pdfprnt-button pdfprnt-button-print\" target=\"_blank\" ><img decoding=\"async\" src=\"https:\/\/jornalrol.com.br\/wp-content\/plugins\/pdf-print\/images\/print.png\" alt=\"image_print\" title=\"Conte\u00fado de impress\u00e3o\" \/><\/a><\/div><figure id=\"attachment_30213\" aria-describedby=\"caption-attachment-30213\" style=\"width: 116px\" class=\"wp-caption aligncenter\"><a href=\"http:\/\/www.jornalrol.com.br\/wp-content\/uploads\/2019\/12\/73232858_2335697733218941_6041306865478926336_n.jpg\"><img loading=\"lazy\" decoding=\"async\" data-attachment-id=\"30213\" data-permalink=\"http:\/\/jornalrol.com.br\/?attachment_id=30213\" data-orig-file=\"http:\/\/jornalrol.com.br\/wp-content\/uploads\/2019\/12\/73232858_2335697733218941_6041306865478926336_n.jpg\" data-orig-size=\"468,468\" data-comments-opened=\"0\" data-image-meta=\"{&quot;aperture&quot;:&quot;0&quot;,&quot;credit&quot;:&quot;&quot;,&quot;camera&quot;:&quot;&quot;,&quot;caption&quot;:&quot;&quot;,&quot;created_timestamp&quot;:&quot;0&quot;,&quot;copyright&quot;:&quot;&quot;,&quot;focal_length&quot;:&quot;0&quot;,&quot;iso&quot;:&quot;0&quot;,&quot;shutter_speed&quot;:&quot;0&quot;,&quot;title&quot;:&quot;&quot;,&quot;orientation&quot;:&quot;0&quot;}\" data-image-title=\"73232858_2335697733218941_6041306865478926336_n\" data-image-description=\"\" data-image-caption=\"\" data-large-file=\"http:\/\/jornalrol.com.br\/wp-content\/uploads\/2019\/12\/73232858_2335697733218941_6041306865478926336_n.jpg\" class=\"wp-image-30213\" src=\"http:\/\/www.jornalrol.com.br\/wp-content\/uploads\/2019\/12\/73232858_2335697733218941_6041306865478926336_n-300x300.jpg\" alt=\"\" width=\"116\" height=\"116\" \/><\/a><figcaption id=\"caption-attachment-30213\" class=\"wp-caption-text\">Sergio Diniz<\/figcaption><\/figure>\n<h2 style=\"text-align: center;\">Os confinados<\/h2>\n<p><!--more--><\/p>\n<p>Diariamente passeio com meu c\u00e3o (Tobby) pelas ruas do meu bairro e bairros adjacentes.<\/p>\n<p>Esses passeios me levaram a constatar que em muitas resid\u00eancias e at\u00e9 mesmo em pequenas empresas t\u00eam c\u00e3es, em alguns casos at\u00e9 dois ou tr\u00eas.<\/p>\n<p>Num primeiro momento, a impress\u00e3o \u00e9 que, a cada dia, aumenta o n\u00famero de pessoas que parecem gostar de c\u00e3es. Essa impress\u00e3o, entretanto, em muitos casos, \u00e9 enganosa.<\/p>\n<p>Constato, com uma imensa tristeza, que \u00e9 significativo o n\u00famero de c\u00e3es que vivem confinados em suas casas ou em estabelecimentos comerciais. S\u00e3o animais que t\u00eam por espa\u00e7o uma garagem (algumas com dois carros) ou um pequeno terreno ou quintal e por horizonte uma nesga de paisagem, vista pelas frestas de port\u00f5es. Em alguns casos, os c\u00e3es ficam presos por correntes o dia inteiro.<\/p>\n<p>Esse enclausuramento, com o tempo, torna os cachorros doentes, f\u00edsica e\/ou emocionalmente. Alguns se tornam violentos e, se conseguem escapar da casa, podem atacar pessoas; outros chegam a se automutilar.<\/p>\n<p>A Lei n\u00ba 9.605\/98, que disp\u00f5e sobre as san\u00e7\u00f5es penais e administrativas derivadas de condutas e atividades lesivas ao meio ambiente, e d\u00e1 outras provid\u00eancias, prev\u00ea em seu art. 32, caput: \u201cPraticar ato de abuso, maus-tratos, ferir ou mutilar animais silvestres, dom\u00e9sticos ou domesticados, nativos ou ex\u00f3ticos\u201d.<\/p>\n<p>O citado artigo n\u00e3o esclarece e, muito menos, enumera o que se configura como ato de abuso ou maus-tratos. A pr\u00e1tica, contudo, aponta os atos mais comuns: abandono, manter animal preso por muito tempo sem comida e contato com seus donos\/respons\u00e1veis, deixar animal em lugar impr\u00f3prio e anti-higi\u00eanico, envenenamento, agress\u00e3o f\u00edsica, covarde e exagerada, mutila\u00e7\u00e3o e utilizar animal em shows, apresenta\u00e7\u00f5es ou trabalho que possa lhe causar p\u00e2nico e sofrimento.<\/p>\n<p>Manter c\u00e3es diariamente confinados se configura, indiscutivelmente, como um ato de maus-tratos, pois, com isso, \u201cos impede de desenvolver atividade f\u00edsica, independentemente da ra\u00e7a. E essa energia n\u00e3o gasta vai se acumulando cada vez mais at\u00e9 o c\u00e3o encontrar um jeito de elimin\u00e1-la, sendo maneiras mais comuns dessa energia ser dissipada roer ou destruir algo, latir, mostrar comportamentos compulsivos e \u00e0s vezes at\u00e9 agressividade\u201d.*<\/p>\n<p>Outro aspecto do dano causado pelo confinamento reiterado se encontra no fato de que \u201cos c\u00e3es s\u00e3o animais greg\u00e1rios, ou seja, eles naturalmente vivem em grupos e precisam de intera\u00e7\u00e3o social com os membros de sua pr\u00f3pria esp\u00e9cie. Um c\u00e3o que passa por essa priva\u00e7\u00e3o social pode sofrer dist\u00farbios emocionais e psicol\u00f3gicos graves, demonstrando timidez, medo excessivo ou agressividade com outros c\u00e3es\u201d.*<\/p>\n<p>Presenciar diariamente esse atentado contra a sa\u00fade f\u00edsica e emocional de um animal historicamente al\u00e7ado como paradigma da lealdade aos seres humanos leva-me a refletir que, ao contr\u00e1rio de seres humanos criminosos, os quais uma vez apreendidos pelos agentes policiais s\u00e3o posteriormente julgados, observando-se os tr\u00e2mites e defesas legais e, somente depois, se condenados, encarcerados, os c\u00e3es \u2018de guarda\u2019 de certas resid\u00eancias e empresas n\u00e3o t\u00eam o mesmo direito.<\/p>\n<p>At\u00e9 porque, o \u00fanico \u2018crime\u2019 que cometeram foi o de confiar em seres humanos!<\/p>\n<p>Humanos?<\/p>\n<p>*\u00a0 https:\/\/www.petlove.com.br\/dicas\/necessidades-basicas<\/p>\n<p style=\"text-align: right;\"><strong>Sergio Diniz da Costa \u00a0\u00a0<\/strong><\/p>\n<p style=\"text-align: right;\"><strong>\u00a0\u00a0<\/strong>jornalculturalrol2@gmail.com<\/p>\n","protected":false},"excerpt":{"rendered":"<p>Os confinados<\/p>\n","protected":false},"author":6,"featured_media":30214,"comment_status":"closed","ping_status":"closed","sticky":false,"template":"","format":"standard","meta":{"_jetpack_newsletter_access":"","_jetpack_dont_email_post_to_subs":false,"_jetpack_newsletter_tier_id":0,"_jetpack_memberships_contains_paywalled_content":false,"_jetpack_memberships_contains_paid_content":false,"footnotes":""},"categories":[7],"tags":[1523,2430,5491,7888],"class_list":["post-30212","post","type-post","status-publish","format-standard","has-post-thumbnail","hentry","category-comunicacao","tag-caes","tag-crime-ambiental","tag-maus-tratos","tag-sergio-diniz-da-costa"],"aioseo_notices":[],"views":490,"jetpack_featured_media_url":"http:\/\/jornalrol.com.br\/wp-content\/uploads\/2019\/12\/maus-tratos.jpg","jetpack_sharing_enabled":true,"jetpack_likes_enabled":true,"jetpack-related-posts":[{"id":79670,"url":"http:\/\/jornalrol.com.br\/?p=79670","url_meta":{"origin":30212,"position":0},"title":"Os confinados","author":"Sergio Diniz da Costa","date":"30 de mar\u00e7o de 2026","format":false,"excerpt":"Diariamente, passeio com meu c\u00e3o (Tobby) pelas ruas do meu bairro e bairros adjacentes. Esses passeios me levaram a constatar que em muitas resid\u00eancias e at\u00e9...","rel":"","context":"Em &quot;Cr\u00f4nicas&quot;","block_context":{"text":"Cr\u00f4nicas","link":"http:\/\/jornalrol.com.br\/?cat=9392"},"img":{"alt_text":"S\u00e3o animais que t\u00eam por espa\u00e7o uma garagem (algumas com dois carros) ou um pequeno terreno ou quintal e por horizonte uma nesga de paisagem, vista pelas frestas de port\u00f5es - Foto por Sergio Diniz da Costa","src":"https:\/\/i0.wp.com\/jornalrol.com.br\/wp-content\/uploads\/2026\/03\/20260327_070751-1-1-scaled.jpg?resize=350%2C200","width":350,"height":200,"srcset":"https:\/\/i0.wp.com\/jornalrol.com.br\/wp-content\/uploads\/2026\/03\/20260327_070751-1-1-scaled.jpg?resize=350%2C200 1x, https:\/\/i0.wp.com\/jornalrol.com.br\/wp-content\/uploads\/2026\/03\/20260327_070751-1-1-scaled.jpg?resize=525%2C300 1.5x, https:\/\/i0.wp.com\/jornalrol.com.br\/wp-content\/uploads\/2026\/03\/20260327_070751-1-1-scaled.jpg?resize=700%2C400 2x, https:\/\/i0.wp.com\/jornalrol.com.br\/wp-content\/uploads\/2026\/03\/20260327_070751-1-1-scaled.jpg?resize=1050%2C600 3x, https:\/\/i0.wp.com\/jornalrol.com.br\/wp-content\/uploads\/2026\/03\/20260327_070751-1-1-scaled.jpg?resize=1400%2C800 4x"},"classes":[]},{"id":8561,"url":"http:\/\/jornalrol.com.br\/?p=8561","url_meta":{"origin":30212,"position":1},"title":"Sergio Diniz da Costa: cr\u00f4nica &#039;Tobby e Pretinho&#039;","author":"Helio Rubens","date":"5 de mar\u00e7o de 2017","format":false,"excerpt":"\u00a0'TOBBY E PRETINHO' \u00a0Com a tr\u00e9gua das chuvas, o dia amanheceu l\u00edmpido e prop\u00edcio para a retomada das caminhadas habituais, levando o meu c\u00e3ozinho Tobby pra passear. E l\u00e1 vamos n\u00f3s para uma das pistas apraz\u00edveis de caminhada, cercada por exuberante natureza. J\u00e1 caminhando, no meio da pista uma repuxada\u2026","rel":"","context":"Em &quot;Comunica\u00e7\u00e3o&quot;","block_context":{"text":"Comunica\u00e7\u00e3o","link":"http:\/\/jornalrol.com.br\/?cat=7"},"img":{"alt_text":"","src":"https:\/\/i0.wp.com\/jornalrol.com.br\/wp-content\/uploads\/2017\/05\/IMG_20211012_110531348-168x300.jpg?resize=350%2C200","width":350,"height":200},"classes":[]},{"id":19523,"url":"http:\/\/jornalrol.com.br\/?p=19523","url_meta":{"origin":30212,"position":2},"title":"Carlos Carvalho Cavalheiro: &#039;C\u00e3es vadios&#039;","author":"Sergio Diniz da Costa","date":"4 de julho de 2018","format":false,"excerpt":"\"Eu s\u00f3 desejo o desejo\/\u00a0de continuar sendo um c\u00e3o vadio,\/\u00a0perdido nas infinitas possibilidades\/ das ruas, esquinas e cruzamentos.\" \u00a0 C\u00e3es Vadios Uivam os c\u00e3es vadios guiados pelo cheiro entorpecente da cadela no cio. E a lua passeia pelo globo enquanto os medos despertos procuram pelos homens adormecidos. Eu sou um\u2026","rel":"","context":"Em &quot;Comunica\u00e7\u00e3o&quot;","block_context":{"text":"Comunica\u00e7\u00e3o","link":"http:\/\/jornalrol.com.br\/?cat=7"},"img":{"alt_text":"","src":"https:\/\/i0.wp.com\/www.jornalrol.com.br\/wp-content\/uploads\/2018\/01\/Carlos-Foto-Andr%C3%A9-Pinto-26032016-C%C3%B3pia-237x300.jpg?resize=350%2C200","width":350,"height":200},"classes":[]},{"id":27352,"url":"http:\/\/jornalrol.com.br\/?p=27352","url_meta":{"origin":30212,"position":3},"title":"Um Ato de protesto em defesa da dignidade dos animais!","author":"Sergio Diniz da Costa","date":"21 de maio de 2019","format":false,"excerpt":"O Ato ocorreu, simultaneamente, em Minas Gerais, Rio de Janeiro, Paran\u00e1, S\u00e3o Paulo e cidades do interior do Estado, como Sorocaba e Itapetininga Por que existem os animais? Os animais existem para humanizarem os seres humanos! (COSTA, Sergio diniz da. Pensamentos soltos na brisa das tardes. Sorocaba\/SP: Crearte Editora, 2013,\u2026","rel":"","context":"Em &quot;Comunica\u00e7\u00e3o&quot;","block_context":{"text":"Comunica\u00e7\u00e3o","link":"http:\/\/jornalrol.com.br\/?cat=7"},"img":{"alt_text":"","src":"https:\/\/i0.wp.com\/www.jornalrol.com.br\/wp-content\/uploads\/2019\/05\/60810611_3289265051098995_8223883205195857920_o-1-300x200.jpg?resize=350%2C200","width":350,"height":200},"classes":[]},{"id":12640,"url":"http:\/\/jornalrol.com.br\/?p=12640","url_meta":{"origin":30212,"position":4},"title":"Pedro Novaes: &#039;Animais Amigos&#039;","author":"Helio Rubens","date":"30 de agosto de 2017","format":false,"excerpt":"\u00a0Pedro Israel Novaes de Almeida: 'ANIMAIS AMIGOS' \u00a0 Quem convive com animais n\u00e3o admite a ideia de que sejam seres irracionais, movidos a instintos de mera sobreviv\u00eancia. A conviv\u00eancia estabelece um di\u00e1logo que dispensa palavras e submiss\u00f5es, e o m\u00fatuo amparo desafia solid\u00f5es e car\u00eancias. A fidelidade \u00e9 a marca\u2026","rel":"","context":"Em &quot;Comunica\u00e7\u00e3o&quot;","block_context":{"text":"Comunica\u00e7\u00e3o","link":"http:\/\/jornalrol.com.br\/?cat=7"},"img":{"alt_text":"colunista do ROL","src":"https:\/\/i0.wp.com\/www.jornalrol.com.br\/wp-content\/uploads\/2014\/11\/Foto-close1.jpg?resize=350%2C200","width":350,"height":200},"classes":[]},{"id":4651,"url":"http:\/\/jornalrol.com.br\/?p=4651","url_meta":{"origin":30212,"position":5},"title":"Artigo Pedro Novaes: &#039;Seguran\u00e7a que deixou saudades&#039;","author":"Helio Rubens","date":"18 de abril de 2016","format":false,"excerpt":"\u00a0 Pedro Israel Novaes de Almeida - SEGURAN\u00c7A QUE DEIXOU SAUDADES \u00a0 \u00a0 Outrora, eram poucas as chaves, a ponto de repousarem, furtivas e\u00a0 dissimuladas, sob o tapetinho ou vaso, quando todos da fam\u00edlia saiam. Intriga cientistas de todo o mundo o fato dos ladr\u00f5es da \u00e9poca n\u00e3o perceberem tal\u2026","rel":"","context":"Em &quot;Comunica\u00e7\u00e3o&quot;","block_context":{"text":"Comunica\u00e7\u00e3o","link":"http:\/\/jornalrol.com.br\/?cat=7"},"img":{"alt_text":"colunista do ROL","src":"https:\/\/i0.wp.com\/www.jornalrol.com.br\/wp-content\/uploads\/2014\/11\/Foto-close1.jpg?resize=350%2C200","width":350,"height":200},"classes":[]}],"_links":{"self":[{"href":"http:\/\/jornalrol.com.br\/index.php?rest_route=\/wp\/v2\/posts\/30212","targetHints":{"allow":["GET"]}}],"collection":[{"href":"http:\/\/jornalrol.com.br\/index.php?rest_route=\/wp\/v2\/posts"}],"about":[{"href":"http:\/\/jornalrol.com.br\/index.php?rest_route=\/wp\/v2\/types\/post"}],"author":[{"embeddable":true,"href":"http:\/\/jornalrol.com.br\/index.php?rest_route=\/wp\/v2\/users\/6"}],"replies":[{"embeddable":true,"href":"http:\/\/jornalrol.com.br\/index.php?rest_route=%2Fwp%2Fv2%2Fcomments&post=30212"}],"version-history":[{"count":1,"href":"http:\/\/jornalrol.com.br\/index.php?rest_route=\/wp\/v2\/posts\/30212\/revisions"}],"predecessor-version":[{"id":63748,"href":"http:\/\/jornalrol.com.br\/index.php?rest_route=\/wp\/v2\/posts\/30212\/revisions\/63748"}],"wp:featuredmedia":[{"embeddable":true,"href":"http:\/\/jornalrol.com.br\/index.php?rest_route=\/wp\/v2\/media\/30214"}],"wp:attachment":[{"href":"http:\/\/jornalrol.com.br\/index.php?rest_route=%2Fwp%2Fv2%2Fmedia&parent=30212"}],"wp:term":[{"taxonomy":"category","embeddable":true,"href":"http:\/\/jornalrol.com.br\/index.php?rest_route=%2Fwp%2Fv2%2Fcategories&post=30212"},{"taxonomy":"post_tag","embeddable":true,"href":"http:\/\/jornalrol.com.br\/index.php?rest_route=%2Fwp%2Fv2%2Ftags&post=30212"}],"curies":[{"name":"wp","href":"https:\/\/api.w.org\/{rel}","templated":true}]}}