{"id":30224,"date":"2020-01-01T12:40:50","date_gmt":"2020-01-01T14:40:50","guid":{"rendered":"http:\/\/www.jornalrol.com.br\/?p=30224"},"modified":"2020-01-01T12:40:50","modified_gmt":"2020-01-01T14:40:50","slug":"teatro-escola-mario-persico-inaugura-2020-com-a-peca-o-amor-do-soldado-de-jorge-amado","status":"publish","type":"post","link":"http:\/\/jornalrol.com.br\/?p=30224","title":{"rendered":"Teatro Escola Mario Persico inaugura 2020 com a pe\u00e7a &#039;O Amor do Soldado&#039;, de Jorge Amado"},"content":{"rendered":"<div class=\"pdfprnt-buttons pdfprnt-buttons-post pdfprnt-top-right\"><a href=\"http:\/\/jornalrol.com.br\/index.php?rest_route=%2Fwp%2Fv2%2Fposts%2F30224&print=pdf\" class=\"pdfprnt-button pdfprnt-button-pdf\" target=\"_blank\" ><\/a><a href=\"http:\/\/jornalrol.com.br\/index.php?rest_route=%2Fwp%2Fv2%2Fposts%2F30224&print=print\" class=\"pdfprnt-button pdfprnt-button-print\" target=\"_blank\" ><img decoding=\"async\" src=\"https:\/\/jornalrol.com.br\/wp-content\/plugins\/pdf-print\/images\/print.png\" alt=\"image_print\" title=\"Conte\u00fado de impress\u00e3o\" \/><\/a><\/div><h2 style=\"text-align: center;\"><a href=\"http:\/\/www.jornalrol.com.br\/wp-content\/uploads\/2020\/01\/78782278_3025383190827485_4406550460450734080_n.jpg\"><img loading=\"lazy\" decoding=\"async\" class=\"size-medium wp-image-30225 aligncenter\" src=\"http:\/\/www.jornalrol.com.br\/wp-content\/uploads\/2020\/01\/78782278_3025383190827485_4406550460450734080_n-300x200.jpg\" alt=\"\" width=\"300\" height=\"200\" \/><\/a><strong>O Amor do Soldado, \u00fanica obra teatral de Jorge Amado, foi escrita em 1944, atendendo a um pedido da atriz e diretora Bibi Ferreira, que pretendia encen\u00e1-la\u00a0<\/strong><\/h2>\n<p><!--more--><\/p>\n<p style=\"font-weight: 400;\"><a href=\"http:\/\/www.jornalrol.com.br\/wp-content\/uploads\/2020\/01\/78415345_3025384234160714_4405539644192587776_n.jpg\"><img loading=\"lazy\" decoding=\"async\" class=\"size-medium wp-image-30226 alignright\" src=\"http:\/\/www.jornalrol.com.br\/wp-content\/uploads\/2020\/01\/78415345_3025384234160714_4405539644192587776_n-300x200.jpg\" alt=\"\" width=\"300\" height=\"200\" \/><\/a>A Cia Cl\u00e1ssica se apresenta dentro o espet\u00e1culo O Amor do Soldado de Jorge Amado.<\/p>\n<p style=\"font-weight: 400;\">Sempre ancorada numa dramaturgia de peso, os textos da Cia geralmente trazem a cena grandes autores, cl\u00e1ssicos ou contempor\u00e2neos, nacionais ou n\u00e3o. Assim, consta do curr\u00edculo da Cia, Cam\u00f5es, Moliere, Arthur Miller, Tenesse Willians, Jorge Andrade, Nelson Rodrigues, Shakespeare, Jorge Amado ou adapta\u00e7\u00f5es de obras de autores cl\u00e1ssicos da literatura, como E\u00e7a de Queiroz, Clarice Lispector, Somerset Maughan, entre outros.<\/p>\n<p style=\"font-weight: 400;\">Com dire\u00e7\u00e3o de Mario Persico e contando com atores vindos da montagem de Vereda da Salva\u00e7\u00e3o que cumpriu longa temporada no Teatro Escola Mario Persico.<\/p>\n<p style=\"font-weight: 400;\"><a href=\"http:\/\/www.jornalrol.com.br\/wp-content\/uploads\/2020\/01\/O-Amor-do-Soldado-2.jpg\"><img loading=\"lazy\" decoding=\"async\" class=\"size-medium wp-image-30227 alignleft\" src=\"http:\/\/www.jornalrol.com.br\/wp-content\/uploads\/2020\/01\/O-Amor-do-Soldado-2-300x300.jpg\" alt=\"\" width=\"300\" height=\"300\" \/><\/a>O Amor do Soldado, \u00fanica obra teatral de Jorge Amado, foi escrita em 1944, atendendo a um pedido da atriz e diretora Bibi Ferreira, que pretendia encen\u00e1-la. A companhia de Bibi, no entanto, logo se desfez, e a pe\u00e7a n\u00e3o chegou a ser levada ao palco.<\/p>\n<p style=\"font-weight: 400;\">Originalmente intitulada\u00a0<em>O amor de Castro Alves<\/em>, a obra retoma, em linguagem dramat\u00fargica, passagens da biografia do poeta,\u00a0<em>ABC de Castro Alves<\/em>, realizada por Jorge Amado poucos anos antes. Elaborado durante a Segunda Guerra Mundial, o texto compara a import\u00e2ncia de Castro Alves \u00e0 dos pracinhas brasileiros que combatiam na Europa. Diz o autor em uma de suas interven\u00e7\u00f5es no texto: \u201cEm honra aos soldados expedicion\u00e1rios brasileiros trazemos \u00e0 cena a vida do poeta libert\u00e1rio e libertador\u201d.\u00a0A pe\u00e7a foi publicada em 1947, ano em que se comemorava o centen\u00e1rio de nascimento de Castro Alves, ainda com o t\u00edtulo\u00a0<em>O amor de Castro Alves<\/em>. A partir de 1958 passou a se chamar\u00a0<em>O amor do soldado<\/em>.<\/p>\n<p style=\"font-weight: 400;\">Participam da montagem os atores, Matheus Caruso, Val\u00e9ria Nastri, Jefferson Pereira, Pedro Sales, Davi Gemelgo, Rafael Alexandre, Emily Azous, Michele Sonsin e Mario Persico que assina a dire\u00e7\u00e3o do espet\u00e1culo.<\/p>\n<p>&nbsp;<\/p>\n<p style=\"font-weight: 400;\"><strong>Servi\u00e7o:<\/strong><\/p>\n<p style=\"font-weight: 400;\">Espet\u00e1culo: O Amor do Soldado<\/p>\n<p style=\"font-weight: 400;\">Local: Teatro Escola Mario Persico<\/p>\n<p style=\"font-weight: 400;\">Endere\u00e7o: Rua da Penha, 823 &#8211; Centro<\/p>\n<p style=\"font-weight: 400;\">Hor\u00e1rio: 19h00<\/p>\n<p style=\"font-weight: 400;\">Data: 05\/01\/2020<\/p>\n<p style=\"font-weight: 400;\">Ingressos: Entrada Franca. Passaremos o chap\u00e9u ao final para contribui\u00e7\u00e3o voluntaria.<\/p>\n","protected":false},"excerpt":{"rendered":"<p>O Amor do Soldado, \u00fanica obra teatral de Jorge Amado, foi escrita em 1944, atendendo a um pedido da atriz e diretora Bibi Ferreira, que pretendia encen\u00e1-la\u00a0<\/p>\n","protected":false},"author":6,"featured_media":0,"comment_status":"closed","ping_status":"closed","sticky":false,"template":"","format":"standard","meta":{"_jetpack_newsletter_access":"","_jetpack_dont_email_post_to_subs":false,"_jetpack_newsletter_tier_id":0,"_jetpack_memberships_contains_paywalled_content":false,"_jetpack_memberships_contains_paid_content":false,"footnotes":""},"categories":[7],"tags":[3435,6113,8238],"class_list":["post-30224","post","type-post","status-publish","format-standard","hentry","category-comunicacao","tag-espetaculo","tag-o-amor-do-soldado","tag-teatro-escola-mario-persico"],"aioseo_notices":[],"views":458,"jetpack_featured_media_url":"","jetpack_sharing_enabled":true,"jetpack_likes_enabled":true,"jetpack-related-posts":[{"id":52908,"url":"http:\/\/jornalrol.com.br\/?p=52908","url_meta":{"origin":30224,"position":0},"title":"Teatro Escola Mario Persico realiza a I Maratona de Teatro TEMP","author":"Sergio Diniz da Costa","date":"12 de dezembro de 2022","format":false,"excerpt":"No dia 17 de dezembro, a I Maratona de Teatro TEMP dar\u00e1 in\u00edcio\u00a0\u00e0s comemora\u00e7\u00f5es da primeira d\u00e9cada de resist\u00eancia art\u00edstica do Teatro Escola Mario Persico Em 2023 o Teatro Escola Mario Persico completar\u00e1 10 (dez) anos. Uma d\u00e9cada de resist\u00eancias. Segundo Mario Persico, foram enfrentadas muitas batalhas, \"desde vizinho com\u2026","rel":"","context":"Em &quot;Comunica\u00e7\u00e3o&quot;","block_context":{"text":"Comunica\u00e7\u00e3o","link":"http:\/\/jornalrol.com.br\/?cat=7"},"img":{"alt_text":"","src":"https:\/\/i0.wp.com\/jornalrol.com.br\/wp-content\/uploads\/2022\/12\/3ff1e655-2240-4b3e-ae4e-99ea29fd51e5.jpg?resize=350%2C200","width":350,"height":200,"srcset":"https:\/\/i0.wp.com\/jornalrol.com.br\/wp-content\/uploads\/2022\/12\/3ff1e655-2240-4b3e-ae4e-99ea29fd51e5.jpg?resize=350%2C200 1x, https:\/\/i0.wp.com\/jornalrol.com.br\/wp-content\/uploads\/2022\/12\/3ff1e655-2240-4b3e-ae4e-99ea29fd51e5.jpg?resize=525%2C300 1.5x, https:\/\/i0.wp.com\/jornalrol.com.br\/wp-content\/uploads\/2022\/12\/3ff1e655-2240-4b3e-ae4e-99ea29fd51e5.jpg?resize=700%2C400 2x, https:\/\/i0.wp.com\/jornalrol.com.br\/wp-content\/uploads\/2022\/12\/3ff1e655-2240-4b3e-ae4e-99ea29fd51e5.jpg?resize=1050%2C600 3x"},"classes":[]},{"id":53368,"url":"http:\/\/jornalrol.com.br\/?p=53368","url_meta":{"origin":30224,"position":1},"title":"Cia Segundou na Brigadeiro apresenta neste final de semana o espet\u00e1culo A Vida Como Ela \u00c9","author":"Sergio Diniz da Costa","date":"11 de janeiro de 2023","format":false,"excerpt":"A pe\u00e7a \u00e9 uma colet\u00e2nea de contos extra\u00eddos das cr\u00f4nicas A Vida Como Ela \u00c9, de Nelson Rodrigues A Cia Segundou na Brigadeiro apresenta neste final de semana o espet\u00e1culo A Vida como ela \u00e9.\u00a0Trata-se de uma colet\u00e2nea de contos extra\u00eddos das cr\u00f4nicas A Vida Como Ela \u00c9, de Nelson\u2026","rel":"","context":"Em &quot;Comunica\u00e7\u00e3o&quot;","block_context":{"text":"Comunica\u00e7\u00e3o","link":"http:\/\/jornalrol.com.br\/?cat=7"},"img":{"alt_text":"","src":"https:\/\/i0.wp.com\/jornalrol.com.br\/wp-content\/uploads\/2023\/01\/284786983_5389141351106477_1720690761339651444_n.jpg?resize=350%2C200","width":350,"height":200,"srcset":"https:\/\/i0.wp.com\/jornalrol.com.br\/wp-content\/uploads\/2023\/01\/284786983_5389141351106477_1720690761339651444_n.jpg?resize=350%2C200 1x, https:\/\/i0.wp.com\/jornalrol.com.br\/wp-content\/uploads\/2023\/01\/284786983_5389141351106477_1720690761339651444_n.jpg?resize=525%2C300 1.5x, https:\/\/i0.wp.com\/jornalrol.com.br\/wp-content\/uploads\/2023\/01\/284786983_5389141351106477_1720690761339651444_n.jpg?resize=700%2C400 2x"},"classes":[]},{"id":18934,"url":"http:\/\/jornalrol.com.br\/?p=18934","url_meta":{"origin":30224,"position":2},"title":"A Cia Yara Produ\u00e7\u00f5es Art\u00edsticas estreia em Sorocaba o espet\u00e1culo &#039;Terra Desmedida&#039;","author":"Sergio Diniz da Costa","date":"8 de junho de 2018","format":false,"excerpt":"'Terra Desmedida' \u00e9 uma f\u00e1bula sobre a ignor\u00e2ncia, o preconceito e o amor incondicional. O espet\u00e1culo ser\u00e1 apresentado neste domingo (10), \u00e0s 19h e 20h30, no Teatro Escola M\u00e1rio P\u00e9rsico \u00a0 A Cia Yara Produ\u00e7\u00f5es Art\u00edsticas estreia em Sorocaba no Teatro Escola Mario Persico com o espet\u00e1culo TERRA DESMEDIDA. A\u2026","rel":"","context":"Em &quot;Comunica\u00e7\u00e3o&quot;","block_context":{"text":"Comunica\u00e7\u00e3o","link":"http:\/\/jornalrol.com.br\/?cat=7"},"img":{"alt_text":"","src":"https:\/\/i0.wp.com\/www.jornalrol.com.br\/wp-content\/uploads\/2018\/06\/AF13549-300x169.jpg?resize=350%2C200","width":350,"height":200},"classes":[]},{"id":26272,"url":"http:\/\/jornalrol.com.br\/?p=26272","url_meta":{"origin":30224,"position":3},"title":"Dois espet\u00e1culos ser\u00e3o apresentados nesta semana pelo teatro-escola Mario Persico","author":"Helio Rubens","date":"18 de abril de 2019","format":false,"excerpt":"O Teatro-Escola M\u00e1rio Persico\u00a0na Semana Santa apresenta dois espet\u00e1culos distintos \u00a0 SOB O AZUL DO C\u00c9U\u00a0 (S\u00e1bado)\u00a0 Depois de 22 anos ainda n\u00e3o sei muito bem definir\u00a0SOB O AZUL DO\u00a0C\u00c9U, enquanto g\u00eanero. Seria uma com\u00e9dia pra chorar, ou um drama para se rir? Pode muito bem ser as duas coisas\u2026","rel":"","context":"Em &quot;Comunica\u00e7\u00e3o&quot;","block_context":{"text":"Comunica\u00e7\u00e3o","link":"http:\/\/jornalrol.com.br\/?cat=7"},"img":{"alt_text":"","src":"https:\/\/i0.wp.com\/www.jornalrol.com.br\/wp-content\/uploads\/2019\/04\/Sob-o-Azul-do-C%C3%A9u-1-300x199.jpg?resize=350%2C200","width":350,"height":200},"classes":[]},{"id":56801,"url":"http:\/\/jornalrol.com.br\/?p=56801","url_meta":{"origin":30224,"position":4},"title":"Servid\u00e3o Humana","author":"Sergio Diniz da Costa","date":"3 de junho de 2023","format":false,"excerpt":"Nesta adapta\u00e7\u00e3o o foco tamb\u00e9m s\u00e3o as rela\u00e7\u00f5es amorosas e a dificuldade que as personagens t\u00eam de manter o controle sobre esses sentimentos.","rel":"","context":"Em &quot;Arte&quot;","block_context":{"text":"Arte","link":"http:\/\/jornalrol.com.br\/?cat=9286"},"img":{"alt_text":"","src":"https:\/\/i0.wp.com\/jornalrol.com.br\/wp-content\/uploads\/2023\/06\/servidao_humana-1.jpg?resize=350%2C200","width":350,"height":200},"classes":[]},{"id":51653,"url":"http:\/\/jornalrol.com.br\/?p=51653","url_meta":{"origin":30224,"position":5},"title":"Teatro Escola Mario Persico apresenta a pe\u00e7a &#039;A mulher Zumbi&#039;","author":"Veronica Moreira","date":"23 de agosto de 2022","format":false,"excerpt":"\u00a0A pe\u00e7a, em comemora\u00e7\u00e3o aos 28 anos da Cia Cl\u00e1ssica e tamb\u00e9m do espet\u00e1culo A Mulher Zumbi,\u00a0ser\u00e1 apresentado nesta quarta-feira (24), \u00e0s 20h Em comemora\u00e7\u00e3o aos 28 anos da Cia Cl\u00e1ssica e tamb\u00e9m do espet\u00e1culo A Mulher Zumbi. A Cia Cl\u00e1ssica de Repert\u00f3rio apresenta aquele que \u00e9 o carro chefe\u2026","rel":"","context":"Em &quot;Comunica\u00e7\u00e3o&quot;","block_context":{"text":"Comunica\u00e7\u00e3o","link":"http:\/\/jornalrol.com.br\/?cat=7"},"img":{"alt_text":"","src":"https:\/\/i0.wp.com\/jornalrol.com.br\/wp-content\/uploads\/2022\/08\/Mulher-Zumbi-2-1-po.jpg?resize=350%2C200","width":350,"height":200,"srcset":"https:\/\/i0.wp.com\/jornalrol.com.br\/wp-content\/uploads\/2022\/08\/Mulher-Zumbi-2-1-po.jpg?resize=350%2C200 1x, https:\/\/i0.wp.com\/jornalrol.com.br\/wp-content\/uploads\/2022\/08\/Mulher-Zumbi-2-1-po.jpg?resize=525%2C300 1.5x, https:\/\/i0.wp.com\/jornalrol.com.br\/wp-content\/uploads\/2022\/08\/Mulher-Zumbi-2-1-po.jpg?resize=700%2C400 2x"},"classes":[]}],"_links":{"self":[{"href":"http:\/\/jornalrol.com.br\/index.php?rest_route=\/wp\/v2\/posts\/30224","targetHints":{"allow":["GET"]}}],"collection":[{"href":"http:\/\/jornalrol.com.br\/index.php?rest_route=\/wp\/v2\/posts"}],"about":[{"href":"http:\/\/jornalrol.com.br\/index.php?rest_route=\/wp\/v2\/types\/post"}],"author":[{"embeddable":true,"href":"http:\/\/jornalrol.com.br\/index.php?rest_route=\/wp\/v2\/users\/6"}],"replies":[{"embeddable":true,"href":"http:\/\/jornalrol.com.br\/index.php?rest_route=%2Fwp%2Fv2%2Fcomments&post=30224"}],"version-history":[{"count":0,"href":"http:\/\/jornalrol.com.br\/index.php?rest_route=\/wp\/v2\/posts\/30224\/revisions"}],"wp:attachment":[{"href":"http:\/\/jornalrol.com.br\/index.php?rest_route=%2Fwp%2Fv2%2Fmedia&parent=30224"}],"wp:term":[{"taxonomy":"category","embeddable":true,"href":"http:\/\/jornalrol.com.br\/index.php?rest_route=%2Fwp%2Fv2%2Fcategories&post=30224"},{"taxonomy":"post_tag","embeddable":true,"href":"http:\/\/jornalrol.com.br\/index.php?rest_route=%2Fwp%2Fv2%2Ftags&post=30224"}],"curies":[{"name":"wp","href":"https:\/\/api.w.org\/{rel}","templated":true}]}}