{"id":34623,"date":"2020-10-23T09:40:05","date_gmt":"2020-10-23T12:40:05","guid":{"rendered":"http:\/\/www.jornalrol.com.br\/?p=34623"},"modified":"2020-10-23T09:40:05","modified_gmt":"2020-10-23T12:40:05","slug":"veronica-moreira-inquietude","status":"publish","type":"post","link":"http:\/\/jornalrol.com.br\/?p=34623","title":{"rendered":"Ver\u00f4nica Moreira: &#039;Inquietude&#039;"},"content":{"rendered":"<div class=\"pdfprnt-buttons pdfprnt-buttons-post pdfprnt-top-right\"><a href=\"http:\/\/jornalrol.com.br\/index.php?rest_route=%2Fwp%2Fv2%2Fposts%2F34623&print=pdf\" class=\"pdfprnt-button pdfprnt-button-pdf\" target=\"_blank\" ><\/a><a href=\"http:\/\/jornalrol.com.br\/index.php?rest_route=%2Fwp%2Fv2%2Fposts%2F34623&print=print\" class=\"pdfprnt-button pdfprnt-button-print\" target=\"_blank\" ><img decoding=\"async\" src=\"https:\/\/jornalrol.com.br\/wp-content\/plugins\/pdf-print\/images\/print.png\" alt=\"image_print\" title=\"Conte\u00fado de impress\u00e3o\" \/><\/a><\/div><figure id=\"attachment_34513\" aria-describedby=\"caption-attachment-34513\" style=\"width: 131px\" class=\"wp-caption aligncenter\"><a href=\"http:\/\/www.jornalrol.com.br\/veronica-moreira-com-sua-arte-literaria-e-musical-e-a-mais-nova-colaboradora-do-jornal-cultural-rol\/screenshot_20201012-215223-1\/\" rel=\"attachment wp-att-34513\"><img loading=\"lazy\" decoding=\"async\" data-attachment-id=\"34513\" data-permalink=\"http:\/\/jornalrol.com.br\/?attachment_id=34513\" data-orig-file=\"http:\/\/jornalrol.com.br\/wp-content\/uploads\/2020\/10\/Screenshot_20201012-215223-1.jpg\" data-orig-size=\"324,447\" data-comments-opened=\"0\" data-image-meta=\"{&quot;aperture&quot;:&quot;0&quot;,&quot;credit&quot;:&quot;&quot;,&quot;camera&quot;:&quot;&quot;,&quot;caption&quot;:&quot;&quot;,&quot;created_timestamp&quot;:&quot;0&quot;,&quot;copyright&quot;:&quot;&quot;,&quot;focal_length&quot;:&quot;0&quot;,&quot;iso&quot;:&quot;0&quot;,&quot;shutter_speed&quot;:&quot;0&quot;,&quot;title&quot;:&quot;&quot;,&quot;orientation&quot;:&quot;1&quot;}\" data-image-title=\"Screenshot_20201012-215223-1\" data-image-description=\"\" data-image-caption=\"&lt;p&gt;Ver\u00f4nica Moreira&lt;\/p&gt;\n\" data-large-file=\"http:\/\/jornalrol.com.br\/wp-content\/uploads\/2020\/10\/Screenshot_20201012-215223-1.jpg\" class=\" wp-image-34513\" src=\"http:\/\/www.jornalrol.com.br\/wp-content\/uploads\/2020\/10\/Screenshot_20201012-215223-1-217x300.jpg\" alt=\"\" width=\"131\" height=\"181\" \/><\/a><figcaption id=\"caption-attachment-34513\" class=\"wp-caption-text\">Ver\u00f4nica Moreira<\/figcaption><\/figure>\n<h2 style=\"text-align: center;\"><strong>Inquietude<\/strong><\/h2>\n<p><!--more--><\/p>\n<div dir=\"auto\"><a href=\"http:\/\/www.jornalrol.com.br\/veronica-monteira-inquietude__trashed\/inshot_20201022_234932724\/\" rel=\"attachment wp-att-34620\"><img loading=\"lazy\" decoding=\"async\" data-attachment-id=\"34620\" data-permalink=\"http:\/\/jornalrol.com.br\/?attachment_id=34620\" data-orig-file=\"http:\/\/jornalrol.com.br\/wp-content\/uploads\/2020\/10\/InShot_20201022_234932724.jpg\" data-orig-size=\"384,384\" data-comments-opened=\"0\" data-image-meta=\"{&quot;aperture&quot;:&quot;0&quot;,&quot;credit&quot;:&quot;&quot;,&quot;camera&quot;:&quot;&quot;,&quot;caption&quot;:&quot;&quot;,&quot;created_timestamp&quot;:&quot;0&quot;,&quot;copyright&quot;:&quot;&quot;,&quot;focal_length&quot;:&quot;0&quot;,&quot;iso&quot;:&quot;0&quot;,&quot;shutter_speed&quot;:&quot;0&quot;,&quot;title&quot;:&quot;&quot;,&quot;orientation&quot;:&quot;1&quot;}\" data-image-title=\"InShot_20201022_234932724\" data-image-description=\"\" data-image-caption=\"\" data-large-file=\"http:\/\/jornalrol.com.br\/wp-content\/uploads\/2020\/10\/InShot_20201022_234932724.jpg\" class=\" wp-image-34620 alignleft\" src=\"http:\/\/www.jornalrol.com.br\/wp-content\/uploads\/2020\/10\/InShot_20201022_234932724-300x300.jpg\" alt=\"\" width=\"285\" height=\"285\" \/><\/a>Vago pelas ruas em pensamentos, procuro e nada encontro, apenas vejo casas, pr\u00e9dios e carros parados, mas nada mais vejo.<\/div>\n<div dir=\"auto\"><\/div>\n<div dir=\"auto\">As luzes amareladas, l\u00e2mpadas velhas, vielas desertas e um deserto de esperan\u00e7a dentro de mim.<\/div>\n<div dir=\"auto\">N\u00e3o quero retroceder, devo continuar a passos lentos ou devo voltar para tr\u00e1s?<\/div>\n<div dir=\"auto\"><\/div>\n<div dir=\"auto\">\u00c9 tudo t\u00e3o incerto, t\u00e3o vago, t\u00e3o deserto!<\/div>\n<div dir=\"auto\">Onde estar\u00e1 a trilha que me levar\u00e1 ao para\u00edso?<\/div>\n<div dir=\"auto\">Se, porventura eu estiver perdida e algu\u00e9m encontrar-me, leve-me de volta pra casa!\u00a0Ajude-me a reencontrar-me!<\/div>\n<div dir=\"auto\"><\/div>\n<div dir=\"auto\">Pare\u00e7o mesmo perdida! N\u00e3o encontro alento, s\u00f3 lamento! Perdoe meu cora\u00e7\u00e3o! Ele anda em solid\u00e3o e n\u00e3o tenho uma explica\u00e7\u00e3o, pare\u00e7o estar presente, mas agora s\u00e3o s\u00f3 palavras de uma mente inquieta, que muito sente!<\/div>\n<div dir=\"auto\"><\/div>\n<div dir=\"auto\">N\u00e3o! N\u00e3o sou descrente!<\/div>\n<div dir=\"auto\">Sou apenas devaneios de noite sem lua, de uma rua sem sa\u00edda, de uma varanda sem rede, de uma casa sem paredes, sou fadiga, sou fome e as vezes sou banquete.<\/div>\n<div dir=\"auto\"><\/div>\n<div dir=\"auto\">N\u00e3o\u00a0 busco compreens\u00e3o! Me deixem apenas vagar em palavras intrusas que n\u00e3o apontam caminho, mas deixam trilhas sonoras, de um pranto que escorre fora de hora, nos entulhos de um castelo que a dor e o desencanto fizeram ruir.<\/div>\n<div dir=\"auto\"><\/div>\n<div dir=\"auto\" style=\"text-align: right;\"><strong>Ver\u00f4nica Moreira<\/strong><\/div>\n<div dir=\"auto\" style=\"text-align: right;\">veronicanoe398@gmail.com<\/div>\n<p>&nbsp;<\/p>\n<p>&nbsp;<\/p>\n<p>&nbsp;<\/p>\n<p>&nbsp;<\/p>\n<p>&nbsp;<\/p>\n","protected":false},"excerpt":{"rendered":"<p>Inquietude<\/p>\n","protected":false},"author":34,"featured_media":34620,"comment_status":"closed","ping_status":"closed","sticky":false,"template":"","format":"standard","meta":{"_jetpack_newsletter_access":"","_jetpack_dont_email_post_to_subs":false,"_jetpack_newsletter_tier_id":0,"_jetpack_memberships_contains_paywalled_content":false,"_jetpack_memberships_contains_paid_content":false,"footnotes":""},"categories":[7],"tags":[4589,6854,8715],"class_list":["post-34623","post","type-post","status-publish","format-standard","has-post-thumbnail","hentry","category-comunicacao","tag-inquietude","tag-poesia","tag-veronica-moreira"],"aioseo_notices":[],"views":609,"jetpack_featured_media_url":"http:\/\/jornalrol.com.br\/wp-content\/uploads\/2020\/10\/InShot_20201022_234932724.jpg","jetpack_sharing_enabled":true,"jetpack_likes_enabled":true,"jetpack-related-posts":[{"id":39388,"url":"http:\/\/jornalrol.com.br\/?p=39388","url_meta":{"origin":34623,"position":0},"title":"Ver\u00f4nica Moreira: &#039;O poder libertador da escrita&#039;","author":"Veronica Moreira","date":"7 de abril de 2021","format":false,"excerpt":"O poder libertador da escrita O que me traz aqui agora \u00e9 a necessidade de expressar-me, \u00e9 essa respira\u00e7\u00e3o ofegante, essa confus\u00e3o insistente em minha mente que vem e se faz sempre presente. O que me faz escrever agora \u00e9 a afli\u00e7\u00e3o de minhas m\u00e3os que n\u00e3o querem parar de\u2026","rel":"","context":"Em &quot;Comunica\u00e7\u00e3o&quot;","block_context":{"text":"Comunica\u00e7\u00e3o","link":"http:\/\/jornalrol.com.br\/?cat=7"},"img":{"alt_text":"","src":"https:\/\/i0.wp.com\/jornalrol.com.br\/wp-content\/uploads\/2021\/04\/bf49eeb0-b236-4995-8637-fa2a6e0cc443.jpg?resize=350%2C200","width":350,"height":200,"srcset":"https:\/\/i0.wp.com\/jornalrol.com.br\/wp-content\/uploads\/2021\/04\/bf49eeb0-b236-4995-8637-fa2a6e0cc443.jpg?resize=350%2C200 1x, https:\/\/i0.wp.com\/jornalrol.com.br\/wp-content\/uploads\/2021\/04\/bf49eeb0-b236-4995-8637-fa2a6e0cc443.jpg?resize=525%2C300 1.5x, https:\/\/i0.wp.com\/jornalrol.com.br\/wp-content\/uploads\/2021\/04\/bf49eeb0-b236-4995-8637-fa2a6e0cc443.jpg?resize=700%2C400 2x, https:\/\/i0.wp.com\/jornalrol.com.br\/wp-content\/uploads\/2021\/04\/bf49eeb0-b236-4995-8637-fa2a6e0cc443.jpg?resize=1050%2C600 3x"},"classes":[]},{"id":70061,"url":"http:\/\/jornalrol.com.br\/?p=70061","url_meta":{"origin":34623,"position":1},"title":"O amor que ficou","author":"Veronica Moreira","date":"10 de outubro de 2024","format":false,"excerpt":"J\u00e1 n\u00e3o o vejo como antes, n\u00e3o o conhe\u00e7o mais. Nem mesmo sinto sua falta. At\u00e9 recordo, mas sem saudades. Seus olhos s\u00e3o agora sil\u00eancio; sua voz, um eco que...","rel":"","context":"Em &quot;Literatura&quot;","block_context":{"text":"Literatura","link":"http:\/\/jornalrol.com.br\/?cat=9285"},"img":{"alt_text":"Imagem criada com IA do Bing - 9 de outubro de 2024 \u00e0s 7:32 PM","src":"https:\/\/i0.wp.com\/jornalrol.com.br\/wp-content\/uploads\/2024\/10\/OIG1-4.jpeg?resize=350%2C200","width":350,"height":200,"srcset":"https:\/\/i0.wp.com\/jornalrol.com.br\/wp-content\/uploads\/2024\/10\/OIG1-4.jpeg?resize=350%2C200 1x, https:\/\/i0.wp.com\/jornalrol.com.br\/wp-content\/uploads\/2024\/10\/OIG1-4.jpeg?resize=525%2C300 1.5x, https:\/\/i0.wp.com\/jornalrol.com.br\/wp-content\/uploads\/2024\/10\/OIG1-4.jpeg?resize=700%2C400 2x"},"classes":[]},{"id":66338,"url":"http:\/\/jornalrol.com.br\/?p=66338","url_meta":{"origin":34623,"position":2},"title":"Vejo flores em teus olhos","author":"Veronica Moreira","date":"8 de maio de 2024","format":false,"excerpt":"Sinto-me leve como uma pluma a flutuar quando teus olhos, de repente, cruzam os meus. Pois sou cativa do teu olhar. Pena que, \u00e0s vezes, seja dualidade.","rel":"","context":"Em &quot;Literatura&quot;","block_context":{"text":"Literatura","link":"http:\/\/jornalrol.com.br\/?cat=9285"},"img":{"alt_text":"Sinto-me leve como uma pluma a flutuar quando teus olhos, de repente, cruzam os meus. Pois sou cativa do teu olhar. Pena que, \u00e0s vezes, seja dualidade.","src":"https:\/\/i0.wp.com\/jornalrol.com.br\/wp-content\/uploads\/2024\/05\/OIG3.9Sq8RWQ.jpg?resize=350%2C200","width":350,"height":200,"srcset":"https:\/\/i0.wp.com\/jornalrol.com.br\/wp-content\/uploads\/2024\/05\/OIG3.9Sq8RWQ.jpg?resize=350%2C200 1x, https:\/\/i0.wp.com\/jornalrol.com.br\/wp-content\/uploads\/2024\/05\/OIG3.9Sq8RWQ.jpg?resize=525%2C300 1.5x, https:\/\/i0.wp.com\/jornalrol.com.br\/wp-content\/uploads\/2024\/05\/OIG3.9Sq8RWQ.jpg?resize=700%2C400 2x"},"classes":[]},{"id":60055,"url":"http:\/\/jornalrol.com.br\/?p=60055","url_meta":{"origin":34623,"position":3},"title":"Amor ou Conto de Fadas?","author":"Veronica Moreira","date":"17 de agosto de 2023","format":false,"excerpt":"O amor n\u00e3o pode parecer um conto de fadas, embora desejar\u00edamos que fosse como tal. Afinal, os contos de fadas mostram um amor colorido e cheio de encantamentos","rel":"","context":"Em &quot;Cr\u00f4nicas&quot;","block_context":{"text":"Cr\u00f4nicas","link":"http:\/\/jornalrol.com.br\/?cat=9392"},"img":{"alt_text":"Ver\u00f4nica Moreira","src":"https:\/\/i0.wp.com\/www.jornalrol.com.br\/wp-content\/uploads\/2023\/05\/Veronica-Moreira-1.jpg?resize=350%2C200&ssl=1","width":350,"height":200},"classes":[]},{"id":62380,"url":"http:\/\/jornalrol.com.br\/?p=62380","url_meta":{"origin":34623,"position":4},"title":"Pobre Cora\u00e7\u00e3o","author":"Veronica Moreira","date":"21 de outubro de 2023","format":false,"excerpt":"Restou uma d\u00favida, uma decep\u00e7\u00e3o, um grito que n\u00e3o quer calar. Todavia sufocado est\u00e1. N\u00e3o sei ao certo, mas h\u00e1 algo a ser feito. Talvez um transplante em meu...","rel":"","context":"Em &quot;Literatura&quot;","block_context":{"text":"Literatura","link":"http:\/\/jornalrol.com.br\/?cat=9285"},"img":{"alt_text":"","src":"https:\/\/i0.wp.com\/jornalrol.com.br\/wp-content\/uploads\/2023\/10\/1f0ab730-0483-4938-b821-0ac1d6740a7e.jpg?resize=350%2C200","width":350,"height":200,"srcset":"https:\/\/i0.wp.com\/jornalrol.com.br\/wp-content\/uploads\/2023\/10\/1f0ab730-0483-4938-b821-0ac1d6740a7e.jpg?resize=350%2C200 1x, https:\/\/i0.wp.com\/jornalrol.com.br\/wp-content\/uploads\/2023\/10\/1f0ab730-0483-4938-b821-0ac1d6740a7e.jpg?resize=525%2C300 1.5x, https:\/\/i0.wp.com\/jornalrol.com.br\/wp-content\/uploads\/2023\/10\/1f0ab730-0483-4938-b821-0ac1d6740a7e.jpg?resize=700%2C400 2x"},"classes":[]},{"id":39969,"url":"http:\/\/jornalrol.com.br\/?p=39969","url_meta":{"origin":34623,"position":5},"title":"Ver\u00f4nica Moreira: &#039;Romantismo ind\u00edgena&#039;","author":"Veronica Moreira","date":"22 de abril de 2021","format":false,"excerpt":"Cada vez que eu olho pra voc\u00ea, eu vejo um pouco mais de mim. Ent\u00e3o eu corro pra bem longe, onde meu \u00edmpeto desejo por ti n\u00e3o me alcance... Arrisco-me a trilhar no escuro para que seu olhar n\u00e3o me alcance, mas \u00e9 tudo em v\u00e3o, pois no sil\u00eancio v\u00e1cuo\u2026","rel":"","context":"Em &quot;Comunica\u00e7\u00e3o&quot;","block_context":{"text":"Comunica\u00e7\u00e3o","link":"http:\/\/jornalrol.com.br\/?cat=7"},"img":{"alt_text":"","src":"https:\/\/i0.wp.com\/www.jornalrol.com.br\/wp-content\/uploads\/2020\/10\/Screenshot_20201012-215223-1-150x150.jpg?resize=350%2C200","width":350,"height":200},"classes":[]}],"_links":{"self":[{"href":"http:\/\/jornalrol.com.br\/index.php?rest_route=\/wp\/v2\/posts\/34623","targetHints":{"allow":["GET"]}}],"collection":[{"href":"http:\/\/jornalrol.com.br\/index.php?rest_route=\/wp\/v2\/posts"}],"about":[{"href":"http:\/\/jornalrol.com.br\/index.php?rest_route=\/wp\/v2\/types\/post"}],"author":[{"embeddable":true,"href":"http:\/\/jornalrol.com.br\/index.php?rest_route=\/wp\/v2\/users\/34"}],"replies":[{"embeddable":true,"href":"http:\/\/jornalrol.com.br\/index.php?rest_route=%2Fwp%2Fv2%2Fcomments&post=34623"}],"version-history":[{"count":0,"href":"http:\/\/jornalrol.com.br\/index.php?rest_route=\/wp\/v2\/posts\/34623\/revisions"}],"wp:featuredmedia":[{"embeddable":true,"href":"http:\/\/jornalrol.com.br\/index.php?rest_route=\/wp\/v2\/media\/34620"}],"wp:attachment":[{"href":"http:\/\/jornalrol.com.br\/index.php?rest_route=%2Fwp%2Fv2%2Fmedia&parent=34623"}],"wp:term":[{"taxonomy":"category","embeddable":true,"href":"http:\/\/jornalrol.com.br\/index.php?rest_route=%2Fwp%2Fv2%2Fcategories&post=34623"},{"taxonomy":"post_tag","embeddable":true,"href":"http:\/\/jornalrol.com.br\/index.php?rest_route=%2Fwp%2Fv2%2Ftags&post=34623"}],"curies":[{"name":"wp","href":"https:\/\/api.w.org\/{rel}","templated":true}]}}