{"id":49514,"date":"2022-04-02T06:35:34","date_gmt":"2022-04-02T09:35:34","guid":{"rendered":"http:\/\/www.jornalrol.com.br\/?p=49514"},"modified":"2022-04-02T06:35:34","modified_gmt":"2022-04-02T09:35:34","slug":"editora-baronesa-cria-a-galeria-poetica-baronesa-edicao-de-amparo-ao-autista","status":"publish","type":"post","link":"http:\/\/jornalrol.com.br\/?p=49514","title":{"rendered":"Editora Baronesa cria a Galeria Po\u00e9tica Baronesa &#8211; Edi\u00e7\u00e3o de Amparo ao Autista"},"content":{"rendered":"<div class=\"pdfprnt-buttons pdfprnt-buttons-post pdfprnt-top-right\"><a href=\"http:\/\/jornalrol.com.br\/index.php?rest_route=%2Fwp%2Fv2%2Fposts%2F49514&print=pdf\" class=\"pdfprnt-button pdfprnt-button-pdf\" target=\"_blank\" ><\/a><a href=\"http:\/\/jornalrol.com.br\/index.php?rest_route=%2Fwp%2Fv2%2Fposts%2F49514&print=print\" class=\"pdfprnt-button pdfprnt-button-print\" target=\"_blank\" ><img decoding=\"async\" src=\"https:\/\/jornalrol.com.br\/wp-content\/plugins\/pdf-print\/images\/print.png\" alt=\"image_print\" title=\"Conte\u00fado de impress\u00e3o\" \/><\/a><\/div><h2><strong><a href=\"http:\/\/www.jornalrol.com.br\/editora-baronesa-cria-a-galeria-poetica-baronesa-edicao-de-amparo-ao-autista\/277807269_138273578715801_1821034571595811508_n\/\" rel=\"attachment wp-att-49515\"><img loading=\"lazy\" decoding=\"async\" class=\"wp-image-49515 aligncenter\" src=\"http:\/\/www.jornalrol.com.br\/wp-content\/uploads\/2022\/04\/277807269_138273578715801_1821034571595811508_n-300x300.jpg\" alt=\"\" width=\"350\" height=\"350\" \/><\/a><\/strong><\/h2>\n<h2 style=\"text-align: center;\"><em>Parte da taxa de ades\u00e3o ser\u00e1 doada para o Instituto de Amparo ao Autista | M\u00e3os Unidas, possibilitando o atendimento de jovens e crian\u00e7a no Espectro Autista<\/em><\/h2>\n<p><!--more--><\/p>\n<p>A Editora Baronesa,\u00a0 com a constante preocupa\u00e7\u00e3o de atender os diversos projetos sociais que ela e seus artistas abra\u00e7am, est\u00e1 lan\u00e7ando\u00a0<strong>Galeria Po\u00e9tica Baronesa &#8211; Edi\u00e7\u00e3o de Amparo ao Autista<\/strong>, uma galeria po\u00e9tica que ser\u00e1 instalada de forma PERMANENTE na sede do <strong>Instituto de Amparo ao Autista | M\u00e3os Unidas<\/strong>, em S\u00e3o Pedro da Aldeia.<\/p>\n<ul>\n<li><strong>Sobre o Projeto<\/strong><\/li>\n<li>Parte da taxa de ades\u00e3o ser\u00e1 doada para o Instituto de Amparo ao Autista | M\u00e3os Unidas, possibilitando o atendimento de jovens e crian\u00e7a no Espectro Autista;<\/li>\n<li>Cada artista participar\u00e1 com um texto pequeno, mini biografia, capa de livro ou pintura em um dos azulejos do mosaico.<\/li>\n<\/ul>\n<p><strong>Obs.:<\/strong>\u00a0Os textos devem ser pequenos, pois os azulejos t\u00eam o tamanho de 15cm X 15cm e n\u00e3o \u00e9 interessante que o texto fique pequeno ou ileg\u00edvel.<\/p>\n<ul>\n<li>Para cada participa\u00e7\u00e3o um azulejo instalado no mosaico, o autor receber\u00e1 pelo correio um r\u00e9plica dele e uma certid\u00e3o de participa\u00e7\u00e3o, assinada pela dire\u00e7\u00e3o da Baronesa e do Instituto M\u00e3os Unidas;<\/li>\n<li>Todas as pe\u00e7as ser\u00e3o confeccionadas em azulejos Pl\u00e1sticos. A escolha do material foi feita pensando na seguran\u00e7a dos assistidos pelo Instituto;<\/li>\n<\/ul>\n<p><strong>D\u00favidas de como participar:<\/strong><\/p>\n<p><a href=\"https:\/\/wa.me\/message\/JHL6OCC5EHNUF1\">https:\/\/wa.me\/message\/JHL6OCC5EHNUF1<\/a><\/p>\n<div class=\"cxmmr5t8 oygrvhab hcukyx3x c1et5uql o9v6fnle ii04i59q\"><\/div>\n<div class=\"cxmmr5t8 oygrvhab hcukyx3x c1et5uql o9v6fnle ii04i59q\"><\/div>\n<p>&nbsp;<\/p>\n<p>&nbsp;<\/p>\n<p>&nbsp;<\/p>\n<p>&nbsp;<\/p>\n<p>&nbsp;<\/p>\n","protected":false},"excerpt":{"rendered":"<p>Parte da taxa de ades\u00e3o ser\u00e1 doada para o Instituto de Amparo ao Autista | M\u00e3os Unidas, possibilitando o atendimento de jovens e crian\u00e7a no Espectro Autista<\/p>\n","protected":false},"author":6,"featured_media":49515,"comment_status":"closed","ping_status":"closed","sticky":false,"template":"","format":"standard","meta":{"_jetpack_newsletter_access":"","_jetpack_dont_email_post_to_subs":false,"_jetpack_newsletter_tier_id":0,"_jetpack_memberships_contains_paywalled_content":false,"_jetpack_memberships_contains_paid_content":false,"footnotes":""},"categories":[7],"tags":[844,3076,4125,4616,7141],"class_list":["post-49514","post","type-post","status-publish","format-standard","has-post-thumbnail","hentry","category-comunicacao","tag-amparo-ao-autista","tag-editora-baronesa","tag-galeria-poetica-baroinesa","tag-instituto-de-amparo-ao-autista-maos-unidas","tag-projeto"],"aioseo_notices":[],"views":475,"jetpack_featured_media_url":"","jetpack_sharing_enabled":true,"jetpack_likes_enabled":true,"jetpack-related-posts":[{"id":40257,"url":"http:\/\/jornalrol.com.br\/?p=40257","url_meta":{"origin":49514,"position":0},"title":"Live sobre Autismo em quadrinhos e os desafios da inf\u00e2ncia \u00e0 vida adulta contar\u00e1 com o desenhista Mauricio de Sousa","author":"Sergio Diniz da Costa","date":"30 de abril de 2021","format":false,"excerpt":"Fiesp \u00e9 a organizadora do evento on-line. Na ocasi\u00e3o, ser\u00e1 lan\u00e7ado guia de dicas de atividades para as crian\u00e7as, especialmente as autistas, fazerem em casa O desenhista Mauricio de Sousa estar\u00e1, no pr\u00f3ximo dia 29 de abril, \u00e0s 17 horas, num bate-papo descontra\u00eddo sobre o autismo e a necessidade de\u2026","rel":"","context":"Em &quot;Comunica\u00e7\u00e3o&quot;","block_context":{"text":"Comunica\u00e7\u00e3o","link":"http:\/\/jornalrol.com.br\/?cat=7"},"img":{"alt_text":"","src":"https:\/\/i0.wp.com\/www.jornalrol.com.br\/wp-content\/uploads\/2021\/04\/unnamed-10-212x300.jpg?resize=350%2C200","width":350,"height":200},"classes":[]},{"id":56901,"url":"http:\/\/jornalrol.com.br\/?p=56901","url_meta":{"origin":49514,"position":1},"title":"O autismo de uma mulher","author":"Leticia Mariana","date":"4 de junho de 2023","format":false,"excerpt":"Autismo: alguns chamam de intelig\u00eancia suprema; outros comparam os autistas como deuses e g\u00eanios, mas outros os veem como problemas.","rel":"","context":"Em &quot;Literatura&quot;","block_context":{"text":"Literatura","link":"http:\/\/jornalrol.com.br\/?cat=9285"},"img":{"alt_text":"","src":"https:\/\/i0.wp.com\/jornalrol.com.br\/wp-content\/uploads\/2023\/06\/120576376_3481642161874648_6091217760274930694_n.jpg?resize=350%2C200","width":350,"height":200,"srcset":"https:\/\/i0.wp.com\/jornalrol.com.br\/wp-content\/uploads\/2023\/06\/120576376_3481642161874648_6091217760274930694_n.jpg?resize=350%2C200 1x, https:\/\/i0.wp.com\/jornalrol.com.br\/wp-content\/uploads\/2023\/06\/120576376_3481642161874648_6091217760274930694_n.jpg?resize=525%2C300 1.5x, https:\/\/i0.wp.com\/jornalrol.com.br\/wp-content\/uploads\/2023\/06\/120576376_3481642161874648_6091217760274930694_n.jpg?resize=700%2C400 2x, https:\/\/i0.wp.com\/jornalrol.com.br\/wp-content\/uploads\/2023\/06\/120576376_3481642161874648_6091217760274930694_n.jpg?resize=1050%2C600 3x, https:\/\/i0.wp.com\/jornalrol.com.br\/wp-content\/uploads\/2023\/06\/120576376_3481642161874648_6091217760274930694_n.jpg?resize=1400%2C800 4x"},"classes":[]},{"id":77523,"url":"http:\/\/jornalrol.com.br\/?p=77523","url_meta":{"origin":49514,"position":2},"title":"N\u00e3o temo o meu morrer po\u00e9tico","author":"Sergio Diniz da Costa","date":"5 de janeiro de 2026","format":false,"excerpt":"Este n\u00e3o \u00e9 apenas um livro de poesias. \u00c9 um olhar po\u00e9tico nas circunst\u00e2ncias realistas. Quando lemos cada verso, n\u00f3s percebemos que, por mais m\u00f3rbida que...","rel":"","context":"Em &quot;lan\u00e7amentos&quot;","block_context":{"text":"lan\u00e7amentos","link":"http:\/\/jornalrol.com.br\/?cat=9462"},"img":{"alt_text":"Capa do livro 'N\u00e3o temo o meu morrer po\u00e9tico', de Let\u00edcia Mariana","src":"https:\/\/i0.wp.com\/jornalrol.com.br\/wp-content\/uploads\/2025\/12\/fe7e2dda-6aa2-423f-9772-285742e46325.jpg?resize=350%2C200","width":350,"height":200,"srcset":"https:\/\/i0.wp.com\/jornalrol.com.br\/wp-content\/uploads\/2025\/12\/fe7e2dda-6aa2-423f-9772-285742e46325.jpg?resize=350%2C200 1x, https:\/\/i0.wp.com\/jornalrol.com.br\/wp-content\/uploads\/2025\/12\/fe7e2dda-6aa2-423f-9772-285742e46325.jpg?resize=525%2C300 1.5x, https:\/\/i0.wp.com\/jornalrol.com.br\/wp-content\/uploads\/2025\/12\/fe7e2dda-6aa2-423f-9772-285742e46325.jpg?resize=700%2C400 2x"},"classes":[]},{"id":52453,"url":"http:\/\/jornalrol.com.br\/?p=52453","url_meta":{"origin":49514,"position":3},"title":"Editora Baronesa homenageia Cec\u00edlia Meireles","author":"Sergio Diniz da Costa","date":"25 de outubro de 2022","format":false,"excerpt":"\"Eu canto porque o instante existe\/ e a minha vida est\u00e1 completa.\/ N\u00e3o sou alegre nem sou triste:\/ sou poeta.\" (Cec\u00edlia Meireles) Na S\u00e9rie Homenagem Po\u00e9tica, a Editora Baronesa homenagear\u00e1 Cec\u00edlia Meireles, apresentada de tr\u00eas formas: uma colet\u00e2nea digital, Expo-Placas, lan\u00e7ada na FLICA 2023 e, aos interessados, a vers\u00e3o f\u00edsica\u2026","rel":"","context":"Em &quot;Comunica\u00e7\u00e3o&quot;","block_context":{"text":"Comunica\u00e7\u00e3o","link":"http:\/\/jornalrol.com.br\/?cat=7"},"img":{"alt_text":"","src":"https:\/\/i0.wp.com\/jornalrol.com.br\/wp-content\/uploads\/2022\/10\/5555982c-7159-4228-9ec0-fa42262c567d-300x300.jpg?resize=350%2C200","width":350,"height":200},"classes":[]},{"id":47793,"url":"http:\/\/jornalrol.com.br\/?p=47793","url_meta":{"origin":49514,"position":4},"title":"Editora Baronesa lan\u00e7a o Pr\u00eamio e Concurso Po\u00e9tico M\u00e1rio de Andrade 2022","author":"Sergio Diniz da Costa","date":"8 de janeiro de 2022","format":false,"excerpt":"\"O essencial faz a vida valer a pena.\" (M\u00e1rio de Andrade) A Editora Baronesa convida para as comemora\u00e7\u00f5es do Centen\u00e1rio da Semana de Arte Moderna que acontecer\u00e1 em S\u00e3o Pedro da Aldeia, em maio de 2022. Para tornar marcante esse momento, a Baronesa vai selecionar entre os seus artistas aqueles\u2026","rel":"","context":"Em &quot;Comunica\u00e7\u00e3o&quot;","block_context":{"text":"Comunica\u00e7\u00e3o","link":"http:\/\/jornalrol.com.br\/?cat=7"},"img":{"alt_text":"","src":"https:\/\/i0.wp.com\/jornalrol.com.br\/wp-content\/uploads\/2022\/01\/239d6a24-2ee8-40ec-9d43-3105c0caba93-300x300.jpg?resize=350%2C200","width":350,"height":200},"classes":[]},{"id":49159,"url":"http:\/\/jornalrol.com.br\/?p=49159","url_meta":{"origin":49514,"position":5},"title":"Editora Baronesa divulga convite para as comemora\u00e7\u00f5es do seu Pr\u00eamio anual, o PR\u00caMIO BARONESA &#124; EXCEL\u00caNCIA LITER\u00c1RIA","author":"Sergio Diniz da Costa","date":"17 de mar\u00e7o de 2022","format":false,"excerpt":"Fazem parte das comemora\u00e7\u00f5es a outorga da MEDALHA EXCEL\u00caNCIA LITER\u00c1RIA e o lan\u00e7amento de uma colet\u00e2nea A Editora Baronesa convida para as comemora\u00e7\u00f5es do seu Pr\u00eamio anual, o PR\u00caMIO BARONESA | EXCEL\u00caNCIA LITER\u00c1RIA, os artistas que se destacam no cen\u00e1rio liter\u00e1rio e que, de forma not\u00f3ria, contribuem para a cultura\u2026","rel":"","context":"Em &quot;Comunica\u00e7\u00e3o&quot;","block_context":{"text":"Comunica\u00e7\u00e3o","link":"http:\/\/jornalrol.com.br\/?cat=7"},"img":{"alt_text":"","src":"https:\/\/i0.wp.com\/www.jornalrol.com.br\/wp-content\/uploads\/2022\/03\/275984177_134469189096240_7322843341599130905_n-300x300.jpg?resize=350%2C200","width":350,"height":200},"classes":[]}],"_links":{"self":[{"href":"http:\/\/jornalrol.com.br\/index.php?rest_route=\/wp\/v2\/posts\/49514","targetHints":{"allow":["GET"]}}],"collection":[{"href":"http:\/\/jornalrol.com.br\/index.php?rest_route=\/wp\/v2\/posts"}],"about":[{"href":"http:\/\/jornalrol.com.br\/index.php?rest_route=\/wp\/v2\/types\/post"}],"author":[{"embeddable":true,"href":"http:\/\/jornalrol.com.br\/index.php?rest_route=\/wp\/v2\/users\/6"}],"replies":[{"embeddable":true,"href":"http:\/\/jornalrol.com.br\/index.php?rest_route=%2Fwp%2Fv2%2Fcomments&post=49514"}],"version-history":[{"count":0,"href":"http:\/\/jornalrol.com.br\/index.php?rest_route=\/wp\/v2\/posts\/49514\/revisions"}],"wp:featuredmedia":[{"embeddable":true,"href":"http:\/\/jornalrol.com.br\/index.php?rest_route=\/"}],"wp:attachment":[{"href":"http:\/\/jornalrol.com.br\/index.php?rest_route=%2Fwp%2Fv2%2Fmedia&parent=49514"}],"wp:term":[{"taxonomy":"category","embeddable":true,"href":"http:\/\/jornalrol.com.br\/index.php?rest_route=%2Fwp%2Fv2%2Fcategories&post=49514"},{"taxonomy":"post_tag","embeddable":true,"href":"http:\/\/jornalrol.com.br\/index.php?rest_route=%2Fwp%2Fv2%2Ftags&post=49514"}],"curies":[{"name":"wp","href":"https:\/\/api.w.org\/{rel}","templated":true}]}}