{"id":5573,"date":"2016-07-11T22:37:26","date_gmt":"2016-07-12T01:37:26","guid":{"rendered":"http:\/\/www.jornalrol.com.br\/?p=5573"},"modified":"2016-07-11T22:37:26","modified_gmt":"2016-07-12T01:37:26","slug":"inscricoes-abertas-para-o-xx-simposio-de-direito-tributario-do-iet-tributacao-economia-e-politica-em-debate","status":"publish","type":"post","link":"http:\/\/jornalrol.com.br\/?p=5573","title":{"rendered":"Inscri\u00e7\u00f5es abertas para o XX Simp\u00f3sio de Direito Tribut\u00e1rio do IET\u00a0Tributa\u00e7\u00e3o, Economia e Pol\u00edtica em debate"},"content":{"rendered":"<div class=\"pdfprnt-buttons pdfprnt-buttons-post pdfprnt-top-right\"><a href=\"http:\/\/jornalrol.com.br\/index.php?rest_route=%2Fwp%2Fv2%2Fposts%2F5573&print=pdf\" class=\"pdfprnt-button pdfprnt-button-pdf\" target=\"_blank\" ><\/a><a href=\"http:\/\/jornalrol.com.br\/index.php?rest_route=%2Fwp%2Fv2%2Fposts%2F5573&print=print\" class=\"pdfprnt-button pdfprnt-button-print\" target=\"_blank\" ><img decoding=\"async\" src=\"https:\/\/jornalrol.com.br\/wp-content\/plugins\/pdf-print\/images\/print.png\" alt=\"image_print\" title=\"Conte\u00fado de impress\u00e3o\" \/><\/a><\/div><p>J\u00e1 est\u00e1 dispon\u00edvel, atrav\u00e9s do site do Instituto de Estudos Tribut\u00e1rios (<a href=\"http:\/\/www.iet.org.br\/\" target=\"_blank\" data-saferedirecturl=\"https:\/\/www.google.com\/url?hl=pt-BR&amp;q=http:\/\/www.iet.org.br&amp;source=gmail&amp;ust=1468373706190000&amp;usg=AFQjCNG3W7pXnj-xKZd8XrnfjIFrPF0n8w\">www.iet.org.br<\/a>), o formul\u00e1rio para pr\u00e9-inscri\u00e7\u00f5es no XX Simp\u00f3sio de Direito Tribut\u00e1rio.<\/p>\n<p>O evento vai ser realizado nos dias 24 e 25 de novembro em Porto Alegre e ter\u00e1 entre os palestrantes grandes nomes do meio jur\u00eddico nacional, como ministros do STF e STJ.<br \/>\nO Simp\u00f3sio tem coordena\u00e7\u00e3o dos advogados Rafael Nichele, Arthur Ferreira Neto e Pedro Adamy, respectivamente presidente e vices do IET.\u00a0 \u00a0O advogado e professor Lu\u00eds Eduardo Schoueri ser\u00e1 o homenageado do evento.<br \/>\nDois<strong> palestrantes estrangeiros v\u00eam a capital ga\u00facha especialmente para participar do evento no Painel de Tributa\u00e7\u00e3o Internacional<\/strong>. O painel <strong>&#8220;IVA Europeu: um modelo de reforma tribut\u00e1ria no Brasil?&#8221; <\/strong>ser\u00e1 apresentado pelo<strong> Doutor Alberto Comelli, Professor de Direito Tribut\u00e1rio da Universidade de Parma, na It\u00e1lia<\/strong>.<\/p>\n<p>J\u00e1 para a palestra<strong> &#8220;Transpar\u00eancia Fiscal e as recomenda\u00e7\u00f5es de combate \u00e0 elis\u00e3o tribut\u00e1ria realizadas pelo OCDE nos planos de a\u00e7\u00e3o do BEPS&#8221;, <\/strong>a convidada \u00e9<strong> Nat\u00e1lia Qui\u00f1ones, Professora de Direito Fiscal Internacional de Bogot\u00e1, na Col\u00f4mbia.<\/strong><br \/>\nEntre os outros temas que ser\u00e3o debatidos no evento ser\u00e3o &#8220;As distor\u00e7\u00f5es do sistema tribut\u00e1rio, as reformas tribut\u00e1rias poss\u00edveis, competitividade e seguran\u00e7a empresarial&#8221;; &#8220;<strong>Lei da Repatria\u00e7\u00e3o de Bens n\u00e3o declarados no exterior&#8221;; &#8220;Legalidade e aumento da carga tribut\u00e1ria&#8221; e &#8220;ICMS e o diferencial de al\u00edquota: quest\u00f5es atuais<\/strong>&#8220;.<\/p>\n","protected":false},"excerpt":{"rendered":"<p>J\u00e1 est\u00e1 dispon\u00edvel, atrav\u00e9s do site do Instituto de Estudos Tribut\u00e1rios (www.iet.org.br), o formul\u00e1rio para pr\u00e9-inscri\u00e7\u00f5es no XX Simp\u00f3sio de Direito Tribut\u00e1rio. O evento vai ser realizado nos dias 24 e 25 de novembro em Porto Alegre e ter\u00e1 entre os palestrantes<\/p>\n<p class=\"link-more\"><a class=\"myButt \" href=\"http:\/\/jornalrol.com.br\/?p=5573\">Read More<\/a><\/p>\n","protected":false},"author":3,"featured_media":0,"comment_status":"closed","ping_status":"closed","sticky":false,"template":"","format":"standard","meta":{"_jetpack_newsletter_access":"","_jetpack_dont_email_post_to_subs":false,"_jetpack_newsletter_tier_id":0,"_jetpack_memberships_contains_paywalled_content":false,"_jetpack_memberships_contains_paid_content":false,"footnotes":""},"categories":[7],"tags":[2881,7994],"class_list":["post-5573","post","type-post","status-publish","format-standard","hentry","category-comunicacao","tag-direito","tag-simposio"],"aioseo_notices":[],"views":0,"jetpack_featured_media_url":"","jetpack_sharing_enabled":true,"jetpack_likes_enabled":true,"jetpack-related-posts":[{"id":69035,"url":"http:\/\/jornalrol.com.br\/?p=69035","url_meta":{"origin":5573,"position":0},"title":"M\u00e3o na massa e no saber","author":"Mateus Passagem Pinto","date":"27 de agosto de 2024","format":false,"excerpt":"Em uma \u00e9poca preferencialmente denominada Reencontro do saber liter\u00e1rio angolano para alguns cr\u00edticos, muitas s\u00e3o as a\u00e7\u00f5es para se ter a bainha bem costurada","rel":"","context":"Em &quot;artigos&quot;","block_context":{"text":"artigos","link":"http:\/\/jornalrol.com.br\/?cat=9398"},"img":{"alt_text":"Mateus Pinto - H\u00e1nji Kiami","src":"https:\/\/i0.wp.com\/jornalrol.com.br\/wp-content\/uploads\/2024\/07\/kin-2.jpg?resize=350%2C200","width":350,"height":200,"srcset":"https:\/\/i0.wp.com\/jornalrol.com.br\/wp-content\/uploads\/2024\/07\/kin-2.jpg?resize=350%2C200 1x, https:\/\/i0.wp.com\/jornalrol.com.br\/wp-content\/uploads\/2024\/07\/kin-2.jpg?resize=525%2C300 1.5x, https:\/\/i0.wp.com\/jornalrol.com.br\/wp-content\/uploads\/2024\/07\/kin-2.jpg?resize=700%2C400 2x"},"classes":[]},{"id":75226,"url":"http:\/\/jornalrol.com.br\/?p=75226","url_meta":{"origin":5573,"position":1},"title":"Brasil??? N\u00e3o!!! Somos Brasis!!!","author":"Renata da Silva de Barcellos","date":"28 de agosto de 2025","format":false,"excerpt":"Eu e Campos Filho participamos de diversos sodal\u00edcios e viajamos muito devido aos compromissos acad\u00eamicos. Na \u00faltima semana, foi o III Simp\u00f3sio Nacional...","rel":"","context":"Em &quot;artigos&quot;","block_context":{"text":"artigos","link":"http:\/\/jornalrol.com.br\/?cat=9398"},"img":{"alt_text":"III Simp\u00f3sio Nacional de Confrarias e Academias de Ci\u00eancias, Letras e Artes","src":"https:\/\/i0.wp.com\/jornalrol.com.br\/wp-content\/uploads\/2025\/08\/IMG-20250804-WA0351.jpg?resize=350%2C200","width":350,"height":200,"srcset":"https:\/\/i0.wp.com\/jornalrol.com.br\/wp-content\/uploads\/2025\/08\/IMG-20250804-WA0351.jpg?resize=350%2C200 1x, https:\/\/i0.wp.com\/jornalrol.com.br\/wp-content\/uploads\/2025\/08\/IMG-20250804-WA0351.jpg?resize=525%2C300 1.5x, https:\/\/i0.wp.com\/jornalrol.com.br\/wp-content\/uploads\/2025\/08\/IMG-20250804-WA0351.jpg?resize=700%2C400 2x"},"classes":[]},{"id":35540,"url":"http:\/\/jornalrol.com.br\/?p=35540","url_meta":{"origin":5573,"position":2},"title":"CLAUDIO BLOCH minicurriculo","author":"Helio Rubens","date":"5 de dezembro de 2020","format":false,"excerpt":"MINI-CURRICULO CLAUDIO RENATO ALVES DE BLOCH Claudio Renato Alves de Bloch Professor de Hist\u00f3ria, T\u00e9cnico de Turismo, produtor cultural, coparticipa\u00e7\u00e3o nos projetos Livro Branco da Defesa Nacional; exposi\u00e7\u00e3o\u00a0 50 anos do Clube dos Dirigentes Lojistas - CDL-Rio; coordena\u00e7\u00e3o do Simp\u00f3sio Pan-amaz\u00f4nico de Sa\u00fade, em Bel\u00e9m - realizado pela Fiocruz-RJ e\u2026","rel":"","context":"Em &quot;Comunica\u00e7\u00e3o&quot;","block_context":{"text":"Comunica\u00e7\u00e3o","link":"http:\/\/jornalrol.com.br\/?cat=7"},"img":{"alt_text":"","src":"https:\/\/i0.wp.com\/www.jornalrol.com.br\/wp-content\/uploads\/2020\/12\/Claudio-close-reduzido.png?resize=350%2C200","width":350,"height":200},"classes":[]},{"id":3330,"url":"http:\/\/jornalrol.com.br\/?p=3330","url_meta":{"origin":5573,"position":3},"title":"250 estudantes e rec\u00e9m-formados ser\u00e3o escolhidos para participar da Ene Jur\u00eddico. As inscri\u00e7\u00f5es v\u00e3o at\u00e9 27 de setembro","author":"Helio Rubens","date":"23 de setembro de 2015","format":false,"excerpt":"Ambev, BTG Pactual e escrit\u00f3rios de advocacia recrutam talentos na 1\u00aa Confer\u00eancia de Carreira em Direito da Funda\u00e7\u00e3o Estudar \u00a0 O Na Pr\u00e1tica, portal de carreira da Funda\u00e7\u00e3o Estudar, far\u00e1 a primeira confer\u00eancia de carreiras direcionada para a \u00e1rea de Direito. O evento, chamado \u201cEne Jur\u00eddico\u201d, acontecer\u00e1 no dia 26\u2026","rel":"","context":"Em &quot;Comunica\u00e7\u00e3o&quot;","block_context":{"text":"Comunica\u00e7\u00e3o","link":"http:\/\/jornalrol.com.br\/?cat=7"},"img":{"alt_text":"","src":"","width":0,"height":0},"classes":[]},{"id":79012,"url":"http:\/\/jornalrol.com.br\/?p=79012","url_meta":{"origin":5573,"position":4},"title":"Professor Carlos Cavalheiro publica artigo em e-book da UERJ","author":"Sergio Diniz da Costa","date":"10 de mar\u00e7o de 2026","format":false,"excerpt":"O artigo escrito e apresentado pelo professor Carlos Carvalho Cavalheiro \u00e9 parte de uma pesquisa de Doutorado em Comunica\u00e7\u00e3o e Cultura, e tem como tema...","rel":"","context":"Em &quot;Literatura&quot;","block_context":{"text":"Literatura","link":"http:\/\/jornalrol.com.br\/?cat=9285"},"img":{"alt_text":"Foto do arquivo pessoal de Carlos Carvalho Cavalheiro","src":"https:\/\/i0.wp.com\/jornalrol.com.br\/wp-content\/uploads\/2026\/03\/637185705_17936831007166591_1158001618262371951_n.jpg?resize=350%2C200","width":350,"height":200,"srcset":"https:\/\/i0.wp.com\/jornalrol.com.br\/wp-content\/uploads\/2026\/03\/637185705_17936831007166591_1158001618262371951_n.jpg?resize=350%2C200 1x, https:\/\/i0.wp.com\/jornalrol.com.br\/wp-content\/uploads\/2026\/03\/637185705_17936831007166591_1158001618262371951_n.jpg?resize=525%2C300 1.5x, https:\/\/i0.wp.com\/jornalrol.com.br\/wp-content\/uploads\/2026\/03\/637185705_17936831007166591_1158001618262371951_n.jpg?resize=700%2C400 2x, https:\/\/i0.wp.com\/jornalrol.com.br\/wp-content\/uploads\/2026\/03\/637185705_17936831007166591_1158001618262371951_n.jpg?resize=1050%2C600 3x"},"classes":[]},{"id":3728,"url":"http:\/\/jornalrol.com.br\/?p=3728","url_meta":{"origin":5573,"position":5},"title":"Um novo colunista do ROL: Vinicius Mori Valio","author":"Helio Rubens","date":"17 de novembro de 2015","format":false,"excerpt":"Apresenta\u00e7\u00e3o do novo colaborador: ele nasceu em Itapetininga, \u00e9 mestre em Engenharia Hidr\u00e1ulica e Saneamento pela Escola de Engenharia de S\u00e3o Carlos da Universidade de S\u00e3o Paulo, graduado em Engenharia Ambiental pela Universidade Estadual Paulista J\u00falio de Mesquita Filho, e est\u00e1giou no Departamento de Controle e Gest\u00e3o Ambiental da Secretaria\u2026","rel":"","context":"Em &quot;Comunica\u00e7\u00e3o&quot;","block_context":{"text":"Comunica\u00e7\u00e3o","link":"http:\/\/jornalrol.com.br\/?cat=7"},"img":{"alt_text":"Vinicius Mori V\u00e1lio","src":"https:\/\/i0.wp.com\/www.jornalrol.com.br\/wp-content\/uploads\/2015\/11\/foto.jpg?resize=350%2C200","width":350,"height":200},"classes":[]}],"_links":{"self":[{"href":"http:\/\/jornalrol.com.br\/index.php?rest_route=\/wp\/v2\/posts\/5573","targetHints":{"allow":["GET"]}}],"collection":[{"href":"http:\/\/jornalrol.com.br\/index.php?rest_route=\/wp\/v2\/posts"}],"about":[{"href":"http:\/\/jornalrol.com.br\/index.php?rest_route=\/wp\/v2\/types\/post"}],"author":[{"embeddable":true,"href":"http:\/\/jornalrol.com.br\/index.php?rest_route=\/wp\/v2\/users\/3"}],"replies":[{"embeddable":true,"href":"http:\/\/jornalrol.com.br\/index.php?rest_route=%2Fwp%2Fv2%2Fcomments&post=5573"}],"version-history":[{"count":0,"href":"http:\/\/jornalrol.com.br\/index.php?rest_route=\/wp\/v2\/posts\/5573\/revisions"}],"wp:attachment":[{"href":"http:\/\/jornalrol.com.br\/index.php?rest_route=%2Fwp%2Fv2%2Fmedia&parent=5573"}],"wp:term":[{"taxonomy":"category","embeddable":true,"href":"http:\/\/jornalrol.com.br\/index.php?rest_route=%2Fwp%2Fv2%2Fcategories&post=5573"},{"taxonomy":"post_tag","embeddable":true,"href":"http:\/\/jornalrol.com.br\/index.php?rest_route=%2Fwp%2Fv2%2Ftags&post=5573"}],"curies":[{"name":"wp","href":"https:\/\/api.w.org\/{rel}","templated":true}]}}