{"id":60307,"date":"2023-08-20T16:02:23","date_gmt":"2023-08-20T19:02:23","guid":{"rendered":"https:\/\/www.jornalrol.com.br\/?p=60307"},"modified":"2023-08-20T16:02:32","modified_gmt":"2023-08-20T19:02:32","slug":"so-ele","status":"publish","type":"post","link":"http:\/\/jornalrol.com.br\/?p=60307","title":{"rendered":"S\u00f3 ele"},"content":{"rendered":"<div class=\"pdfprnt-buttons pdfprnt-buttons-post pdfprnt-top-right\"><a href=\"http:\/\/jornalrol.com.br\/index.php?rest_route=%2Fwp%2Fv2%2Fposts%2F60307&print=pdf\" class=\"pdfprnt-button pdfprnt-button-pdf\" target=\"_blank\" ><\/a><a href=\"http:\/\/jornalrol.com.br\/index.php?rest_route=%2Fwp%2Fv2%2Fposts%2F60307&print=print\" class=\"pdfprnt-button pdfprnt-button-print\" target=\"_blank\" ><img decoding=\"async\" src=\"https:\/\/jornalrol.com.br\/wp-content\/plugins\/pdf-print\/images\/print.png\" alt=\"image_print\" title=\"Conte\u00fado de impress\u00e3o\" \/><\/a><\/div>\n<p><\/p>\n\n\n\n<h2 class=\"wp-block-heading has-text-align-center\">Denise Canova: Poema &#8216;S\u00f3 ele&#8217;<br><br><\/h2>\n\n\n<div class=\"wp-block-image is-style-rounded\">\n<figure class=\"aligncenter size-full is-resized\"><img loading=\"lazy\" decoding=\"async\" src=\"https:\/\/www.jornalrol.com.br\/wp-content\/uploads\/2023\/07\/316840357_3394405074163808_4468982500104071071_n.jpg\" alt=\"Foto da autora do poema, a colunista do ROL Denise Canova\" class=\"wp-image-58091\" width=\"91\" height=\"161\"\/><figcaption class=\"wp-element-caption\">Denise Canova<\/figcaption><\/figure>\n<\/div>\n\n\n<p><\/p>\n\n\n\n<p class=\"has-text-align-center\">S\u00f3 ele<\/p>\n\n\n\n<p class=\"has-text-align-center\">Meu vestido branco<\/p>\n\n\n\n<p class=\"has-text-align-center\">Pureza<\/p>\n\n\n\n<p class=\"has-text-align-center\">Amor<\/p>\n\n\n\n<p class=\"has-text-align-center\">Sorte<\/p>\n\n\n\n<p class=\"has-text-align-center\"><br><strong>Dama da Poesia<\/strong><\/p>\n\n\n\n<h3 class=\"wp-block-heading has-text-align-center\"><br>Contato com a autora<\/h3>\n\n\n\n<div class=\"wp-block-columns is-layout-flex wp-container-core-columns-is-layout-9d6595d7 wp-block-columns-is-layout-flex\">\n<div class=\"wp-block-column is-layout-flow wp-block-column-is-layout-flow\">\n<h4 class=\"wp-block-heading has-text-align-center has-blush-light-purple-gradient-background has-background\"><a href=\"https:\/\/facebook.com\/denisecanova.denisecanova\" title=\"Facebook\">Facebook<\/a><\/h4>\n<\/div>\n<\/div>\n\n\n\n<p><br>Voltar: <a href=\"http:\/\/www.jornalrol.com.br\" title=\"\">http:\/\/www.jornalrol.com.br<\/a><\/p>\n","protected":false},"excerpt":{"rendered":"<p>Poema \u2018S\u00f3 ele\u2019, de autoria da poetisa minimalista Denise Canova, sob o pseud\u00f4nimo de \u2018Dama da Poesia\u2019: S\u00f3 ele, meu vestido branco, pureza, amor, sorte.  <\/p>\n","protected":false},"author":56,"featured_media":0,"comment_status":"open","ping_status":"closed","sticky":false,"template":"","format":"standard","meta":{"_jetpack_newsletter_access":"","_jetpack_dont_email_post_to_subs":false,"_jetpack_newsletter_tier_id":0,"_jetpack_memberships_contains_paywalled_content":false,"_jetpack_memberships_contains_paid_content":false,"footnotes":""},"categories":[9285,58],"tags":[2675,4231,6854,10101],"class_list":["post-60307","post","type-post","status-publish","format-standard","hentry","category-literatura","category-poesias","tag-denise-canova","tag-grande-premio-internacional-de-literatura-machado-de-assis","tag-poesia","tag-vestido"],"aioseo_notices":[],"views":537,"jetpack_featured_media_url":"","jetpack_sharing_enabled":true,"jetpack_likes_enabled":true,"jetpack-related-posts":[{"id":57677,"url":"http:\/\/jornalrol.com.br\/?p=57677","url_meta":{"origin":60307,"position":0},"title":"Amor","author":"Denise Canova","date":"23 de junho de 2023","format":false,"excerpt":"Amor \u00e9 s\u00f3 um. S\u00f3 esse homem, perfeito e ideal. Amor ideal e \u00e9 meu.","rel":"","context":"Em &quot;Literatura&quot;","block_context":{"text":"Literatura","link":"http:\/\/jornalrol.com.br\/?cat=9285"},"img":{"alt_text":"","src":"https:\/\/i0.wp.com\/www.jornalrol.com.br\/wp-content\/uploads\/2023\/06\/316840357_3394405074163808_4468982500104071071_n-2.jpg?resize=350%2C200&ssl=1","width":350,"height":200},"classes":[]},{"id":57312,"url":"http:\/\/jornalrol.com.br\/?p=57312","url_meta":{"origin":60307,"position":1},"title":"Amor","author":"Denise Canova","date":"12 de junho de 2023","format":false,"excerpt":"Amor \u00e9 s\u00f3 um. S\u00f3 esse homem, perfeito e especial. Amor Ideal e \u00e9 meu.","rel":"","context":"Em &quot;Literatura&quot;","block_context":{"text":"Literatura","link":"http:\/\/jornalrol.com.br\/?cat=9285"},"img":{"alt_text":"","src":"https:\/\/i0.wp.com\/www.jornalrol.com.br\/wp-content\/uploads\/2023\/06\/316840357_3394405074163808_4468982500104071071_n-1.jpg?resize=350%2C200&ssl=1","width":350,"height":200},"classes":[]},{"id":72116,"url":"http:\/\/jornalrol.com.br\/?p=72116","url_meta":{"origin":60307,"position":2},"title":"Poesia viva","author":"Denise Canova","date":"18 de fevereiro de 2025","format":false,"excerpt":"Poesia viva, sou eu. Poesia \u00e9 o meu terceiro nome. Poesia viva, s\u00f3 existe euzinha.","rel":"","context":"Em &quot;Literatura&quot;","block_context":{"text":"Literatura","link":"http:\/\/jornalrol.com.br\/?cat=9285"},"img":{"alt_text":"Imagem criada por IA do Bing - 18 de fevereiro de 2025, \u00e0s 16:13 PM","src":"https:\/\/i0.wp.com\/jornalrol.com.br\/wp-content\/uploads\/2025\/02\/OIG2.jpg?resize=350%2C200","width":350,"height":200,"srcset":"https:\/\/i0.wp.com\/jornalrol.com.br\/wp-content\/uploads\/2025\/02\/OIG2.jpg?resize=350%2C200 1x, https:\/\/i0.wp.com\/jornalrol.com.br\/wp-content\/uploads\/2025\/02\/OIG2.jpg?resize=525%2C300 1.5x, https:\/\/i0.wp.com\/jornalrol.com.br\/wp-content\/uploads\/2025\/02\/OIG2.jpg?resize=700%2C400 2x"},"classes":[]},{"id":65483,"url":"http:\/\/jornalrol.com.br\/?p=65483","url_meta":{"origin":60307,"position":3},"title":"Amor ou mentira?","author":"Denise Canova","date":"6 de abril de 2024","format":false,"excerpt":"Devo crer que \u00e9 amor? S\u00f3 me diz, abra\u00e7ado comigo, diz","rel":"","context":"Em &quot;Literatura&quot;","block_context":{"text":"Literatura","link":"http:\/\/jornalrol.com.br\/?cat=9285"},"img":{"alt_text":"Amor ou mentira?","src":"https:\/\/i0.wp.com\/jornalrol.com.br\/wp-content\/uploads\/2024\/04\/OIG3-1-1.jpg?resize=350%2C200","width":350,"height":200,"srcset":"https:\/\/i0.wp.com\/jornalrol.com.br\/wp-content\/uploads\/2024\/04\/OIG3-1-1.jpg?resize=350%2C200 1x, https:\/\/i0.wp.com\/jornalrol.com.br\/wp-content\/uploads\/2024\/04\/OIG3-1-1.jpg?resize=525%2C300 1.5x, https:\/\/i0.wp.com\/jornalrol.com.br\/wp-content\/uploads\/2024\/04\/OIG3-1-1.jpg?resize=700%2C400 2x"},"classes":[]},{"id":72014,"url":"http:\/\/jornalrol.com.br\/?p=72014","url_meta":{"origin":60307,"position":4},"title":"Eu olho","author":"Denise Canova","date":"12 de fevereiro de 2025","format":false,"excerpt":"Eu olho. N\u00e3o saio do lugar. Frustra s\u00f3 de olhar. Nasci para viver. Viver como voc\u00ea.","rel":"","context":"Em &quot;Literatura&quot;","block_context":{"text":"Literatura","link":"http:\/\/jornalrol.com.br\/?cat=9285"},"img":{"alt_text":"Imagem criada por IA do Bing - 11 de fevereiro de 2025 \u00e0s 21:32 PM","src":"https:\/\/i0.wp.com\/jornalrol.com.br\/wp-content\/uploads\/2025\/02\/OIG4-4.jpeg?resize=350%2C200","width":350,"height":200,"srcset":"https:\/\/i0.wp.com\/jornalrol.com.br\/wp-content\/uploads\/2025\/02\/OIG4-4.jpeg?resize=350%2C200 1x, https:\/\/i0.wp.com\/jornalrol.com.br\/wp-content\/uploads\/2025\/02\/OIG4-4.jpeg?resize=525%2C300 1.5x, https:\/\/i0.wp.com\/jornalrol.com.br\/wp-content\/uploads\/2025\/02\/OIG4-4.jpeg?resize=700%2C400 2x"},"classes":[]},{"id":60934,"url":"http:\/\/jornalrol.com.br\/?p=60934","url_meta":{"origin":60307,"position":5},"title":"Sou dela","author":"Denise Canova","date":"10 de setembro de 2023","format":false,"excerpt":"Denise Canova (Dama da Poesia), com o poema minimalista sobre a primavera, \u2018Sou dela\u2019: Sou dela, da primavera. Sou dela, filha da paix\u00e3o e da primavera.","rel":"","context":"Em &quot;Literatura&quot;","block_context":{"text":"Literatura","link":"http:\/\/jornalrol.com.br\/?cat=9285"},"img":{"alt_text":"Foto da autora do poema, a colunista do ROL Denise Canova","src":"https:\/\/i0.wp.com\/www.jornalrol.com.br\/wp-content\/uploads\/2023\/07\/316840357_3394405074163808_4468982500104071071_n.jpg?resize=350%2C200&ssl=1","width":350,"height":200},"classes":[]}],"_links":{"self":[{"href":"http:\/\/jornalrol.com.br\/index.php?rest_route=\/wp\/v2\/posts\/60307","targetHints":{"allow":["GET"]}}],"collection":[{"href":"http:\/\/jornalrol.com.br\/index.php?rest_route=\/wp\/v2\/posts"}],"about":[{"href":"http:\/\/jornalrol.com.br\/index.php?rest_route=\/wp\/v2\/types\/post"}],"author":[{"embeddable":true,"href":"http:\/\/jornalrol.com.br\/index.php?rest_route=\/wp\/v2\/users\/56"}],"replies":[{"embeddable":true,"href":"http:\/\/jornalrol.com.br\/index.php?rest_route=%2Fwp%2Fv2%2Fcomments&post=60307"}],"version-history":[{"count":1,"href":"http:\/\/jornalrol.com.br\/index.php?rest_route=\/wp\/v2\/posts\/60307\/revisions"}],"predecessor-version":[{"id":60309,"href":"http:\/\/jornalrol.com.br\/index.php?rest_route=\/wp\/v2\/posts\/60307\/revisions\/60309"}],"wp:attachment":[{"href":"http:\/\/jornalrol.com.br\/index.php?rest_route=%2Fwp%2Fv2%2Fmedia&parent=60307"}],"wp:term":[{"taxonomy":"category","embeddable":true,"href":"http:\/\/jornalrol.com.br\/index.php?rest_route=%2Fwp%2Fv2%2Fcategories&post=60307"},{"taxonomy":"post_tag","embeddable":true,"href":"http:\/\/jornalrol.com.br\/index.php?rest_route=%2Fwp%2Fv2%2Ftags&post=60307"}],"curies":[{"name":"wp","href":"https:\/\/api.w.org\/{rel}","templated":true}]}}