{"id":62435,"date":"2023-10-23T12:34:11","date_gmt":"2023-10-23T15:34:11","guid":{"rendered":"https:\/\/www.jornalrol.com.br\/?p=62435"},"modified":"2023-10-23T12:34:17","modified_gmt":"2023-10-23T15:34:17","slug":"exposicao-profundus-sertanus-incantatus","status":"publish","type":"post","link":"http:\/\/jornalrol.com.br\/?p=62435","title":{"rendered":"Exposi\u00e7\u00e3o Profundus, Sertanus, Incantatus"},"content":{"rendered":"<div class=\"pdfprnt-buttons pdfprnt-buttons-post pdfprnt-top-right\"><a href=\"http:\/\/jornalrol.com.br\/index.php?rest_route=%2Fwp%2Fv2%2Fposts%2F62435&print=pdf\" class=\"pdfprnt-button pdfprnt-button-pdf\" target=\"_blank\" ><\/a><a href=\"http:\/\/jornalrol.com.br\/index.php?rest_route=%2Fwp%2Fv2%2Fposts%2F62435&print=print\" class=\"pdfprnt-button pdfprnt-button-print\" target=\"_blank\" ><img decoding=\"async\" src=\"https:\/\/jornalrol.com.br\/wp-content\/plugins\/pdf-print\/images\/print.png\" alt=\"image_print\" title=\"Conte\u00fado de impress\u00e3o\" \/><\/a><\/div>\n<h2 class=\"wp-block-heading has-text-align-center\">A exposi\u00e7\u00e3o, com obras  de J\u00falio Veredas, entra em cartaz no hal<strong>l <\/strong>do Teatro Er\u00f3tides Campos, em Piracicaba<br><br><\/h2>\n\n\n<div class=\"wp-block-image\">\n<figure class=\"aligncenter size-full is-resized\"><img loading=\"lazy\" decoding=\"async\" width=\"438\" height=\"289\" data-attachment-id=\"62436\" data-permalink=\"http:\/\/jornalrol.com.br\/?attachment_id=62436\" data-orig-file=\"http:\/\/jornalrol.com.br\/wp-content\/uploads\/2023\/10\/Captura-de-Tela-2023-10-19-a-768s-11.37.14.jpg\" data-orig-size=\"438,289\" data-comments-opened=\"0\" data-image-meta=\"{&quot;aperture&quot;:&quot;0&quot;,&quot;credit&quot;:&quot;&quot;,&quot;camera&quot;:&quot;&quot;,&quot;caption&quot;:&quot;&quot;,&quot;created_timestamp&quot;:&quot;0&quot;,&quot;copyright&quot;:&quot;&quot;,&quot;focal_length&quot;:&quot;0&quot;,&quot;iso&quot;:&quot;0&quot;,&quot;shutter_speed&quot;:&quot;0&quot;,&quot;title&quot;:&quot;&quot;,&quot;orientation&quot;:&quot;0&quot;}\" data-image-title=\"Captura-de-Tela-2023-10-19-a-768s-11.37.14\" data-image-description=\"\" data-image-caption=\"\" data-large-file=\"http:\/\/jornalrol.com.br\/wp-content\/uploads\/2023\/10\/Captura-de-Tela-2023-10-19-a-768s-11.37.14.jpg\" src=\"https:\/\/www.jornalrol.com.br\/wp-content\/uploads\/2023\/10\/Captura-de-Tela-2023-10-19-a-768s-11.37.14.jpg\" alt=\"Tela de J\u00falio Veredas\" class=\"wp-image-62436\" style=\"aspect-ratio:1.5155709342560553;width:578px;height:auto\"\/><figcaption class=\"wp-element-caption\"><em><em>Cr\u00e9dito: \u00c1lvaro Mestre<\/em><\/em><\/figcaption><\/figure>\n<\/div>\n\n\n<p><\/p>\n\n\n\n<h3 class=\"wp-block-heading has-text-align-center\"><em>A exposi\u00e7\u00e3o re\u00fane cerca de 30 obras que foram criadas entre 1982 e 2022. No dia da abertura (29\/10) tamb\u00e9m haver\u00e1 apresenta\u00e7\u00e3o musical da cantora Marcia Mah e do violonista Z\u00e9 Marcos interpretando can\u00e7\u00f5es de Elomar Figueira Mello<\/em><\/h3>\n\n\n\n<p><\/p>\n\n\n\n<p class=\"has-drop-cap\">No final dos anos 1970, ao ganhar uma fita cassete de um artista cujas m\u00fasicas contavam com um dialeto pr\u00f3prio e com uma sonoridade que&nbsp; estabelece um&nbsp; novo paradigma para a m\u00fasica erudita brasileira, o artista pl\u00e1stico<strong>&nbsp;J\u00falio Veredas<\/strong>&nbsp;se viu completamente apaixonado pela obra do m\u00fasico e compositor&nbsp;<strong>Elomar Figueira Mello<\/strong>. <br><br>Sua aproxima\u00e7\u00e3o com a obra de Elomar fez com que se iniciasse ali uma s\u00e9rie de obras art\u00edsticas atravessadas pela musicalidade do m\u00fasico e que, agora, est\u00e3o reunidas na exposi\u00e7\u00e3o&nbsp;<strong><em>Profundus, Sertanus, Incantatus<\/em><\/strong>, que entra em cartaz no hall do<strong>&nbsp;Teatro Er\u00f3tides Campos<\/strong>&nbsp;de&nbsp;29 de outubro a 12 de novembro. O evento tem apoio da Prefeitura de Piracicaba, por meio da Semac (Secretaria Municipal da A\u00e7\u00e3o Cultural).<\/p>\n\n\n\n<p>No dia de abertura do evento (29\/10, domingo, 16h), haver\u00e1 ainda um show da cantora&nbsp;<strong>Marcia Mah<\/strong>&nbsp;e do violonista<strong>&nbsp;Z\u00e9 Marcos<\/strong>&nbsp;interpretando can\u00e7\u00f5es de Elomar Figueira Mello, como&nbsp;<em>O Pedido<\/em>,&nbsp;<em>Arruma\u00e7\u00e3o<\/em>,&nbsp;<em>Chula no Terreiro<\/em>&nbsp;e&nbsp;<em>Puluxias do Tropeiro Gonsalin<\/em>. <br><br>A apresenta\u00e7\u00e3o ter\u00e1 tamb\u00e9m can\u00e7\u00f5es autorais da Marcia, incluindo&nbsp;<em>Sertanias<\/em>&nbsp;&#8211; inspirada no livro&nbsp;<em>Grande Sert\u00e3o &#8211; Veredas<\/em>&nbsp;e com arranjo de Cao Alves, artista que j\u00e1 participou de v\u00e1rias produ\u00e7\u00f5es de Elomar e que foi integrante do grupo Tarancon.<\/p>\n\n\n\n<p>A mostra, com curadoria do mestre em artes visuais&nbsp;&nbsp;<strong>Allan Yzumizawa<\/strong>, traz aproximadamente trinta obras de J\u00falio &#8211; entre desenhos feitos em grafite sobre papel, nanquim sobre papel e aquarela &#8211; criadas desde o in\u00edcio dos anos 1980, quando conheceu Elomar pessoalmente -, at\u00e9 2022. O projeto \u00e9 realizado com o pr\u00eamio Exposi\u00e7\u00e3o In\u00e9dita do PROAC 2022 com apoio do Centro Cultural S\u00e3o Paulo.<\/p>\n\n\n\n<p>Conhecido por uma obra influenciada drasticamente pela m\u00fasica e pela literatura, J\u00falio conta que os trabalhos apresentados nessa exposi\u00e7\u00e3o in\u00e9dita tamb\u00e9m s\u00e3o influenciados pela po\u00e9tica do escritor<strong>&nbsp;Jo\u00e3o Guimar\u00e3es Rosa<\/strong>, que&nbsp; reconstr\u00f3i a imagem do sert\u00e3o e o&nbsp; universaliza quando transcende o eterno&nbsp; conflito entre o ser humano e o destino que o espera &#8211; caracter\u00edstica comum com a m\u00fasica de Elomar Figueira Mello.<\/p>\n\n\n\n<p>Sob a perspectiva da busca e explora\u00e7\u00e3o do sert\u00e3o de si mesmo, J\u00falio&nbsp; Veredas ilustra essa encruzilhada de onde partem e convergem&nbsp; in\u00fameros caminhos e alternativas que habitam seu \u00edntimo. &#8220;O t\u00edtulo dessa exposi\u00e7\u00e3o traz algo do encantamento que flagrei na minha conviv\u00eancia com amigos que vivem na Caatinga&#8221;, conta J\u00falio. <br><br>&#8220;Muitas vezes eles me contavam suas hist\u00f3rias em botecos na beira de estradas e eu contava as hist\u00f3rias do que estava vivendo em S\u00e3o Paulo. Mesmo morando l\u00e1 por muito tempo, n\u00e3o me sentia um vaqueiro, um catingueiro, e \u00e9 nessa troca que nossas hist\u00f3rias ganhavam um certo encanto, uma forma\u00e7\u00e3o de nossas identidades&#8221;, completa o artista.<\/p>\n\n\n\n<p>Elomar Figueira Mello, baiano de Vit\u00f3ria da Conquista, \u00e9 compositor, escritor, violonista e&nbsp; cantor. Hoje, com 85 anos, \u00e9 considerado um&nbsp; artista \u00edmpar na m\u00fasica brasileira e sua obra surge como um marco&nbsp; significativo dentro do panorama da m\u00fasica popular brasileira, marcada pela forte&nbsp; presen\u00e7a de variantes dialetais, arca\u00edsmos e neologismos, formando&nbsp; uma linguagem muito caracter\u00edstica fundada na oralidade sertaneja.&nbsp; <br><br>Suas letras abrangem uma ampla gama de temas, na maior parte&nbsp; das vezes vinculado ao imagin\u00e1rio rural do sertanejo nordestino,&nbsp; ainda que com elementos medievais, crist\u00e3os e ib\u00e9ricos.<\/p>\n\n\n\n<p>\u201cQuando vi pela primeira vez os desenhos desse malungo Julio Veredas, gostei muito, pois&nbsp; vi desenhos de algumas estrofes minhas e centenas dele. Vi que retratava a pr\u00f3pria vereda&nbsp; que sua alma bonita percorre. <br><br>Ao contempl\u00e1-los, consigo ver como que em sonhos&nbsp; fragmentos de momentos das paisagens que minha alma viu antes de nascer, assim como&nbsp; tamb\u00e9m ou\u00e7o o pren\u00fancio, apenas aurora m\u00e1gica que anunciam a impossibil\u00edssima&nbsp; ressurrei\u00e7\u00e3o de uma daquelas perdidas e distantes tardes da inf\u00e2ncia\u201d, diz Elomar Figueira Mello.<\/p>\n\n\n\n<p><br><strong>J\u00falio Veredas&nbsp;<\/strong><\/p>\n\n\n\n<p>Com uma atua\u00e7\u00e3o intensa a mais de 40 anos na artes visuais, J\u00falio&nbsp; Veredas, se destaca pela singularidade de seu trabalho, que dialoga&nbsp; com a m\u00fasica e a literatura e constr\u00f3i uma obra que traz aspectos da&nbsp; cultura popular sob a perspectiva da busca e explora\u00e7\u00e3o do sert\u00e3o&nbsp; de si mesmo.<\/p>\n\n\n\n<p><\/p>\n\n\n\n<p> Artista autodidata, desde muito cedo passou a&nbsp; frequentar cursos livres de artes e atuar na \u00e1rea de eventos culturais.&nbsp; Natural de Sorocaba Julio Veredas, residiu por muitos anos na capital&nbsp; convivendo com grupos de m\u00fasica e teatro, quando inicia as&nbsp; primeiras mostras de seus desenhos, realizando exposi\u00e7\u00f5es&nbsp; individuais no Centro Cultural S\u00e3o Paulo e no MASP (1983\/1984),&nbsp; mantendo em paralelo uma produ\u00e7\u00e3o em sua cidade natal, Sorocaba,&nbsp; com artistas diversos e na cidade de Vit\u00f3ria da Conquista Bahia, terra&nbsp; do compositor Elomar Figueira Mello, que passa a ser uma grande&nbsp; refer\u00eancia em seu processo art\u00edstico.&nbsp;<\/p>\n\n\n\n<p>Essa geografia se mant\u00e9m&nbsp; presente em toda sua trajet\u00f3ria e torna-se marcante na produ\u00e7\u00e3o de&nbsp; seus trabalhos que resultam hoje numa cole\u00e7\u00e3o de aproximadamente&nbsp; 1000 ilustra\u00e7\u00f5es entre Aquarelas, Grafites, Nanquim e Colagem, com&nbsp; participa\u00e7\u00f5es em projetos como Projeto Terra Rasgada \u2013 SECSP,&nbsp; Projeto Glauber Rocha Museu Regional Vit\u00f3ria da Conquista&nbsp; (BAHIA), e dezenas de exposi\u00e7\u00f5es individuais e coletivas.&nbsp;<\/p>\n\n\n\n<p>Colaborando com outros trabalhos tem desenvolvido ilustra\u00e7\u00f5es para&nbsp; livros, encarte de CDs, restauros, al\u00e9m de participar ativamente da&nbsp; pol\u00edtica cultural de Sorocaba, integrando o Conselho Municipal de&nbsp; Cultura e atuando como gestor de Espa\u00e7o Art\u00edstico colaborativo&nbsp; (Teatro OFF), sendo por isso homenageado pelo mais tradicional&nbsp; bloco carnavalesco de Sorocaba, o Depois a Gente se Vira, em 2020.<\/p>\n\n\n\n<p>Toda a poesia e delicadeza empregada em sua jornada como artista&nbsp; pl\u00e1stico n\u00e3o exclui sua habilidade em lecionar para pessoas de&nbsp; diferentes faixas et\u00e1rias conte\u00fados t\u00e9cnicos de desenho. Atuando em&nbsp; projetos em sistemas penitenci\u00e1rios e hospitais psiqui\u00e1tricos, oficinas&nbsp; em diversas cidades do interior de S\u00e3o Paulo, aulas particulares e&nbsp; projetos educativos do sistema S.&nbsp;<\/p>\n\n\n\n<p>A pandemia criou uma nova etapa em seu processo de trabalho, com&nbsp; o fim das aulas e exposi\u00e7\u00f5es passou a se dedicar integralmente \u00e0 produ\u00e7\u00e3o em seu ateli\u00ea e a se reinventar no ambiente virtual das&nbsp; redes sociais, conquistando um p\u00fablico novo que observa novos&nbsp; elementos no significado de suas obras. Atualmente mant\u00e9m uma&nbsp; comunica\u00e7\u00e3o di\u00e1ria com internautas e uma intensa atividade com a&nbsp; cria\u00e7\u00e3o de aquarelas onde amplia o conceito de sert\u00e3o como algo&nbsp; transversal do interior dos lugares e do ser.&nbsp;<\/p>\n\n\n\n<p><br><strong>Marcia Mah (Cantora)<\/strong><\/p>\n\n\n\n<p>Com quatro \u00e1lbuns na carreira, lan\u00e7ou o CD \u201cApanhado\u201d (2000) interpretando autores paulistas, CD Choro Can\u00e7\u00e3o (2006) com o Grupo Casa de Marimbondo, CD\/DVD \u201cL\u00e1l\u00e1i\u00e1\u201d (2011) com m\u00fasicas pr\u00f3prias, realizando turn\u00ea em Portugal em 2015 atrav\u00e9s do Programa de Interc\u00e2mbio Cultural do MINC e Selo Musical MIMS \u2013 Europa, DVD PRISMAH \u2013 um olhar sobre o corpo da voz (2016), sendo contemplada pelo Pr\u00eamio PROAC Circula\u00e7\u00e3o de Espet\u00e1culos em turn\u00ea pelo PROAC 2018 com apresenta\u00e7\u00f5es no MIS capital, litoral e interior do estado de S\u00e3o Paulo.<\/p>\n\n\n\n<p>&#8211; Produtora do projeto \u201cProfundus, Sertanus, Encantatus\u201d do artista pl\u00e1stico Julio Veredas aprovado pelo PROAC Exposi\u00e7\u00e3o In\u00e9dita 2022<\/p>\n\n\n\n<p>&#8211; Produtora do CD Linha de Chegada de Z\u00e9 Marcos lan\u00e7ado em nov\/2021&nbsp;<\/p>\n\n\n\n<p>&#8211; Produtora do Document\u00e1rio \u201cARTEIROS\u201d &#8211; Lei Aldir Blanc (2021)<\/p>\n\n\n\n<p>&#8211; Semin\u00e1rios \u201cO Canto Popular\u201d nas F\u00e1bricas de Cultura (Sapobemba, Bel\u00e9m, Cid. Tiradentes, Vl. Curu\u00e7\u00e1, Itaim e S\u00e3o Bernardo do Campo) agosto\/22<\/p>\n\n\n\n<p>&#8211; Preparadora Vocal do 1\u00b0 Festival Estudantil Estadual do SESI SP &#8211; FESTVOZ agosto\/22<\/p>\n\n\n\n<p>&#8211; Selecionada no Edital do Centro Cultural FIESP com uma temporada de apresenta\u00e7\u00f5es do show \u201cAc\u00fastico M\u00e1rcia Mah\u201d 2019\/2020.<\/p>\n\n\n\n<p>&#8211; Participa do Encontro Musical com Orquestra Mundana Refugi pela Mda Internacional dez\/2021<\/p>\n\n\n\n<p>&#8211; Idealizadora do Projeto Bioma Musical apresentado em v\u00e1rias unidades do SESC SP 2022<\/p>\n\n\n\n<p>&#8211; Idealizadora e produtora do espet\u00e1culo \u201cECOS de 22\u201d apresentado nas unidades do CEU pela SMESP 2022<\/p>\n\n\n\n<p>&#8211; Palestrante convidada nos cursos de Semi\u00f3tica e Produ\u00e7\u00e3o Musical das Universidades Federal da Bahia (Salvador e Rec\u00f4ncavo), FATEC Tatu\u00ed e UNISO (2015\/2017).<\/p>\n\n\n\n<p>&#8211; Durante a pandemia participou de projetos on-line como o FESTVALE (Festival de Economia Criativa do Vale do Ribeira) , REC-come\u00e7o SESC Sorocaba, Especial Boteco do RibeiraSESC Registro<\/p>\n\n\n\n<p>&#8211; Diretora da Brasilidades Produ\u00e7\u00f5es Art\u00edsticas, onde desde 2013 desenvolve diversos espet\u00e1culos tem\u00e1ticos e de arte educa\u00e7\u00e3o e especiais em homenagem a Dorival Caymmi, Noel Rosa, Samba Paulista com Osvaldinho da Cu\u00edca, Nara Le\u00e3o, Clementina entre outros. Produtora do Livro e CD \u201cNilson Lombardi \u2013 Obra completa\u201d (2002)<\/p>\n\n\n\n<p>&#8211; Formada em Filosofia (UNISO)e no Curso de Canto L\u00edrico e MPB\/JAZZ do CDMCC \u2013 Tatu\u00ed- SP, integrou o Coral C\u00eanico \u201cDa Boca Pra Fora\u201d como solista em recitais e concertos sinf\u00f4nicos<\/p>\n\n\n\n<p><br><strong>Z\u00e9 Marcos (Violonista)&nbsp;<\/strong><\/p>\n\n\n\n<p>Z\u00e9 Marcos \u00e9 reconhecido na regi\u00e3o metropolitana de Sorocaba, onde atua h\u00e1 30 anos como violonista, compositor, arranjador e educador. No in\u00edcio da carreira, foi vencedor do Concurso Jovens Instrumentistas do Conservat\u00f3rio Heitor Villa Lobos de S\u00e3o Paulo, dando prosseguimento aos est\u00fadios se formando em Viol\u00e3o Bacharelado na Faculdade Mozart\u00e9um de S\u00e3o Paulo.<br><br> Realizou especializa\u00e7\u00f5es em renomados centros, como o CLAM (Centro Livre de Aprendizagem Musical) escola ligada ao Zimbo Trio e Curso de Especializa\u00e7\u00e3o em Educa\u00e7\u00e3o e Organiza\u00e7\u00e3o social na Universidade de Havana (Cuba).&nbsp;<\/p>\n\n\n\n<p>Coordenou diversas oficinas realizadas na Oficina Cultural Grande Otelo de Sorocaba,<\/p>\n\n\n\n<p>com destaque para os projetos \u201cCaminhos do Viol\u00e3o\u201d e oficina com artistas como Tom Z\u00e9 e Arrigo Barnab\u00e9, sendo citado no Livro \u201cViol\u00f5es do Brasil de Myriam Taubkin \u2013 2004 . Entre os diversos grupos que idealizou e integrou, destaca o grupo de choro \u201cCaco de Vidro\u201d \u2013 2011, com forma\u00e7\u00e3o em reg\u00eancia realiza concerto como convidado da Banda Sinf\u00f4nica da Fundec \u2013 2011.&nbsp;<\/p>\n\n\n\n<p>Como m\u00fasico acompanhante destaca o show \u201cSamba Interior\u201d com o sambista Osvaldinho da Cu\u00edca em projetos de Arte educa\u00e7\u00e3o. \u00c9 integrante do Grupo Ybsorok e em espet\u00e1culos como \u201cECOS de 22 \u2013 desdobramentos Musicais sobre a Semana de Arte Moderna\u201d, al\u00e9m de ser parceiro musical no CD Lalai\u00e1 (Marcia Mah) e do conjunto da cantora na sua turn\u00ea em Portugal.<br><br> \u00c9 m\u00fasico fixo na banda e grava\u00e7\u00f5es do CD &#8220;Esta\u00e7\u00f5es&#8221;, do violeiro Z\u00e9ca Collares. Como educador, criou um m\u00e9todo pr\u00f3prio ao longo de sua experi\u00eancia did\u00e1tica, lan\u00e7ando o Livro \u201cViol\u00e3o Guia de Ensino e Aprendizagem\u201d. Lan\u00e7ando-se como int\u00e9rprete n\u00e3o s\u00f3 como m\u00fasico, mas tamb\u00e9m cantor, apresentou o Tributo a Baden Powel no Teatro do Sesi Sorocaba 2019 e lan\u00e7a em outubro de 2021 seu primeiro CD autoral &#8211; \u201cLinha de Chegada\u201d pela LINC Sorocaba.<\/p>\n\n\n\n<p><br><strong>SERVI\u00c7O:<\/strong><\/p>\n\n\n\n<p><strong><em>Profundus, Sertanus, Incantatus&nbsp;<\/em><\/strong><strong>| J\u00falio Veredas<\/strong><\/p>\n\n\n\n<p><strong>Local<\/strong>: Hall do Teatro Er\u00f3tides Campos<\/p>\n\n\n\n<p><strong>Endere\u00e7o:<\/strong>&nbsp; Rua Dr. Maurice Allain, 454 &#8211; Engenho Central- Vila Rezende \/ Piracicaba<\/p>\n\n\n\n<p><strong>Per\u00edodo expositivo<\/strong>: 29 de outubro a 12 de novembro. Segunda \u00e0 sexta-feira, das 13h \u00e0s 17h e aos finais de semana, de acordo com a agenda de espet\u00e1culos<\/p>\n\n\n\n<p><strong>Entrada gratuita&nbsp;<\/strong><\/p>\n\n\n\n<p><br><br>Voltar: <a href=\"http:\/\/www.jornalrol.com.br\" title=\"\">http:\/\/www.jornalrol.com.br<\/a><\/p>\n\n\n\n<p>Facebook: <a href=\"https:\/\/facebook.com\/JCulturalRol\/\" title=\"\">https:\/\/facebook.com\/JCulturalRol\/<\/a><\/p>\n","protected":false},"excerpt":{"rendered":"<p>No final dos anos 1970, o artista pl\u00e1stico J\u00falio Veredas se viu completamente apaixonado pela obra do m\u00fasico e compositor Elomar Figueira Mello.<\/p>\n","protected":false},"author":6,"featured_media":62436,"comment_status":"open","ping_status":"closed","sticky":false,"template":"","format":"standard","meta":{"_jetpack_newsletter_access":"","_jetpack_dont_email_post_to_subs":false,"_jetpack_newsletter_tier_id":0,"_jetpack_memberships_contains_paywalled_content":false,"_jetpack_memberships_contains_paid_content":false,"footnotes":""},"categories":[9286],"tags":[3607,10736,10732,10733,10731,10734,10735,10737],"class_list":["post-62435","post","type-post","status-publish","format-standard","has-post-thumbnail","hentry","category-arte","tag-exposicao","tag-incantatus","tag-julio-veredas","tag-marcia-mah-2","tag-musica-erudita-brasileira","tag-profundus","tag-sertanus","tag-ze-marcus"],"aioseo_notices":[],"views":650,"jetpack_featured_media_url":"http:\/\/jornalrol.com.br\/wp-content\/uploads\/2023\/10\/Captura-de-Tela-2023-10-19-a-768s-11.37.14.jpg","jetpack_sharing_enabled":true,"jetpack_likes_enabled":true,"jetpack-related-posts":[{"id":21200,"url":"http:\/\/jornalrol.com.br\/?p=21200","url_meta":{"origin":62435,"position":0},"title":"Acervo de J\u00falio Prestes exibe objetos hist\u00f3ricos no Centro Cultural de Itapetininga","author":"Helio Rubens","date":"28 de setembro de 2018","format":false,"excerpt":"O Centro Cultural de Itapetininga tem sala com pe\u00e7as de Julio Prestes \u00a0 Em exposi\u00e7\u00e3o na sala \"Dr. J\u00falio Prestes\", no pr\u00e9dio do Centro Cultural e Hist\u00f3rico de Itapetininga, o \"Acervo Hist\u00f3rico de J\u00falio Prestes\" exibe objetos hist\u00f3ricos e obras de arte que pertenceram ao presidente. A entrada para a\u2026","rel":"","context":"Em &quot;Comunica\u00e7\u00e3o&quot;","block_context":{"text":"Comunica\u00e7\u00e3o","link":"http:\/\/jornalrol.com.br\/?cat=7"},"img":{"alt_text":"","src":"https:\/\/ci4.googleusercontent.com\/proxy\/C5I2CfvY-arHIxRiVozRL_4irGn8ImZDOODdiU6hMxufWGbHB8CnwmBKkmoMvbFHXwh0I3NkWuS_nMW-z6Q-fsHZPGw00yx677gXHSpRuoiOKiSj17Jdl7USMb1vqvRAuR0G9NIKM02QdRIrt2j8LTD6ApyXglWVtShVJV8jR9epOWCiFcEdDZ9OkDP7aBodXaXffJGW3HUhUnfL-5OC=s0-d-e1-ft#https:\/\/bucket.mlcdn.com\/a\/683\/683671\/images\/54a94c52a841a0c193c3c394298dc843816d4175.jpeg\/ff2de219ea58e35488ae140a1d9f09cbaf7b624d.jpeg","width":350,"height":200},"classes":[]},{"id":11435,"url":"http:\/\/jornalrol.com.br\/?p=11435","url_meta":{"origin":62435,"position":1},"title":"Acervo de J\u00falio Prestes de Albuquerque passa por reorganiza\u00e7\u00e3o em Itapetininga","author":"Helio Rubens","date":"6 de julho de 2017","format":false,"excerpt":"Material est\u00e1 sendo catalogado, higienizado e ser\u00e1 disponibilizado corretamente para exposi\u00e7\u00e3o \u00a0 O Centro Cultural e Hist\u00f3rico \u2018Bras\u00edlio Ayres de Aguirre\u2019 foi contemplado com o edital 19\/2016, do Programa de A\u00e7\u00e3o Cultural (Proac) do Governo do Estado de S\u00e3o Paulo, que prev\u00ea um extenso trabalho de reorganiza\u00e7\u00e3o do acervo de\u2026","rel":"","context":"Em &quot;Comunica\u00e7\u00e3o&quot;","block_context":{"text":"Comunica\u00e7\u00e3o","link":"http:\/\/jornalrol.com.br\/?cat=7"},"img":{"alt_text":"","src":"https:\/\/i0.wp.com\/www.jornalrol.com.br\/wp-content\/uploads\/2017\/07\/JP-300x225.jpg?resize=350%2C200","width":350,"height":200},"classes":[]},{"id":52680,"url":"http:\/\/jornalrol.com.br\/?p=52680","url_meta":{"origin":62435,"position":2},"title":"Saiba quem foram escolhidos como os Melhores do Ano 2022 na \u00c1rea Cultural de Sorocaba","author":"Sergio Diniz da Costa","date":"21 de novembro de 2022","format":false,"excerpt":"Com sucesso absoluto, a enquete Melhores do Ano 2022 na \u00c1rea Cultural de Sorocaba\u00a0superou as expectativas, com a participa\u00e7\u00e3o de quase sete mil votos! O pr\u00eamio Melhores do Ano na \u00c1rea Cultural,\u00a0 promovido pelo Jornal Cultural ROL\u00a0 voltou em 2022 a Sorocaba, com sua terceira edi\u00e7\u00e3o. O modelo de enquete\u2026","rel":"","context":"Em &quot;Comunica\u00e7\u00e3o&quot;","block_context":{"text":"Comunica\u00e7\u00e3o","link":"http:\/\/jornalrol.com.br\/?cat=7"},"img":{"alt_text":"","src":"https:\/\/i0.wp.com\/jornalrol.com.br\/wp-content\/uploads\/2022\/11\/17c3f1e8-9410-4215-8abf-ec176a76cd48-300x74.jpg?resize=350%2C200","width":350,"height":200,"srcset":"https:\/\/i0.wp.com\/jornalrol.com.br\/wp-content\/uploads\/2022\/11\/17c3f1e8-9410-4215-8abf-ec176a76cd48-300x74.jpg?resize=350%2C200 1x, https:\/\/i0.wp.com\/jornalrol.com.br\/wp-content\/uploads\/2022\/11\/17c3f1e8-9410-4215-8abf-ec176a76cd48-300x74.jpg?resize=525%2C300 1.5x"},"classes":[]},{"id":33170,"url":"http:\/\/jornalrol.com.br\/?p=33170","url_meta":{"origin":62435,"position":3},"title":"Exposi\u00e7\u00e3o &#039;Novos Rumos&#039; re\u00fane esculturas de grandes artistas a c\u00e9u aberto","author":"Sergio Diniz da Costa","date":"20 de agosto de 2020","format":false,"excerpt":"A exposi\u00e7\u00e3o com onze obras fica montada de 22 de agosto a 25 de outubro Com o intuito de promover a arte e a necessidade de inova\u00e7\u00e3o diante deste novo cen\u00e1rio, de galerias e museus fechados, ser\u00e1 realizada na Fazenda da Grama uma exposi\u00e7\u00e3o de arte a c\u00e9u aberto. \u201cNovos\u2026","rel":"","context":"Em &quot;Comunica\u00e7\u00e3o&quot;","block_context":{"text":"Comunica\u00e7\u00e3o","link":"http:\/\/jornalrol.com.br\/?cat=7"},"img":{"alt_text":"","src":"https:\/\/i0.wp.com\/www.jornalrol.com.br\/wp-content\/uploads\/2020\/08\/Clipboard01-12-300x200.jpg?resize=350%2C200","width":350,"height":200},"classes":[]},{"id":25367,"url":"http:\/\/jornalrol.com.br\/?p=25367","url_meta":{"origin":62435,"position":4},"title":"Exposi\u00e7\u00e3o no Sesi: 40 anos de revista Art\u00e9ria","author":"Helio Rubens","date":"18 de mar\u00e7o de 2019","format":false,"excerpt":"\u00a0 Importantes artistas de poesia visual que foram publicados na revista \u00a0 O SESI Itapetininga promove a exposi\u00e7\u00e3o Art\u00e9ria 40 Anos \u2013 Revista de Poesia. Sob curadoria de Omar Khouri e Paulo Miranda, a exposi\u00e7\u00e3o re\u00fane poemas que foram publicados ao longo de quatro d\u00e9cadas de exist\u00eancia da revista, em\u2026","rel":"","context":"Em &quot;Comunica\u00e7\u00e3o&quot;","block_context":{"text":"Comunica\u00e7\u00e3o","link":"http:\/\/jornalrol.com.br\/?cat=7"},"img":{"alt_text":"","src":"https:\/\/i0.wp.com\/www.jornalrol.com.br\/wp-content\/uploads\/2019\/03\/Zero-%C3%A0-Esquerda-1981-287x300.jpg?resize=350%2C200","width":350,"height":200},"classes":[]},{"id":6828,"url":"http:\/\/jornalrol.com.br\/?p=6828","url_meta":{"origin":62435,"position":5},"title":"Saiu na Tv Tem: &#039;Centro Cultural de Itapetininga recebe exposi\u00e7\u00e3o do ateli\u00ea &#039;Arte da Vida&#039;&#039;","author":"Helio Rubens","date":"13 de novembro de 2016","format":false,"excerpt":"Ser\u00e3o expostas 40 obras at\u00e9 o dia 23 de novembro. Entrada \u00e9 gratuita. Obras s\u00e3o de diversos estilos, como abstrato, grafite e acad\u00eamico. Exposi\u00e7\u00e3o ficar\u00e1 at\u00e9 dia 23 de novembro em Centro Cultural (Foto: Divulga\u00e7\u00e3o\/Prefeitura de Itapetininga) O Centro Cultural e Hist\u00f3rico \u2018Bras\u00edlio Ayres de Aguirre\u2019, em Itapetininga (SP), recebe\u2026","rel":"","context":"Em &quot;Comunica\u00e7\u00e3o&quot;","block_context":{"text":"Comunica\u00e7\u00e3o","link":"http:\/\/jornalrol.com.br\/?cat=7"},"img":{"alt_text":"Exposi\u00e7\u00e3o de obras de arte ficar\u00e1 at\u00e9 dia 23 de novembro em Centro Cultural (Foto: Divulga\u00e7\u00e3o\/Prefeitura de Itapetininga)","src":"https:\/\/i0.wp.com\/s2.glbimg.com\/Rs0sT8aq5XiVY3kBfo5umK4-XGI%3D\/620x465\/s.glbimg.com\/jo\/g1\/f\/original\/2016\/11\/08\/exposicao_itapetininga.jpg?resize=350%2C200","width":350,"height":200,"srcset":"https:\/\/i0.wp.com\/s2.glbimg.com\/Rs0sT8aq5XiVY3kBfo5umK4-XGI%3D\/620x465\/s.glbimg.com\/jo\/g1\/f\/original\/2016\/11\/08\/exposicao_itapetininga.jpg?resize=350%2C200 1x, https:\/\/i0.wp.com\/s2.glbimg.com\/Rs0sT8aq5XiVY3kBfo5umK4-XGI%3D\/620x465\/s.glbimg.com\/jo\/g1\/f\/original\/2016\/11\/08\/exposicao_itapetininga.jpg?resize=525%2C300 1.5x"},"classes":[]}],"_links":{"self":[{"href":"http:\/\/jornalrol.com.br\/index.php?rest_route=\/wp\/v2\/posts\/62435","targetHints":{"allow":["GET"]}}],"collection":[{"href":"http:\/\/jornalrol.com.br\/index.php?rest_route=\/wp\/v2\/posts"}],"about":[{"href":"http:\/\/jornalrol.com.br\/index.php?rest_route=\/wp\/v2\/types\/post"}],"author":[{"embeddable":true,"href":"http:\/\/jornalrol.com.br\/index.php?rest_route=\/wp\/v2\/users\/6"}],"replies":[{"embeddable":true,"href":"http:\/\/jornalrol.com.br\/index.php?rest_route=%2Fwp%2Fv2%2Fcomments&post=62435"}],"version-history":[{"count":2,"href":"http:\/\/jornalrol.com.br\/index.php?rest_route=\/wp\/v2\/posts\/62435\/revisions"}],"predecessor-version":[{"id":62438,"href":"http:\/\/jornalrol.com.br\/index.php?rest_route=\/wp\/v2\/posts\/62435\/revisions\/62438"}],"wp:featuredmedia":[{"embeddable":true,"href":"http:\/\/jornalrol.com.br\/index.php?rest_route=\/wp\/v2\/media\/62436"}],"wp:attachment":[{"href":"http:\/\/jornalrol.com.br\/index.php?rest_route=%2Fwp%2Fv2%2Fmedia&parent=62435"}],"wp:term":[{"taxonomy":"category","embeddable":true,"href":"http:\/\/jornalrol.com.br\/index.php?rest_route=%2Fwp%2Fv2%2Fcategories&post=62435"},{"taxonomy":"post_tag","embeddable":true,"href":"http:\/\/jornalrol.com.br\/index.php?rest_route=%2Fwp%2Fv2%2Ftags&post=62435"}],"curies":[{"name":"wp","href":"https:\/\/api.w.org\/{rel}","templated":true}]}}