{"id":62662,"date":"2023-10-31T07:00:00","date_gmt":"2023-10-31T10:00:00","guid":{"rendered":"https:\/\/www.jornalrol.com.br\/?p=62662"},"modified":"2023-10-31T02:13:21","modified_gmt":"2023-10-31T05:13:21","slug":"poesia-indomita","status":"publish","type":"post","link":"http:\/\/jornalrol.com.br\/?p=62662","title":{"rendered":"Poesia ind\u00f4mita"},"content":{"rendered":"<div class=\"pdfprnt-buttons pdfprnt-buttons-post pdfprnt-top-right\"><a href=\"http:\/\/jornalrol.com.br\/index.php?rest_route=%2Fwp%2Fv2%2Fposts%2F62662&print=pdf\" class=\"pdfprnt-button pdfprnt-button-pdf\" target=\"_blank\" ><\/a><a href=\"http:\/\/jornalrol.com.br\/index.php?rest_route=%2Fwp%2Fv2%2Fposts%2F62662&print=print\" class=\"pdfprnt-button pdfprnt-button-print\" target=\"_blank\" ><img decoding=\"async\" src=\"https:\/\/jornalrol.com.br\/wp-content\/plugins\/pdf-print\/images\/print.png\" alt=\"image_print\" title=\"Conte\u00fado de impress\u00e3o\" \/><\/a><\/div>\n<h2 class=\"wp-block-heading has-text-align-center\">Pietro Costa: &#8216;Poesia ind\u00f4mita&#8217;<\/h2>\n\n\n<div class=\"wp-block-image\">\n<figure class=\"aligncenter size-full is-resized\"><img loading=\"lazy\" decoding=\"async\" width=\"362\" height=\"581\" data-attachment-id=\"60997\" data-permalink=\"http:\/\/jornalrol.com.br\/?attachment_id=60997\" data-orig-file=\"http:\/\/jornalrol.com.br\/wp-content\/uploads\/2023\/09\/PIETRO-COSTA-Picture-119-1.jpg\" data-orig-size=\"362,581\" data-comments-opened=\"1\" data-image-meta=\"{&quot;aperture&quot;:&quot;1.9&quot;,&quot;credit&quot;:&quot;&quot;,&quot;camera&quot;:&quot;SM-G975F&quot;,&quot;caption&quot;:&quot;&quot;,&quot;created_timestamp&quot;:&quot;1693514306&quot;,&quot;copyright&quot;:&quot;&quot;,&quot;focal_length&quot;:&quot;3.3&quot;,&quot;iso&quot;:&quot;400&quot;,&quot;shutter_speed&quot;:&quot;0.025&quot;,&quot;title&quot;:&quot;&quot;,&quot;orientation&quot;:&quot;1&quot;}\" data-image-title=\"PIETRO-COSTA-Picture-119-1\" data-image-description=\"&lt;p&gt;Pietro Costa&lt;\/p&gt;\n\" data-image-caption=\"&lt;p&gt;Pietro Costa&lt;\/p&gt;\n\" data-large-file=\"http:\/\/jornalrol.com.br\/wp-content\/uploads\/2023\/09\/PIETRO-COSTA-Picture-119-1.jpg\" src=\"https:\/\/www.jornalrol.com.br\/wp-content\/uploads\/2023\/09\/PIETRO-COSTA-Picture-119-1.jpg\" alt=\"Pietro Costa\" class=\"wp-image-60997\" style=\"aspect-ratio:0.6230636833046471;width:120px;height:auto\"\/><figcaption class=\"wp-element-caption\"><em>Pietro Costa<\/em><\/figcaption><\/figure>\n<\/div>\n\n<div class=\"wp-block-image\">\n<figure class=\"aligncenter size-full is-resized\"><img loading=\"lazy\" decoding=\"async\" width=\"270\" height=\"270\" data-attachment-id=\"62663\" data-permalink=\"http:\/\/jornalrol.com.br\/?attachment_id=62663\" data-orig-file=\"http:\/\/jornalrol.com.br\/wp-content\/uploads\/2023\/10\/OIG-1-5.jpg\" data-orig-size=\"270,270\" data-comments-opened=\"0\" data-image-meta=\"{&quot;aperture&quot;:&quot;0&quot;,&quot;credit&quot;:&quot;&quot;,&quot;camera&quot;:&quot;&quot;,&quot;caption&quot;:&quot;&quot;,&quot;created_timestamp&quot;:&quot;0&quot;,&quot;copyright&quot;:&quot;&quot;,&quot;focal_length&quot;:&quot;0&quot;,&quot;iso&quot;:&quot;0&quot;,&quot;shutter_speed&quot;:&quot;0&quot;,&quot;title&quot;:&quot;&quot;,&quot;orientation&quot;:&quot;0&quot;}\" data-image-title=\"OIG-1-5\" data-image-description=\"\" data-image-caption=\"\" data-large-file=\"http:\/\/jornalrol.com.br\/wp-content\/uploads\/2023\/10\/OIG-1-5.jpg\" src=\"https:\/\/www.jornalrol.com.br\/wp-content\/uploads\/2023\/10\/OIG-1-5.jpg\" alt=\"\" class=\"wp-image-62663\" style=\"aspect-ratio:1;width:375px;height:auto\"\/><figcaption class=\"wp-element-caption\">As armas s\u00e3o modernas e digitais<br><em>Criador de imagens do Bing<\/em><\/figcaption><\/figure>\n<\/div>\n\n\n<p class=\"has-text-align-center\">\u00c0 barb\u00e1rie, o poder se resigna<\/p>\n\n\n\n<p class=\"has-text-align-center\">A marca da maldade em voga<\/p>\n\n\n\n<p class=\"has-text-align-center\">Na orgia institu\u00edda que revoga&nbsp;<\/p>\n\n\n\n<p class=\"has-text-align-center\">O direito popular \u00e0 vida digna&nbsp;<\/p>\n\n\n\n<p class=\"has-text-align-center\"><br>Ah, sociedade sem lei e sem alma<\/p>\n\n\n\n<p class=\"has-text-align-center\">Que para a trucul\u00eancia bate palma<\/p>\n\n\n\n<p class=\"has-text-align-center\">Nos exemplos fajutos de altivez<\/p>\n\n\n\n<p class=\"has-text-align-center\">Ser\u00e1 que a poesia ainda tem vez?<\/p>\n\n\n\n<p class=\"has-text-align-center\"><br>Na bandidagem de \u2018her\u00f3is\u2019 venais<\/p>\n\n\n\n<p class=\"has-text-align-center\">E no hero\u00edsmo dos falsos sic\u00e1rios&nbsp;<\/p>\n\n\n\n<p class=\"has-text-align-center\">As armas s\u00e3o modernas e digitais&nbsp;&nbsp;<\/p>\n\n\n\n<p class=\"has-text-align-center\">Balas matam biografias e legados<\/p>\n\n\n\n<p class=\"has-text-align-center\"><br>O @ um dos distintivos mais temidos<\/p>\n\n\n\n<p class=\"has-text-align-center\">Ins\u00edgnia dos xerifes e mil\u00edcias virtuais&nbsp;<\/p>\n\n\n\n<p class=\"has-text-align-center\">Arrombando o sal\u00e3o, temperamentais<\/p>\n\n\n\n<p class=\"has-text-align-center\">Fortes disparos nas teclas, h\u00e1 feridos<\/p>\n\n\n\n<p class=\"has-text-align-center\"><br>A sede de poder saciada no sangue<\/p>\n\n\n\n<p class=\"has-text-align-center\">Os descontentes rotulados: gangue<\/p>\n\n\n\n<p class=\"has-text-align-center\"><br>Eis a Carnificina de todos os dias<\/p>\n\n\n\n<p class=\"has-text-align-center\">Bangue-bangue, parece n\u00e3o findar<\/p>\n\n\n\n<p class=\"has-text-align-center\">A democracia e soberania, v\u00edtimas<\/p>\n\n\n\n<p class=\"has-text-align-center\">S\u00f3 na poesia ind\u00f4mita, irei confiar<\/p>\n\n\n\n<p class=\"has-text-align-center\"><strong>Pietro Costa<\/strong><\/p>\n\n\n\n<h3 class=\"wp-block-heading has-text-align-center\">Contatos com o autor<\/h3>\n\n\n\n<div class=\"wp-block-columns is-layout-flex wp-container-core-columns-is-layout-9d6595d7 wp-block-columns-is-layout-flex\">\n<div class=\"wp-block-column is-layout-flow wp-block-column-is-layout-flow\">\n<h4 class=\"wp-block-heading has-text-align-center has-pale-ocean-gradient-background has-background\"><a href=\"https:\/\/www.youtube.com\/user\/pietrolemos0519\" target=\"_blank\" rel=\"noopener\" title=\"YouTube\">YouTube<\/a><\/h4>\n<\/div>\n\n\n\n<div class=\"wp-block-column is-layout-flow wp-block-column-is-layout-flow\">\n<h4 class=\"wp-block-heading has-text-align-center has-pale-ocean-gradient-background has-background\"><a href=\"http:\/\/pietrolemoscosta.blogspot.com\" title=\"Blog\">Blog<\/a><\/h4>\n<\/div>\n<\/div>\n\n\n\n<div class=\"wp-block-columns is-layout-flex wp-container-core-columns-is-layout-9d6595d7 wp-block-columns-is-layout-flex\">\n<div class=\"wp-block-column is-layout-flow wp-block-column-is-layout-flow\">\n<h4 class=\"wp-block-heading has-text-align-center has-pale-ocean-gradient-background has-background\"><a href=\"https:\/\/www.instagram.com\/pietrocosta_poeta\" target=\"_blank\" rel=\"noopener\" title=\"Facebook\">Facebook<\/a><\/h4>\n<\/div>\n\n\n\n<div class=\"wp-block-column is-layout-flow wp-block-column-is-layout-flow\">\n<h4 class=\"wp-block-heading has-text-align-center has-pale-ocean-gradient-background has-background\"><a href=\"https:\/\/www.instagram.com\/pietrocosta_poeta\" title=\"Instagram\">Instagram<\/a><\/h4>\n<\/div>\n<\/div>\n\n\n\n<p><br>Voltar: <a href=\"http:\/\/www.jornalrol.com.br\" title=\"\">http:\/\/www.jornalrol.com.br<\/a><\/p>\n\n\n\n<p>Facebook: <a href=\"https:\/\/www.facebook.com\/JCulturalRol\/\" title=\"\">https:\/\/www.facebook.com\/JCulturalRol\/<\/a><\/p>\n","protected":false},"excerpt":{"rendered":"<p>\u00c0 barb\u00e1rie, o poder se resigna a marca da maldade em voga, na orgia institu\u00edda que revoga o direito popular \u00e0 vida digna. Ah, sociedade sem lei e sem alma&#8230;<\/p>\n","protected":false},"author":20,"featured_media":62663,"comment_status":"open","ping_status":"closed","sticky":false,"template":"","format":"standard","meta":{"_jetpack_newsletter_access":"","_jetpack_dont_email_post_to_subs":false,"_jetpack_newsletter_tier_id":0,"_jetpack_memberships_contains_paywalled_content":false,"_jetpack_memberships_contains_paid_content":false,"footnotes":""},"categories":[9285,58],"tags":[771,10815,10816,10814,5122,6775,6854],"class_list":["post-62662","post","type-post","status-publish","format-standard","has-post-thumbnail","hentry","category-literatura","category-poesias","tag-alma","tag-direito-popular","tag-heroismo","tag-indomito","tag-literatura","tag-pietro-costa","tag-poesia"],"aioseo_notices":[],"views":683,"jetpack_featured_media_url":"http:\/\/jornalrol.com.br\/wp-content\/uploads\/2023\/10\/OIG-1-5.jpg","jetpack_sharing_enabled":true,"jetpack_likes_enabled":true,"jetpack-related-posts":[{"id":35956,"url":"http:\/\/jornalrol.com.br\/?p=35956","url_meta":{"origin":62662,"position":0},"title":"Pietro Costa: &#039;Ca\u00e7a ao Tesouro&#039;","author":"Pietro Costa","date":"22 de dezembro de 2020","format":false,"excerpt":"Ca\u00e7a ao Tesouro \u00a0 Ba\u00fas de infindas riquezas, situadas no rec\u00f4ndito mar das emo\u00e7\u00f5es Ind\u00f4mitas preciosidades avariadas, na avareza das pr\u00f3prias raz\u00f5es \u00a0 \u00a0 Na ca\u00e7a ao tesouro imperec\u00edvel, a presun\u00e7\u00e3o culmina na desventura Se incorrupt\u00edvel na paci\u00eancia e obstina\u00e7\u00e3o, conquista e desenvoltura \u00a0 Como a min\u00fascula semente de trigo,\u2026","rel":"","context":"Em &quot;Comunica\u00e7\u00e3o&quot;","block_context":{"text":"Comunica\u00e7\u00e3o","link":"http:\/\/jornalrol.com.br\/?cat=7"},"img":{"alt_text":"","src":"https:\/\/i0.wp.com\/www.jornalrol.com.br\/wp-content\/uploads\/2020\/11\/foto-Pietro-Costa-150x150.jpg?resize=350%2C200","width":350,"height":200},"classes":[]},{"id":61362,"url":"http:\/\/jornalrol.com.br\/?p=61362","url_meta":{"origin":62662,"position":1},"title":"Vig\u00edlia","author":"Pietro Costa","date":"20 de setembro de 2023","format":false,"excerpt":"Tuas p\u00e1ginas, profus\u00e3o de sentires. Mergulhar no mar absoluto da alma, achar o tesouro nas linhas da palma. \u00c0 vista, afortunadas terras e devires...","rel":"","context":"Em &quot;Literatura&quot;","block_context":{"text":"Literatura","link":"http:\/\/jornalrol.com.br\/?cat=9285"},"img":{"alt_text":"Pietro Costa","src":"https:\/\/i0.wp.com\/jornalrol.com.br\/wp-content\/uploads\/2023\/09\/PIETRO-COSTA-Picture-119-1.jpg?resize=350%2C200","width":350,"height":200},"classes":[]},{"id":69448,"url":"http:\/\/jornalrol.com.br\/?p=69448","url_meta":{"origin":62662,"position":2},"title":"Aldravia (3)","author":"Sergio Diniz da Costa","date":"17 de setembro de 2024","format":false,"excerpt":"erudito, popular, enlace, alma, sonora\u00a0 na\u00e7\u00e3o","rel":"","context":"Em &quot;Literatura&quot;","block_context":{"text":"Literatura","link":"http:\/\/jornalrol.com.br\/?cat=9285"},"img":{"alt_text":"Imagem gerada pela IA do Bing - 16 de setembro de 2024 \u00e0s 20:07 PM","src":"https:\/\/i0.wp.com\/jornalrol.com.br\/wp-content\/uploads\/2024\/09\/OIG1-1-1.jpeg?resize=350%2C200","width":350,"height":200,"srcset":"https:\/\/i0.wp.com\/jornalrol.com.br\/wp-content\/uploads\/2024\/09\/OIG1-1-1.jpeg?resize=350%2C200 1x, https:\/\/i0.wp.com\/jornalrol.com.br\/wp-content\/uploads\/2024\/09\/OIG1-1-1.jpeg?resize=525%2C300 1.5x, https:\/\/i0.wp.com\/jornalrol.com.br\/wp-content\/uploads\/2024\/09\/OIG1-1-1.jpeg?resize=700%2C400 2x"},"classes":[]},{"id":34814,"url":"http:\/\/jornalrol.com.br\/?p=34814","url_meta":{"origin":62662,"position":3},"title":"Ant\u00f4nio Fernandes do R\u00eago: &#039;Velho ip\u00ea&#039;","author":"Sergio Diniz da Costa","date":"3 de novembro de 2020","format":false,"excerpt":"Velho ip\u00ea Velho ip\u00ea que se tomba curva ao vento Tua fronde ainda teima em florir Em frente o rio e acenas ao povir, Ind\u00f4mito a driblar o desalento. \u00a0 Tamb\u00e9m reclino a minha fronte calva Frente a uma crian\u00e7a e o seu sorrir, E atrav\u00e9s dela fico eu a\u2026","rel":"","context":"Em &quot;Comunica\u00e7\u00e3o&quot;","block_context":{"text":"Comunica\u00e7\u00e3o","link":"http:\/\/jornalrol.com.br\/?cat=7"},"img":{"alt_text":"","src":"https:\/\/i0.wp.com\/www.jornalrol.com.br\/wp-content\/uploads\/2020\/06\/f0aa036a-2e8d-4b00-a684-549f5fe27949-249x300.jpg?resize=350%2C200","width":350,"height":200},"classes":[]},{"id":61501,"url":"http:\/\/jornalrol.com.br\/?p=61501","url_meta":{"origin":62662,"position":4},"title":"Terra-floresta","author":"Pietro Costa","date":"26 de setembro de 2023","format":false,"excerpt":"Omiss\u00e3o de socorro na inseguran\u00e7a alimentar, terras ind\u00edgenas onde a lei \u00e9 invadir, devastar. O Estado em xeque, situa\u00e7\u00e3o para se lamentar. E tal selvajaria...","rel":"","context":"Em &quot;Literatura&quot;","block_context":{"text":"Literatura","link":"http:\/\/jornalrol.com.br\/?cat=9285"},"img":{"alt_text":"Pietro Costa","src":"https:\/\/i0.wp.com\/jornalrol.com.br\/wp-content\/uploads\/2023\/09\/PIETRO-COSTA-Picture-119-1.jpg?resize=350%2C200","width":350,"height":200},"classes":[]},{"id":61707,"url":"http:\/\/jornalrol.com.br\/?p=61707","url_meta":{"origin":62662,"position":5},"title":"O Criador de mundos","author":"Sergio Diniz da Costa","date":"2 de outubro de 2023","format":false,"excerpt":"O em\u00e9rito maestro do desconcerto. Canto os teus pendores vision\u00e1rios, refrig\u00e9rio da alma, o\u00e1sis do pensar. Imerso nas letras, tu crias cen\u00e1rios, abrandas a dor","rel":"","context":"Em &quot;Literatura&quot;","block_context":{"text":"Literatura","link":"http:\/\/jornalrol.com.br\/?cat=9285"},"img":{"alt_text":"Pietro Costa","src":"https:\/\/i0.wp.com\/jornalrol.com.br\/wp-content\/uploads\/2023\/09\/PIETRO-COSTA-Picture-119-1.jpg?resize=350%2C200","width":350,"height":200},"classes":[]}],"_links":{"self":[{"href":"http:\/\/jornalrol.com.br\/index.php?rest_route=\/wp\/v2\/posts\/62662","targetHints":{"allow":["GET"]}}],"collection":[{"href":"http:\/\/jornalrol.com.br\/index.php?rest_route=\/wp\/v2\/posts"}],"about":[{"href":"http:\/\/jornalrol.com.br\/index.php?rest_route=\/wp\/v2\/types\/post"}],"author":[{"embeddable":true,"href":"http:\/\/jornalrol.com.br\/index.php?rest_route=\/wp\/v2\/users\/20"}],"replies":[{"embeddable":true,"href":"http:\/\/jornalrol.com.br\/index.php?rest_route=%2Fwp%2Fv2%2Fcomments&post=62662"}],"version-history":[{"count":2,"href":"http:\/\/jornalrol.com.br\/index.php?rest_route=\/wp\/v2\/posts\/62662\/revisions"}],"predecessor-version":[{"id":62665,"href":"http:\/\/jornalrol.com.br\/index.php?rest_route=\/wp\/v2\/posts\/62662\/revisions\/62665"}],"wp:featuredmedia":[{"embeddable":true,"href":"http:\/\/jornalrol.com.br\/index.php?rest_route=\/wp\/v2\/media\/62663"}],"wp:attachment":[{"href":"http:\/\/jornalrol.com.br\/index.php?rest_route=%2Fwp%2Fv2%2Fmedia&parent=62662"}],"wp:term":[{"taxonomy":"category","embeddable":true,"href":"http:\/\/jornalrol.com.br\/index.php?rest_route=%2Fwp%2Fv2%2Fcategories&post=62662"},{"taxonomy":"post_tag","embeddable":true,"href":"http:\/\/jornalrol.com.br\/index.php?rest_route=%2Fwp%2Fv2%2Ftags&post=62662"}],"curies":[{"name":"wp","href":"https:\/\/api.w.org\/{rel}","templated":true}]}}