{"id":62782,"date":"2023-11-04T15:06:44","date_gmt":"2023-11-04T18:06:44","guid":{"rendered":"https:\/\/www.jornalrol.com.br\/?p=62782"},"modified":"2023-11-04T15:06:57","modified_gmt":"2023-11-04T18:06:57","slug":"artista-votorantinense-apresenta-solo-desnaturado","status":"publish","type":"post","link":"http:\/\/jornalrol.com.br\/?p=62782","title":{"rendered":"Artista votorantinense apresenta solo &#8216;Desnaturado&#8217;\u00a0"},"content":{"rendered":"<div class=\"pdfprnt-buttons pdfprnt-buttons-post pdfprnt-top-right\"><a href=\"http:\/\/jornalrol.com.br\/index.php?rest_route=%2Fwp%2Fv2%2Fposts%2F62782&print=pdf\" class=\"pdfprnt-button pdfprnt-button-pdf\" target=\"_blank\" ><\/a><a href=\"http:\/\/jornalrol.com.br\/index.php?rest_route=%2Fwp%2Fv2%2Fposts%2F62782&print=print\" class=\"pdfprnt-button pdfprnt-button-print\" target=\"_blank\" ><img decoding=\"async\" src=\"https:\/\/jornalrol.com.br\/wp-content\/plugins\/pdf-print\/images\/print.png\" alt=\"image_print\" title=\"Conte\u00fado de impress\u00e3o\" \/><\/a><\/div>\n<h2 class=\"wp-block-heading has-text-align-center\"><em>A entrada \u00e9 gratuita e Felipe Vian tamb\u00e9m ministrar\u00e1 uma oficina de dan\u00e7a contempor\u00e2nea gr\u00e1tis<\/em><br><br><\/h2>\n\n\n<div class=\"wp-block-image\">\n<figure class=\"aligncenter size-full is-resized\"><img loading=\"lazy\" decoding=\"async\" width=\"1200\" height=\"1600\" data-attachment-id=\"62783\" data-permalink=\"http:\/\/jornalrol.com.br\/?attachment_id=62783\" data-orig-file=\"http:\/\/jornalrol.com.br\/wp-content\/uploads\/2023\/11\/performance.Desnaturado-FOTO-ANDREY-SILVA.jpeg\" data-orig-size=\"1200,1600\" data-comments-opened=\"0\" data-image-meta=\"{&quot;aperture&quot;:&quot;0&quot;,&quot;credit&quot;:&quot;&quot;,&quot;camera&quot;:&quot;&quot;,&quot;caption&quot;:&quot;&quot;,&quot;created_timestamp&quot;:&quot;0&quot;,&quot;copyright&quot;:&quot;&quot;,&quot;focal_length&quot;:&quot;0&quot;,&quot;iso&quot;:&quot;0&quot;,&quot;shutter_speed&quot;:&quot;0&quot;,&quot;title&quot;:&quot;&quot;,&quot;orientation&quot;:&quot;0&quot;}\" data-image-title=\"performance.Desnaturado-FOTO-ANDREY-SILVA\" data-image-description=\"\" data-image-caption=\"\" data-large-file=\"http:\/\/jornalrol.com.br\/wp-content\/uploads\/2023\/11\/performance.Desnaturado-FOTO-ANDREY-SILVA.jpeg\" src=\"https:\/\/www.jornalrol.com.br\/wp-content\/uploads\/2023\/11\/performance.Desnaturado-FOTO-ANDREY-SILVA.jpeg\" alt=\"Performance - Desnaturado. Foto Andrey Silva\" class=\"wp-image-62783\" style=\"aspect-ratio:0.75;width:350px;height:auto\"\/><figcaption class=\"wp-element-caption\"><em>Performance &#8211; Desnaturado. Foto Andrey Silva<\/em><\/figcaption><\/figure>\n<\/div>\n\n\n<p class=\"has-drop-cap\">Um convite para mergulhar em del\u00edrios fascinantes e proporcionar uma experi\u00eancia \u00fanica entre fantasia e realidade, o artista de dan\u00e7a votorantinense, Felipe Vian, realiza apresenta\u00e7\u00e3o da performance &#8216;Desnaturado&#8217;, domingo (12), \u00e0s 19h, no Audit\u00f3rio Municipal de Votorantim. A entrada \u00e9 gratuita.<\/p>\n\n\n\n<p>A performance &#8216;Desnaturado&#8217; \u00e9 um encontro da dan\u00e7a contempor\u00e2nea com as artes visuais, propondo a cria\u00e7\u00e3o de figuras exc\u00eantricas no palco e narrativas que transitam entre a alegria e a ang\u00fastia. O solo busca tirar o protagonismo de si, ou seja, passa o protagonismo para os objetos c\u00eanicos que transformam o corpo que dan\u00e7a, produzindo uma s\u00e9rie de imagens e del\u00edrios po\u00e9ticos.&nbsp;<\/p>\n\n\n\n<p><em>\u201cTrata-se de uma pesquisa sobre metamorfose, transitoriedade, humor e incorpora elementos do expressionismo para criar uma experi\u00eancia em cena que d\u00e1 forma aos del\u00edrios de um personagem que vive entre a fantasia e a realidade\u201d<\/em>, destaca Felipe Vian.&nbsp;<\/p>\n\n\n\n<p>Ap\u00f3s trabalhar nove anos com a Lia Rodrigues Companhia de Dan\u00e7as do Rio de Janeiro, com quem esteve ao lado elaborando pe\u00e7as, ministrando aulas e apresentando temporadas pelo mundo, Felipe Vian afirma que \u201cDesnaturado\u201d \u00e9 um desdobramento dessa viv\u00eancia com a core\u00f3grafa.&nbsp;<\/p>\n\n\n\n<p>De acordo com ele, o personagem da pe\u00e7a se transforma o tempo todo, ora \u00e9 gente, ora \u00e9 bicho e se diverte sob a instabilidade da vida. <em>\u201cEle \u00e9 um sentimento que n\u00e3o busca responder aos desafios da atualidade, no entanto, vive em um ato de coragem sob um tempo suspenso, de rupturas e cat\u00e1rtico\u201d<\/em>, revela o artista.<br><br><\/p>\n\n\n<div class=\"wp-block-image\">\n<figure class=\"aligncenter size-full is-resized\"><img loading=\"lazy\" decoding=\"async\" width=\"1080\" height=\"1080\" data-attachment-id=\"62785\" data-permalink=\"http:\/\/jornalrol.com.br\/?attachment_id=62785\" data-orig-file=\"http:\/\/jornalrol.com.br\/wp-content\/uploads\/2023\/11\/arte-divulg-oficina-danca-1.jpeg\" data-orig-size=\"1080,1080\" data-comments-opened=\"0\" data-image-meta=\"{&quot;aperture&quot;:&quot;0&quot;,&quot;credit&quot;:&quot;&quot;,&quot;camera&quot;:&quot;&quot;,&quot;caption&quot;:&quot;&quot;,&quot;created_timestamp&quot;:&quot;0&quot;,&quot;copyright&quot;:&quot;&quot;,&quot;focal_length&quot;:&quot;0&quot;,&quot;iso&quot;:&quot;0&quot;,&quot;shutter_speed&quot;:&quot;0&quot;,&quot;title&quot;:&quot;&quot;,&quot;orientation&quot;:&quot;0&quot;}\" data-image-title=\"arte-divulg-oficina-danca-1\" data-image-description=\"\" data-image-caption=\"\" data-large-file=\"http:\/\/jornalrol.com.br\/wp-content\/uploads\/2023\/11\/arte-divulg-oficina-danca-1.jpeg\" src=\"https:\/\/www.jornalrol.com.br\/wp-content\/uploads\/2023\/11\/arte-divulg-oficina-danca-1.jpeg\" alt=\"Arte Divulga\u00e7\u00e3o - Oficina de Dan\u00e7a\" class=\"wp-image-62785\" style=\"aspect-ratio:1;width:300px;height:auto\"\/><figcaption class=\"wp-element-caption\"><em>Arte Divulga\u00e7\u00e3o &#8211; Oficina de Dan\u00e7a<\/em><\/figcaption><\/figure>\n<\/div>\n\n\n<p>Al\u00e9m da apresenta\u00e7\u00e3o do solo, no mesmo dia e local, o artista tamb\u00e9m ministrar\u00e1 uma oficina aberta e gratuita para todas as pessoas interessadas em dan\u00e7a acima de 14 anos. Ele compartilhar\u00e1 um pouco de suas experi\u00eancias em dan\u00e7a e parte do processo de cria\u00e7\u00e3o da performance \u201cDesnaturado\u201d. A oficina acontecer\u00e1 \u00e0s 15h e n\u00e3o \u00e9 necess\u00e1rio fazer inscri\u00e7\u00e3o, basta comparecer no Audit\u00f3rio Municipal de Votorantim, portando um documento oficial com foto.&nbsp;<\/p>\n\n\n\n<p>Os ingressos para a pe\u00e7a e oficina s\u00e3o gratuitos. O Audit\u00f3rio Municipal Francisco Beranger fica na Av. Ver. Newton Vieira Soares, 291 &#8211; Centro, Votorantim.<\/p>\n\n\n\n<p><br><strong>SERVI\u00c7O:<\/strong><\/p>\n\n\n\n<p><strong>Solo &#8216;Desnaturado&#8217; de Felipe Vian<\/strong><\/p>\n\n\n\n<p>Data: 12\/11\/2023<\/p>\n\n\n\n<p>Hor\u00e1rio: 19h<\/p>\n\n\n\n<p>Entrada: Gratuita<\/p>\n\n\n\n<p>Apoio: Secretaria de Cultura de Votorantim<\/p>\n\n\n\n<p>Classifica\u00e7\u00e3o indicativa: 14 anos<\/p>\n\n\n\n<p>Dura\u00e7\u00e3o: 45 minutos<\/p>\n\n\n\n<p>Local: Teatro Municipal Francisco Beranger \u2013 Votorantim\/SP<\/p>\n\n\n\n<p>Oficina de dan\u00e7a com Felipe Vian<\/p>\n\n\n\n<p>Data: 12\/03\/2023<\/p>\n\n\n\n<p>Hor\u00e1rio: 15h<\/p>\n\n\n\n<p>Entrada: Gratuita<\/p>\n\n\n\n<p>Apoio: Secretaria de Cultura de Votorantim<\/p>\n\n\n\n<p>Classifica\u00e7\u00e3o indicativa: 14 anos<\/p>\n\n\n\n<p>Dura\u00e7\u00e3o:&nbsp;<\/p>\n\n\n\n<p>Local: Teatro Municipal Francisco Beranger \u2013 Votorantim<\/p>\n\n\n\n<p><br><strong>SOBRE FELIPE VIAN:<\/strong><\/p>\n\n\n\n<p>Felipe Vian come\u00e7ou seus estudos em dan\u00e7a no projeto N\u00facleo de Dan\u00e7a de Votorantim, onde esteve em contato com diversos professores e artistas do Brasil e do exterior. Fez parte do programa de interc\u00e2mbio cultural Arsenale Della Danza em Veneza na It\u00e1lia, dirigido pelo core\u00f3grafo Ismael Ivo.<br><br> Integrou a Lia Rodrigues Companhia de Dan\u00e7as e trabalhou ao lado da core\u00f3grafa por 9 anos, se apresentando em mais de 20 pa\u00edses. Colabora com a companhia francesa Sine Qua Non Art dirigido pelos core\u00f3grafos Christophe B\u00e9ranger e Jonathan Pranlas-Descours. <br><br>\u00c9 idealizador do Borbulha Festival, projeto que promove pr\u00e1ticas criativas, grupo de estudos e experi\u00eancias audiovisuais. Faz licenciatura em Artes Visuais pela UNIP \u2013 Universidade Paulista.&nbsp;<br><\/p>\n\n\n\n<p><br>Voltar: <a href=\"http:\/\/www.jornalrol.com.br\" title=\"\">http:\/\/www.jornalrol.com.br<\/a><\/p>\n\n\n\n<p>Facebook: <a href=\"https:\/\/facebook.com\/JCulturalRol\/\" title=\"\">https:\/\/facebook.com\/JCulturalRol\/<\/a><\/p>\n","protected":false},"excerpt":{"rendered":"<p>Um convite para mergulhar em del\u00edrios fascinantes e proporcionar uma experi\u00eancia \u00fanica, o artista Felipe Vian realiza a performance &#8216;Desnaturado&#8217;.<\/p>\n","protected":false},"author":6,"featured_media":62783,"comment_status":"open","ping_status":"closed","sticky":false,"template":"","format":"standard","meta":{"_jetpack_newsletter_access":"","_jetpack_dont_email_post_to_subs":false,"_jetpack_newsletter_tier_id":0,"_jetpack_memberships_contains_paywalled_content":false,"_jetpack_memberships_contains_paid_content":false,"footnotes":""},"categories":[9286,10076],"tags":[1057,2595,9697,9698,6307,6730,8066],"class_list":["post-62782","post","type-post","status-publish","format-standard","has-post-thumbnail","hentry","category-arte","category-dancas","tag-arte","tag-danca","tag-desnaturado","tag-felipe-vian","tag-oficina","tag-performance","tag-solo"],"aioseo_notices":[],"views":837,"jetpack_featured_media_url":"http:\/\/jornalrol.com.br\/wp-content\/uploads\/2023\/11\/performance.Desnaturado-FOTO-ANDREY-SILVA.jpeg","jetpack_sharing_enabled":true,"jetpack_likes_enabled":true,"jetpack-related-posts":[{"id":59053,"url":"http:\/\/jornalrol.com.br\/?p=59053","url_meta":{"origin":62782,"position":0},"title":"Maloca Centro Cultural recebe performance \u201cDesnaturado\u201d\u00a0de Felipe Vian neste s\u00e1bado\u00a0","author":"Sergio Diniz da Costa","date":"20 de julho de 2023","format":false,"excerpt":"Um convite para mergulhar em del\u00edrios fascinantes e proporcionar uma experi\u00eancia \u00fanica entre fantasia e realidade, a Maloca Centro Cultural apresenta...","rel":"","context":"Em &quot;Arte&quot;","block_context":{"text":"Arte","link":"http:\/\/jornalrol.com.br\/?cat=9286"},"img":{"alt_text":"","src":"https:\/\/i0.wp.com\/jornalrol.com.br\/wp-content\/uploads\/2023\/07\/Maloca-Centro-Cultural-recebe-performance-Desnaturado-de-Felipe-Vian-neste-sabado.jpeg?resize=350%2C200","width":350,"height":200,"srcset":"https:\/\/i0.wp.com\/jornalrol.com.br\/wp-content\/uploads\/2023\/07\/Maloca-Centro-Cultural-recebe-performance-Desnaturado-de-Felipe-Vian-neste-sabado.jpeg?resize=350%2C200 1x, https:\/\/i0.wp.com\/jornalrol.com.br\/wp-content\/uploads\/2023\/07\/Maloca-Centro-Cultural-recebe-performance-Desnaturado-de-Felipe-Vian-neste-sabado.jpeg?resize=525%2C300 1.5x, https:\/\/i0.wp.com\/jornalrol.com.br\/wp-content\/uploads\/2023\/07\/Maloca-Centro-Cultural-recebe-performance-Desnaturado-de-Felipe-Vian-neste-sabado.jpeg?resize=700%2C400 2x, https:\/\/i0.wp.com\/jornalrol.com.br\/wp-content\/uploads\/2023\/07\/Maloca-Centro-Cultural-recebe-performance-Desnaturado-de-Felipe-Vian-neste-sabado.jpeg?resize=1050%2C600 3x"},"classes":[]},{"id":64760,"url":"http:\/\/jornalrol.com.br\/?p=64760","url_meta":{"origin":62782,"position":1},"title":"N\u00facleo Ajeum abre inscri\u00e7\u00f5es para festival de dan\u00e7a","author":"Sergio Diniz da Costa","date":"4 de mar\u00e7o de 2024","format":false,"excerpt":"N\u00facleo Ajeum abre inscri\u00e7\u00f5es para festival de dan\u00e7a. Com foco no protagonismo da arte negra, ser\u00e3o selecionados projetos de artistas solo e em coletivos...","rel":"","context":"Em &quot;Arte&quot;","block_context":{"text":"Arte","link":"http:\/\/jornalrol.com.br\/?cat=9286"},"img":{"alt_text":"","src":"","width":0,"height":0},"classes":[]},{"id":42936,"url":"http:\/\/jornalrol.com.br\/?p=42936","url_meta":{"origin":62782,"position":2},"title":"Projeto de Dan\u00e7a Contempor\u00e2nea retorna com programa\u00e7\u00e3o online e gratuita na pr\u00f3xima quinta-feira (15)","author":"Veronica Moreira","date":"15 de julho de 2021","format":false,"excerpt":"\"Conversas Transit\u00f3rias\u201d reunir\u00e1 tr\u00eas artistas e pesquisadores da dan\u00e7a para discutir sobre rela\u00e7\u00f5es de corpo, cria\u00e7\u00e3o e crise. Transmiss\u00f5es acontecer\u00e3o via Instagram Em 2020 por conta da pandemia da covid-19, muitos projetos precisaram ser pausados e a oficina de Estudos Urbanos em Dan\u00e7a Contempor\u00e2nea, do projeto \u201cTranscoreografar a Cidade\u201d \u2013\u2026","rel":"","context":"Em &quot;Comunica\u00e7\u00e3o&quot;","block_context":{"text":"Comunica\u00e7\u00e3o","link":"http:\/\/jornalrol.com.br\/?cat=7"},"img":{"alt_text":"","src":"https:\/\/i0.wp.com\/jornalrol.com.br\/wp-content\/uploads\/2021\/07\/Projeto-de-Danc%CC%A7a-Contempora%CC%82nea-retorna-com-programac%CC%A7a%CC%83o-online-e-gratuita-na-pro%CC%81xima-quinta-feira-15.jpg?resize=350%2C200","width":350,"height":200,"srcset":"https:\/\/i0.wp.com\/jornalrol.com.br\/wp-content\/uploads\/2021\/07\/Projeto-de-Danc%CC%A7a-Contempora%CC%82nea-retorna-com-programac%CC%A7a%CC%83o-online-e-gratuita-na-pro%CC%81xima-quinta-feira-15.jpg?resize=350%2C200 1x, https:\/\/i0.wp.com\/jornalrol.com.br\/wp-content\/uploads\/2021\/07\/Projeto-de-Danc%CC%A7a-Contempora%CC%82nea-retorna-com-programac%CC%A7a%CC%83o-online-e-gratuita-na-pro%CC%81xima-quinta-feira-15.jpg?resize=525%2C300 1.5x, https:\/\/i0.wp.com\/jornalrol.com.br\/wp-content\/uploads\/2021\/07\/Projeto-de-Danc%CC%A7a-Contempora%CC%82nea-retorna-com-programac%CC%A7a%CC%83o-online-e-gratuita-na-pro%CC%81xima-quinta-feira-15.jpg?resize=700%2C400 2x, https:\/\/i0.wp.com\/jornalrol.com.br\/wp-content\/uploads\/2021\/07\/Projeto-de-Danc%CC%A7a-Contempora%CC%82nea-retorna-com-programac%CC%A7a%CC%83o-online-e-gratuita-na-pro%CC%81xima-quinta-feira-15.jpg?resize=1050%2C600 3x, https:\/\/i0.wp.com\/jornalrol.com.br\/wp-content\/uploads\/2021\/07\/Projeto-de-Danc%CC%A7a-Contempora%CC%82nea-retorna-com-programac%CC%A7a%CC%83o-online-e-gratuita-na-pro%CC%81xima-quinta-feira-15.jpg?resize=1400%2C800 4x"},"classes":[]},{"id":37625,"url":"http:\/\/jornalrol.com.br\/?p=37625","url_meta":{"origin":62782,"position":3},"title":"Festival Aparecida Criativa surge para transformar a produ\u00e7\u00e3o cultural de Sorocaba","author":"Sergio Diniz da Costa","date":"10 de fevereiro de 2021","format":false,"excerpt":"O palco ser\u00e1 a lend\u00e1ria Rua Aparecida, localizada na regi\u00e3o norte da cidade A partir do m\u00eas de abril, quem atravessar a Rua Aparecida, no Jardim Santa Ros\u00e1lia, n\u00e3o estar\u00e1 apenas cruzando o principal reduto da bo\u00eamia cultural da Regi\u00e3o Metropolitana de Sorocaba, mas tamb\u00e9m caminhando pelo palco do Festival\u2026","rel":"","context":"Em &quot;Comunica\u00e7\u00e3o&quot;","block_context":{"text":"Comunica\u00e7\u00e3o","link":"http:\/\/jornalrol.com.br\/?cat=7"},"img":{"alt_text":"","src":"https:\/\/i0.wp.com\/jornalrol.com.br\/wp-content\/uploads\/2021\/02\/O-Festival-Aparecida-Criativa-reune-grandes-nomes-da-cena-artistica-de-Sorocaba-Foto-Julio-Salvo-JF-960x639.jpg?resize=350%2C200","width":350,"height":200,"srcset":"https:\/\/i0.wp.com\/jornalrol.com.br\/wp-content\/uploads\/2021\/02\/O-Festival-Aparecida-Criativa-reune-grandes-nomes-da-cena-artistica-de-Sorocaba-Foto-Julio-Salvo-JF-960x639.jpg?resize=350%2C200 1x, https:\/\/i0.wp.com\/jornalrol.com.br\/wp-content\/uploads\/2021\/02\/O-Festival-Aparecida-Criativa-reune-grandes-nomes-da-cena-artistica-de-Sorocaba-Foto-Julio-Salvo-JF-960x639.jpg?resize=525%2C300 1.5x, https:\/\/i0.wp.com\/jornalrol.com.br\/wp-content\/uploads\/2021\/02\/O-Festival-Aparecida-Criativa-reune-grandes-nomes-da-cena-artistica-de-Sorocaba-Foto-Julio-Salvo-JF-960x639.jpg?resize=700%2C400 2x"},"classes":[]},{"id":38476,"url":"http:\/\/jornalrol.com.br\/?p=38476","url_meta":{"origin":62782,"position":4},"title":"Festival Aparecida Criativa divulga atra\u00e7\u00f5es","author":"Sergio Diniz da Costa","date":"11 de mar\u00e7o de 2021","format":false,"excerpt":"Com importantes nomes da cena art\u00edstica sorocabana, evento visa transformar a Rua Aparecida em um corredor criativo Transformar a Rua Aparecida, no Jardim Santa Ros\u00e1lia, em Sorocaba (SP), em um corredor de produ\u00e7\u00e3o criativa reconhecido pelos \u00f3rg\u00e3os governamentais. Foi com essa proposta que o membro do Comit\u00ea Gestor de Economia\u2026","rel":"","context":"Em &quot;Comunica\u00e7\u00e3o&quot;","block_context":{"text":"Comunica\u00e7\u00e3o","link":"http:\/\/jornalrol.com.br\/?cat=7"},"img":{"alt_text":"","src":"https:\/\/i0.wp.com\/jornalrol.com.br\/wp-content\/uploads\/2021\/03\/Incentivar-a-economia-criativa-%C3%A9-um-dos-pilares-do-Festival-Aparecida-Criativa-Foto-Ana-%C3%89rica-Divulga%C3%A7%C3%A3o.jpg?resize=350%2C200","width":350,"height":200,"srcset":"https:\/\/i0.wp.com\/jornalrol.com.br\/wp-content\/uploads\/2021\/03\/Incentivar-a-economia-criativa-%C3%A9-um-dos-pilares-do-Festival-Aparecida-Criativa-Foto-Ana-%C3%89rica-Divulga%C3%A7%C3%A3o.jpg?resize=350%2C200 1x, https:\/\/i0.wp.com\/jornalrol.com.br\/wp-content\/uploads\/2021\/03\/Incentivar-a-economia-criativa-%C3%A9-um-dos-pilares-do-Festival-Aparecida-Criativa-Foto-Ana-%C3%89rica-Divulga%C3%A7%C3%A3o.jpg?resize=525%2C300 1.5x, https:\/\/i0.wp.com\/jornalrol.com.br\/wp-content\/uploads\/2021\/03\/Incentivar-a-economia-criativa-%C3%A9-um-dos-pilares-do-Festival-Aparecida-Criativa-Foto-Ana-%C3%89rica-Divulga%C3%A7%C3%A3o.jpg?resize=700%2C400 2x, https:\/\/i0.wp.com\/jornalrol.com.br\/wp-content\/uploads\/2021\/03\/Incentivar-a-economia-criativa-%C3%A9-um-dos-pilares-do-Festival-Aparecida-Criativa-Foto-Ana-%C3%89rica-Divulga%C3%A7%C3%A3o.jpg?resize=1050%2C600 3x, https:\/\/i0.wp.com\/jornalrol.com.br\/wp-content\/uploads\/2021\/03\/Incentivar-a-economia-criativa-%C3%A9-um-dos-pilares-do-Festival-Aparecida-Criativa-Foto-Ana-%C3%89rica-Divulga%C3%A7%C3%A3o.jpg?resize=1400%2C800 4x"},"classes":[]},{"id":64326,"url":"http:\/\/jornalrol.com.br\/?p=64326","url_meta":{"origin":62782,"position":5},"title":"Projeto Sentindo a Vida pelo Movimento","author":"Sergio Diniz da Costa","date":"15 de janeiro de 2024","format":false,"excerpt":"De 15 a 25 de janeiro estar\u00e3o abertas as inscri\u00e7\u00f5es para Oficinas de Dan\u00e7a gratuitas, oferecidas para pessoas acima de 50 anos, atrav\u00e9s do Projeto \u201cSentindo...","rel":"","context":"Em &quot;Arte&quot;","block_context":{"text":"Arte","link":"http:\/\/jornalrol.com.br\/?cat=9286"},"img":{"alt_text":"Projeto Sentindo a Vida pelo Movimento","src":"https:\/\/i0.wp.com\/jornalrol.com.br\/wp-content\/uploads\/2024\/01\/Divulgacao-Aline-Nieri-2.jpeg?resize=350%2C200","width":350,"height":200,"srcset":"https:\/\/i0.wp.com\/jornalrol.com.br\/wp-content\/uploads\/2024\/01\/Divulgacao-Aline-Nieri-2.jpeg?resize=350%2C200 1x, https:\/\/i0.wp.com\/jornalrol.com.br\/wp-content\/uploads\/2024\/01\/Divulgacao-Aline-Nieri-2.jpeg?resize=525%2C300 1.5x, https:\/\/i0.wp.com\/jornalrol.com.br\/wp-content\/uploads\/2024\/01\/Divulgacao-Aline-Nieri-2.jpeg?resize=700%2C400 2x, https:\/\/i0.wp.com\/jornalrol.com.br\/wp-content\/uploads\/2024\/01\/Divulgacao-Aline-Nieri-2.jpeg?resize=1050%2C600 3x"},"classes":[]}],"_links":{"self":[{"href":"http:\/\/jornalrol.com.br\/index.php?rest_route=\/wp\/v2\/posts\/62782","targetHints":{"allow":["GET"]}}],"collection":[{"href":"http:\/\/jornalrol.com.br\/index.php?rest_route=\/wp\/v2\/posts"}],"about":[{"href":"http:\/\/jornalrol.com.br\/index.php?rest_route=\/wp\/v2\/types\/post"}],"author":[{"embeddable":true,"href":"http:\/\/jornalrol.com.br\/index.php?rest_route=\/wp\/v2\/users\/6"}],"replies":[{"embeddable":true,"href":"http:\/\/jornalrol.com.br\/index.php?rest_route=%2Fwp%2Fv2%2Fcomments&post=62782"}],"version-history":[{"count":3,"href":"http:\/\/jornalrol.com.br\/index.php?rest_route=\/wp\/v2\/posts\/62782\/revisions"}],"predecessor-version":[{"id":62787,"href":"http:\/\/jornalrol.com.br\/index.php?rest_route=\/wp\/v2\/posts\/62782\/revisions\/62787"}],"wp:featuredmedia":[{"embeddable":true,"href":"http:\/\/jornalrol.com.br\/index.php?rest_route=\/wp\/v2\/media\/62783"}],"wp:attachment":[{"href":"http:\/\/jornalrol.com.br\/index.php?rest_route=%2Fwp%2Fv2%2Fmedia&parent=62782"}],"wp:term":[{"taxonomy":"category","embeddable":true,"href":"http:\/\/jornalrol.com.br\/index.php?rest_route=%2Fwp%2Fv2%2Fcategories&post=62782"},{"taxonomy":"post_tag","embeddable":true,"href":"http:\/\/jornalrol.com.br\/index.php?rest_route=%2Fwp%2Fv2%2Ftags&post=62782"}],"curies":[{"name":"wp","href":"https:\/\/api.w.org\/{rel}","templated":true}]}}