{"id":63247,"date":"2023-11-23T14:16:03","date_gmt":"2023-11-23T17:16:03","guid":{"rendered":"https:\/\/www.jornalrol.com.br\/?p=63247"},"modified":"2023-11-23T14:16:11","modified_gmt":"2023-11-23T17:16:11","slug":"aparicao-uma-reflexao-sobre-a-vida-em-nossos-dias","status":"publish","type":"post","link":"http:\/\/jornalrol.com.br\/?p=63247","title":{"rendered":"&#8216;Apari\u00e7\u00e3o&#8217;, uma reflex\u00e3o sobre a vida em nossos dias"},"content":{"rendered":"<div class=\"pdfprnt-buttons pdfprnt-buttons-post pdfprnt-top-right\"><a href=\"http:\/\/jornalrol.com.br\/index.php?rest_route=%2Fwp%2Fv2%2Fposts%2F63247&print=pdf\" class=\"pdfprnt-button pdfprnt-button-pdf\" target=\"_blank\" ><\/a><a href=\"http:\/\/jornalrol.com.br\/index.php?rest_route=%2Fwp%2Fv2%2Fposts%2F63247&print=print\" class=\"pdfprnt-button pdfprnt-button-print\" target=\"_blank\" ><img decoding=\"async\" src=\"https:\/\/jornalrol.com.br\/wp-content\/plugins\/pdf-print\/images\/print.png\" alt=\"image_print\" title=\"Conte\u00fado de impress\u00e3o\" \/><\/a><\/div>\n<h2 class=\"wp-block-heading has-text-align-center\">Elaine dos Santos: <br>Cr\u00f4nica: &#8216;Apari\u00e7\u00e3o&#8217;, uma reflex\u00e3o sobre a vida em nossos dias<br><br><\/h2>\n\n\n<div class=\"wp-block-image is-style-rounded\">\n<figure class=\"aligncenter size-full is-resized\"><img loading=\"lazy\" decoding=\"async\" width=\"335\" height=\"397\" data-attachment-id=\"60110\" data-permalink=\"http:\/\/jornalrol.com.br\/?attachment_id=60110\" data-orig-file=\"http:\/\/jornalrol.com.br\/wp-content\/uploads\/2023\/08\/Foto-Elaine-dos-Santos-2-3.jpg\" data-orig-size=\"335,397\" data-comments-opened=\"1\" data-image-meta=\"{&quot;aperture&quot;:&quot;0&quot;,&quot;credit&quot;:&quot;&quot;,&quot;camera&quot;:&quot;&quot;,&quot;caption&quot;:&quot;&quot;,&quot;created_timestamp&quot;:&quot;0&quot;,&quot;copyright&quot;:&quot;&quot;,&quot;focal_length&quot;:&quot;0&quot;,&quot;iso&quot;:&quot;0&quot;,&quot;shutter_speed&quot;:&quot;0&quot;,&quot;title&quot;:&quot;&quot;,&quot;orientation&quot;:&quot;0&quot;}\" data-image-title=\"Foto-Elaine-dos-Santos-2-3\" data-image-description=\"&lt;p&gt;Elaine dos Santos&lt;\/p&gt;\n\" data-image-caption=\"&lt;p&gt;Elaine dos Santos&lt;\/p&gt;\n\" data-large-file=\"http:\/\/jornalrol.com.br\/wp-content\/uploads\/2023\/08\/Foto-Elaine-dos-Santos-2-3.jpg\" src=\"https:\/\/www.jornalrol.com.br\/wp-content\/uploads\/2023\/08\/Foto-Elaine-dos-Santos-2-3.jpg\" alt=\"Elaine dos Santos\" class=\"wp-image-60110\" style=\"aspect-ratio:0.8438287153652393;width:97px;height:auto\"\/><figcaption class=\"wp-element-caption\"><em>Elaine dos Santos<\/em><\/figcaption><\/figure>\n<\/div>\n\n<div class=\"wp-block-image\">\n<figure class=\"aligncenter size-full is-resized\"><img loading=\"lazy\" decoding=\"async\" width=\"1024\" height=\"1024\" data-attachment-id=\"63249\" data-permalink=\"http:\/\/jornalrol.com.br\/?attachment_id=63249\" data-orig-file=\"http:\/\/jornalrol.com.br\/wp-content\/uploads\/2023\/11\/OIG-2-4.jpg\" data-orig-size=\"1024,1024\" data-comments-opened=\"0\" data-image-meta=\"{&quot;aperture&quot;:&quot;0&quot;,&quot;credit&quot;:&quot;&quot;,&quot;camera&quot;:&quot;&quot;,&quot;caption&quot;:&quot;&quot;,&quot;created_timestamp&quot;:&quot;0&quot;,&quot;copyright&quot;:&quot;&quot;,&quot;focal_length&quot;:&quot;0&quot;,&quot;iso&quot;:&quot;0&quot;,&quot;shutter_speed&quot;:&quot;0&quot;,&quot;title&quot;:&quot;&quot;,&quot;orientation&quot;:&quot;0&quot;}\" data-image-title=\"OIG-2-4\" data-image-description=\"\" data-image-caption=\"\" data-large-file=\"http:\/\/jornalrol.com.br\/wp-content\/uploads\/2023\/11\/OIG-2-4.jpg\" src=\"https:\/\/www.jornalrol.com.br\/wp-content\/uploads\/2023\/11\/OIG-2-4.jpg\" alt=\"&quot;Quantas incompreens\u00f5es que somente s\u00e3o aprendidas e compreendidas com a maturidade, arte digital&quot;\" class=\"wp-image-63249\" style=\"aspect-ratio:1;width:320px;height:auto\"\/><figcaption class=\"wp-element-caption\">&#8220;Quantas incompreens\u00f5es que somente s\u00e3o aprendidas e compreendidas com a maturidade&#8221;<br><em>Criador de imagens do Bing<\/em><\/figcaption><\/figure>\n<\/div>\n\n\n<p class=\"has-drop-cap\">Existem algumas obras liter\u00e1rias que marcam a nossa experi\u00eancia como leitores. Ainda durante a gradua\u00e7\u00e3o, por conta e risco da professora de Literatura Portuguesa, eu li o romance &#8216;<a href=\"https:\/\/www.infopedia.pt\/apoio\/artigos\/$aparicao\" title=\"Apari\u00e7\u00e3o\">Apari\u00e7\u00e3o<\/a>&#8216;, do escritor portugu\u00eas <a href=\"https:\/\/pt.wikipedia.org\/wiki\/Verg%C3%ADlio_Ferreira\" title=\"Verg\u00edlio Ferreira \">Verg\u00edlio Ferreira<\/a>. Confesso que, naquele semestre, eu estava cursando quatro disciplinas de Literatura, o que determinava a leitura de, no m\u00ednimo, uns 20 romances e uma infinidade de contos, assim sendo, institui um caderno de resumos: autor, obra, personagens, tempo, espa\u00e7o, resumo do enredo.<\/p>\n\n\n\n<p>Mas &#8216;Apari\u00e7\u00e3o&#8217; me derrubou. Situado no per\u00edodo que se chama <a href=\"https:\/\/e-revista.unioeste.br\/index.php\/trama\/article\/view\/8207\" title=\"Neorrealismo portugu\u00eas\">Neorrealismo portugu\u00eas<\/a>, o romance foi publicado, pela primeira vez, em 1959 e traz, evidentemente, a cr\u00edtica social que caracteriza aquele per\u00edodo liter\u00e1rio. No entanto, \u00e9 a hist\u00f3ria de um filho que volta \u00e0s terras paternas ap\u00f3s a morte justamente do seu pai \u2013 o que seria um acerto de contas, por quest\u00f5es de heran\u00e7a, mas acaba se tornando um acerto de contas com o pr\u00f3prio passado.<\/p>\n\n\n\n<p>Dias atr\u00e1s, li, em um site qualquer, a hist\u00f3ria de um menino equatoriano que foi at\u00e9 o cemit\u00e9rio, junto ao t\u00famulo da m\u00e3e e &#8216;mostrou-lhe&#8217; as notas obtidas na escola. Depois, deitou-se ao lado, como se buscasse um afago.<\/p>\n\n\n\n<p>As duas ideias juntas despertaram uma reflex\u00e3o: temos vivido tempos de morte, mortes f\u00edsicas \u2013 e o meu Rio Grande do Sul tem presenciado trag\u00e9dias inimagin\u00e1veis: ventos, raios, enchentes, sem contar que as lavouras de arroz ainda n\u00e3o foram plantadas -, mas tamb\u00e9m mortes simb\u00f3licas. Quantas supostas amizades foram desfeitas nos \u00faltimos anos? Quantos irm\u00e3os, filhos do mesmo pai e da mesma m\u00e3e, deixaram de se falar, n\u00e3o conseguem estabelecer um di\u00e1logo? Quanta indiferen\u00e7a entre pessoas que conviveram uma vida inteira!<\/p>\n\n\n\n<p>Sou filha de um pai extremamente bem-humorado e, ao seu bom humor, uni a ironia de Machado de Assis e tantos outros literatos que acrescentei \u00e0s minhas leituras como professora de Literatura. N\u00e3o se pode mais ser ir\u00f4nico na atualidade, as palavras, as frases, as express\u00f5es precisam ser ditas\/escritas em seu sentido denotativo, assim como est\u00e3o no dicion\u00e1rio, para que sejam compreendidas e n\u00e3o gerem d\u00favida, mal-entendidos e causem desgastes desnecess\u00e1rios.<\/p>\n\n\n\n<p>Qual a rela\u00e7\u00e3o com o menino equatoriano? Tenho a percep\u00e7\u00e3o cotidiana que se banalizou a morte e que todos devem estar &#8216;plenamente recuperados&#8217; logo ap\u00f3s o sepultamento de um ente querido. Saudade? Passa! Luto? Passa! N\u00e3o passam e os consult\u00f3rios de psic\u00f3logos e psiquiatras est\u00e3o lotados de pessoas que tentam refrear sentimentos para \u201cacomodarem-se\u201d a uma sociedade da &#8216;felicidade t\u00f3xica&#8217;, do viver o hoje sem consequ\u00eancias.<\/p>\n\n\n\n<p>Neste aspecto, insere-se Alberto, o protagonista de &#8216;Apari\u00e7\u00e3o&#8217;. Quantas palavras silenciadas, quantos abra\u00e7os n\u00e3o dados ficam pelo caminho. Quantas birras, quantas teimosias impedem o di\u00e1logo. Quantas incompreens\u00f5es que somente s\u00e3o aprendidas e compreendidas com a maturidade. O homem Alberto n\u00e3o \u00e9 mais o menino ou o jovem Alberto, mas um homem que enfrentou dissabores, vicissitudes e colheu sofrimentos, por\u00e9m tamb\u00e9m conheceu o prazer das alegrias.<\/p>\n\n\n\n<p>O que ficar\u00e1 depois de n\u00f3s e dessa &#8216;imperiosa necessidade&#8217; de mostrar alegria para gerar &#8216;likes&#8217;? Quantas crian\u00e7as est\u00e3o ficando pelo caminho sem pai e\/ou sem m\u00e3e, em que medida o sofrimento delas nos afeta? Quanto tempo temos dedicado para ouvir o outro, para saber sobre as dores do outro, quanto tempo temos negado ao outro, determinando que ele \u201cse encontre por si pr\u00f3prio\u201d ou recorra a terapias, psicoterapias? Ou simplesmente chore? Ou&#8230;<\/p>\n\n\n\n<p class=\"has-text-align-center\"><br><strong>Elaine dos Santos<\/strong><\/p>\n\n\n\n<h3 class=\"wp-block-heading has-text-align-center\">Contatos com a autora<\/h3>\n\n\n\n<div class=\"wp-block-columns is-layout-flex wp-container-core-columns-is-layout-9d6595d7 wp-block-columns-is-layout-flex\">\n<div class=\"wp-block-column is-layout-flow wp-block-column-is-layout-flow\">\n<div class=\"wp-block-columns is-layout-flex wp-container-core-columns-is-layout-9d6595d7 wp-block-columns-is-layout-flex\">\n<div class=\"wp-block-column is-layout-flow wp-block-column-is-layout-flow\">\n<h4 class=\"wp-block-heading has-text-align-center has-blush-light-purple-gradient-background has-background\"><a href=\"mailto:professoraelainedossantos@gmail.com\" target=\"_blank\" rel=\"noopener\" title=\"E-meio\">E-meio<\/a><\/h4>\n<\/div>\n\n\n\n<div class=\"wp-block-column is-layout-flow wp-block-column-is-layout-flow\">\n<h4 class=\"wp-block-heading has-text-align-center has-blush-light-purple-gradient-background has-background\"><a href=\"https:\/\/wa.me\/5599551668\" title=\"WhatsApp\">WhatsApp<\/a><\/h4>\n<\/div>\n\n\n\n<div class=\"wp-block-column is-layout-flow wp-block-column-is-layout-flow\">\n<h4 class=\"wp-block-heading has-text-align-center has-blush-light-purple-gradient-background has-background\"><a href=\"https:\/\/www.instagram.com\/profe.elainerevisoradetextos\" title=\"Instagram\">Instagram<\/a><\/h4>\n\n\n\n<p><\/p>\n<\/div>\n<\/div>\n<\/div>\n<\/div>\n\n\n\n<p>Voltar: <a href=\"http:\/\/www.jornalrol.com.br\" title=\"\">http:\/\/www.jornalrol.com.br<\/a><\/p>\n\n\n\n<p>Facebook: <a href=\"https:\/\/www.facebook.com\/JCulturalRol\/\" title=\"\">https:\/\/www.facebook.com\/JCulturalRol\/<\/a><\/p>\n","protected":false},"excerpt":{"rendered":"<p>Existem algumas obras liter\u00e1rias que marcam a nossa experi\u00eancia como leitores. Ainda durante a gradua\u00e7\u00e3o, por conta e risco da professora de Literatura&#8230; <\/p>\n","protected":false},"author":85,"featured_media":63249,"comment_status":"open","ping_status":"closed","sticky":false,"template":"","format":"standard","meta":{"_jetpack_newsletter_access":"","_jetpack_dont_email_post_to_subs":false,"_jetpack_newsletter_tier_id":0,"_jetpack_memberships_contains_paywalled_content":false,"_jetpack_memberships_contains_paid_content":false,"footnotes":""},"categories":[9392,9285],"tags":[10975,2456,10042,5122,7403,8760],"class_list":["post-63247","post","type-post","status-publish","format-standard","has-post-thumbnail","hentry","category-cronicas","category-literatura","tag-aparicao","tag-cronica","tag-elaine-dos-santos","tag-literatura","tag-reflexao","tag-vida"],"aioseo_notices":[],"views":737,"jetpack_featured_media_url":"http:\/\/jornalrol.com.br\/wp-content\/uploads\/2023\/11\/OIG-2-4.jpg","jetpack_sharing_enabled":true,"jetpack_likes_enabled":true,"jetpack-related-posts":[{"id":62845,"url":"http:\/\/jornalrol.com.br\/?p=62845","url_meta":{"origin":63247,"position":0},"title":"Reda\u00e7\u00e3o ENEM\/2023: quando os olhos brilham e o cora\u00e7\u00e3o aquece","author":"Elaine dos Santos","date":"6 de novembro de 2023","format":false,"excerpt":"N\u00e3o me detenho em aspectos formais referentes \u00e0 reda\u00e7\u00e3o do ENEM 2023. Quero, aqui, refletir sobre a import\u00e2ncia da tem\u00e1tica \u2013 ainda que ela n\u00e3o fosse esperada.","rel":"","context":"Em &quot;artigos&quot;","block_context":{"text":"artigos","link":"http:\/\/jornalrol.com.br\/?cat=9398"},"img":{"alt_text":"ENEM","src":"https:\/\/i0.wp.com\/jornalrol.com.br\/wp-content\/uploads\/2023\/11\/OIG-1.jpg?resize=350%2C200","width":350,"height":200},"classes":[]},{"id":65733,"url":"http:\/\/jornalrol.com.br\/?p=65733","url_meta":{"origin":63247,"position":1},"title":"Sobre a sensibilidade humana","author":"Elaine dos Santos","date":"16 de abril de 2024","format":false,"excerpt":"A pandemia de Covid-19, como toda a grande cat\u00e1strofe registrada ao longo dos s\u00e9culos, foi um divisor de \u00e1guas para muitas pessoas. Algumas aprenderam,...","rel":"","context":"Em &quot;artigos&quot;","block_context":{"text":"artigos","link":"http:\/\/jornalrol.com.br\/?cat=9398"},"img":{"alt_text":"O mundo adoecido, pela falta de empatia","src":"https:\/\/i0.wp.com\/jornalrol.com.br\/wp-content\/uploads\/2024\/04\/OIG3.ZIoNTYXKlPH.jpg?resize=350%2C200","width":350,"height":200,"srcset":"https:\/\/i0.wp.com\/jornalrol.com.br\/wp-content\/uploads\/2024\/04\/OIG3.ZIoNTYXKlPH.jpg?resize=350%2C200 1x, https:\/\/i0.wp.com\/jornalrol.com.br\/wp-content\/uploads\/2024\/04\/OIG3.ZIoNTYXKlPH.jpg?resize=525%2C300 1.5x, https:\/\/i0.wp.com\/jornalrol.com.br\/wp-content\/uploads\/2024\/04\/OIG3.ZIoNTYXKlPH.jpg?resize=700%2C400 2x"},"classes":[]},{"id":62528,"url":"http:\/\/jornalrol.com.br\/?p=62528","url_meta":{"origin":63247,"position":2},"title":"Ler liberta (faz pensar!)","author":"Elaine dos Santos","date":"26 de outubro de 2023","format":false,"excerpt":"Tra\u00e7o reflex\u00f5es sobre amor, fidelidade, infidelidade, felicidade e perenidade amorosa, tomo, como mote, alguns textos liter\u00e1rios e parto do pressuposto que...","rel":"","context":"Em &quot;artigos&quot;","block_context":{"text":"artigos","link":"http:\/\/jornalrol.com.br\/?cat=9398"},"img":{"alt_text":"Elaine dos Santos","src":"https:\/\/i0.wp.com\/www.jornalrol.com.br\/wp-content\/uploads\/2023\/08\/Foto-Elaine-dos-Santos-2-3.jpg?resize=350%2C200&ssl=1","width":350,"height":200},"classes":[]},{"id":69367,"url":"http:\/\/jornalrol.com.br\/?p=69367","url_meta":{"origin":63247,"position":3},"title":"Para onde vamos? Como vamos?","author":"Elaine dos Santos","date":"12 de setembro de 2024","format":false,"excerpt":"interessante sobre essa barafunda di\u00e1ria que nos assola. Eu li, recentemente, um desses textos curtos e sem autoria publicados em redes sociais sobre a...","rel":"","context":"Em &quot;artigos&quot;","block_context":{"text":"artigos","link":"http:\/\/jornalrol.com.br\/?cat=9398"},"img":{"alt_text":"Imagem gerada pela IA do Bing - 11 de setembro de 2024 \u00e0s 9:00 PM","src":"https:\/\/i0.wp.com\/jornalrol.com.br\/wp-content\/uploads\/2024\/09\/OIG1-2.jpeg?resize=350%2C200","width":350,"height":200,"srcset":"https:\/\/i0.wp.com\/jornalrol.com.br\/wp-content\/uploads\/2024\/09\/OIG1-2.jpeg?resize=350%2C200 1x, https:\/\/i0.wp.com\/jornalrol.com.br\/wp-content\/uploads\/2024\/09\/OIG1-2.jpeg?resize=525%2C300 1.5x, https:\/\/i0.wp.com\/jornalrol.com.br\/wp-content\/uploads\/2024\/09\/OIG1-2.jpeg?resize=700%2C400 2x"},"classes":[]},{"id":75391,"url":"http:\/\/jornalrol.com.br\/?p=75391","url_meta":{"origin":63247,"position":4},"title":"Reflex\u00f5es sobre o que \u00e9 Literatura","author":"Elaine dos Santos","date":"5 de setembro de 2025","format":false,"excerpt":"Professores graduados em Letras, mas que t\u00eam uma forte prefer\u00eancia pelos estudos liter\u00e1rios, costumam debater-se entre o que \u00e9 Literatura e o que n\u00e3o \u00e9...","rel":"","context":"Em &quot;artigos&quot;","block_context":{"text":"artigos","link":"http:\/\/jornalrol.com.br\/?cat=9398"},"img":{"alt_text":"Elaine dos Santos","src":"https:\/\/i0.wp.com\/jornalrol.com.br\/wp-content\/uploads\/2024\/09\/Foto-Elaine-dos-Santos-2-3-edited.jpg?resize=350%2C200","width":350,"height":200},"classes":[]},{"id":72742,"url":"http:\/\/jornalrol.com.br\/?p=72742","url_meta":{"origin":63247,"position":5},"title":"Entre falar, escrever e, quem sabe, expressar-se","author":"Elaine dos Santos","date":"2 de abril de 2025","format":false,"excerpt":"J\u00e1 fui insuportavelmente exigente quanto \u00e0 minha escrita, sobretudo, na produ\u00e7\u00e3o de textos acad\u00eamicos autorais. Sou professora licenciada em Letras e, embora...","rel":"","context":"Em &quot;Cr\u00f4nicas&quot;","block_context":{"text":"Cr\u00f4nicas","link":"http:\/\/jornalrol.com.br\/?cat=9392"},"img":{"alt_text":"Imagem criada por Ia no Bing. 1\u00ba de mar\u00e7o de 2025, \u00e0s 08:02 PM","src":"https:\/\/i0.wp.com\/jornalrol.com.br\/wp-content\/uploads\/2025\/04\/e59f5b59-3ddc-4a7e-aa77-50662b487a52.jpg?resize=350%2C200","width":350,"height":200,"srcset":"https:\/\/i0.wp.com\/jornalrol.com.br\/wp-content\/uploads\/2025\/04\/e59f5b59-3ddc-4a7e-aa77-50662b487a52.jpg?resize=350%2C200 1x, https:\/\/i0.wp.com\/jornalrol.com.br\/wp-content\/uploads\/2025\/04\/e59f5b59-3ddc-4a7e-aa77-50662b487a52.jpg?resize=525%2C300 1.5x, https:\/\/i0.wp.com\/jornalrol.com.br\/wp-content\/uploads\/2025\/04\/e59f5b59-3ddc-4a7e-aa77-50662b487a52.jpg?resize=700%2C400 2x"},"classes":[]}],"_links":{"self":[{"href":"http:\/\/jornalrol.com.br\/index.php?rest_route=\/wp\/v2\/posts\/63247","targetHints":{"allow":["GET"]}}],"collection":[{"href":"http:\/\/jornalrol.com.br\/index.php?rest_route=\/wp\/v2\/posts"}],"about":[{"href":"http:\/\/jornalrol.com.br\/index.php?rest_route=\/wp\/v2\/types\/post"}],"author":[{"embeddable":true,"href":"http:\/\/jornalrol.com.br\/index.php?rest_route=\/wp\/v2\/users\/85"}],"replies":[{"embeddable":true,"href":"http:\/\/jornalrol.com.br\/index.php?rest_route=%2Fwp%2Fv2%2Fcomments&post=63247"}],"version-history":[{"count":2,"href":"http:\/\/jornalrol.com.br\/index.php?rest_route=\/wp\/v2\/posts\/63247\/revisions"}],"predecessor-version":[{"id":63251,"href":"http:\/\/jornalrol.com.br\/index.php?rest_route=\/wp\/v2\/posts\/63247\/revisions\/63251"}],"wp:featuredmedia":[{"embeddable":true,"href":"http:\/\/jornalrol.com.br\/index.php?rest_route=\/wp\/v2\/media\/63249"}],"wp:attachment":[{"href":"http:\/\/jornalrol.com.br\/index.php?rest_route=%2Fwp%2Fv2%2Fmedia&parent=63247"}],"wp:term":[{"taxonomy":"category","embeddable":true,"href":"http:\/\/jornalrol.com.br\/index.php?rest_route=%2Fwp%2Fv2%2Fcategories&post=63247"},{"taxonomy":"post_tag","embeddable":true,"href":"http:\/\/jornalrol.com.br\/index.php?rest_route=%2Fwp%2Fv2%2Ftags&post=63247"}],"curies":[{"name":"wp","href":"https:\/\/api.w.org\/{rel}","templated":true}]}}