{"id":64625,"date":"2024-02-28T07:20:00","date_gmt":"2024-02-28T10:20:00","guid":{"rendered":"https:\/\/jornalrol.com.br\/?p=64625"},"modified":"2024-02-27T19:28:19","modified_gmt":"2024-02-27T22:28:19","slug":"o-que-te-faz-negro-o-que-nao-te-faz","status":"publish","type":"post","link":"http:\/\/jornalrol.com.br\/?p=64625","title":{"rendered":"O que \u2018te\u2019 faz Negro? O que n\u00e3o te faz?"},"content":{"rendered":"<div class=\"pdfprnt-buttons pdfprnt-buttons-post pdfprnt-top-right\"><a href=\"http:\/\/jornalrol.com.br\/index.php?rest_route=%2Fwp%2Fv2%2Fposts%2F64625&print=pdf\" class=\"pdfprnt-button pdfprnt-button-pdf\" target=\"_blank\" ><\/a><a href=\"http:\/\/jornalrol.com.br\/index.php?rest_route=%2Fwp%2Fv2%2Fposts%2F64625&print=print\" class=\"pdfprnt-button pdfprnt-button-print\" target=\"_blank\" ><img decoding=\"async\" src=\"https:\/\/jornalrol.com.br\/wp-content\/plugins\/pdf-print\/images\/print.png\" alt=\"image_print\" title=\"Conte\u00fado de impress\u00e3o\" \/><\/a><\/div>\n<h2 class=\"wp-block-heading has-text-align-center\">Nat\u00e1lia Tamara: &#8216;O que \u2018te\u2019 faz Negro? O que n\u00e3o te faz?<br><br><\/h2>\n\n\n<div class=\"wp-block-image is-style-rounded\">\n<figure class=\"aligncenter size-full is-resized\"><img loading=\"lazy\" decoding=\"async\" width=\"1000\" height=\"987\" data-attachment-id=\"62561\" data-permalink=\"http:\/\/jornalrol.com.br\/?attachment_id=62561\" data-orig-file=\"http:\/\/jornalrol.com.br\/wp-content\/uploads\/2023\/10\/Natalia-Tamara-2-1.jpeg\" data-orig-size=\"1000,987\" data-comments-opened=\"0\" data-image-meta=\"{&quot;aperture&quot;:&quot;0&quot;,&quot;credit&quot;:&quot;&quot;,&quot;camera&quot;:&quot;&quot;,&quot;caption&quot;:&quot;&quot;,&quot;created_timestamp&quot;:&quot;0&quot;,&quot;copyright&quot;:&quot;&quot;,&quot;focal_length&quot;:&quot;0&quot;,&quot;iso&quot;:&quot;0&quot;,&quot;shutter_speed&quot;:&quot;0&quot;,&quot;title&quot;:&quot;&quot;,&quot;orientation&quot;:&quot;0&quot;}\" data-image-title=\"Natalia-Tamara-2-1\" data-image-description=\"\" data-image-caption=\"\" data-large-file=\"http:\/\/jornalrol.com.br\/wp-content\/uploads\/2023\/10\/Natalia-Tamara-2-1.jpeg\" src=\"http:\/\/jornalrol.com.br\/wp-content\/uploads\/2023\/10\/Natalia-Tamara-2-1.jpeg\" alt=\"Nat\u00e1lia Tamara\" class=\"wp-image-62561\" style=\"width:184px;height:auto\"\/><figcaption class=\"wp-element-caption\"><em>Nat\u00e1lia Tamara<\/em><\/figcaption><\/figure>\n<\/div>\n\n<div class=\"wp-block-image\">\n<figure class=\"aligncenter size-full is-resized\"><img loading=\"lazy\" decoding=\"async\" width=\"533\" height=\"533\" data-attachment-id=\"64626\" data-permalink=\"http:\/\/jornalrol.com.br\/?attachment_id=64626\" data-orig-file=\"http:\/\/jornalrol.com.br\/wp-content\/uploads\/2024\/02\/OIG3.KUpzBrqgT7LKO-1.jpg\" data-orig-size=\"533,533\" data-comments-opened=\"0\" data-image-meta=\"{&quot;aperture&quot;:&quot;0&quot;,&quot;credit&quot;:&quot;&quot;,&quot;camera&quot;:&quot;&quot;,&quot;caption&quot;:&quot;&quot;,&quot;created_timestamp&quot;:&quot;0&quot;,&quot;copyright&quot;:&quot;&quot;,&quot;focal_length&quot;:&quot;0&quot;,&quot;iso&quot;:&quot;0&quot;,&quot;shutter_speed&quot;:&quot;0&quot;,&quot;title&quot;:&quot;&quot;,&quot;orientation&quot;:&quot;1&quot;}\" data-image-title=\"OIG3.KUpzBrqgT7LKO-1\" data-image-description=\"\" data-image-caption=\"\" data-large-file=\"http:\/\/jornalrol.com.br\/wp-content\/uploads\/2024\/02\/OIG3.KUpzBrqgT7LKO-1.jpg\" src=\"https:\/\/jornalrol.com.br\/wp-content\/uploads\/2024\/02\/OIG3.KUpzBrqgT7LKO-1.jpg\" alt=\"\" class=\"wp-image-64626\" style=\"width:387px;height:auto\"\/><figcaption class=\"wp-element-caption\">Deuses negros, segundo a tradi\u00e7\u00e3o africana<br><em>Microsoft Bing &#8211; Imagem criada pelo Designer<\/em><\/figcaption><\/figure>\n<\/div>\n\n\n<p class=\"has-text-align-center\">O que te faz negro mano,<\/p>\n\n\n\n<p class=\"has-text-align-center\">O que te faz negro mina,<\/p>\n\n\n\n<p class=\"has-text-align-center\">O que te faz negro &#8211; mona,<\/p>\n\n\n\n<p class=\"has-text-align-center\">O que te faz negro tupi? &#8230;<\/p>\n\n\n\n<p class=\"has-text-align-center\"><br>Se a tua epiderme se veste da noite,<\/p>\n\n\n\n<p class=\"has-text-align-center\">Se as tuas cicatrizes foram feitas de a\u00e7oites,<\/p>\n\n\n\n<p class=\"has-text-align-center\">Se teus deuses s\u00e3o negros como voc\u00ea,<\/p>\n\n\n\n<p class=\"has-text-align-center\">E dan\u00e7am o culto da negritude nacional<\/p>\n\n\n\n<p class=\"has-text-align-center\"><br>Me diz &#8211; que te faz negro?<\/p>\n\n\n\n<p class=\"has-text-align-center\">Ent\u00e3o me diz \u2013 O que n\u00e3o te faz?<\/p>\n\n\n\n<p class=\"has-text-align-center\"><br>Dos teus algozes esculpidos nos troncos,<\/p>\n\n\n\n<p class=\"has-text-align-center\">Dos teus contos e tradi\u00e7\u00e3o popular,<\/p>\n\n\n\n<p class=\"has-text-align-center\">Dessa nossa etnia multifacetada,<\/p>\n\n\n\n<p class=\"has-text-align-center\">Das nossas ra\u00edzes nas tuas enraizadas&#8230;<\/p>\n\n\n\n<p class=\"has-text-align-center\"><br>Me diz- o que faz negro pa\u00eds?<\/p>\n\n\n\n<p class=\"has-text-align-center\">Ent\u00e3o me diz &#8211; o que n\u00e3o te faz?!<\/p>\n\n\n\n<p class=\"has-text-align-center\"><br>Tuas hist\u00f3rias no decorrer da Hist\u00f3ria,<\/p>\n\n\n\n<p class=\"has-text-align-center\">Banhada com sangue negro,<\/p>\n\n\n\n<p class=\"has-text-align-center\">Sempre fora contada,<\/p>\n\n\n\n<p class=\"has-text-align-center\">A partir dos olhos de brancos!<\/p>\n\n\n\n<p class=\"has-text-align-center\"><br>De brancos, que para meterem seus &#8216;paus&#8217;<\/p>\n\n\n\n<p class=\"has-text-align-center\">a for\u00e7a em negras, fizeram-se pretos!<\/p>\n\n\n\n<p class=\"has-text-align-center\"><br>O que te faz negro &#8211; na\u00e7\u00e3o,<\/p>\n\n\n\n<p class=\"has-text-align-center\">O que n\u00e3o te faz miscigena\u00e7\u00e3o?<\/p>\n\n\n\n<p class=\"has-text-align-center\"><br>Toda l\u00e1grima de dor e ang\u00fastia,<\/p>\n\n\n\n<p class=\"has-text-align-center\">Toda l\u00e1grima de f\u00e9 e esperan\u00e7a,<\/p>\n\n\n\n<p class=\"has-text-align-center\">Todas as marcas, todos os ritos,<\/p>\n\n\n\n<p class=\"has-text-align-center\">Todos os mitos, gritos! Todos os orix\u00e1s!<\/p>\n\n\n\n<p><\/p>\n\n\n\n<p class=\"has-text-align-center\">O que te faz Afro &#8211; cidad\u00e3o,<\/p>\n\n\n\n<p class=\"has-text-align-center\">Me diz &#8211; O que n\u00e3o te faz?<\/p>\n\n\n\n<p class=\"has-text-align-center\"><br><strong>Nat\u00e1lia Tamara<\/strong><\/p>\n\n\n\n<h3 class=\"wp-block-heading has-text-align-center\"><br>Contatos com a autora<\/h3>\n\n\n\n<div class=\"wp-block-columns is-layout-flex wp-container-core-columns-is-layout-9d6595d7 wp-block-columns-is-layout-flex\">\n<div class=\"wp-block-column is-layout-flow wp-block-column-is-layout-flow\">\n<h4 class=\"wp-block-heading has-text-align-center has-blush-light-purple-gradient-background has-background\"><a href=\"https:\/\/www.facebook.com\/natalia.tamara.9?locale=pt_BR\" target=\"_blank\" rel=\"noopener\" title=\"Facebook\">Facebook<\/a><\/h4>\n<\/div>\n\n\n\n<div class=\"wp-block-column is-layout-flow wp-block-column-is-layout-flow\">\n<h4 class=\"wp-block-heading has-text-align-center has-blush-light-purple-gradient-background has-background\"><a href=\"https:\/\/www.instagram.com\/infinitudespoeticas\/\" title=\"Instagram\">Instagram<\/a><\/h4>\n<\/div>\n<\/div>\n\n\n\n<p>Voltar: <a href=\"http:\/\/www.jornalrol.com.br\" title=\"\">http:\/\/www.jornalrol.com.br<\/a><\/p>\n\n\n\n<p>Facebook: <a href=\"https:\/\/facebook.com\/JCulturalRol\/\" title=\"\">https:\/\/facebook.com\/JCulturalRol\/<\/a><\/p>\n","protected":false},"excerpt":{"rendered":"<p>O que te faz negro mano, o que te faz negro mina, o que te faz negro &#8211; mona, o que te faz negro tupi? &#8230; Se a tua epiderme se veste da noite, se as tuas&#8230;<\/p>\n","protected":false},"author":89,"featured_media":64626,"comment_status":"open","ping_status":"closed","sticky":false,"template":"","format":"standard","meta":{"_jetpack_newsletter_access":"","_jetpack_dont_email_post_to_subs":false,"_jetpack_newsletter_tier_id":0,"_jetpack_memberships_contains_paywalled_content":false,"_jetpack_memberships_contains_paid_content":false,"footnotes":""},"categories":[9285,58],"tags":[11377,3433,4972,5993,6039],"class_list":["post-64625","post","type-post","status-publish","format-standard","has-post-thumbnail","hentry","category-literatura","category-poesias","tag-epiderme","tag-esperanca","tag-lagrima","tag-negro","tag-noite"],"aioseo_notices":[],"views":601,"jetpack_featured_media_url":"http:\/\/jornalrol.com.br\/wp-content\/uploads\/2024\/02\/OIG3.KUpzBrqgT7LKO-1.jpg","jetpack_sharing_enabled":true,"jetpack_likes_enabled":true,"jetpack-related-posts":[{"id":63252,"url":"http:\/\/jornalrol.com.br\/?p=63252","url_meta":{"origin":64625,"position":0},"title":"Dia da Consci\u00eancia Negra","author":"Sergio Diniz da Costa","date":"24 de novembro de 2023","format":false,"excerpt":"Muitas pessoas t\u00eam preconceito de ra\u00e7a, como se a ra\u00e7a branca, ou a negra, ou a amarela, fosse a ra\u00e7a mais pura, a mais perfeita. Isso nos faz lembrar as...","rel":"","context":"Em &quot;Literatura&quot;","block_context":{"text":"Literatura","link":"http:\/\/jornalrol.com.br\/?cat=9285"},"img":{"alt_text":"\"A ra\u00e7a negra, em contraste com a ra\u00e7a branca, \u00e9 apenas como o dia e a noite:...\"","src":"https:\/\/i0.wp.com\/jornalrol.com.br\/wp-content\/uploads\/2023\/11\/OIG-17.jpg?resize=350%2C200","width":350,"height":200},"classes":[]},{"id":76807,"url":"http:\/\/jornalrol.com.br\/?p=76807","url_meta":{"origin":64625,"position":1},"title":"Dia Nacional da Consci\u00eancia Negra","author":"Sergio Diniz da Costa","date":"20 de novembro de 2025","format":false,"excerpt":"A ra\u00e7a negra, em contraste com a ra\u00e7a branca, \u00e9 apenas como o dia e a noite: de dia, com o sol, externamos a alegria; de noite, com a lua e as estrelas...","rel":"","context":"Em &quot;Literatura&quot;","block_context":{"text":"Literatura","link":"http:\/\/jornalrol.com.br\/?cat=9285"},"img":{"alt_text":"Imagem criada por IA do Grok","src":"https:\/\/i0.wp.com\/jornalrol.com.br\/wp-content\/uploads\/2025\/11\/download-1-1.jpg?resize=350%2C200","width":350,"height":200,"srcset":"https:\/\/i0.wp.com\/jornalrol.com.br\/wp-content\/uploads\/2025\/11\/download-1-1.jpg?resize=350%2C200 1x, https:\/\/i0.wp.com\/jornalrol.com.br\/wp-content\/uploads\/2025\/11\/download-1-1.jpg?resize=525%2C300 1.5x, https:\/\/i0.wp.com\/jornalrol.com.br\/wp-content\/uploads\/2025\/11\/download-1-1.jpg?resize=700%2C400 2x"},"classes":[]},{"id":18205,"url":"http:\/\/jornalrol.com.br\/?p=18205","url_meta":{"origin":64625,"position":2},"title":"Pr\u00eamio Jovem Negro de Literatura","author":"Helio Rubens","date":"11 de maio de 2018","format":false,"excerpt":"FlinkSampa prorroga prazo de inscri\u00e7\u00e3o para Pr\u00eamio Jovem Negro de Literatura \u00a0 A FlinkSampa \u00a0comunica a prorroga\u00e7\u00e3o do per\u00edodo de inscri\u00e7\u00f5es para o Pr\u00eamio Jovem Negro de Literatura 2018. As inscri\u00e7\u00f5es podem ser realizadas at\u00e9 o dia 30 de junho de 2018. O Pr\u00eamio Jovem Negro de Literatura promovido pela\u2026","rel":"","context":"Em &quot;Comunica\u00e7\u00e3o&quot;","block_context":{"text":"Comunica\u00e7\u00e3o","link":"http:\/\/jornalrol.com.br\/?cat=7"},"img":{"alt_text":"","src":"","width":0,"height":0},"classes":[]},{"id":35133,"url":"http:\/\/jornalrol.com.br\/?p=35133","url_meta":{"origin":64625,"position":3},"title":"Carlos Carvalho Cavalheiro: &#039;Consci\u00eancia Negra&#039;","author":"Carlos Carvalho Cavalheiro","date":"20 de novembro de 2020","format":false,"excerpt":"Consci\u00eancia Negra Atribui-se ao ativista sul-africano Steve Biko o conceito de \u201cConsci\u00eancia Negra\u201d, o qual teria sido delineado num texto escrito em 1971. Nesse escrito, Biko traz a discuss\u00e3o sobre a negritude, afirmando que n\u00e3o basta a pigmenta\u00e7\u00e3o da pele para que se possa definir, ipso facto, algu\u00e9m como negro.\u2026","rel":"","context":"Em &quot;Comunica\u00e7\u00e3o&quot;","block_context":{"text":"Comunica\u00e7\u00e3o","link":"http:\/\/jornalrol.com.br\/?cat=7"},"img":{"alt_text":"","src":"https:\/\/i0.wp.com\/jornalrol.com.br\/wp-content\/uploads\/2020\/11\/flat750x075f-pad750x1000f8f8f8.u1.jpg?resize=350%2C200","width":350,"height":200,"srcset":"https:\/\/i0.wp.com\/jornalrol.com.br\/wp-content\/uploads\/2020\/11\/flat750x075f-pad750x1000f8f8f8.u1.jpg?resize=350%2C200 1x, https:\/\/i0.wp.com\/jornalrol.com.br\/wp-content\/uploads\/2020\/11\/flat750x075f-pad750x1000f8f8f8.u1.jpg?resize=525%2C300 1.5x, https:\/\/i0.wp.com\/jornalrol.com.br\/wp-content\/uploads\/2020\/11\/flat750x075f-pad750x1000f8f8f8.u1.jpg?resize=700%2C400 2x"},"classes":[]},{"id":29979,"url":"http:\/\/jornalrol.com.br\/?p=29979","url_meta":{"origin":64625,"position":4},"title":"Carlos Carvalho Cavalheiro: &#039;Consci\u00eancia negra ou consci\u00eancia humana?&#039;","author":"Carlos Carvalho Cavalheiro","date":"2 de dezembro de 2019","format":false,"excerpt":"Consci\u00eancia negra ou consci\u00eancia humana? Quando entra o m\u00eas de novembro as redes sociais ficam repletas de imagens do ator estadunidense Morgan Freeman ao lado de uma frase supostamente dita por ele que em resumo diz que n\u00e3o existe a necessidade de uma consci\u00eancia negra e sim de consci\u00eancia humana.\u2026","rel":"","context":"Em &quot;Comunica\u00e7\u00e3o&quot;","block_context":{"text":"Comunica\u00e7\u00e3o","link":"http:\/\/jornalrol.com.br\/?cat=7"},"img":{"alt_text":"","src":"https:\/\/i0.wp.com\/www.jornalrol.com.br\/wp-content\/uploads\/2019\/04\/Carlos-Foto-Andre-Pinto-2018-1-2-194x300.jpg?resize=350%2C200&ssl=1","width":350,"height":200},"classes":[]},{"id":18286,"url":"http:\/\/jornalrol.com.br\/?p=18286","url_meta":{"origin":64625,"position":5},"title":"FlinkSampa prorroga prazo de inscri\u00e7\u00e3o para Pr\u00eamio Jovem Negro de Literatura","author":"Sergio Diniz da Costa","date":"12 de maio de 2018","format":false,"excerpt":"A FlinkSampa \u00a0comunica a prorroga\u00e7\u00e3o do per\u00edodo de inscri\u00e7\u00f5es para o Pr\u00eamio Jovem Negro de Literatura 2018. As inscri\u00e7\u00f5es dever\u00e3o ser realizadas at\u00e9 o dia 30 de junho de 2018 \u00a0 A FlinkSampa \u00a0comunica a prorroga\u00e7\u00e3o do per\u00edodo de inscri\u00e7\u00f5es para o Pr\u00eamio Jovem Negro de Literatura 2018. As inscri\u00e7\u00f5es\u2026","rel":"","context":"Em &quot;Comunica\u00e7\u00e3o&quot;","block_context":{"text":"Comunica\u00e7\u00e3o","link":"http:\/\/jornalrol.com.br\/?cat=7"},"img":{"alt_text":"","src":"https:\/\/i0.wp.com\/www.jornalrol.com.br\/wp-content\/uploads\/2018\/05\/unnamed-1-300x147.png?resize=350%2C200","width":350,"height":200},"classes":[]}],"_links":{"self":[{"href":"http:\/\/jornalrol.com.br\/index.php?rest_route=\/wp\/v2\/posts\/64625","targetHints":{"allow":["GET"]}}],"collection":[{"href":"http:\/\/jornalrol.com.br\/index.php?rest_route=\/wp\/v2\/posts"}],"about":[{"href":"http:\/\/jornalrol.com.br\/index.php?rest_route=\/wp\/v2\/types\/post"}],"author":[{"embeddable":true,"href":"http:\/\/jornalrol.com.br\/index.php?rest_route=\/wp\/v2\/users\/89"}],"replies":[{"embeddable":true,"href":"http:\/\/jornalrol.com.br\/index.php?rest_route=%2Fwp%2Fv2%2Fcomments&post=64625"}],"version-history":[{"count":2,"href":"http:\/\/jornalrol.com.br\/index.php?rest_route=\/wp\/v2\/posts\/64625\/revisions"}],"predecessor-version":[{"id":64628,"href":"http:\/\/jornalrol.com.br\/index.php?rest_route=\/wp\/v2\/posts\/64625\/revisions\/64628"}],"wp:featuredmedia":[{"embeddable":true,"href":"http:\/\/jornalrol.com.br\/index.php?rest_route=\/wp\/v2\/media\/64626"}],"wp:attachment":[{"href":"http:\/\/jornalrol.com.br\/index.php?rest_route=%2Fwp%2Fv2%2Fmedia&parent=64625"}],"wp:term":[{"taxonomy":"category","embeddable":true,"href":"http:\/\/jornalrol.com.br\/index.php?rest_route=%2Fwp%2Fv2%2Fcategories&post=64625"},{"taxonomy":"post_tag","embeddable":true,"href":"http:\/\/jornalrol.com.br\/index.php?rest_route=%2Fwp%2Fv2%2Ftags&post=64625"}],"curies":[{"name":"wp","href":"https:\/\/api.w.org\/{rel}","templated":true}]}}