{"id":64874,"date":"2024-03-11T07:30:00","date_gmt":"2024-03-11T10:30:00","guid":{"rendered":"https:\/\/jornalrol.com.br\/?p=64874"},"modified":"2024-03-07T14:06:43","modified_gmt":"2024-03-07T17:06:43","slug":"palavras-ao-vento","status":"publish","type":"post","link":"http:\/\/jornalrol.com.br\/?p=64874","title":{"rendered":"Palavras ao vento"},"content":{"rendered":"<div class=\"pdfprnt-buttons pdfprnt-buttons-post pdfprnt-top-right\"><a href=\"http:\/\/jornalrol.com.br\/index.php?rest_route=%2Fwp%2Fv2%2Fposts%2F64874&print=pdf\" class=\"pdfprnt-button pdfprnt-button-pdf\" target=\"_blank\" ><\/a><a href=\"http:\/\/jornalrol.com.br\/index.php?rest_route=%2Fwp%2Fv2%2Fposts%2F64874&print=print\" class=\"pdfprnt-button pdfprnt-button-print\" target=\"_blank\" ><img decoding=\"async\" src=\"https:\/\/jornalrol.com.br\/wp-content\/plugins\/pdf-print\/images\/print.png\" alt=\"image_print\" title=\"Conte\u00fado de impress\u00e3o\" \/><\/a><\/div>\n<h2 class=\"wp-block-heading has-text-align-center\">Irene da Rocha: Poema &#8216;Palavras ao vento&#8217;<br><br><\/h2>\n\n\n<div class=\"wp-block-image is-style-rounded\">\n<figure class=\"aligncenter size-full is-resized\"><img loading=\"lazy\" decoding=\"async\" width=\"837\" height=\"1024\" data-attachment-id=\"54498\" data-permalink=\"http:\/\/jornalrol.com.br\/?attachment_id=54498\" data-orig-file=\"http:\/\/jornalrol.com.br\/wp-content\/uploads\/2023\/04\/IMG-20230407-WA0087.jpg\" data-orig-size=\"837,1024\" data-comments-opened=\"0\" data-image-meta=\"{&quot;aperture&quot;:&quot;0&quot;,&quot;credit&quot;:&quot;&quot;,&quot;camera&quot;:&quot;&quot;,&quot;caption&quot;:&quot;&quot;,&quot;created_timestamp&quot;:&quot;0&quot;,&quot;copyright&quot;:&quot;&quot;,&quot;focal_length&quot;:&quot;0&quot;,&quot;iso&quot;:&quot;0&quot;,&quot;shutter_speed&quot;:&quot;0&quot;,&quot;title&quot;:&quot;&quot;,&quot;orientation&quot;:&quot;0&quot;}\" data-image-title=\"IMG-20230407-WA0087\" data-image-description=\"&lt;p&gt;Irene da Rocha&lt;\/p&gt;\n\" data-image-caption=\"&lt;p&gt;Irene da Rocha &lt;\/p&gt;\n\" data-large-file=\"http:\/\/jornalrol.com.br\/wp-content\/uploads\/2023\/04\/IMG-20230407-WA0087.jpg\" src=\"http:\/\/jornalrol.com.br\/wp-content\/uploads\/2023\/04\/IMG-20230407-WA0087.jpg\" alt=\"Irene da Rocha\" class=\"wp-image-54498\" style=\"width:102px;height:auto\"\/><figcaption class=\"wp-element-caption\">Irene da Rocha <\/figcaption><\/figure>\n<\/div>\n\n<div class=\"wp-block-image\">\n<figure class=\"aligncenter size-full is-resized\"><img loading=\"lazy\" decoding=\"async\" width=\"1024\" height=\"1024\" data-attachment-id=\"64875\" data-permalink=\"http:\/\/jornalrol.com.br\/?attachment_id=64875\" data-orig-file=\"http:\/\/jornalrol.com.br\/wp-content\/uploads\/2024\/03\/OIG4.tqQ_.jpg\" data-orig-size=\"1024,1024\" data-comments-opened=\"1\" data-image-meta=\"{&quot;aperture&quot;:&quot;0&quot;,&quot;credit&quot;:&quot;&quot;,&quot;camera&quot;:&quot;&quot;,&quot;caption&quot;:&quot;&quot;,&quot;created_timestamp&quot;:&quot;0&quot;,&quot;copyright&quot;:&quot;&quot;,&quot;focal_length&quot;:&quot;0&quot;,&quot;iso&quot;:&quot;0&quot;,&quot;shutter_speed&quot;:&quot;0&quot;,&quot;title&quot;:&quot;&quot;,&quot;orientation&quot;:&quot;0&quot;}\" data-image-title=\"OIG4.tqQ_\" data-image-description=\"\" data-image-caption=\"\" data-large-file=\"http:\/\/jornalrol.com.br\/wp-content\/uploads\/2024\/03\/OIG4.tqQ_.jpg\" src=\"https:\/\/jornalrol.com.br\/wp-content\/uploads\/2024\/03\/OIG4.tqQ_.jpg\" alt=\"Palavras ao vento\" class=\"wp-image-64875\" style=\"width:331px;height:auto\" srcset=\"http:\/\/jornalrol.com.br\/wp-content\/uploads\/2024\/03\/OIG4.tqQ_.jpg 1024w, http:\/\/jornalrol.com.br\/wp-content\/uploads\/2024\/03\/OIG4.tqQ_-600x600.jpg 600w, http:\/\/jornalrol.com.br\/wp-content\/uploads\/2024\/03\/OIG4.tqQ_-768x768.jpg 768w\" sizes=\"auto, (max-width: 1024px) 100vw, 1024px\" \/><figcaption class=\"wp-element-caption\">Palavras ao vento<br><em>Microsoft Bing. Imagem criada pelo Designer<\/em><\/figcaption><\/figure>\n<\/div>\n\n\n<p class=\"has-text-align-center\">No caminho do verso, incerto eu sigo,<br>Nas asas do devaneio, meu abrigo.<br>Com nobreza e gentileza, a palavra se al\u00e7a,<br>Elegante, cl\u00e1ssica, em cada frase que enla\u00e7a.<\/p>\n\n\n\n<p class=\"has-text-align-center\">N\u00e3o sou alicerce perene, mas o salto incerto,<br>Desmorono lentamente, num eterno concerto.<br>Levo a ru\u00edna que se sente, em cada passo,<br>Tornando p\u00f3, num ritual, o meu espa\u00e7o.<\/p>\n\n\n\n<p class=\"has-text-align-center\">N\u00e3o me abra\u00e7o \u00e0 escrita libertina, nem \u00e0 sina,<br>Na eloquente falta de harmonia, a ru\u00edna.<br>N\u00e3o me destino a um para\u00edso de fantasia,<br>Mas rimando, pela melodia, encontro a poesia.<\/p>\n\n\n\n<p class=\"has-text-align-center\">Assim, nas palavras v\u00e3s, anonimato enfeito,<br>No ritmo da rima, o meu canto perfeito.<\/p>\n\n\n\n<p class=\"has-text-align-center\"><br><strong>Irene da Rocha<\/strong><\/p>\n\n\n\n<h3 class=\"wp-block-heading has-text-align-center\"><br>Contatos com a autora<\/h3>\n\n\n\n<div class=\"wp-block-columns is-layout-flex wp-container-core-columns-is-layout-9d6595d7 wp-block-columns-is-layout-flex\">\n<div class=\"wp-block-column is-layout-flow wp-block-column-is-layout-flow\">\n<h4 class=\"wp-block-heading has-text-align-center has-blush-light-purple-gradient-background has-background\"><a href=\"https:\/\/wa.me\/12981504242\" target=\"_blank\" rel=\"noopener\" title=\"WhatsApp\">WhatsApp<\/a><\/h4>\n<\/div>\n\n\n\n<div class=\"wp-block-column is-layout-flow wp-block-column-is-layout-flow\">\n<h4 class=\"wp-block-heading has-text-align-center has-blush-light-purple-gradient-background has-background\"><a href=\"https:\/\/www.facebook.com\/dra.irenerochafono?locale=pt_BR\" title=\"Facebook\">Facebook<\/a><\/h4>\n<\/div>\n<\/div>\n\n\n\n<p>Voltar: <a href=\"http:\/\/www.jornalrol.com.br\" title=\"\">http:\/\/www.jornalrol.com.br<\/a><\/p>\n\n\n\n<p>Facebook: <a href=\"https:\/\/facebook.com\/JCulturalRol\/\" title=\"\">https:\/\/facebook.com\/JCulturalRol\/<\/a><\/p>\n","protected":false},"excerpt":{"rendered":"<p>No caminho do verso, incerto eu sigo, nas asas do devaneio, meu abrigo. Com nobreza e gentileza, a palavra se al\u00e7a elegante, cl\u00e1ssica, em cada frase que enla\u00e7a.<\/p>\n","protected":false},"author":55,"featured_media":64875,"comment_status":"open","ping_status":"closed","sticky":false,"template":"","format":"standard","meta":{"_jetpack_newsletter_access":"","_jetpack_dont_email_post_to_subs":false,"_jetpack_newsletter_tier_id":0,"_jetpack_memberships_contains_paywalled_content":false,"_jetpack_memberships_contains_paid_content":false,"footnotes":""},"categories":[9285,58],"tags":[11444,11437,2755,3724,11394],"class_list":["post-64874","post","type-post","status-publish","format-standard","has-post-thumbnail","hentry","category-literatura","category-poesias","tag-abrigo","tag-asas","tag-devaneio","tag-fantasia","tag-verso"],"aioseo_notices":[],"views":793,"jetpack_featured_media_url":"http:\/\/jornalrol.com.br\/wp-content\/uploads\/2024\/03\/OIG4.tqQ_.jpg","jetpack_sharing_enabled":true,"jetpack_likes_enabled":true,"jetpack-related-posts":[{"id":54889,"url":"http:\/\/jornalrol.com.br\/?p=54889","url_meta":{"origin":64874,"position":0},"title":"Irene da Rocha: &#039;Devaneios d&#039;alma&#039;","author":"Irene da Rocha","date":"10 de maio de 2023","format":false,"excerpt":"Devaneios d'alma Seu tom mineiro e suave semblante; soa pulsante a poesia de amor \u00e0 terra. Emociona-se em tudo que cria, no desejo de amor com todo esplendor. \u00a0 Sua alma sofre, seu olhar tristonho e solit\u00e1rio; seu romance e sonhos interrompidos, exp\u00f5e a saudade e as lembran\u00e7as. Sua volta\u2026","rel":"","context":"Em &quot;Comunica\u00e7\u00e3o&quot;","block_context":{"text":"Comunica\u00e7\u00e3o","link":"http:\/\/jornalrol.com.br\/?cat=7"},"img":{"alt_text":"","src":"https:\/\/i0.wp.com\/jornalrol.com.br\/wp-content\/uploads\/2023\/04\/IMG-20230407-WA0087-150x150.jpg?resize=350%2C200","width":350,"height":200},"classes":[]},{"id":67375,"url":"http:\/\/jornalrol.com.br\/?p=67375","url_meta":{"origin":64874,"position":1},"title":"Amor revelado","author":"Irene da Rocha","date":"12 de junho de 2024","format":false,"excerpt":"No sussurro do vento, o amor se revela, arrepiando a pele, trazendo a candura mais bela. Sabores, desejos, beijos apaixonados, no toque dos l\u00e1bios, momentos...","rel":"","context":"Em &quot;Literatura&quot;","block_context":{"text":"Literatura","link":"http:\/\/jornalrol.com.br\/?cat=9285"},"img":{"alt_text":"\"No nascer do Sol, no p\u00f4r da Lua, Emerge a paix\u00e3o que em versos flutua. Sou tua, eternamente ligado a ti","src":"https:\/\/i0.wp.com\/jornalrol.com.br\/wp-content\/uploads\/2024\/06\/OIG2.KC0_.jpg?resize=350%2C200","width":350,"height":200,"srcset":"https:\/\/i0.wp.com\/jornalrol.com.br\/wp-content\/uploads\/2024\/06\/OIG2.KC0_.jpg?resize=350%2C200 1x, https:\/\/i0.wp.com\/jornalrol.com.br\/wp-content\/uploads\/2024\/06\/OIG2.KC0_.jpg?resize=525%2C300 1.5x, https:\/\/i0.wp.com\/jornalrol.com.br\/wp-content\/uploads\/2024\/06\/OIG2.KC0_.jpg?resize=700%2C400 2x"},"classes":[]},{"id":53332,"url":"http:\/\/jornalrol.com.br\/?p=53332","url_meta":{"origin":64874,"position":2},"title":"Irene da Rocha: &#039;Sonhadora que sou&#039;","author":"Irene da Rocha","date":"6 de janeiro de 2023","format":false,"excerpt":"Sonhadora que sou No lirismo da minha alma Abro minhas asas, miro meu voo Sou como uma \u00e1guia liberta Quero desbravar novo ano. \u00a0 Tenho o C\u00e9u como meu abrigo O descanso nas nuvens Imune de qualquer perigo Adorme\u00e7o com pensamento nas estrelas. \u00a0 Levada pelas asas da felicidade Vivendo\u2026","rel":"","context":"Em &quot;Comunica\u00e7\u00e3o&quot;","block_context":{"text":"Comunica\u00e7\u00e3o","link":"http:\/\/jornalrol.com.br\/?cat=7"},"img":{"alt_text":"","src":"https:\/\/i0.wp.com\/jornalrol.com.br\/wp-content\/uploads\/2022\/01\/d99682f3-59df-4c97-b5f7-7d6f47b45fd6-150x150.jpg?resize=350%2C200","width":350,"height":200},"classes":[]},{"id":66805,"url":"http:\/\/jornalrol.com.br\/?p=66805","url_meta":{"origin":64874,"position":3},"title":"Eco da saudade","author":"Irene da Rocha","date":"24 de maio de 2024","format":false,"excerpt":"No eco da saudade, te convido a lembrar. Fechas os olhos, e l\u00e1 estarei a sorrir, a te contemplar. Com ternura, segredos ao vento vou te confessar.","rel":"","context":"Em &quot;Literatura&quot;","block_context":{"text":"Literatura","link":"http:\/\/jornalrol.com.br\/?cat=9285"},"img":{"alt_text":"Com ternura, segredos ao vento vou te confessar","src":"https:\/\/i0.wp.com\/jornalrol.com.br\/wp-content\/uploads\/2024\/05\/OIG4.h6BH4FNW.jpg?resize=350%2C200","width":350,"height":200,"srcset":"https:\/\/i0.wp.com\/jornalrol.com.br\/wp-content\/uploads\/2024\/05\/OIG4.h6BH4FNW.jpg?resize=350%2C200 1x, https:\/\/i0.wp.com\/jornalrol.com.br\/wp-content\/uploads\/2024\/05\/OIG4.h6BH4FNW.jpg?resize=525%2C300 1.5x"},"classes":[]},{"id":71538,"url":"http:\/\/jornalrol.com.br\/?p=71538","url_meta":{"origin":64874,"position":4},"title":"Sombra da escrita","author":"Irene da Rocha","date":"15 de janeiro de 2025","format":false,"excerpt":"Na sombra da escrita, meu cora\u00e7\u00e3o a pulsar. \u00c9 melodia que o sil\u00eancio vem guiar. Segue a rota em um caminho sem destino, onde ideias brotam, ainda sem fio.","rel":"","context":"Em &quot;Literatura&quot;","block_context":{"text":"Literatura","link":"http:\/\/jornalrol.com.br\/?cat=9285"},"img":{"alt_text":"Irene da Rocha","src":"https:\/\/i0.wp.com\/jornalrol.com.br\/wp-content\/uploads\/2022\/01\/d99682f3-59df-4c97-b5f7-7d6f47b45fd6.jpg?resize=350%2C200","width":350,"height":200,"srcset":"https:\/\/i0.wp.com\/jornalrol.com.br\/wp-content\/uploads\/2022\/01\/d99682f3-59df-4c97-b5f7-7d6f47b45fd6.jpg?resize=350%2C200 1x, https:\/\/i0.wp.com\/jornalrol.com.br\/wp-content\/uploads\/2022\/01\/d99682f3-59df-4c97-b5f7-7d6f47b45fd6.jpg?resize=525%2C300 1.5x"},"classes":[]},{"id":48283,"url":"http:\/\/jornalrol.com.br\/?p=48283","url_meta":{"origin":64874,"position":5},"title":"Irene da Rocha: &#039;Para\u00edso&#039;","author":"Irene da Rocha","date":"1 de fevereiro de 2022","format":false,"excerpt":"Para\u00edso Meu para\u00edso, Local onde carrego as energias, Tem morros e montanhas, Matas verdes, flores e p\u00e1ssaros; Tem jacu, tucano e maritaca; Tem \u00e1rvores frondosas, Absurdo de imaginar. Tem abund\u00e2ncia de folhas verdes e frutos, Que alimentam os p\u00e1ssaros e abrigam seus ninhos; Tem \u00e1gua fresca que nos abastece. Quando\u2026","rel":"","context":"Em &quot;Comunica\u00e7\u00e3o&quot;","block_context":{"text":"Comunica\u00e7\u00e3o","link":"http:\/\/jornalrol.com.br\/?cat=7"},"img":{"alt_text":"","src":"https:\/\/i0.wp.com\/jornalrol.com.br\/wp-content\/uploads\/2022\/01\/d99682f3-59df-4c97-b5f7-7d6f47b45fd6-150x150.jpg?resize=350%2C200","width":350,"height":200},"classes":[]}],"_links":{"self":[{"href":"http:\/\/jornalrol.com.br\/index.php?rest_route=\/wp\/v2\/posts\/64874","targetHints":{"allow":["GET"]}}],"collection":[{"href":"http:\/\/jornalrol.com.br\/index.php?rest_route=\/wp\/v2\/posts"}],"about":[{"href":"http:\/\/jornalrol.com.br\/index.php?rest_route=\/wp\/v2\/types\/post"}],"author":[{"embeddable":true,"href":"http:\/\/jornalrol.com.br\/index.php?rest_route=\/wp\/v2\/users\/55"}],"replies":[{"embeddable":true,"href":"http:\/\/jornalrol.com.br\/index.php?rest_route=%2Fwp%2Fv2%2Fcomments&post=64874"}],"version-history":[{"count":2,"href":"http:\/\/jornalrol.com.br\/index.php?rest_route=\/wp\/v2\/posts\/64874\/revisions"}],"predecessor-version":[{"id":64877,"href":"http:\/\/jornalrol.com.br\/index.php?rest_route=\/wp\/v2\/posts\/64874\/revisions\/64877"}],"wp:featuredmedia":[{"embeddable":true,"href":"http:\/\/jornalrol.com.br\/index.php?rest_route=\/wp\/v2\/media\/64875"}],"wp:attachment":[{"href":"http:\/\/jornalrol.com.br\/index.php?rest_route=%2Fwp%2Fv2%2Fmedia&parent=64874"}],"wp:term":[{"taxonomy":"category","embeddable":true,"href":"http:\/\/jornalrol.com.br\/index.php?rest_route=%2Fwp%2Fv2%2Fcategories&post=64874"},{"taxonomy":"post_tag","embeddable":true,"href":"http:\/\/jornalrol.com.br\/index.php?rest_route=%2Fwp%2Fv2%2Ftags&post=64874"}],"curies":[{"name":"wp","href":"https:\/\/api.w.org\/{rel}","templated":true}]}}