{"id":65675,"date":"2024-04-12T15:41:44","date_gmt":"2024-04-12T18:41:44","guid":{"rendered":"https:\/\/jornalrol.com.br\/?p=65675"},"modified":"2024-04-12T15:42:01","modified_gmt":"2024-04-12T18:42:01","slug":"o-drama-do-apartamento-da-berrine","status":"publish","type":"post","link":"http:\/\/jornalrol.com.br\/?p=65675","title":{"rendered":"O drama do apartamento da Berrine"},"content":{"rendered":"<div class=\"pdfprnt-buttons pdfprnt-buttons-post pdfprnt-top-right\"><a href=\"http:\/\/jornalrol.com.br\/index.php?rest_route=%2Fwp%2Fv2%2Fposts%2F65675&print=pdf\" class=\"pdfprnt-button pdfprnt-button-pdf\" target=\"_blank\" ><\/a><a href=\"http:\/\/jornalrol.com.br\/index.php?rest_route=%2Fwp%2Fv2%2Fposts%2F65675&print=print\" class=\"pdfprnt-button pdfprnt-button-print\" target=\"_blank\" ><img decoding=\"async\" src=\"https:\/\/jornalrol.com.br\/wp-content\/plugins\/pdf-print\/images\/print.png\" alt=\"image_print\" title=\"Conte\u00fado de impress\u00e3o\" \/><\/a><\/div>\n<h2 class=\"wp-block-heading has-text-align-center\">Ella Dominici: &#8216;O drama do apartamento da Berrine&#8217;<br><br><\/h2>\n\n\n<div class=\"wp-block-image is-style-rounded\">\n<figure class=\"aligncenter size-full is-resized\"><img loading=\"lazy\" decoding=\"async\" width=\"720\" height=\"720\" data-attachment-id=\"63406\" data-permalink=\"http:\/\/jornalrol.com.br\/?attachment_id=63406\" data-orig-file=\"http:\/\/jornalrol.com.br\/wp-content\/uploads\/2023\/11\/WhatsApp-Image-2023-11-26-at-17.47.55.jpeg\" data-orig-size=\"720,720\" data-comments-opened=\"0\" data-image-meta=\"{&quot;aperture&quot;:&quot;0&quot;,&quot;credit&quot;:&quot;&quot;,&quot;camera&quot;:&quot;&quot;,&quot;caption&quot;:&quot;&quot;,&quot;created_timestamp&quot;:&quot;0&quot;,&quot;copyright&quot;:&quot;&quot;,&quot;focal_length&quot;:&quot;0&quot;,&quot;iso&quot;:&quot;0&quot;,&quot;shutter_speed&quot;:&quot;0&quot;,&quot;title&quot;:&quot;&quot;,&quot;orientation&quot;:&quot;0&quot;}\" data-image-title=\"WhatsApp-Image-2023-11-26-at-17.47.55\" data-image-description=\"&lt;p&gt;Ella Dominici&lt;\/p&gt;\n\" data-image-caption=\"&lt;p&gt;Ella Dominici&lt;\/p&gt;\n\" data-large-file=\"http:\/\/jornalrol.com.br\/wp-content\/uploads\/2023\/11\/WhatsApp-Image-2023-11-26-at-17.47.55.jpeg\" src=\"http:\/\/jornalrol.com.br\/wp-content\/uploads\/2023\/11\/WhatsApp-Image-2023-11-26-at-17.47.55.jpeg\" alt=\"Ella Dominici\" class=\"wp-image-63406\" style=\"width:140px;height:auto\"\/><figcaption class=\"wp-element-caption\">Ella Dominici<\/figcaption><\/figure>\n<\/div>\n\n<div class=\"wp-block-image\">\n<figure class=\"aligncenter size-full is-resized\"><img loading=\"lazy\" decoding=\"async\" width=\"1024\" height=\"1024\" data-attachment-id=\"65676\" data-permalink=\"http:\/\/jornalrol.com.br\/?attachment_id=65676\" data-orig-file=\"http:\/\/jornalrol.com.br\/wp-content\/uploads\/2024\/04\/OIG2.EfjtTbgB3qlL.1V9.jpg\" data-orig-size=\"1024,1024\" data-comments-opened=\"1\" data-image-meta=\"{&quot;aperture&quot;:&quot;0&quot;,&quot;credit&quot;:&quot;&quot;,&quot;camera&quot;:&quot;&quot;,&quot;caption&quot;:&quot;&quot;,&quot;created_timestamp&quot;:&quot;0&quot;,&quot;copyright&quot;:&quot;&quot;,&quot;focal_length&quot;:&quot;0&quot;,&quot;iso&quot;:&quot;0&quot;,&quot;shutter_speed&quot;:&quot;0&quot;,&quot;title&quot;:&quot;&quot;,&quot;orientation&quot;:&quot;0&quot;}\" data-image-title=\"OIG2.EfjtTbgB3qlL.1V9\" data-image-description=\"\" data-image-caption=\"\" data-large-file=\"http:\/\/jornalrol.com.br\/wp-content\/uploads\/2024\/04\/OIG2.EfjtTbgB3qlL.1V9.jpg\" src=\"https:\/\/jornalrol.com.br\/wp-content\/uploads\/2024\/04\/OIG2.EfjtTbgB3qlL.1V9.jpg\" alt=\"Fotografo jornal\u00edstico presente no centro de S\u00e3o Paulo, nos anos 64 fotografando manifesta\u00e7\u00e3o estudantil\u00a0\" class=\"wp-image-65676\" style=\"width:354px;height:auto\" srcset=\"http:\/\/jornalrol.com.br\/wp-content\/uploads\/2024\/04\/OIG2.EfjtTbgB3qlL.1V9.jpg 1024w, http:\/\/jornalrol.com.br\/wp-content\/uploads\/2024\/04\/OIG2.EfjtTbgB3qlL.1V9-600x600.jpg 600w, http:\/\/jornalrol.com.br\/wp-content\/uploads\/2024\/04\/OIG2.EfjtTbgB3qlL.1V9-768x768.jpg 768w\" sizes=\"auto, (max-width: 1024px) 100vw, 1024px\" \/><figcaption class=\"wp-element-caption\"><em>Fotografo jornal\u00edstico presente no centro de S\u00e3o Paulo, nos anos 64 fotografando manifesta\u00e7\u00e3o estudantil\u00a0<\/em><br>Microsoft Bing. Imagem criada pelo Designer<\/figcaption><\/figure>\n<\/div>\n\n\n<p class=\"has-drop-cap\">A inf\u00e2ncia se passou em Minas ao filho da professora de Hist\u00f3ria e aos seus quatro irm\u00e3os, cinco no total. Foram criados pela dona L\u00e1zara, mo\u00e7a naquela \u00e9poca e que se manteve solteira. Ela os viu nascer, era uma negra dedicada ,quase m\u00e3e&#8230;mais que m\u00e3e .<\/p>\n\n\n\n<p>Por sua vez a m\u00e3e muito moderna para as d\u00e9cadas de cinquenta a sessenta, dirigia, fumava&#8230;uma feminista que discutia a \u00e9poca em suas excelentes aulas.<\/p>\n\n\n\n<p>&nbsp;&nbsp;&nbsp;&nbsp;Hugo veio para S\u00e3o Paulo , estudar sociologia na USP, morava no apartamento cedido a duras custas pelo pai na avenida Berrine.<\/p>\n\n\n\n<p>&nbsp;&nbsp;&nbsp;&nbsp;Creio que fosse por volta de 1968 quando na faculdade se drogava, ali\u00e1s todos os amigos, irm\u00e3os e alguns primos l\u00e1 de Minas .<\/p>\n\n\n\n<p>&nbsp;&nbsp;&nbsp;&nbsp;Provava-se tudo e corria as avenidas de S\u00e3o Paulo no engajamento pol\u00edtico&nbsp; de revolta e liberdade&#8230;e em busca do LSD.<\/p>\n\n\n\n<p>&nbsp;&nbsp;&nbsp;&nbsp;Era um conjunto de cinco pr\u00e9dios, cada qual pintado de uma cor. O dele era azul. Elevadores par e \u00edmpar, curioso ter que acertar e n\u00e3o ir parar no andar errado. Nesse dia errou o andar e subiu um de escada.<\/p>\n\n\n\n<p>&nbsp;&nbsp;&nbsp;&nbsp;Chegou e olhou pelo vitral da sala, aqueles de correr, ouviu o ru\u00eddo de algo enferrujado, que emperra, precisava lixar e pintar. Faltava manuten\u00e7\u00e3o j\u00e1 que n\u00e3o era dedicado.<\/p>\n\n\n\n<p>&nbsp;&nbsp;&nbsp;Pela janela podia-se ver a pra\u00e7a Sanson que ficava bem abaixo, um campinho de futebol e uma \u00e1rea de lazer para crian\u00e7as. Hugo costumava levar&nbsp; a Leica, sua cadelinha pinscher 2, o nome dado justifica o gosto e paix\u00e3o pela fotografia, \u00e0 qual ele era obstinado.<\/p>\n\n\n\n<p>&nbsp;Sua preciosidade era uma &#8216;Leica M 10-R&#8217; que comprou usada na rua Augusta. Sua namorada.<\/p>\n\n\n\n<p>&nbsp;&nbsp;&nbsp;&nbsp;Gostava do apartamento mi\u00fado de 70 metros, para ele era at\u00e9 grande e acomodava suas tralhas e seus livros Marxistas e de Weber, muita literatura e hist\u00f3ria, al\u00e9m da pilha de discos e LP do Chico que cantavam can\u00e7\u00f5es censuradas. Tudo no Hugo era censurado. Anos torturados sem esquecimento.<\/p>\n\n\n\n<p>&nbsp;&nbsp;&nbsp;&nbsp;&nbsp;&nbsp;Todos os irm\u00e3os disputavam esse apartamento, mas ficara nele at\u00e9 o fim.<\/p>\n\n\n\n<p>N\u00e3o sei porque lembrou- se do tempo que passara em Berlim,onde recolhia canecas de cerveja que deixavam pelos bancos da pra\u00e7a. Fazia um valor suficiente para se manter vivo por ali.<\/p>\n\n\n\n<p>&nbsp;&nbsp;&nbsp;&nbsp;&nbsp;Do\u00eda- lhe a cabe\u00e7a agora. Coberta por uma vasta e desgrenhada cabeleira que disfar\u00e7ava o c\u00e9rebro que parecia oco.<\/p>\n\n\n\n<p>&nbsp;&nbsp;&nbsp;&nbsp;&nbsp;A cabe\u00e7a misturando nebulosamente os fatos que soubera pela L\u00e1zara, n\u00e3o por terem ligado, mas ele teria feito um telefonema, o que nunca fazia, pois interurbanos eram car\u00edssimos; al\u00e9m de que os v\u00ednculos eram cada vez mais fr\u00e1geis. Parece que ningu\u00e9m existia&#8230;a m\u00e3e morrera drasticamente num acidente no trevo da entrada da cidade mineira. Para que viver, se nem os ideais de liberdade podiam lhe libertar o esp\u00edrito inquieto. E por que morrer se a luta era a pr\u00f3pria vida.<\/p>\n\n\n\n<p>O pavor aumentava, ele inexistia nos corredores sombrios da exist\u00eancia. A droga lhe galardoava como o nada.<\/p>\n\n\n\n<p>&nbsp;&nbsp;&nbsp;&nbsp;&nbsp;E neste devaneio meio sonho, meio real, ouviu um ru\u00eddo no hall de entrada,&nbsp; pisadas fortes e vozes masculinas, pensou no que poderia ser, lembrando- se dos \u00faltimos acontecimentos com fam\u00edlias de amigos engajados&#8230;<\/p>\n\n\n\n<p>&nbsp;&nbsp;&nbsp;&nbsp;A porta da sala foi arrombada?<\/p>\n\n\n\n<p>&nbsp;&nbsp;&nbsp;Desespero total, mais uma vez seria detido, e por quanto tempo agora, e a tortura para confessar o que? ser\u00e1 que s\u00e3o eles, ou n\u00e3o? A d\u00favida cada vez mais se expande, de onde viria esse turbilh\u00e3o?<\/p>\n\n\n\n<p>&nbsp;&nbsp;&nbsp;&nbsp;A tontura o tomava, eram os efeitos adren\u00e9rgicos em seu peito e corpo&#8230;<\/p>\n\n\n\n<p>&nbsp;&nbsp;Olha para a janela que precisava de reparos, num relance lembra- se de Ivete Mendes e seus compatriotas e&#8230;. de Yunens Paiva&#8230; um dia contaria esta fa\u00e7anha ao Marcelo, filho do amigo&#8230;<\/p>\n\n\n\n<p>&nbsp;&nbsp;&nbsp;&nbsp;Procura vasculhando com os olhos pela Leica, agarra a pe\u00e7a e freneticamente a pendura&nbsp; no seu pesco\u00e7o. Onde quer que fosse ela teria que acompanh\u00e1- lo .<\/p>\n\n\n\n<p>&nbsp;&nbsp;&nbsp;&nbsp;N\u00e3o existe outra sa\u00edda, n\u00e3o tem escolha sen\u00e3o a fuga antes que o tomassem e o levassem, isso j\u00e1 seria demais para suportar&#8230;<\/p>\n\n\n\n<p>&nbsp;&nbsp;&nbsp;&nbsp;&nbsp;Salta do d\u00e9cimo primeiro andar. Salto livre.<\/p>\n\n\n\n<p>&nbsp;&nbsp;&nbsp;&nbsp;&nbsp;A gangorra do parquinho balan\u00e7ou afundando a terra ao suportar o peso de seu corpo.&nbsp;<\/p>\n\n\n\n<p>&nbsp;&nbsp;&nbsp;&nbsp;&nbsp;&nbsp;&nbsp;Virou fot\u00f3grafo jornal\u00edstico .<\/p>\n\n\n\n<p class=\"has-text-align-center\"><strong>Ella Dominici<\/strong><\/p>\n\n\n\n<h3 class=\"wp-block-heading has-text-align-center\">Contatos com a autora<\/h3>\n\n\n\n<div class=\"wp-block-columns is-layout-flex wp-container-core-columns-is-layout-9d6595d7 wp-block-columns-is-layout-flex\">\n<div class=\"wp-block-column is-layout-flow wp-block-column-is-layout-flow\">\n<h4 class=\"wp-block-heading has-text-align-center has-blush-light-purple-gradient-background has-background\"><a href=\"https:\/\/web.facebook.com\/profile.php?id=100081093275132&amp;locale=pt_BR\" target=\"_blank\" rel=\"noopener\" title=\"Facebook\">Facebook<\/a><\/h4>\n<\/div>\n\n\n\n<div class=\"wp-block-column is-layout-flow wp-block-column-is-layout-flow\">\n<h4 class=\"wp-block-heading has-text-align-center has-blush-light-purple-gradient-background has-background\"><a href=\"https:\/\/www.instagram.com\/ruteelladominici\/\" title=\"Instagram\">Instagram<\/a><\/h4>\n<\/div>\n<\/div>\n\n\n\n<p><a href=\"https:\/\/jornalrol.com.br\/\" title=\"Voltar\">Voltar<\/a><\/p>\n\n\n\n<p><a href=\"https:\/\/www.facebook.com\/JCulturalrol\/\" title=\"Facebook\">Facebook<\/a><\/p>\n","protected":false},"excerpt":{"rendered":"<p>A inf\u00e2ncia se passou em Minas ao filho da professora de Hist\u00f3ria e aos seus quatro irm\u00e3os, cinco no total. Foram criados pela dona L\u00e1zara, mo\u00e7a naquela \u00e9poca <\/p>\n","protected":false},"author":90,"featured_media":65676,"comment_status":"open","ping_status":"closed","sticky":false,"template":"","format":"standard","meta":{"_jetpack_newsletter_access":"","_jetpack_dont_email_post_to_subs":false,"_jetpack_newsletter_tier_id":0,"_jetpack_memberships_contains_paywalled_content":false,"_jetpack_memberships_contains_paid_content":false,"footnotes":""},"categories":[9607,9285],"tags":[4048,4567],"class_list":["post-65675","post","type-post","status-publish","format-standard","has-post-thumbnail","hentry","category-contos","category-literatura","tag-fotografia","tag-infancia"],"aioseo_notices":[],"views":1470,"jetpack_featured_media_url":"http:\/\/jornalrol.com.br\/wp-content\/uploads\/2024\/04\/OIG2.EfjtTbgB3qlL.1V9.jpg","jetpack_sharing_enabled":true,"jetpack_likes_enabled":true,"jetpack-related-posts":[{"id":62737,"url":"http:\/\/jornalrol.com.br\/?p=62737","url_meta":{"origin":65675,"position":0},"title":"No Quadro do ROL, as Letras de Ouro de Rute Ella Dominici","author":"Sergio Diniz da Costa","date":"2 de novembro de 2023","format":false,"excerpt":"N\u00e3o digo de voltas por cima, n\u00e3o falo de perdas preench\u00edveis, nem ouso pensar substitui\u00e7\u00f5es, sonhos rarefeitos como frestas. Pensar que dos fracassos e...","rel":"","context":"Em &quot;Literatura&quot;","block_context":{"text":"Literatura","link":"http:\/\/jornalrol.com.br\/?cat=9285"},"img":{"alt_text":"Rute Ella Dominici","src":"https:\/\/i0.wp.com\/jornalrol.com.br\/wp-content\/uploads\/2023\/11\/339943055_6217517358305775_396769057341035247_n.jpg?resize=350%2C200","width":350,"height":200,"srcset":"https:\/\/i0.wp.com\/jornalrol.com.br\/wp-content\/uploads\/2023\/11\/339943055_6217517358305775_396769057341035247_n.jpg?resize=350%2C200 1x, https:\/\/i0.wp.com\/jornalrol.com.br\/wp-content\/uploads\/2023\/11\/339943055_6217517358305775_396769057341035247_n.jpg?resize=525%2C300 1.5x, https:\/\/i0.wp.com\/jornalrol.com.br\/wp-content\/uploads\/2023\/11\/339943055_6217517358305775_396769057341035247_n.jpg?resize=700%2C400 2x"},"classes":[]},{"id":68938,"url":"http:\/\/jornalrol.com.br\/?p=68938","url_meta":{"origin":65675,"position":1},"title":"Des\u00e1gue","author":"Rute Ella Dominici","date":"25 de agosto de 2024","format":false,"excerpt":"Poema \u2018Des\u00e1gue\u2019, de Ella Dominici: \u201cdepois de amar-te minhas m\u00e3os te acham cheias de dons da vida que em ti existem\u201d","rel":"","context":"Em &quot;Literatura&quot;","block_context":{"text":"Literatura","link":"http:\/\/jornalrol.com.br\/?cat=9285"},"img":{"alt_text":"Imagem criada pela IA do Bing","src":"https:\/\/i0.wp.com\/jornalrol.com.br\/wp-content\/uploads\/2024\/08\/OIG1.jpg?resize=350%2C200","width":350,"height":200},"classes":[]},{"id":63728,"url":"http:\/\/jornalrol.com.br\/?p=63728","url_meta":{"origin":65675,"position":2},"title":"Dan\u00e7a Solo Cisne","author":"Rute Ella Dominici","date":"15 de dezembro de 2023","format":false,"excerpt":"Cisne \u00e9 solit\u00e1rio, em colo claro, poetisa deslizando \u00edntimo sobre si mesmo sobram-lhe penas oleaginosas vertiginosas. Apenas elas...brancas ou negras...","rel":"","context":"Em &quot;Literatura&quot;","block_context":{"text":"Literatura","link":"http:\/\/jornalrol.com.br\/?cat=9285"},"img":{"alt_text":"Um cisne branco","src":"https:\/\/i0.wp.com\/jornalrol.com.br\/wp-content\/uploads\/2023\/12\/529189c1-80df-4da3-8c6c-0961a161cefd.jpeg?resize=350%2C200","width":350,"height":200,"srcset":"https:\/\/i0.wp.com\/jornalrol.com.br\/wp-content\/uploads\/2023\/12\/529189c1-80df-4da3-8c6c-0961a161cefd.jpeg?resize=350%2C200 1x, https:\/\/i0.wp.com\/jornalrol.com.br\/wp-content\/uploads\/2023\/12\/529189c1-80df-4da3-8c6c-0961a161cefd.jpeg?resize=525%2C300 1.5x, https:\/\/i0.wp.com\/jornalrol.com.br\/wp-content\/uploads\/2023\/12\/529189c1-80df-4da3-8c6c-0961a161cefd.jpeg?resize=700%2C400 2x"},"classes":[]},{"id":74998,"url":"http:\/\/jornalrol.com.br\/?p=74998","url_meta":{"origin":65675,"position":3},"title":"Imperativo","author":"Rute Ella Dominici","date":"22 de agosto de 2025","format":false,"excerpt":"Acode-me do ex\u00edlio das manh\u00e3s, d\u00ea-me leite mel e mais rom\u00e3s. O al\u00e9m da estrada \u00e9 portal do l\u00e1 em casa l\u00e1 h\u00e1 o sentir correndo de meu peito ao avoante-fugaz...","rel":"","context":"Em &quot;Literatura&quot;","block_context":{"text":"Literatura","link":"http:\/\/jornalrol.com.br\/?cat=9285"},"img":{"alt_text":"Imagem criada por IA da Meta - 21 de agosto de 2025, \u00e0s13:47 PM","src":"https:\/\/i0.wp.com\/jornalrol.com.br\/wp-content\/uploads\/2025\/08\/d5f3afb8-ee63-494b-9a75-e24d5e939fbb.jpeg?resize=350%2C200","width":350,"height":200,"srcset":"https:\/\/i0.wp.com\/jornalrol.com.br\/wp-content\/uploads\/2025\/08\/d5f3afb8-ee63-494b-9a75-e24d5e939fbb.jpeg?resize=350%2C200 1x, https:\/\/i0.wp.com\/jornalrol.com.br\/wp-content\/uploads\/2025\/08\/d5f3afb8-ee63-494b-9a75-e24d5e939fbb.jpeg?resize=525%2C300 1.5x, https:\/\/i0.wp.com\/jornalrol.com.br\/wp-content\/uploads\/2025\/08\/d5f3afb8-ee63-494b-9a75-e24d5e939fbb.jpeg?resize=700%2C400 2x, https:\/\/i0.wp.com\/jornalrol.com.br\/wp-content\/uploads\/2025\/08\/d5f3afb8-ee63-494b-9a75-e24d5e939fbb.jpeg?resize=1050%2C600 3x"},"classes":[]},{"id":67690,"url":"http:\/\/jornalrol.com.br\/?p=67690","url_meta":{"origin":65675,"position":4},"title":"Rosas des\u00e9rticas","author":"Rute Ella Dominici","date":"23 de junho de 2024","format":false,"excerpt":"em desertos quentes n\u00e3o se acha lagos miragem em encostas rochosas rosa-da-areia em alma desabrocha teu tempo em meu clima alguma umidade evapora...","rel":"","context":"Em &quot;Literatura&quot;","block_context":{"text":"Literatura","link":"http:\/\/jornalrol.com.br\/?cat=9285"},"img":{"alt_text":"Rosa des\u00e9rtica","src":"https:\/\/i0.wp.com\/jornalrol.com.br\/wp-content\/uploads\/2024\/06\/OIG1-4.jpeg?resize=350%2C200","width":350,"height":200,"srcset":"https:\/\/i0.wp.com\/jornalrol.com.br\/wp-content\/uploads\/2024\/06\/OIG1-4.jpeg?resize=350%2C200 1x, https:\/\/i0.wp.com\/jornalrol.com.br\/wp-content\/uploads\/2024\/06\/OIG1-4.jpeg?resize=525%2C300 1.5x, https:\/\/i0.wp.com\/jornalrol.com.br\/wp-content\/uploads\/2024\/06\/OIG1-4.jpeg?resize=700%2C400 2x"},"classes":[]},{"id":74453,"url":"http:\/\/jornalrol.com.br\/?p=74453","url_meta":{"origin":65675,"position":5},"title":"N\u00f3doa","author":"Rute Ella Dominici","date":"18 de julho de 2025","format":false,"excerpt":"Amanh\u00e3 desato o hoje n\u00f3doa? Meu copo in\u00f3cuo nem parece de \u00e1gua, e o corpo nocaute resvala a represar comportas. S\u00e3o chorosa flama que em lama des\u00e1gua Ideias...","rel":"","context":"Em &quot;Literatura&quot;","block_context":{"text":"Literatura","link":"http:\/\/jornalrol.com.br\/?cat=9285"},"img":{"alt_text":"Imagem criada por IA da Meta. 18 de julho de 2025, \u00e0s 15:43 PM","src":"https:\/\/i0.wp.com\/jornalrol.com.br\/wp-content\/uploads\/2025\/07\/bd872695-0c23-41d9-a232-5eceab456964.jpg?resize=350%2C200","width":350,"height":200,"srcset":"https:\/\/i0.wp.com\/jornalrol.com.br\/wp-content\/uploads\/2025\/07\/bd872695-0c23-41d9-a232-5eceab456964.jpg?resize=350%2C200 1x, https:\/\/i0.wp.com\/jornalrol.com.br\/wp-content\/uploads\/2025\/07\/bd872695-0c23-41d9-a232-5eceab456964.jpg?resize=525%2C300 1.5x, https:\/\/i0.wp.com\/jornalrol.com.br\/wp-content\/uploads\/2025\/07\/bd872695-0c23-41d9-a232-5eceab456964.jpg?resize=700%2C400 2x, https:\/\/i0.wp.com\/jornalrol.com.br\/wp-content\/uploads\/2025\/07\/bd872695-0c23-41d9-a232-5eceab456964.jpg?resize=1050%2C600 3x"},"classes":[]}],"_links":{"self":[{"href":"http:\/\/jornalrol.com.br\/index.php?rest_route=\/wp\/v2\/posts\/65675","targetHints":{"allow":["GET"]}}],"collection":[{"href":"http:\/\/jornalrol.com.br\/index.php?rest_route=\/wp\/v2\/posts"}],"about":[{"href":"http:\/\/jornalrol.com.br\/index.php?rest_route=\/wp\/v2\/types\/post"}],"author":[{"embeddable":true,"href":"http:\/\/jornalrol.com.br\/index.php?rest_route=\/wp\/v2\/users\/90"}],"replies":[{"embeddable":true,"href":"http:\/\/jornalrol.com.br\/index.php?rest_route=%2Fwp%2Fv2%2Fcomments&post=65675"}],"version-history":[{"count":3,"href":"http:\/\/jornalrol.com.br\/index.php?rest_route=\/wp\/v2\/posts\/65675\/revisions"}],"predecessor-version":[{"id":65679,"href":"http:\/\/jornalrol.com.br\/index.php?rest_route=\/wp\/v2\/posts\/65675\/revisions\/65679"}],"wp:featuredmedia":[{"embeddable":true,"href":"http:\/\/jornalrol.com.br\/index.php?rest_route=\/wp\/v2\/media\/65676"}],"wp:attachment":[{"href":"http:\/\/jornalrol.com.br\/index.php?rest_route=%2Fwp%2Fv2%2Fmedia&parent=65675"}],"wp:term":[{"taxonomy":"category","embeddable":true,"href":"http:\/\/jornalrol.com.br\/index.php?rest_route=%2Fwp%2Fv2%2Fcategories&post=65675"},{"taxonomy":"post_tag","embeddable":true,"href":"http:\/\/jornalrol.com.br\/index.php?rest_route=%2Fwp%2Fv2%2Ftags&post=65675"}],"curies":[{"name":"wp","href":"https:\/\/api.w.org\/{rel}","templated":true}]}}