{"id":65967,"date":"2024-04-29T16:09:43","date_gmt":"2024-04-29T19:09:43","guid":{"rendered":"https:\/\/jornalrol.com.br\/?p=65967"},"modified":"2024-04-29T16:12:59","modified_gmt":"2024-04-29T19:12:59","slug":"museu-da-lingua-portuguesa","status":"publish","type":"post","link":"http:\/\/jornalrol.com.br\/?p=65967","title":{"rendered":"Museu da L\u00edngua Portuguesa"},"content":{"rendered":"<div class=\"pdfprnt-buttons pdfprnt-buttons-post pdfprnt-top-right\"><a href=\"http:\/\/jornalrol.com.br\/index.php?rest_route=%2Fwp%2Fv2%2Fposts%2F65967&print=pdf\" class=\"pdfprnt-button pdfprnt-button-pdf\" target=\"_blank\" ><\/a><a href=\"http:\/\/jornalrol.com.br\/index.php?rest_route=%2Fwp%2Fv2%2Fposts%2F65967&print=print\" class=\"pdfprnt-button pdfprnt-button-print\" target=\"_blank\" ><img decoding=\"async\" src=\"https:\/\/jornalrol.com.br\/wp-content\/plugins\/pdf-print\/images\/print.png\" alt=\"image_print\" title=\"Conte\u00fado de impress\u00e3o\" \/><\/a><\/div>\n<h2 class=\"wp-block-heading has-text-align-center\">Museu da L\u00edngua Portuguesa faz forma\u00e7\u00e3o em m\u00e9todo de letramento a partir da escrita de cartas<br><br><\/h2>\n\n\n<div class=\"wp-block-image\">\n<figure class=\"aligncenter size-full is-resized\"><img loading=\"lazy\" decoding=\"async\" width=\"1280\" height=\"853\" data-attachment-id=\"65999\" data-permalink=\"http:\/\/jornalrol.com.br\/?attachment_id=65999\" data-orig-file=\"http:\/\/jornalrol.com.br\/wp-content\/uploads\/2024\/04\/0Z6A3590_Easy-Resize.com_.jpg\" data-orig-size=\"1280,853\" data-comments-opened=\"1\" data-image-meta=\"{&quot;aperture&quot;:&quot;0&quot;,&quot;credit&quot;:&quot;&quot;,&quot;camera&quot;:&quot;&quot;,&quot;caption&quot;:&quot;&quot;,&quot;created_timestamp&quot;:&quot;0&quot;,&quot;copyright&quot;:&quot;&quot;,&quot;focal_length&quot;:&quot;0&quot;,&quot;iso&quot;:&quot;0&quot;,&quot;shutter_speed&quot;:&quot;0&quot;,&quot;title&quot;:&quot;&quot;,&quot;orientation&quot;:&quot;0&quot;}\" data-image-title=\"0Z6A3590_Easy-Resize.com_\" data-image-description=\"\" data-image-caption=\"\" data-large-file=\"http:\/\/jornalrol.com.br\/wp-content\/uploads\/2024\/04\/0Z6A3590_Easy-Resize.com_.jpg\" src=\"https:\/\/jornalrol.com.br\/wp-content\/uploads\/2024\/04\/0Z6A3590_Easy-Resize.com_.jpg\" alt=\"Ciete Silv\u00e9rio - Projeto DePara durante o Festival Cultura e Pop Rua\" class=\"wp-image-65999\" style=\"width:592px;height:auto\" srcset=\"http:\/\/jornalrol.com.br\/wp-content\/uploads\/2024\/04\/0Z6A3590_Easy-Resize.com_.jpg 1280w, http:\/\/jornalrol.com.br\/wp-content\/uploads\/2024\/04\/0Z6A3590_Easy-Resize.com_-1200x800.jpg 1200w, http:\/\/jornalrol.com.br\/wp-content\/uploads\/2024\/04\/0Z6A3590_Easy-Resize.com_-768x512.jpg 768w\" sizes=\"auto, (max-width: 1280px) 100vw, 1280px\" \/><figcaption class=\"wp-element-caption\"><em><em>Ciete Silv\u00e9rio<\/em><br>Projeto DePara durante o Festival Cultura e Pop Rua<\/em><\/figcaption><\/figure>\n<\/div>\n\n\n<h3 class=\"wp-block-heading has-text-align-center\">Objetivo \u00e9 que participantes conhe\u00e7am a metodologia do projeto DePara e repliquem a a\u00e7\u00e3o, que tamb\u00e9m promove a retomada de v\u00ednculos afetivos.<\/h3>\n\n\n\n<p class=\"has-drop-cap\">Projeto de escrita de cartas, o DePara tem sido uma ferramenta de aproxima\u00e7\u00e3o com letramentos e retomada de v\u00ednculos e cidadania desde quando foi criado, em 2023. <\/p>\n\n\n\n<p>A fim de fomentar multiplicadores da iniciativa, o Museu da L\u00edngua Portuguesa, institui\u00e7\u00e3o da Secretaria da Cultura, Economia e Ind\u00fastria Criativas do Estado de S\u00e3o Paulo, promove a forma\u00e7\u00e3o M\u00e9todo DePara: selar v\u00ednculos atrav\u00e9s da carta. <\/p>\n\n\n\n<p>O p\u00fablico-alvo s\u00e3o pessoas interessadas em conhecer de perto o projeto e replicar a a\u00e7\u00e3o em outros grupos e outras realidades.<\/p>\n\n\n\n<p>A atividade vai acontecer nos dias 30 de abril e 2 de maio, presencialmente, na Sala Multiuso do Museu da L\u00edngua Portuguesa, das 14h \u00e0s 17h. Para participar, \u00e9 preciso se inscrever, gratuitamente, pelo Sympla (<a href=\"https:\/\/www.sympla.com.br\/evento\/formacao-metodo-depara-selar-vinculos-atraves-da-carta\/2426796\" target=\"_blank\" rel=\"noreferrer noopener\">clique aqui<\/a>).<\/p>\n\n\n\n<p> Nos dois encontros, ser\u00e3o apresentados o hist\u00f3rico do projeto DePara, sua metodologia e repercuss\u00e3o junto \u00e0s pessoas atendidas. <\/p>\n\n\n\n<p>Os encontros ser\u00e3o apresentados pela artista visual e educadora Carmen Garcia, parceira na concep\u00e7\u00e3o do projeto, que vai compartilhar sua experi\u00eancia com esta atividade.<\/p>\n\n\n\n<p>Nos encontros do projeto DePara, mesa, cadeiras e materiais para escrita s\u00e3o colocados na cal\u00e7ada do Museu para estimular as pessoas a se sentar e escrever uma carta. <\/p>\n\n\n\n<p>A atividade tem o apoio de oficineiros e profissionais do Centro de Refer\u00eancia do Museu da L\u00edngua Portuguesa, realizador da iniciativa. <\/p>\n\n\n\n<p>Professores, psic\u00f3logos, assistentes sociais e redutores de danos, entre outros, j\u00e1 participaram do projeto ao longo de sua exist\u00eancia.<\/p>\n\n\n\n<p>No Festival Cultura e Pop Rua, realizado em agosto de 2023, em parceria com o Sesc S\u00e3o Paulo, com correaliza\u00e7\u00e3o da Prefeitura de S\u00e3o Paulo, o DePara ganhou protagonismo. <\/p>\n\n\n\n<p>O projeto teve uma tenda pr\u00f3pria, onde p\u00f4de apresentar produ\u00e7\u00f5es desenvolvidas durante os encontros e viabilizar a escrita e envio de dezenas de cartas.<br><br><\/p>\n\n\n<div class=\"wp-block-image\">\n<figure class=\"aligncenter size-full is-resized\"><img loading=\"lazy\" decoding=\"async\" width=\"1280\" height=\"853\" data-attachment-id=\"66005\" data-permalink=\"http:\/\/jornalrol.com.br\/?attachment_id=66005\" data-orig-file=\"http:\/\/jornalrol.com.br\/wp-content\/uploads\/2024\/04\/0Z6A3595_Easy-Resize.com_.jpg\" data-orig-size=\"1280,853\" data-comments-opened=\"1\" data-image-meta=\"{&quot;aperture&quot;:&quot;0&quot;,&quot;credit&quot;:&quot;&quot;,&quot;camera&quot;:&quot;&quot;,&quot;caption&quot;:&quot;&quot;,&quot;created_timestamp&quot;:&quot;0&quot;,&quot;copyright&quot;:&quot;&quot;,&quot;focal_length&quot;:&quot;0&quot;,&quot;iso&quot;:&quot;0&quot;,&quot;shutter_speed&quot;:&quot;0&quot;,&quot;title&quot;:&quot;&quot;,&quot;orientation&quot;:&quot;0&quot;}\" data-image-title=\"0Z6A3595_Easy-Resize.com_\" data-image-description=\"\" data-image-caption=\"\" data-large-file=\"http:\/\/jornalrol.com.br\/wp-content\/uploads\/2024\/04\/0Z6A3595_Easy-Resize.com_.jpg\" src=\"https:\/\/jornalrol.com.br\/wp-content\/uploads\/2024\/04\/0Z6A3595_Easy-Resize.com_.jpg\" alt=\"Imagem de destaque da Forma\u00e7\u00e3o M\u00e9todo DePara.\" class=\"wp-image-66005\" style=\"width:560px;height:auto\" srcset=\"http:\/\/jornalrol.com.br\/wp-content\/uploads\/2024\/04\/0Z6A3595_Easy-Resize.com_.jpg 1280w, http:\/\/jornalrol.com.br\/wp-content\/uploads\/2024\/04\/0Z6A3595_Easy-Resize.com_-1200x800.jpg 1200w, http:\/\/jornalrol.com.br\/wp-content\/uploads\/2024\/04\/0Z6A3595_Easy-Resize.com_-768x512.jpg 768w\" sizes=\"auto, (max-width: 1280px) 100vw, 1280px\" \/><figcaption class=\"wp-element-caption\"><em>Imagem de destaque da Forma\u00e7\u00e3o M\u00e9todo DePara.<\/em><\/figcaption><\/figure>\n<\/div>\n\n\n<h3 class=\"wp-block-heading has-text-align-left\">SERVI\u00c7O<\/h3>\n\n\n\n<p><strong>Forma\u00e7\u00e3o M\u00e9todo DePara: selar v\u00ednculos atrav\u00e9s da carta<\/strong><br>Dias 30 de abril (ter\u00e7a-feira) e 2 de maio (quinta-feira), das 14h \u00e0s 17h<br>Inscri\u00e7\u00e3o pelo Sympla (<a href=\"https:\/\/www.sympla.com.br\/evento\/formacao-metodo-depara-selar-vinculos-atraves-da-carta\/2426796\" target=\"_blank\" rel=\"noreferrer noopener\">clique aqui<\/a>)&nbsp;<br>Na Sala Multiuso do Museu da L\u00edngua Portuguesa<br>Gr\u00e1tis (haver\u00e1 a emiss\u00e3o de certificado de participa\u00e7\u00e3o)<\/p>\n\n\n\n<p><strong>Museu da L\u00edngua Portuguesa<\/strong><br>Pra\u00e7a da L\u00edngua, s\/n\u00ba &#8211; Luz \u2013 S\u00e3o Paulo<\/p>\n\n\n\n<h3 class=\"wp-block-heading has-text-align-left\">SOBRE O MUSEU DA L\u00cdNGUA PORTUGUESA<\/h3>\n\n\n\n<p>Localizado na Esta\u00e7\u00e3o da Luz, o Museu da L\u00edngua Portuguesa tem como tema o patrim\u00f4nio imaterial que \u00e9 a l\u00edngua portuguesa e faz uso da tecnologia e de suportes interativos para construir e apresentar seu acervo. <\/p>\n\n\n\n<p>O p\u00fablico \u00e9 convidado para uma viagem sensorial e subjetiva, apresentando a l\u00edngua como uma manifesta\u00e7\u00e3o cultural viva, rica, diversa e em constante constru\u00e7\u00e3o.<\/p>\n\n\n\n<p>O Museu da L\u00edngua Portuguesa \u00e9 uma institui\u00e7\u00e3o da Secretaria da Cultura, Economia e Ind\u00fastria Criativas do Governo do Estado de S\u00e3o Paulo, concebido e implantado em parceria com a Funda\u00e7\u00e3o Roberto Marinho. <\/p>\n\n\n\n<p>O IDBrasil Cultura, Esporte e Educa\u00e7\u00e3o \u00e9 a Organiza\u00e7\u00e3o Social de Cultura respons\u00e1vel pela sua gest\u00e3o.<\/p>\n\n\n\n<h3 class=\"wp-block-heading has-text-align-left\">PATROC\u00cdNIOS E PARCERIAS<\/h3>\n\n\n\n<p>A temporada 2024 conta com patroc\u00ednio da CCR, do Instituto Cultural Vale e da John Deere Brasil; com apoio do Ita\u00fa Unibanco, do Grupo Ultra e da CAIXA. <\/p>\n\n\n\n<p>Conta ainda com a parceria das empresas Instituto Votorantim, Epson, Machado Meyer, Verde Asset Management e Paramount T\u00eaxteis. <\/p>\n\n\n\n<p>Revista Piau\u00ed, Guia da Semana, Dinamize e JCDecaux s\u00e3o parceiros de m\u00eddia. A EDP \u00e9 patrocinadora m\u00e1ster da reconstru\u00e7\u00e3o do Museu. <\/p>\n\n\n\n<p>A reconstru\u00e7\u00e3o e a temporada 2024 s\u00e3o uma realiza\u00e7\u00e3o do Minist\u00e9rio da Cultura, por meio da Lei Federal de Incentivo \u00e0 Cultura \u2013 Lei Rouanet.<\/p>\n\n\n\n<h3 class=\"wp-block-heading has-text-align-left\">Museu da L\u00edngua Portuguesa \u2013 Comunica\u00e7\u00e3o<\/h3>\n\n\n\n<p>Alan Faria | |&nbsp;<a href=\"mailto:alan.faria@idbr.org.br\" target=\"_blank\" rel=\"noreferrer noopener\">alan.faria@idbr.org.br<\/a>  \u2013 11 99894 0702<\/p>\n\n\n\n<p>Renata Beltr\u00e3o | <a href=\"mailto:renata.beltrao@idbr.org.br\" target=\"_blank\" rel=\"noreferrer noopener\">renata.beltrao@idbr.org.br<\/a> &#8211;&nbsp;11 99267 5447<\/p>\n\n\n\n<h3 class=\"wp-block-heading has-text-align-left\">Secretaria da Cultura, Economia e Ind\u00fastria Criativas do Estado de S\u00e3o Paulo &#8211; Assessoria de Imprensa<\/h3>\n\n\n\n<p>(11) 3339-8062 \/ (11) 3339-8585  <\/p>\n\n\n\n<p><a href=\"mailto:imprensaculturasp@sp.gov.br\" target=\"_blank\" rel=\"noreferrer noopener\">imprensaculturasp@sp.gov.br<\/a>&nbsp;&nbsp;<\/p>\n\n\n\n<p>Acompanhe a Cultura: <a href=\"http:\/\/www.cultura.sp.gov.br\/\" target=\"_blank\" rel=\"noreferrer noopener\">Site<\/a>&nbsp;|&nbsp;<a href=\"https:\/\/www.facebook.com\/culturasp\" target=\"_blank\" rel=\"noreferrer noopener\">Facebook<\/a>&nbsp;|&nbsp;<a href=\"https:\/\/www.instagram.com\/culturasp\/\" target=\"_blank\" rel=\"noreferrer noopener\">Instagram<\/a>&nbsp;|&nbsp;<a href=\"https:\/\/twitter.com\/culturasp\" target=\"_blank\" rel=\"noreferrer noopener\">Twitter<\/a>&nbsp;|&nbsp;<a href=\"https:\/\/www.linkedin.com\/company\/secretaria-de-cultura-do-estado-de-sao-paulo\" target=\"_blank\" rel=\"noreferrer noopener\">LinkedIn<\/a>&nbsp;|&nbsp;<a href=\"https:\/\/www.youtube.com\/c\/CulturaEstadoSP\/videos\" target=\"_blank\" rel=\"noreferrer noopener\">YouTube<\/a>&nbsp;&nbsp;<\/p>\n\n\n\n<hr class=\"wp-block-separator has-alpha-channel-opacity is-style-wide\"\/>\n\n\n\n<p><a href=\"https:\/\/jornalrol.com.br\/\">Voltar<\/a><\/p>\n\n\n\n<p><a href=\"https:\/\/www.facebook.com\/JCulturalRol\/\">Facebook<\/a><\/p>\n","protected":false},"excerpt":{"rendered":"<p>Museu da L\u00edngua Portuguesa faz forma\u00e7\u00e3o em m\u00e9todo de letramento a partir da escrita de cartas. Objetivo \u00e9 que a a\u00e7\u00e3o seja replicada e firme v\u00ednculos afetivos&#8230;<\/p>\n","protected":false},"author":73,"featured_media":65999,"comment_status":"open","ping_status":"closed","sticky":false,"template":"","format":"standard","meta":{"_jetpack_newsletter_access":"","_jetpack_dont_email_post_to_subs":false,"_jetpack_newsletter_tier_id":0,"_jetpack_memberships_contains_paywalled_content":false,"_jetpack_memberships_contains_paid_content":false,"footnotes":""},"categories":[9286,9280],"tags":[11816,11817,5072,10015,7141],"class_list":["post-65967","post","type-post","status-publish","format-standard","has-post-thumbnail","hentry","category-arte","category-museuegaleria","tag-cartas","tag-formacao","tag-letramento","tag-museu-da-lingua-portuguesa-2","tag-projeto"],"aioseo_notices":[],"views":628,"jetpack_featured_media_url":"http:\/\/jornalrol.com.br\/wp-content\/uploads\/2024\/04\/0Z6A3590_Easy-Resize.com_.jpg","jetpack_sharing_enabled":true,"jetpack_likes_enabled":true,"jetpack-related-posts":[{"id":43869,"url":"http:\/\/jornalrol.com.br\/?p=43869","url_meta":{"origin":65967,"position":0},"title":"Museu da L\u00edngua Portuguesa promove tour virtual pelo TikTok neste s\u00e1bado, dia 14 de agosto","author":"Sergio Diniz da Costa","date":"13 de agosto de 2021","format":false,"excerpt":"A\u00e7\u00e3o, que faz parte do projeto Semana dos Museus do TikTok, vai mostrar instala\u00e7\u00f5es da exposi\u00e7\u00e3o principal, como Portugu\u00eas do Brasil e Rua da L\u00edngua O Museu da L\u00edngua Portuguesa, institui\u00e7\u00e3o da Secretaria de Cultura e Economia Criativa do Estado de S\u00e3o Paulo, realiza um passeio virtual por suas instala\u00e7\u00f5es\u2026","rel":"","context":"Em &quot;Comunica\u00e7\u00e3o&quot;","block_context":{"text":"Comunica\u00e7\u00e3o","link":"http:\/\/jornalrol.com.br\/?cat=7"},"img":{"alt_text":"","src":"https:\/\/i0.wp.com\/jornalrol.com.br\/wp-content\/uploads\/2021\/08\/Museu-Capa-300x169.jpg?resize=350%2C200","width":350,"height":200,"srcset":"https:\/\/i0.wp.com\/jornalrol.com.br\/wp-content\/uploads\/2021\/08\/Museu-Capa-300x169.jpg?resize=350%2C200 1x, https:\/\/i0.wp.com\/jornalrol.com.br\/wp-content\/uploads\/2021\/08\/Museu-Capa-300x169.jpg?resize=525%2C300 1.5x, https:\/\/i0.wp.com\/jornalrol.com.br\/wp-content\/uploads\/2021\/08\/Museu-Capa-300x169.jpg?resize=700%2C400 2x"},"classes":[]},{"id":15181,"url":"http:\/\/jornalrol.com.br\/?p=15181","url_meta":{"origin":65967,"position":1},"title":"Museu da Lingua Portuguesa em Tatui","author":"Helio Rubens","date":"6 de dezembro de 2017","format":false,"excerpt":"MUSEU RECEBER\u00c1 O PROJETO ITINERANTE DO MUSEU DA L\u00cdNGUA PORTUGUESA Na ter\u00e7a-feira (05\/12) o secret\u00e1rio de Cultura e Turismo, Cassiano Sinisgalli, e o diretor de Cultura, Rog\u00e9rio Vianna, receberam no Museu Hist\u00f3rico \u201cPaulo Set\u00fabal\u201d, a visita de S\u00edlvia Landa, da empresa de projetos culturais Arquiprom, e de Ana Cla\u00fadia Avalone,\u2026","rel":"","context":"Em &quot;Comunica\u00e7\u00e3o&quot;","block_context":{"text":"Comunica\u00e7\u00e3o","link":"http:\/\/jornalrol.com.br\/?cat=7"},"img":{"alt_text":"","src":"https:\/\/ci5.googleusercontent.com\/proxy\/bSDJ-2FrZWJ_zqoT5DpOEP0iVSS-CECVnEKLR3Mbnax_IGODWwXF8PqdaxpTdMa_FdbzmQpXEg1Ie4U86ckHr3G0_8gcTeoapfk5GO6h-8MYdsGUKiMqw8PSxF9Euygr0T-C_Ekj2mlVPfT0pZdMzJUgQc-xicMC84fQQlxAaGwBOHP1pilFtvmWo6rSM1JBRkiUiNLsi_9DI21U2lAz=s0-d-e1-ft#http:\/\/assets.mktnaweb.com\/accounts\/2013\/06\/13\/17128\/pictures\/783\/original_MUSEU%20DA%20L%C3%8DNGUA%20PORTUGUESA%20VISITA.jpg?1512566794","width":350,"height":200},"classes":[]},{"id":16492,"url":"http:\/\/jornalrol.com.br\/?p=16492","url_meta":{"origin":65967,"position":2},"title":"Museu da Lingua Portuguesa em Tatui a partir do dia 23","author":"Helio Rubens","date":"16 de fevereiro de 2018","format":false,"excerpt":"MOSTRA ITINERANTE DO MUSEU DA L\u00cdNGUA PORTUGUESA ENTRA EM CARTAZ DIA 23 A exposi\u00e7\u00e3o itinerante Esta\u00e7\u00e3o da L\u00edngua Portuguesa, que leva na bagagem acervos do museu (atualmente em reconstru\u00e7\u00e3o), retoma sua viagem pelo interior de S\u00e3o Paulo e faz sua primeira parada em Tatu\u00ed, no dia\u00a023\u00a0de fevereiro. A nova etapa\u2026","rel":"","context":"Em &quot;Comunica\u00e7\u00e3o&quot;","block_context":{"text":"Comunica\u00e7\u00e3o","link":"http:\/\/jornalrol.com.br\/?cat=7"},"img":{"alt_text":"","src":"https:\/\/ci3.googleusercontent.com\/proxy\/7LfsUC5WEyXty2wofKXPLzoLib31yVo9rgGRQj1_UlZwmCgLkXkkQUfulFpBonMiCcjmGf1tieOb4MZbOMCoM6H6ZQO-H1KPkMrRvB5Sivb5jHxqDfJ7-OjIORboasnV_l3W0LQ9cmOpBMbZKVs41s80mRiTV_cnqlMyvejirRK6b4yc4kc8vxsnJ9O6nf8F=s0-d-e1-ft#http:\/\/assets.mktnaweb.com\/accounts\/2013\/06\/13\/17128\/pictures\/929\/original_M%C3%93DULO%20LINHA%20DO%20TEMPO.jpg?1518622251","width":350,"height":200},"classes":[]},{"id":65003,"url":"http:\/\/jornalrol.com.br\/?p=65003","url_meta":{"origin":65967,"position":3},"title":"Oficina gratuita de arte digital","author":"Sergio Diniz da Costa","date":"13 de mar\u00e7o de 2024","format":false,"excerpt":"O Museu da L\u00edngua Portuguesa vai oferecer uma oficina gratuita de arte digital. Os participantes da atividade intitulada Palavra Cidade: interven\u00e7\u00e3o urbana...","rel":"","context":"Em &quot;Arte&quot;","block_context":{"text":"Arte","link":"http:\/\/jornalrol.com.br\/?cat=9286"},"img":{"alt_text":"O Coletivo Coletores realiza interven\u00e7\u00f5es com proje\u00e7\u00e3o de luz na arquitetura urbana","src":"https:\/\/i0.wp.com\/jornalrol.com.br\/wp-content\/uploads\/2024\/03\/Coletivo-Coletores-por-Toni-Baptiste-2015.jpg?resize=350%2C200","width":350,"height":200,"srcset":"https:\/\/i0.wp.com\/jornalrol.com.br\/wp-content\/uploads\/2024\/03\/Coletivo-Coletores-por-Toni-Baptiste-2015.jpg?resize=350%2C200 1x, https:\/\/i0.wp.com\/jornalrol.com.br\/wp-content\/uploads\/2024\/03\/Coletivo-Coletores-por-Toni-Baptiste-2015.jpg?resize=525%2C300 1.5x"},"classes":[]},{"id":44910,"url":"http:\/\/jornalrol.com.br\/?p=44910","url_meta":{"origin":65967,"position":4},"title":"Museu da L\u00edngua Portuguesa inaugura a exposi\u00e7\u00e3o virtual &#039;Esta\u00e7\u00e3o da Luz: 120 Anos&#039;,  neste s\u00e1bado, durante a Jornada do Patrim\u00f4nio","author":"Veronica Moreira","date":"19 de setembro de 2021","format":false,"excerpt":"Institui\u00e7\u00e3o ainda promove o lan\u00e7amento do curta-metragem \"Vozes da Esta\u00e7\u00e3o: Fiorelli, o relojoeiro\" e encontro virtual sobre sua reconstru\u00e7\u00e3o O Museu da L\u00edngua Portuguesa, institui\u00e7\u00e3o da Secretaria de Cultura e Economia Criativa do Estado de S\u00e3o Paulo,\u00a0inaugura a exposi\u00e7\u00e3o virtual \u201cEsta\u00e7\u00e3o da Luz: 120 Anos\u201d, neste s\u00e1bado, dia 11 de\u2026","rel":"","context":"Em &quot;Comunica\u00e7\u00e3o&quot;","block_context":{"text":"Comunica\u00e7\u00e3o","link":"http:\/\/jornalrol.com.br\/?cat=7"},"img":{"alt_text":"","src":"","width":0,"height":0},"classes":[]},{"id":44585,"url":"http:\/\/jornalrol.com.br\/?p=44585","url_meta":{"origin":65967,"position":5},"title":"Museu da L\u00edngua Portuguesa participa da Jornada do Patrim\u00f4nio com visita mediada, encontro virtual e filme sobre o relojoeiro da Esta\u00e7\u00e3o da Luz","author":"Sergio Diniz da Costa","date":"8 de setembro de 2021","format":false,"excerpt":"Evento, que vai acontecer entre os dias 11 e 12 de setembro,\u00a0tem como tema 'Nossos Lugares, Nossas Hist\u00f3rias' O Museu da L\u00edngua Portuguesa, institui\u00e7\u00e3o da Secretaria de Cultura e Economia Criativa do Estado de S\u00e3o Paulo,\u00a0vai promover a sua primeira visita\u00a0mediada\u00a0em grupo durante a Jornada do Patrim\u00f4nio, evento da Secretaria\u2026","rel":"","context":"Em &quot;Comunica\u00e7\u00e3o&quot;","block_context":{"text":"Comunica\u00e7\u00e3o","link":"http:\/\/jornalrol.com.br\/?cat=7"},"img":{"alt_text":"","src":"https:\/\/i0.wp.com\/www.jornalrol.com.br\/wp-content\/uploads\/2021\/09\/centro-de-referencia-Ciete-Silverio-300x200.jpg?resize=350%2C200","width":350,"height":200,"srcset":"https:\/\/i0.wp.com\/www.jornalrol.com.br\/wp-content\/uploads\/2021\/09\/centro-de-referencia-Ciete-Silverio-300x200.jpg?resize=350%2C200 1x, https:\/\/i0.wp.com\/www.jornalrol.com.br\/wp-content\/uploads\/2021\/09\/centro-de-referencia-Ciete-Silverio-300x200.jpg?resize=525%2C300 1.5x"},"classes":[]}],"_links":{"self":[{"href":"http:\/\/jornalrol.com.br\/index.php?rest_route=\/wp\/v2\/posts\/65967","targetHints":{"allow":["GET"]}}],"collection":[{"href":"http:\/\/jornalrol.com.br\/index.php?rest_route=\/wp\/v2\/posts"}],"about":[{"href":"http:\/\/jornalrol.com.br\/index.php?rest_route=\/wp\/v2\/types\/post"}],"author":[{"embeddable":true,"href":"http:\/\/jornalrol.com.br\/index.php?rest_route=\/wp\/v2\/users\/73"}],"replies":[{"embeddable":true,"href":"http:\/\/jornalrol.com.br\/index.php?rest_route=%2Fwp%2Fv2%2Fcomments&post=65967"}],"version-history":[{"count":4,"href":"http:\/\/jornalrol.com.br\/index.php?rest_route=\/wp\/v2\/posts\/65967\/revisions"}],"predecessor-version":[{"id":66018,"href":"http:\/\/jornalrol.com.br\/index.php?rest_route=\/wp\/v2\/posts\/65967\/revisions\/66018"}],"wp:featuredmedia":[{"embeddable":true,"href":"http:\/\/jornalrol.com.br\/index.php?rest_route=\/wp\/v2\/media\/65999"}],"wp:attachment":[{"href":"http:\/\/jornalrol.com.br\/index.php?rest_route=%2Fwp%2Fv2%2Fmedia&parent=65967"}],"wp:term":[{"taxonomy":"category","embeddable":true,"href":"http:\/\/jornalrol.com.br\/index.php?rest_route=%2Fwp%2Fv2%2Fcategories&post=65967"},{"taxonomy":"post_tag","embeddable":true,"href":"http:\/\/jornalrol.com.br\/index.php?rest_route=%2Fwp%2Fv2%2Ftags&post=65967"}],"curies":[{"name":"wp","href":"https:\/\/api.w.org\/{rel}","templated":true}]}}