{"id":66090,"date":"2024-05-01T11:56:12","date_gmt":"2024-05-01T14:56:12","guid":{"rendered":"https:\/\/jornalrol.com.br\/?p=66090"},"modified":"2024-05-01T11:56:33","modified_gmt":"2024-05-01T14:56:33","slug":"fidalgo","status":"publish","type":"post","link":"http:\/\/jornalrol.com.br\/?p=66090","title":{"rendered":"Fidalgo"},"content":{"rendered":"<div class=\"pdfprnt-buttons pdfprnt-buttons-post pdfprnt-top-right\"><a href=\"http:\/\/jornalrol.com.br\/index.php?rest_route=%2Fwp%2Fv2%2Fposts%2F66090&print=pdf\" class=\"pdfprnt-button pdfprnt-button-pdf\" target=\"_blank\" ><\/a><a href=\"http:\/\/jornalrol.com.br\/index.php?rest_route=%2Fwp%2Fv2%2Fposts%2F66090&print=print\" class=\"pdfprnt-button pdfprnt-button-print\" target=\"_blank\" ><img decoding=\"async\" src=\"https:\/\/jornalrol.com.br\/wp-content\/plugins\/pdf-print\/images\/print.png\" alt=\"image_print\" title=\"Conte\u00fado de impress\u00e3o\" \/><\/a><\/div>\n<h2 class=\"wp-block-heading has-text-align-center\">Pietro Costa: Poema &#8216;Fidalgo&#8217;<br><br><\/h2>\n\n\n<div class=\"wp-block-image\">\n<figure class=\"aligncenter size-full is-resized\"><img loading=\"lazy\" decoding=\"async\" width=\"362\" height=\"581\" data-attachment-id=\"60997\" data-permalink=\"http:\/\/jornalrol.com.br\/?attachment_id=60997\" data-orig-file=\"http:\/\/jornalrol.com.br\/wp-content\/uploads\/2023\/09\/PIETRO-COSTA-Picture-119-1.jpg\" data-orig-size=\"362,581\" data-comments-opened=\"1\" data-image-meta=\"{&quot;aperture&quot;:&quot;1.9&quot;,&quot;credit&quot;:&quot;&quot;,&quot;camera&quot;:&quot;SM-G975F&quot;,&quot;caption&quot;:&quot;&quot;,&quot;created_timestamp&quot;:&quot;1693514306&quot;,&quot;copyright&quot;:&quot;&quot;,&quot;focal_length&quot;:&quot;3.3&quot;,&quot;iso&quot;:&quot;400&quot;,&quot;shutter_speed&quot;:&quot;0.025&quot;,&quot;title&quot;:&quot;&quot;,&quot;orientation&quot;:&quot;1&quot;}\" data-image-title=\"PIETRO-COSTA-Picture-119-1\" data-image-description=\"&lt;p&gt;Pietro Costa&lt;\/p&gt;\n\" data-image-caption=\"&lt;p&gt;Pietro Costa&lt;\/p&gt;\n\" data-large-file=\"http:\/\/jornalrol.com.br\/wp-content\/uploads\/2023\/09\/PIETRO-COSTA-Picture-119-1.jpg\" src=\"http:\/\/jornalrol.com.br\/wp-content\/uploads\/2023\/09\/PIETRO-COSTA-Picture-119-1.jpg\" alt=\"Pietro Costa\" class=\"wp-image-60997\" style=\"width:132px;height:auto\"\/><figcaption class=\"wp-element-caption\">Pietro Costa<\/figcaption><\/figure>\n<\/div>\n\n<div class=\"wp-block-image\">\n<figure class=\"aligncenter size-full is-resized\"><img loading=\"lazy\" decoding=\"async\" width=\"1024\" height=\"1024\" data-attachment-id=\"66091\" data-permalink=\"http:\/\/jornalrol.com.br\/?attachment_id=66091\" data-orig-file=\"http:\/\/jornalrol.com.br\/wp-content\/uploads\/2024\/05\/OIG1.jpg\" data-orig-size=\"1024,1024\" data-comments-opened=\"1\" data-image-meta=\"{&quot;aperture&quot;:&quot;0&quot;,&quot;credit&quot;:&quot;&quot;,&quot;camera&quot;:&quot;&quot;,&quot;caption&quot;:&quot;&quot;,&quot;created_timestamp&quot;:&quot;0&quot;,&quot;copyright&quot;:&quot;&quot;,&quot;focal_length&quot;:&quot;0&quot;,&quot;iso&quot;:&quot;0&quot;,&quot;shutter_speed&quot;:&quot;0&quot;,&quot;title&quot;:&quot;&quot;,&quot;orientation&quot;:&quot;0&quot;}\" data-image-title=\"OIG1\" data-image-description=\"\" data-image-caption=\"\" data-large-file=\"http:\/\/jornalrol.com.br\/wp-content\/uploads\/2024\/05\/OIG1.jpg\" src=\"https:\/\/jornalrol.com.br\/wp-content\/uploads\/2024\/05\/OIG1.jpg\" alt=\"\" class=\"wp-image-66091\" style=\"width:436px;height:auto\" srcset=\"http:\/\/jornalrol.com.br\/wp-content\/uploads\/2024\/05\/OIG1.jpg 1024w, http:\/\/jornalrol.com.br\/wp-content\/uploads\/2024\/05\/OIG1-600x600.jpg 600w, http:\/\/jornalrol.com.br\/wp-content\/uploads\/2024\/05\/OIG1-768x768.jpg 768w\" sizes=\"auto, (max-width: 1024px) 100vw, 1024px\" \/><figcaption class=\"wp-element-caption\">&#8220;Um dia nos reencontraremos, nos verdejantes campos do c\u00e9u&#8230;&#8221;<br><em>Microsoft Bing. Imagem criada pelo Designer<\/em><\/figcaption><\/figure>\n<\/div>\n\n\n<p class=\"has-text-align-center\">Dose cavalar a resvalar epis\u00f3dios de loucura<\/p>\n\n\n\n<p class=\"has-text-align-center\">Pinote invulgar e que a toda vista se faz vistoso<\/p>\n\n\n\n<p class=\"has-text-align-center\">Meu reverso por certo e minha arguta desventura<\/p>\n\n\n\n<p class=\"has-text-align-center\">Por rotas sinuosas, pretende o laurel majestoso<\/p>\n\n\n\n<p class=\"has-text-align-center\"><br>Provido do dom de fazer uma crian\u00e7a gigante\u00a0<\/p>\n\n\n\n<p class=\"has-text-align-center\">No medo visto, vivido e redivivo, sem desviar<\/p>\n\n\n\n<p class=\"has-text-align-center\">Testemunha de tantos sentimentos oscilantes<\/p>\n\n\n\n<p class=\"has-text-align-center\">Em sua bela cela, eu parecia maior ao cavalgar<\/p>\n\n\n\n<p class=\"has-text-align-center\"><br>Saudades desse amigo precioso de inf\u00e2ncia<\/p>\n\n\n\n<p class=\"has-text-align-center\">Das gl\u00f3rias e medalhas hauridas, das sofridas les\u00f5es<\/p>\n\n\n\n<p class=\"has-text-align-center\">Ent\u00e3o divido com voc\u00eas essa dadivosa lembran\u00e7a<\/p>\n\n\n\n<p class=\"has-text-align-center\">De nossas traquinagens, proezas, segredos, confus\u00f5es<\/p>\n\n\n\n<p class=\"has-text-align-center\"><br>Um dia nos reencontraremos, nos verdejantes campos do c\u00e9u<\/p>\n\n\n\n<p class=\"has-text-align-center\">Para resgatar nossas viagens em dire\u00e7\u00e3o ao infinito \u00eaxtase<\/p>\n\n\n\n<p class=\"has-text-align-center\">Enquanto isso, dan\u00e7o versos \u201cin memoriam\u201d, prodigioso corcel<\/p>\n\n\n\n<p class=\"has-text-align-center\">Tomando as r\u00e9deas do chamamento dessa inspira\u00e7\u00e3o recente<\/p>\n\n\n\n<p class=\"has-text-align-center\"><br><strong>Pietro Costa<\/strong><\/p>\n\n\n\n<div class=\"wp-block-columns is-layout-flex wp-container-core-columns-is-layout-9d6595d7 wp-block-columns-is-layout-flex\">\n<div class=\"wp-block-column is-layout-flow wp-block-column-is-layout-flow\">\n<h4 class=\"wp-block-heading has-text-align-center has-pale-ocean-gradient-background has-background\"><a href=\"https:\/\/www.facebook.com\/pietro.costa.9480\" target=\"_blank\" rel=\"noopener\" title=\"Facebook\">Facebook<\/a><\/h4>\n<\/div>\n\n\n\n<div class=\"wp-block-column is-layout-flow wp-block-column-is-layout-flow\">\n<h4 class=\"wp-block-heading has-text-align-center has-pale-ocean-gradient-background has-background\"><a href=\"https:\/\/www.instagram.com\/pietrocosta_poeta\" title=\"Instagram\">Instagram<\/a><\/h4>\n<\/div>\n<\/div>\n\n\n\n<div class=\"wp-block-columns is-layout-flex wp-container-core-columns-is-layout-9d6595d7 wp-block-columns-is-layout-flex\">\n<div class=\"wp-block-column is-layout-flow wp-block-column-is-layout-flow\">\n<h4 class=\"wp-block-heading has-text-align-center has-pale-ocean-gradient-background has-background\"><a href=\"https:\/\/www.youtube.com\/user\/pietrolemos0519\" target=\"_blank\" rel=\"noopener\" title=\"YouTube\">YouTube<\/a><\/h4>\n<\/div>\n\n\n\n<div class=\"wp-block-column is-layout-flow wp-block-column-is-layout-flow\">\n<h4 class=\"wp-block-heading has-text-align-center has-pale-ocean-gradient-background has-background\"><a href=\"http:\/\/pietrolemoscosta.blogspot.com\" title=\"Blog\">Blog<\/a><\/h4>\n<\/div>\n<\/div>\n\n\n\n<p><a href=\"https:\/\/jornalrol.com.br\/\" title=\"Voltar\">Voltar<\/a><\/p>\n\n\n\n<p><a href=\"https:\/\/www.facebook.com\/JCulturalrol\/\" title=\"Facebook\">Facebook<\/a><\/p>\n","protected":false},"excerpt":{"rendered":"<p>Dose cavalar a resvalar epis\u00f3dios de loucura. Pinote invulgar e que a toda vista se faz vistoso, meu reverso por certo e minha arguta desventura, por rotas&#8230;<\/p>\n","protected":false},"author":20,"featured_media":66091,"comment_status":"open","ping_status":"closed","sticky":false,"template":"","format":"standard","meta":{"_jetpack_newsletter_access":"","_jetpack_dont_email_post_to_subs":false,"_jetpack_newsletter_tier_id":0,"_jetpack_memberships_contains_paywalled_content":false,"_jetpack_memberships_contains_paid_content":false,"footnotes":""},"categories":[9285,58],"tags":[11832,2418,11830,5191,11831],"class_list":["post-66090","post","type-post","status-publish","format-standard","has-post-thumbnail","hentry","category-literatura","category-poesias","tag-cela","tag-crianca","tag-desventura","tag-loucura","tag-rotas"],"aioseo_notices":[],"views":678,"jetpack_featured_media_url":"http:\/\/jornalrol.com.br\/wp-content\/uploads\/2024\/05\/OIG1.jpg","jetpack_sharing_enabled":true,"jetpack_likes_enabled":true,"jetpack-related-posts":[{"id":46371,"url":"http:\/\/jornalrol.com.br\/?p=46371","url_meta":{"origin":66090,"position":0},"title":"Pietro Costa: &#039;Desvelo divino&#039;","author":"Pietro Costa","date":"14 de novembro de 2021","format":false,"excerpt":"Demarcar dem\u00f4nios Derrogar diatribes Dilucidar devaneios Dantescos Defrontar dilemas Diretrizes D\u00e9dalos Divagar desordens Delinear desertos Depreender dicotomias Delinqu\u00eancias D\u00e1divas Deliberar des\u00edgnios Des\u00eddias Denotar despaut\u00e9rios Desventuras Dissensos Deflagrar di\u00e1logos Densos Desopilar dramas Danos Draconianos Decompor dogmas Delet\u00e9rios Distinguir destrezas Dem\u00e9ritos Desnudar dispositivos Decr\u00e9pitos Diluir dubiedades D\u00e9beis Dilatar destinos Desvelo divino Dostoi\u00e9vski\u2026","rel":"","context":"Em &quot;Comunica\u00e7\u00e3o&quot;","block_context":{"text":"Comunica\u00e7\u00e3o","link":"http:\/\/jornalrol.com.br\/?cat=7"},"img":{"alt_text":"","src":"https:\/\/i0.wp.com\/www.jornalrol.com.br\/wp-content\/uploads\/2020\/11\/foto-Pietro-Costa-150x150.jpg?resize=350%2C200","width":350,"height":200},"classes":[]},{"id":73175,"url":"http:\/\/jornalrol.com.br\/?p=73175","url_meta":{"origin":66090,"position":1},"title":"Poetizo, logo vivo &#8211; IV, V e VI","author":"Pietro Costa","date":"11 de maio de 2025","format":false,"excerpt":"A felicidade est\u00e1 na loucura, e a tristeza, na estreiteza.","rel":"","context":"Em &quot;Literatura&quot;","block_context":{"text":"Literatura","link":"http:\/\/jornalrol.com.br\/?cat=9285"},"img":{"alt_text":"Imagem criada por IA do Bing - 10 de maio de 2025, \u00e0s 08:05 PM","src":"https:\/\/i0.wp.com\/jornalrol.com.br\/wp-content\/uploads\/2025\/05\/OIG3.jpg?resize=350%2C200","width":350,"height":200,"srcset":"https:\/\/i0.wp.com\/jornalrol.com.br\/wp-content\/uploads\/2025\/05\/OIG3.jpg?resize=350%2C200 1x, https:\/\/i0.wp.com\/jornalrol.com.br\/wp-content\/uploads\/2025\/05\/OIG3.jpg?resize=525%2C300 1.5x, https:\/\/i0.wp.com\/jornalrol.com.br\/wp-content\/uploads\/2025\/05\/OIG3.jpg?resize=700%2C400 2x"},"classes":[]},{"id":76548,"url":"http:\/\/jornalrol.com.br\/?p=76548","url_meta":{"origin":66090,"position":2},"title":"Incendiar o instante","author":"Pietro Costa","date":"4 de novembro de 2025","format":false,"excerpt":"Incendiar o instante, a premissa para uma exist\u00eancia insubmissa: que resgate o rumor das pedras! Colher o sil\u00eancio cultivado pelo p\u00f3, nestas rotas sinuosas...","rel":"","context":"Em &quot;Literatura&quot;","block_context":{"text":"Literatura","link":"http:\/\/jornalrol.com.br\/?cat=9285"},"img":{"alt_text":"Imagem criada por IA do Grok","src":"https:\/\/i0.wp.com\/jornalrol.com.br\/wp-content\/uploads\/2025\/11\/download.jpeg?resize=350%2C200","width":350,"height":200,"srcset":"https:\/\/i0.wp.com\/jornalrol.com.br\/wp-content\/uploads\/2025\/11\/download.jpeg?resize=350%2C200 1x, https:\/\/i0.wp.com\/jornalrol.com.br\/wp-content\/uploads\/2025\/11\/download.jpeg?resize=525%2C300 1.5x, https:\/\/i0.wp.com\/jornalrol.com.br\/wp-content\/uploads\/2025\/11\/download.jpeg?resize=700%2C400 2x"},"classes":[]},{"id":35956,"url":"http:\/\/jornalrol.com.br\/?p=35956","url_meta":{"origin":66090,"position":3},"title":"Pietro Costa: &#039;Ca\u00e7a ao Tesouro&#039;","author":"Pietro Costa","date":"22 de dezembro de 2020","format":false,"excerpt":"Ca\u00e7a ao Tesouro \u00a0 Ba\u00fas de infindas riquezas, situadas no rec\u00f4ndito mar das emo\u00e7\u00f5es Ind\u00f4mitas preciosidades avariadas, na avareza das pr\u00f3prias raz\u00f5es \u00a0 \u00a0 Na ca\u00e7a ao tesouro imperec\u00edvel, a presun\u00e7\u00e3o culmina na desventura Se incorrupt\u00edvel na paci\u00eancia e obstina\u00e7\u00e3o, conquista e desenvoltura \u00a0 Como a min\u00fascula semente de trigo,\u2026","rel":"","context":"Em &quot;Comunica\u00e7\u00e3o&quot;","block_context":{"text":"Comunica\u00e7\u00e3o","link":"http:\/\/jornalrol.com.br\/?cat=7"},"img":{"alt_text":"","src":"https:\/\/i0.wp.com\/www.jornalrol.com.br\/wp-content\/uploads\/2020\/11\/foto-Pietro-Costa-150x150.jpg?resize=350%2C200","width":350,"height":200},"classes":[]},{"id":53938,"url":"http:\/\/jornalrol.com.br\/?p=53938","url_meta":{"origin":66090,"position":4},"title":"Pietro Costa: &#039;Carnis Valles&#039;","author":"Pietro Costa","date":"4 de mar\u00e7o de 2023","format":false,"excerpt":"Diatribes por quatro dias em evid\u00eancia Corpos e emo\u00e7\u00f5es cedidos \u00e0 impud\u00eancia Pensamentos tenebrosos, sombrias depend\u00eancias \u00a0 Colombinas insinuantes a olhares de cobi\u00e7a Exageros de confetes, faiscantes serpentinas Pierr\u00f4s aturdidos em ins\u00f3litas fantasias \u00a0 Papeis subvertidos, confus\u00e3o, responsabilidades esquecidas Liberdade e jubila\u00e7\u00e3o desmedidos, v\u00edsceras, puls\u00f5es leoninas Desventuras momescas em profus\u00e3o,\u2026","rel":"","context":"Em &quot;Comunica\u00e7\u00e3o&quot;","block_context":{"text":"Comunica\u00e7\u00e3o","link":"http:\/\/jornalrol.com.br\/?cat=7"},"img":{"alt_text":"","src":"https:\/\/i0.wp.com\/jornalrol.com.br\/wp-content\/uploads\/2023\/03\/JORNAL-ROL-20a24fev2023-imagem.jpg?resize=350%2C200","width":350,"height":200,"srcset":"https:\/\/i0.wp.com\/jornalrol.com.br\/wp-content\/uploads\/2023\/03\/JORNAL-ROL-20a24fev2023-imagem.jpg?resize=350%2C200 1x, https:\/\/i0.wp.com\/jornalrol.com.br\/wp-content\/uploads\/2023\/03\/JORNAL-ROL-20a24fev2023-imagem.jpg?resize=525%2C300 1.5x, https:\/\/i0.wp.com\/jornalrol.com.br\/wp-content\/uploads\/2023\/03\/JORNAL-ROL-20a24fev2023-imagem.jpg?resize=700%2C400 2x, https:\/\/i0.wp.com\/jornalrol.com.br\/wp-content\/uploads\/2023\/03\/JORNAL-ROL-20a24fev2023-imagem.jpg?resize=1050%2C600 3x"},"classes":[]},{"id":65770,"url":"http:\/\/jornalrol.com.br\/?p=65770","url_meta":{"origin":66090,"position":5},"title":"Obreiros de Deus","author":"Pietro Costa","date":"18 de abril de 2024","format":false,"excerpt":"Somos cocriadores da exist\u00eancia. Os sentidos, uma de\u00edfica armadura. Guardar ouvidos da maledic\u00eancia. Os raios solares, nossa investidura. Revestir pupilas...","rel":"","context":"Em &quot;Literatura&quot;","block_context":{"text":"Literatura","link":"http:\/\/jornalrol.com.br\/?cat=9285"},"img":{"alt_text":"Obreiros de Deus","src":"https:\/\/i0.wp.com\/jornalrol.com.br\/wp-content\/uploads\/2024\/04\/OIG2-2.jpg?resize=350%2C200","width":350,"height":200,"srcset":"https:\/\/i0.wp.com\/jornalrol.com.br\/wp-content\/uploads\/2024\/04\/OIG2-2.jpg?resize=350%2C200 1x, https:\/\/i0.wp.com\/jornalrol.com.br\/wp-content\/uploads\/2024\/04\/OIG2-2.jpg?resize=525%2C300 1.5x, https:\/\/i0.wp.com\/jornalrol.com.br\/wp-content\/uploads\/2024\/04\/OIG2-2.jpg?resize=700%2C400 2x"},"classes":[]}],"_links":{"self":[{"href":"http:\/\/jornalrol.com.br\/index.php?rest_route=\/wp\/v2\/posts\/66090","targetHints":{"allow":["GET"]}}],"collection":[{"href":"http:\/\/jornalrol.com.br\/index.php?rest_route=\/wp\/v2\/posts"}],"about":[{"href":"http:\/\/jornalrol.com.br\/index.php?rest_route=\/wp\/v2\/types\/post"}],"author":[{"embeddable":true,"href":"http:\/\/jornalrol.com.br\/index.php?rest_route=\/wp\/v2\/users\/20"}],"replies":[{"embeddable":true,"href":"http:\/\/jornalrol.com.br\/index.php?rest_route=%2Fwp%2Fv2%2Fcomments&post=66090"}],"version-history":[{"count":1,"href":"http:\/\/jornalrol.com.br\/index.php?rest_route=\/wp\/v2\/posts\/66090\/revisions"}],"predecessor-version":[{"id":66092,"href":"http:\/\/jornalrol.com.br\/index.php?rest_route=\/wp\/v2\/posts\/66090\/revisions\/66092"}],"wp:featuredmedia":[{"embeddable":true,"href":"http:\/\/jornalrol.com.br\/index.php?rest_route=\/wp\/v2\/media\/66091"}],"wp:attachment":[{"href":"http:\/\/jornalrol.com.br\/index.php?rest_route=%2Fwp%2Fv2%2Fmedia&parent=66090"}],"wp:term":[{"taxonomy":"category","embeddable":true,"href":"http:\/\/jornalrol.com.br\/index.php?rest_route=%2Fwp%2Fv2%2Fcategories&post=66090"},{"taxonomy":"post_tag","embeddable":true,"href":"http:\/\/jornalrol.com.br\/index.php?rest_route=%2Fwp%2Fv2%2Ftags&post=66090"}],"curies":[{"name":"wp","href":"https:\/\/api.w.org\/{rel}","templated":true}]}}