{"id":66440,"date":"2024-05-13T07:30:00","date_gmt":"2024-05-13T10:30:00","guid":{"rendered":"https:\/\/jornalrol.com.br\/?p=66440"},"modified":"2024-05-12T21:53:21","modified_gmt":"2024-05-13T00:53:21","slug":"pro-mundo-virar","status":"publish","type":"post","link":"http:\/\/jornalrol.com.br\/?p=66440","title":{"rendered":"Pro Mundo Virar"},"content":{"rendered":"<div class=\"pdfprnt-buttons pdfprnt-buttons-post pdfprnt-top-right\"><a href=\"http:\/\/jornalrol.com.br\/index.php?rest_route=%2Fwp%2Fv2%2Fposts%2F66440&print=pdf\" class=\"pdfprnt-button pdfprnt-button-pdf\" target=\"_blank\" ><\/a><a href=\"http:\/\/jornalrol.com.br\/index.php?rest_route=%2Fwp%2Fv2%2Fposts%2F66440&print=print\" class=\"pdfprnt-button pdfprnt-button-print\" target=\"_blank\" ><img decoding=\"async\" src=\"https:\/\/jornalrol.com.br\/wp-content\/plugins\/pdf-print\/images\/print.png\" alt=\"image_print\" title=\"Conte\u00fado de impress\u00e3o\" \/><\/a><\/div>\n<h2 class=\"wp-block-heading has-text-align-center\">Cia. Madeirite Rosa realiza apresenta\u00e7\u00f5es gratuitas do espet\u00e1culo infanto-juvenil &#8216;Pro Mundo Virar&#8217;&nbsp;<br><br><\/h2>\n\n\n<div class=\"wp-block-image\">\n<figure class=\"aligncenter size-full is-resized\"><img loading=\"lazy\" decoding=\"async\" width=\"540\" height=\"360\" data-attachment-id=\"66441\" data-permalink=\"http:\/\/jornalrol.com.br\/?attachment_id=66441\" data-orig-file=\"http:\/\/jornalrol.com.br\/wp-content\/uploads\/2024\/05\/Madeirite-Rosa-Foto-de-Suelen-Dias-3.jpg\" data-orig-size=\"540,360\" data-comments-opened=\"1\" data-image-meta=\"{&quot;aperture&quot;:&quot;0&quot;,&quot;credit&quot;:&quot;&quot;,&quot;camera&quot;:&quot;&quot;,&quot;caption&quot;:&quot;&quot;,&quot;created_timestamp&quot;:&quot;1711018199&quot;,&quot;copyright&quot;:&quot;&quot;,&quot;focal_length&quot;:&quot;0&quot;,&quot;iso&quot;:&quot;0&quot;,&quot;shutter_speed&quot;:&quot;0&quot;,&quot;title&quot;:&quot;&quot;,&quot;orientation&quot;:&quot;1&quot;}\" data-image-title=\"Madeirite-Rosa-Foto-de-Suelen-Dias-3\" data-image-description=\"\" data-image-caption=\"\" data-large-file=\"http:\/\/jornalrol.com.br\/wp-content\/uploads\/2024\/05\/Madeirite-Rosa-Foto-de-Suelen-Dias-3.jpg\" src=\"https:\/\/jornalrol.com.br\/wp-content\/uploads\/2024\/05\/Madeirite-Rosa-Foto-de-Suelen-Dias-3.jpg\" alt=\"Cena do espet\u00e1culo 'Pro Mundo Virar' - Divulga\u00e7\u00e3o\" class=\"wp-image-66441\" style=\"width:604px;height:auto\"\/><figcaption class=\"wp-element-caption\">Cena do espet\u00e1culo &#8216;Pro Mundo Virar&#8217; &#8211; Divulga\u00e7\u00e3o<\/figcaption><\/figure>\n<\/div>\n\n\n<h3 class=\"wp-block-heading has-text-align-center\"><em><em>De forma sens\u00edvel e po\u00e9tica, o espet\u00e1culo convida crian\u00e7as e adolescentes a refletirem sobre presentes no cotidiano, inspirando-os a usarem cada vez mais a imagina\u00e7\u00e3o para reinventar suas realidades&nbsp;<\/em><\/em><\/h3>\n\n\n\n<p class=\"has-drop-cap\"><strong>Cia. Madeirite Rosa apresenta espet\u00e1culo infantil no Bairro do Lim\u00e3o, Cap\u00e3o Redondo e Jardim Jo\u00e3o XXIII<\/strong><\/p>\n\n\n\n<p>A <strong>Cia. Madeirite Rosa <\/strong>(<a href=\"http:\/\/@madeiriterosa\" title=\"@madeiriterosa\">@madeiriterosa<\/a>)<strong> <\/strong>est\u00e1 realizando uma temporada gratuita para celebrar os dez anos do grupo. No m\u00eas de <strong>maio de 2024<\/strong>, o grupo realiza apresenta\u00e7\u00f5es do espet\u00e1culo infanto-juvenil <strong>\u201cPro Mundo Virar\u201d <\/strong>no <strong>Bairro do Lim\u00e3o, Cap\u00e3o Redondo e Jardim Jo\u00e3o XXIII<\/strong> (regi\u00e3o do<strong> Butant\u00e3).&nbsp;<\/strong><\/p>\n\n\n\n<p>No dia <strong>08 de maio<\/strong> (quarta-feira), \u00e0s <strong>10h<\/strong>, com entrada gratuita, o espet\u00e1culo ser\u00e1 apresentado na <strong>Biblioteca Menotti Del Picchia<\/strong>, no<strong> Bairro do Lim\u00e3o<\/strong>.&nbsp;<\/p>\n\n\n<div class=\"wp-block-image\">\n<figure class=\"alignleft size-full is-resized\"><img loading=\"lazy\" decoding=\"async\" width=\"360\" height=\"540\" data-attachment-id=\"66443\" data-permalink=\"http:\/\/jornalrol.com.br\/?attachment_id=66443\" data-orig-file=\"http:\/\/jornalrol.com.br\/wp-content\/uploads\/2024\/05\/Madeirite-Rosa-Foto-de-Suelen-Dias-5-1.jpg\" data-orig-size=\"360,540\" data-comments-opened=\"1\" data-image-meta=\"{&quot;aperture&quot;:&quot;0&quot;,&quot;credit&quot;:&quot;&quot;,&quot;camera&quot;:&quot;&quot;,&quot;caption&quot;:&quot;&quot;,&quot;created_timestamp&quot;:&quot;1711018186&quot;,&quot;copyright&quot;:&quot;&quot;,&quot;focal_length&quot;:&quot;0&quot;,&quot;iso&quot;:&quot;0&quot;,&quot;shutter_speed&quot;:&quot;0&quot;,&quot;title&quot;:&quot;&quot;,&quot;orientation&quot;:&quot;1&quot;}\" data-image-title=\"Madeirite-Rosa-Foto-de-Suelen-Dias-5-1\" data-image-description=\"\" data-image-caption=\"\" data-large-file=\"http:\/\/jornalrol.com.br\/wp-content\/uploads\/2024\/05\/Madeirite-Rosa-Foto-de-Suelen-Dias-5-1.jpg\" src=\"https:\/\/jornalrol.com.br\/wp-content\/uploads\/2024\/05\/Madeirite-Rosa-Foto-de-Suelen-Dias-5-1.jpg\" alt=\"Madeirite Rosa Suelen Dias\" class=\"wp-image-66443\" style=\"width:334px;height:auto\"\/><figcaption class=\"wp-element-caption\">Madeirite Rosa <em>Suelen Dias<\/em><\/figcaption><\/figure>\n<\/div>\n\n\n<p>A <strong>EMEF Prof\u00aa Maria Rita de C\u00e1ssia Pinheiro Sim\u00f5es Braga<\/strong>, no <strong>Cap\u00e3o Redondo<\/strong>, recebe apresenta\u00e7\u00f5es gratuitas no dia <strong>16 de maio (<\/strong>quinta-feira), \u00e0s <strong>11h<\/strong>, e no dia <strong>23 de maio<\/strong> (quinta-feira), \u00e0s <strong>14h<\/strong>.<\/p>\n\n\n\n<p>Encerrando o m\u00eas, no dia <strong>29 de maio <\/strong>(quarta-feira), \u00e0s <strong>12h30<\/strong>, o grupo se apresenta no<strong> CEU Uirapuru, que fica no Jardim Jo\u00e3o XXIII<\/strong>, na <strong>Zona Oeste de S\u00e3o Paulo &#8211; SP<\/strong>.<\/p>\n\n\n\n<p><strong>\u201cPro Mundo Virar\u201d<\/strong> narra a hist\u00f3ria de Ela, uma garotinha criativa, que gosta de dan\u00e7ar e de cantar, mas n\u00e3o encontra espa\u00e7os para suas cria\u00e7\u00f5es e inspira\u00e7\u00f5es ao longo da vida. Ao tentar desbravar novos caminhos, Ela acaba escorregando para um outro tempo e espa\u00e7o, onde cantar, criar e dan\u00e7ar \u00e9 t\u00e3o comum quanto respirar, e onde inventar \u00e9 parte fundamental da vida.&nbsp;<\/p>\n\n\n\n<p>Unindo teatro, dan\u00e7a, m\u00fasica e poesia, o espet\u00e1culo \u201c<strong>Pro Mundo Virar<\/strong>\u201d aborda com delicadeza e comicidade diversos temas que permeiam o cotidiano de trabalhadoras, crian\u00e7as e adolescentes, refor\u00e7ando a import\u00e2ncia da cria\u00e7\u00e3o e reflex\u00e3o humana nos processos de transforma\u00e7\u00e3o e renova\u00e7\u00e3o do mundo.<\/p>\n\n\n\n<p>As apresenta\u00e7\u00f5es fazem parte do projeto \u201c<strong>Cia. Madeirite Rosa 10 ANOS\u201d<\/strong> contemplado na <strong>17\u00aa Edi\u00e7\u00e3o do Pr\u00eamio Z\u00e9 Renato para a Cidade de S\u00e3o Paulo<\/strong>, com o qual o grupo realizar\u00e1 cerca de 30 apresenta\u00e7\u00f5es gratuitas e rodas de conversas em diferentes regi\u00f5es da cidade de S\u00e3o Paulo, at\u00e9 o fim de <strong>2024<\/strong>.<\/p>\n\n\n\n<p><strong>Sobre a Cia. Madeirite Rosa<\/strong><\/p>\n\n\n\n<p>A <strong>Cia. Madeirite Rosa<\/strong> \u00e9 composta por seis mulheres artistas e educadoras, e surgiu em 2013 com o intuito de investigar uma linguagem c\u00f4mica cr\u00edtica diretamente atravessada pela quest\u00e3o de g\u00eanero. Vindas de experi\u00eancias com outros grupos de teatro, as atrizes reuniram-se em torno de experimentos c\u00eanicos e interven\u00e7\u00f5es art\u00edsticas em espa\u00e7os perif\u00e9ricos de grande circula\u00e7\u00e3o, como feiras, terminais urbanos, ruas e espa\u00e7os de mobiliza\u00e7\u00e3o social \u2013 todos locais nos quais h\u00e1 o debate ou s\u00e3o observadas e vividas as diversas realidades de exclus\u00e3o presentes na cidade de S\u00e3o Paulo.<\/p>\n\n\n\n<p>\u201cObservamos que rir conjuntamente das situa\u00e7\u00f5es que promovem identifica\u00e7\u00e3o pode fortalecer os v\u00ednculos de solidariedade e a imagina\u00e7\u00e3o coletiva, e aqui enfatizamos a necessidade de que, em uma sociedade desigual no que tange ao g\u00eanero, esses imagin\u00e1rios possam ser compartilhados a partir de e entre mulheres, e nunca refor\u00e7ando estere\u00f3tipos generalizantes\u201d, comenta o grupo <strong>Madeirite Rosa<\/strong>.&nbsp;<\/p>\n\n\n\n<p>O nome do grupo vem de \u201cmadeirite\u201d \u2013 placa feita com restos de madeira que, por ser de baixo custo, \u00e9 usada no cercamento provis\u00f3rio de obras, mas que passou a ser usada de forma permanente na constru\u00e7\u00e3o de casas em determinadas realidades sociais. Nesse material, a colora\u00e7\u00e3o rosa \u00e9 de uma tinta que d\u00e1 for\u00e7a a essa fr\u00e1gil placa. O nome foi escolhido para dialogar com uma realidade de exclus\u00e3o da cidade de S\u00e3o Paulo, onde o que \u00e9 provis\u00f3rio acaba sendo apropriado como permanente, fruto da precariedade. Todas as&nbsp; artistas do grupo eram militantes em ocupa\u00e7\u00f5es por moradia no extremo sul da cidade de S\u00e3o Paulo, onde o material madeirite rosa era amplamente usado nas constru\u00e7\u00f5es dos ocupantes.<\/p>\n\n\n\n<p>Informa\u00e7\u00f5es: <a href=\"https:\/\/www.facebook.com\/madeiriterosa\" target=\"_blank\" rel=\"noreferrer noopener\">www.facebook.com\/madeiriterosa<\/a> e <a href=\"http:\/\/www.instagram.com\/madeiriterosa\" target=\"_blank\" rel=\"noreferrer noopener\">www.instagram.com\/madeiriterosa<\/a><\/p>\n\n\n\n<p><strong>SERVI\u00c7O: <\/strong><br><br><strong>Mostra de Repert\u00f3rio 10 anos Cia Madeirite Rosa<\/strong><\/p>\n\n\n\n<p><strong>Com Cia. Madeirite Rosa<\/strong><\/p>\n\n\n\n<p><strong>Espet\u00e1culo \u201cPro Mundo Virar\u201d<\/strong><\/p>\n\n\n\n<p><strong>Sinopse:<\/strong> A menina Ela gosta de dan\u00e7ar e cantar desde a barriga da m\u00e3e. Durante seu crescimento, a garota enfrenta dificuldades para fazer com que suas cria\u00e7\u00f5es e inspira\u00e7\u00f5es tenham lugar nos v\u00e1rios espa\u00e7os da vida. At\u00e9 que uma duvidosa solu\u00e7\u00e3o para seus conflitos a faz escorregar para um outro tempo e espa\u00e7o. L\u00e1, Ela encontra um mundo onde cantar, criar e dan\u00e7ar \u00e9 t\u00e3o comum quanto respirar; e onde a atitude inventiva do ser crian\u00e7a \u00e9 parte fundamental da vida.&nbsp;<\/p>\n\n\n\n<p><strong>Dura\u00e7\u00e3o:<\/strong> 50 minutos. <strong>Classifica\u00e7\u00e3o Livre &#8211; Gr\u00e1tis &#8211; Teatro Infantil<\/strong><\/p>\n\n\n\n<p><strong>Agenda completa:&nbsp;<\/strong><\/p>\n\n\n\n<p><strong>Quando:<\/strong> 08 de maio 2024 (quarta-feira) &#8211; <strong>Hor\u00e1rio:<\/strong> 10h &#8211; <strong>Onde:<\/strong> Biblioteca Menotti Del Picchia &#8211; Rua S\u00e3o Romualdo, 401- Bairro do Lim\u00e3o, Zona Norte &#8211; S\u00e3o Paulo &#8211; SP<\/p>\n\n\n\n<p><strong>Quando: <\/strong>16 de maio de 2024 (quinta-feira) &#8211; <strong>Hor\u00e1rio:<\/strong> 11h &#8211; <strong>Onde: <\/strong>EMEF Prof\u00aa Maria Rita de C\u00e1ssia Pinheiro Sim\u00f5es Braga &#8211; Rua Maria Callas, 30 \u2013 Parque L\u00edgia \u2013 Cap\u00e3o Redondo<strong> <\/strong>&#8211; Zona Sul de S\u00e3o Paulo &#8211; SP<\/p>\n\n\n\n<p><strong>Quando: <\/strong>23 de maio de 2024 (quinta-feira) &#8211; <strong>Hor\u00e1rio:<\/strong> 14h &#8211; <strong>Onde: <\/strong>EMEF Prof\u00aa Maria Rita de C\u00e1ssia Pinheiro Sim\u00f5es Braga &#8211; Rua Maria Callas, 30 \u2013 Parque L\u00edgia \u2013 Cap\u00e3o Redondo<strong> <\/strong>&#8211; Zona Sul de S\u00e3o Paulo &#8211; SP<\/p>\n\n\n\n<p><strong>Quando: <\/strong>29 de maio de 2024 (quarta-feira) &#8211; <strong>Hor\u00e1rio:<\/strong> 12h30 &#8211; <strong>Onde: <\/strong>CEU Uirapuru &#8211; Rua Nazir Miguel, 849 &#8211; Jardim Jo\u00e3o XXIII &#8211; Zona Oeste &#8211; S\u00e3o Paulo &#8211; SP<\/p>\n\n\n\n<p><br><a href=\"https:\/\/jornalrol.com.br\" title=\"Voltar\">Voltar<\/a><\/p>\n\n\n\n<p><a href=\"https:\/\/www.facebook.com\/JCulturalRol\/\" title=\"Facebook\">Facebook<\/a><\/p>\n","protected":false},"excerpt":{"rendered":"<p>A Cia. Madeirite Rosa est\u00e1 realizando uma temporada gratuita para celebrar os dez anos do grupo. No m\u00eas de maio de 2024, o grupo realiza apresenta\u00e7\u00f5es do&#8230;<\/p>\n","protected":false},"author":6,"featured_media":66441,"comment_status":"open","ping_status":"closed","sticky":false,"template":"","format":"standard","meta":{"_jetpack_newsletter_access":"","_jetpack_dont_email_post_to_subs":false,"_jetpack_newsletter_tier_id":0,"_jetpack_memberships_contains_paywalled_content":false,"_jetpack_memberships_contains_paid_content":false,"footnotes":""},"categories":[9286,11334],"tags":[11917,11918,11916],"class_list":["post-66440","post","type-post","status-publish","format-standard","has-post-thumbnail","hentry","category-arte","category-teatro","tag-cia-madeirite-rosa","tag-pro-mundo-virar","tag-tatro-infantil"],"aioseo_notices":[],"views":532,"jetpack_featured_media_url":"http:\/\/jornalrol.com.br\/wp-content\/uploads\/2024\/05\/Madeirite-Rosa-Foto-de-Suelen-Dias-3.jpg","jetpack_sharing_enabled":true,"jetpack_likes_enabled":true,"jetpack-related-posts":[{"id":8229,"url":"http:\/\/jornalrol.com.br\/?p=8229","url_meta":{"origin":66440,"position":0},"title":"No dia 18 de mar\u00e7o \u00e0s 16h, a Biblioteca Hans Christian Andersen recebe no Tatuap\u00e9\/SP, o espet\u00e1culo A Rosa e o Pr\u00edncipe","author":"Helio Rubens","date":"15 de fevereiro de 2017","format":false,"excerpt":"A ROSA E O PR\u00cdNCIPE: UM ESPET\u00c1CULO QUE DISCUTE CIDADANIA, INCLUS\u00c3O E CONSCI\u00caNCIA AMBIENTAL \u201cPessoas grandes gostam de conceitos prontos, f\u00f3rmulas e n\u00fameros e querem que a crian\u00e7a \u201cse encaixe\u201d neles, mesmo que a sua curiosidade natural e seus questionamentos n\u00e3o caibam ali. \u00c9 como oferecer um quebra-cabe\u00e7as que j\u00e1\u2026","rel":"","context":"Em &quot;Comunica\u00e7\u00e3o&quot;","block_context":{"text":"Comunica\u00e7\u00e3o","link":"http:\/\/jornalrol.com.br\/?cat=7"},"img":{"alt_text":"","src":"","width":0,"height":0},"classes":[]},{"id":10660,"url":"http:\/\/jornalrol.com.br\/?p=10660","url_meta":{"origin":66440,"position":1},"title":"Sesc Sorocaba: A Cia Teatro da Travessia apresenta, no dia 28 de maio, \u00e0s 16h,  espet\u00e1culo baseado em contos infantis e um fato que virou hist\u00f3ria","author":"Sergio Diniz da Costa","date":"24 de maio de 2017","format":false,"excerpt":"A Cia Teatro da Travessia apresenta espet\u00e1culo baseado em contos de\u00a0\u00a0Jo\u00e3o Anzanello Carrascoza,\u00a0 Hans Christian Andersen e\u00a0um fato que virou hist\u00f3ria gra\u00e7as a reportagens da imprensa. \u00a0 A Cia Teatro da Travessia apresenta o espet\u00e1culo baseado nos contos \u201cO menino das capas de chuva\u201d, de Jo\u00e3o Anzanello Carrascoza, \u201cA pequena\u2026","rel":"","context":"Em &quot;Comunica\u00e7\u00e3o&quot;","block_context":{"text":"Comunica\u00e7\u00e3o","link":"http:\/\/jornalrol.com.br\/?cat=7"},"img":{"alt_text":"","src":"https:\/\/i0.wp.com\/www.jornalrol.com.br\/wp-content\/uploads\/2017\/05\/F%C3%B3sforos-nuvens-e-passarinhos-300x178.jpg?resize=350%2C200","width":350,"height":200},"classes":[]},{"id":10737,"url":"http:\/\/jornalrol.com.br\/?p=10737","url_meta":{"origin":66440,"position":2},"title":"Conhe\u00e7a a programa\u00e7\u00e3o da Virada Cultural em Itapetininga","author":"Helio Rubens","date":"26 de maio de 2017","format":false,"excerpt":"Virada Cultural ser\u00e1 neste fim de semana. Os eventos s\u00e3o gratuitos. NZ Zero \u00e9 a atra\u00e7\u00e3o no s\u00e1bado, dia 27. No dia seguinte, Arnaldo Antunes A apresenta\u00e7\u00e3o ser\u00e1 no palco principal, em frente ao Gin\u00e1sio Ayrton Senna, na Marginal do Ch\u00e1. No Largo dos Amores acontecem espet\u00e1culos teatrais. Programa\u00e7\u00e3o Palco\u2026","rel":"","context":"Em &quot;Comunica\u00e7\u00e3o&quot;","block_context":{"text":"Comunica\u00e7\u00e3o","link":"http:\/\/jornalrol.com.br\/?cat=7"},"img":{"alt_text":"","src":"https:\/\/i0.wp.com\/www.jornalrol.com.br\/wp-content\/uploads\/2017\/04\/Virada-cultural.jpg?resize=350%2C200","width":350,"height":200},"classes":[]},{"id":39401,"url":"http:\/\/jornalrol.com.br\/?p=39401","url_meta":{"origin":66440,"position":3},"title":"Espet\u00e1culo \u2018F\u00eamea\u2019 explora a viol\u00eancia dom\u00e9stica naturalizada contra a mulher","author":"Sergio Diniz da Costa","date":"8 de abril de 2021","format":false,"excerpt":"Baixe imagens de divulga\u00e7\u00e3o da pe\u00e7a\u00a0neste link aqui. Dirigida por Carmem Soares, pe\u00e7a da Cia do Despejo investiga o teatro gestual e a dan\u00e7a para refletir sobre a marginaliza\u00e7\u00e3o social feminina Com o objetivo de refletir sobre o que \u00e9 ser mulher nos dias de hoje, a Cia do Despejo\u2026","rel":"","context":"Em &quot;Comunica\u00e7\u00e3o&quot;","block_context":{"text":"Comunica\u00e7\u00e3o","link":"http:\/\/jornalrol.com.br\/?cat=7"},"img":{"alt_text":"","src":"https:\/\/i0.wp.com\/www.jornalrol.com.br\/wp-content\/uploads\/2021\/04\/image1-1-300x198.png?resize=350%2C200","width":350,"height":200,"srcset":"https:\/\/i0.wp.com\/www.jornalrol.com.br\/wp-content\/uploads\/2021\/04\/image1-1-300x198.png?resize=350%2C200 1x, https:\/\/i0.wp.com\/www.jornalrol.com.br\/wp-content\/uploads\/2021\/04\/image1-1-300x198.png?resize=525%2C300 1.5x"},"classes":[]},{"id":10674,"url":"http:\/\/jornalrol.com.br\/?p=10674","url_meta":{"origin":66440,"position":4},"title":"Virada Cultural em Itapetininga ser\u00e1 realizada nos dias 27 e 28 de maio em parceria com o Governo do Estado","author":"Helio Rubens","date":"24 de maio de 2017","format":false,"excerpt":"Itapetininga receber\u00e1 Virada Cultural Paulista pela primeira vez A espera acabou! Depois de anos de expectativa, finalmente Itapetininga foi contemplada com a Virada Cultural Paulista, evento em parceria com a Prefeitura, por meio da Secretaria de Cultura e Turismo, e o Governo do Estado de S\u00e3o Paulo. Apenas 22 cidades\u2026","rel":"","context":"Em &quot;Comunica\u00e7\u00e3o&quot;","block_context":{"text":"Comunica\u00e7\u00e3o","link":"http:\/\/jornalrol.com.br\/?cat=7"},"img":{"alt_text":"","src":"https:\/\/ci6.googleusercontent.com\/proxy\/NP6GeZxRWTera8eEjeuHtp46gmGbk2mcSYSeYkkXjoJGuYXebSRJx4cJqDjAzkFF6RUTipdeNjpm9drU4MCP6wsB4_JGD9Cp-APkgmIDShHCpO69DzWbDNR5K81JIo0_F0azFI2xeNLKSE6wi0OQYl2wqRBHCOyX9aG8encoKuhhZ0skdDoignRNUQ4XLL_-SN0Bj44WFHAPZdmvKg=s0-d-e1-ft#https:\/\/bucket.mlcdn.com\/a\/683\/683671\/images\/fc44e90d5f3e2db778686504c4c12c928b0e2493.png\/882f8a2054fd448c72246566dc72e5efaa92c656.png","width":350,"height":200},"classes":[]},{"id":66270,"url":"http:\/\/jornalrol.com.br\/?p=66270","url_meta":{"origin":66440,"position":5},"title":"Os Lavadores de Hist\u00f3rias","author":"Sergio Diniz da Costa","date":"6 de maio de 2024","format":false,"excerpt":"A Cia de Achadouros est\u00e1 realizando uma temporada de circula\u00e7\u00e3o do espet\u00e1culo infantil \u2018Os Lavadores de Hist\u00f3rias\u2019, com apresenta\u00e7\u00f5es gratuitas em diversas...","rel":"","context":"Em &quot;Arte&quot;","block_context":{"text":"Arte","link":"http:\/\/jornalrol.com.br\/?cat=9286"},"img":{"alt_text":"Cartaz do espet\u00e1culo 'Os Lavadores de Hist\u00f3rias'","src":"https:\/\/i0.wp.com\/jornalrol.com.br\/wp-content\/uploads\/2024\/05\/Lavadores-Bertioga-3.jpg?resize=350%2C200","width":350,"height":200,"srcset":"https:\/\/i0.wp.com\/jornalrol.com.br\/wp-content\/uploads\/2024\/05\/Lavadores-Bertioga-3.jpg?resize=350%2C200 1x, https:\/\/i0.wp.com\/jornalrol.com.br\/wp-content\/uploads\/2024\/05\/Lavadores-Bertioga-3.jpg?resize=525%2C300 1.5x, https:\/\/i0.wp.com\/jornalrol.com.br\/wp-content\/uploads\/2024\/05\/Lavadores-Bertioga-3.jpg?resize=700%2C400 2x"},"classes":[]}],"_links":{"self":[{"href":"http:\/\/jornalrol.com.br\/index.php?rest_route=\/wp\/v2\/posts\/66440","targetHints":{"allow":["GET"]}}],"collection":[{"href":"http:\/\/jornalrol.com.br\/index.php?rest_route=\/wp\/v2\/posts"}],"about":[{"href":"http:\/\/jornalrol.com.br\/index.php?rest_route=\/wp\/v2\/types\/post"}],"author":[{"embeddable":true,"href":"http:\/\/jornalrol.com.br\/index.php?rest_route=\/wp\/v2\/users\/6"}],"replies":[{"embeddable":true,"href":"http:\/\/jornalrol.com.br\/index.php?rest_route=%2Fwp%2Fv2%2Fcomments&post=66440"}],"version-history":[{"count":4,"href":"http:\/\/jornalrol.com.br\/index.php?rest_route=\/wp\/v2\/posts\/66440\/revisions"}],"predecessor-version":[{"id":66446,"href":"http:\/\/jornalrol.com.br\/index.php?rest_route=\/wp\/v2\/posts\/66440\/revisions\/66446"}],"wp:featuredmedia":[{"embeddable":true,"href":"http:\/\/jornalrol.com.br\/index.php?rest_route=\/wp\/v2\/media\/66441"}],"wp:attachment":[{"href":"http:\/\/jornalrol.com.br\/index.php?rest_route=%2Fwp%2Fv2%2Fmedia&parent=66440"}],"wp:term":[{"taxonomy":"category","embeddable":true,"href":"http:\/\/jornalrol.com.br\/index.php?rest_route=%2Fwp%2Fv2%2Fcategories&post=66440"},{"taxonomy":"post_tag","embeddable":true,"href":"http:\/\/jornalrol.com.br\/index.php?rest_route=%2Fwp%2Fv2%2Ftags&post=66440"}],"curies":[{"name":"wp","href":"https:\/\/api.w.org\/{rel}","templated":true}]}}