{"id":66995,"date":"2024-05-29T12:34:00","date_gmt":"2024-05-29T15:34:00","guid":{"rendered":"https:\/\/jornalrol.com.br\/?p=66995"},"modified":"2024-05-29T12:36:23","modified_gmt":"2024-05-29T15:36:23","slug":"festival-yesu-luso","status":"publish","type":"post","link":"http:\/\/jornalrol.com.br\/?p=66995","title":{"rendered":"Festival Yesu Luso"},"content":{"rendered":"<div class=\"pdfprnt-buttons pdfprnt-buttons-post pdfprnt-top-right\"><a href=\"http:\/\/jornalrol.com.br\/index.php?rest_route=%2Fwp%2Fv2%2Fposts%2F66995&print=pdf\" class=\"pdfprnt-button pdfprnt-button-pdf\" target=\"_blank\" ><\/a><a href=\"http:\/\/jornalrol.com.br\/index.php?rest_route=%2Fwp%2Fv2%2Fposts%2F66995&print=print\" class=\"pdfprnt-button pdfprnt-button-print\" target=\"_blank\" ><img decoding=\"async\" src=\"https:\/\/jornalrol.com.br\/wp-content\/plugins\/pdf-print\/images\/print.png\" alt=\"image_print\" title=\"Conte\u00fado de impress\u00e3o\" \/><\/a><\/div>\n<h2 class=\"wp-block-heading has-text-align-center\">Ciclo de leituras dram\u00e1ticas encerra Festival Yesu Luso no Centro de Pesquisa e Forma\u00e7\u00e3o do Sesc<br><br><\/h2>\n\n\n<div class=\"wp-block-image\">\n<figure class=\"aligncenter size-full is-resized\"><img loading=\"lazy\" decoding=\"async\" width=\"1600\" height=\"1067\" data-attachment-id=\"66996\" data-permalink=\"http:\/\/jornalrol.com.br\/?attachment_id=66996\" data-orig-file=\"http:\/\/jornalrol.com.br\/wp-content\/uploads\/2024\/05\/WhatsApp-Image-2024-05-28-at-19.07.28.jpeg\" data-orig-size=\"1600,1067\" data-comments-opened=\"1\" data-image-meta=\"{&quot;aperture&quot;:&quot;0&quot;,&quot;credit&quot;:&quot;&quot;,&quot;camera&quot;:&quot;&quot;,&quot;caption&quot;:&quot;&quot;,&quot;created_timestamp&quot;:&quot;0&quot;,&quot;copyright&quot;:&quot;&quot;,&quot;focal_length&quot;:&quot;0&quot;,&quot;iso&quot;:&quot;0&quot;,&quot;shutter_speed&quot;:&quot;0&quot;,&quot;title&quot;:&quot;&quot;,&quot;orientation&quot;:&quot;0&quot;}\" data-image-title=\"WhatsApp-Image-2024-05-28-at-19.07.28\" data-image-description=\"\" data-image-caption=\"\" data-large-file=\"http:\/\/jornalrol.com.br\/wp-content\/uploads\/2024\/05\/WhatsApp-Image-2024-05-28-at-19.07.28.jpeg\" src=\"https:\/\/jornalrol.com.br\/wp-content\/uploads\/2024\/05\/WhatsApp-Image-2024-05-28-at-19.07.28.jpeg\" alt=\"Cr\u00e9dito: Danilo Ferrara\" class=\"wp-image-66996\" style=\"width:732px;height:auto\" srcset=\"http:\/\/jornalrol.com.br\/wp-content\/uploads\/2024\/05\/WhatsApp-Image-2024-05-28-at-19.07.28.jpeg 1600w, http:\/\/jornalrol.com.br\/wp-content\/uploads\/2024\/05\/WhatsApp-Image-2024-05-28-at-19.07.28-1200x800.jpeg 1200w, http:\/\/jornalrol.com.br\/wp-content\/uploads\/2024\/05\/WhatsApp-Image-2024-05-28-at-19.07.28-768x512.jpeg 768w, http:\/\/jornalrol.com.br\/wp-content\/uploads\/2024\/05\/WhatsApp-Image-2024-05-28-at-19.07.28-1536x1024.jpeg 1536w\" sizes=\"auto, (max-width: 1600px) 100vw, 1600px\" \/><figcaption class=\"wp-element-caption\"><em>Cr\u00e9dito: Danilo Ferrara<\/em><\/figcaption><\/figure>\n<\/div>\n\n\n<h3 class=\"wp-block-heading has-text-align-center\"><em>Com curadoria da atriz brasileira\u00a0<\/em><strong><em>Arieta Corr\u00eaa<\/em><\/strong><em>\u00a0e do produtor portugu\u00eas\u00a0<\/em><strong><em>Pedro Santos<\/em><\/strong><em>, evento chega \u00e0 quarta edi\u00e7\u00e3o promovendo um interc\u00e2mbio entre\u00a0Angola, Brasil, Cabo Verde, Mo\u00e7ambique e Portugal<\/em><br><\/h3>\n\n\n\n<p class=\"has-drop-cap\">Depois de apresentar tr\u00eas espet\u00e1culos, a 4\u00aa edi\u00e7\u00e3o do festival&nbsp;&nbsp;<strong>\u201cYesu Luso \u2013 Teatro e Outras Express\u00f5es Lus\u00f3fonas\u201d&nbsp;<\/strong>chega ao fim ap\u00f3s cinco leituras dram\u00e1ticas idealizadas pelo grupo teatral paulista&nbsp;<strong>N\u00facleo Educatho<\/strong>. As atividades s\u00e3o gratuitas e acontecem entre os dias&nbsp;4 e 5 de junho, \u00e0s 19h30, no Centro de Pesquisa e Forma\u00e7\u00e3o do Sesc S\u00e3o Paulo.<\/p>\n\n\n\n<p>Desta vez, o p\u00fablico tem acesso a textos de Angola, Brasil, Cabo Verde, Mo\u00e7ambique e Portugal, refor\u00e7ando a necessidade de aproxima\u00e7\u00e3o entre as na\u00e7\u00f5es falantes de portugu\u00eas. Esta edi\u00e7\u00e3o tem o tema \u201c<strong>Oralidade e Express\u00e3o Oral\u201d.<\/strong><\/p>\n\n\n\n<p>Com curadoria da atriz brasileira&nbsp;<strong>Arieta Corr\u00eaa<\/strong>&nbsp;e do produtor portugu\u00eas&nbsp;<strong>Pedro Santos<\/strong>, o&nbsp;<strong>Yesu Luso<\/strong>&nbsp;surgiu em 2015, na forma de um projeto-piloto no Sesc Bom Retiro, e sua \u00faltima edi\u00e7\u00e3o aconteceu em 2018, com apresenta\u00e7\u00f5es sempre lotadas. Desde ent\u00e3o, os idealizadores t\u00eam lutado para tornar o festival uma programa\u00e7\u00e3o permanente na cidade.&nbsp;<\/p>\n\n\n\n<p>O nome do evento \u00e9 derivado de um dialeto mo\u00e7ambicano, no qual o termo \u201cyesu\u201d significa \u201cnosso\u201d; j\u00e1 a palavra \u201cluso\u201d \u00e9 usada em refer\u00eancia ao pr\u00f3prio idioma. E o tema da atual edi\u00e7\u00e3o vem justamente ressaltar essa quest\u00e3o da oralidade que promove uma verdadeira uni\u00e3o solid\u00e1ria entre todos os falantes da mesma l\u00edngua. \u00c9 o que prop\u00f5e a<strong>&nbsp;<\/strong>Prof\u00aa Dra. Nilza Laice, da Escola de Comunica\u00e7\u00e3o e Artes (ECA-USP), natural de Mo\u00e7ambique, no texto-manifesto da edi\u00e7\u00e3o: \u201cQuando combinadas, a orat\u00f3ria e as artes se tornam um ve\u00edculo poderoso para transmitir mensagens de solidariedade. Can\u00e7\u00f5es, pe\u00e7as teatrais, pinturas e outras formas art\u00edsticas possuem a capacidade intr\u00ednseca de despertar empatia, provocar reflex\u00f5es e instigar a\u00e7\u00e3o. Elas transcendem as limita\u00e7\u00f5es da linguagem verbal, atingindo um n\u00edvel emocional mais profundo, e oferecem uma plataforma para a express\u00e3o coletiva de ideias solid\u00e1rias e a busca por solu\u00e7\u00f5es colaborativas para quest\u00f5es sociais\u201d, explica a pesquisadora sobre o tema do festival.&nbsp;<\/p>\n\n\n\n<p><strong>As leituras dram\u00e1ticas&nbsp;<\/strong><\/p>\n\n\n\n<p>O&nbsp;<strong>N\u00facleo Educatho&nbsp;<\/strong>tem como<strong>&nbsp;<\/strong>diretor&nbsp;<strong>Juliano Barone<\/strong>, que desenvolveu diversas a\u00e7\u00f5es em parceria com Vin\u00edcius Piedade, N\u00facleo Sem Querer e com o Projeto Colibri, al\u00e9m de realizar a gest\u00e3o de espa\u00e7os culturais.&nbsp;<\/p>\n\n\n\n<p>As obras selecionadas pelo grupo discutem quest\u00f5es diversas, como fake news, homofobia, viol\u00eancia de g\u00eanero, xenofobia, feminismo, constru\u00e7\u00e3o de uma na\u00e7\u00e3o e a necessidade de as pessoas marginalizadas terem voz.&nbsp;&nbsp;<strong>&nbsp;<\/strong><\/p>\n\n\n\n<p><strong>Confira abaixo a programa\u00e7\u00e3o completa:<\/strong><\/p>\n\n\n\n<p><strong>4 DE JUNHO, \u00c0S 19H30<\/strong><\/p>\n\n\n\n<p><strong>Sequeira, Lu\u00eds Lopes ou O Mulato dos Prod\u00edgios, de Jos\u00e9 Mena Abrantes (Angola)&nbsp;<\/strong><\/p>\n\n\n\n<p><strong>Sinopse:&nbsp;<\/strong>O texto da pe\u00e7a de teatro hist\u00f3rica Sequeira, Lu\u00eds Lopes ou o Mulato dos Prod\u00edgios, de Jos\u00e9 Mena Abrantes, escrita em 1991 e levada \u00e0 cena em Luanda pelo grupo Elinga-Teatro em 1993, come\u00e7a por enunciar, logo abaixo das dedicat\u00f3rias, a seguinte informa\u00e7\u00e3o:<\/p>\n\n\n\n<p>\u201cA atormentada, tr\u00e1gica e desconcertante trajet\u00f3ria de um mulato filho de escrava que, ao ajudar a destruir, em pleno s\u00e9culo 17, os tr\u00eas principais reinos de Angola (Congo\/1665, Ndongo\/1671 e Matamba\/1681), n\u00e3o sabia (?) ainda que preparava j\u00e1 a exist\u00eancia futura de uma Na\u00e7\u00e3o\u201d (ABRANTES, 1999, p\u00e1gina inicial n\u00e3o numerada)<strong>.<\/strong><\/p>\n\n\n\n<p><strong>A Pe\u00e7a (Ou Os Escafandristas), de Vin\u00edcius Piedade (Brasil)<\/strong><strong><br><\/strong><strong>Sinopse:&nbsp;<\/strong>Os atores do conceituado grupo \u201cOs Escafandristas\u201d voltam a se reunir depois de um longo hiato para pensar em um novo trabalho teatral, por\u00e9m o que poderia ser um promissor reencontro acaba de maneira surpreendente.<\/p>\n\n\n\n<p><strong>5 DE JUNHO, \u00c0S 19H30<\/strong><\/p>\n\n\n\n<p><strong>Tudojunto Sepa rado, de Lisa Reis (Cabo Verde)<\/strong><strong><br><\/strong><strong>Sinopse:&nbsp;<\/strong>a<strong>&nbsp;<\/strong>pe\u00e7a traz tr\u00eas problem\u00e1ticas: homofobia, viol\u00eancia baseada no g\u00eanero e xenofobia. O texto, que se torna uma cr\u00edtica social a alguns dos valores considerados b\u00e1sicos para a nossa exist\u00eancia, faz com que cada uma das tr\u00eas mulheres represente estes tr\u00eas problemas, cuja tend\u00eancia primeira \u00e9 esconder ou marginalizar.&nbsp;<\/p>\n\n\n\n<p>Uma mu\u00e7ulmana, uma mulher trans e uma adolescente l\u00e9sbica s\u00e3o as v\u00edtimas. Acabam por falar e \u00e9 o teatro que lhes d\u00e1 um palco e o direito de falar sobre o que foi a sua vida e como \u00e9 que se sentiram enquanto v\u00edtimas.<br><\/p>\n\n\n\n<p><strong>Simbiose, de Nilza Laice (Mo\u00e7ambique)<\/strong><strong><br><\/strong><strong>Sinopse:<\/strong>&nbsp;a obra busca desvendar e amplificar as hist\u00f3rias de pessoas marginalizadas, utilizando o m\u00e9todo da hist\u00f3ria oral para colher mem\u00f3rias e experi\u00eancias que precisam ser ouvidas. A narrativa central gira em torno de uma entrevista com uma mulher da etnia makua, de 53 anos, casada h\u00e1 35 anos. Atrav\u00e9s das hist\u00f3rias dessa mulher e da sabedoria transmitida por sua av\u00f3, o texto desconstr\u00f3i a ideia tradicional makua de que o sucesso conjugal depende da mulher possuir \u201cmatunas\u201d (l\u00e1bios vaginais alongados).<br><\/p>\n\n\n\n<p><strong>6 DE JUNHO, \u00c0S 19H30<\/strong><\/p>\n\n\n\n<p><strong>Fake News Naked Fews, de Ricardo Caba\u00e7a (Portugal)<br>Sinopse:<\/strong>&nbsp;na trama, tr\u00eas pessoas convocam o p\u00fablico para uma assembleia secreta, onde a fronteira entre a mentira e a verdade \u00e9 t\u00e3o fr\u00e1gil que at\u00e9 a pr\u00f3pria identidade \u00e9 colocada em causa. \u00c9 urgente cortar radicalmente o contacto com o exterior para que as palavras sejam reais. Dois dos detetives problematizam com o p\u00fablico o sentido das palavras, a ess\u00eancia ou a necessidade humana de desvirtuar, esse v\u00edcio inaudito de procurar outra realidade. O terceiro detetive dialoga musicalmente com a assembleia, ele \u00e9 uma baleia que espalha na profundidade a frequ\u00eancia exata do disfarce. Os tr\u00eas criam as Naked fews para p\u00f4r a nu quem se veste de mentiras.<br><\/p>\n\n\n\n<p><strong>FICHA T\u00c9CNICA<\/strong><strong><br><\/strong><strong>Dire\u00e7\u00e3o:<\/strong>&nbsp;Juliano Barone e Vin\u00edcius Piedade<\/p>\n\n\n\n<p><strong>Atores:<\/strong>&nbsp;Cris Eifler, Evas Carretero, Marcos Ver\u00edssimo, Pedro Casali, Fernanda Mariano e Priscilla Dieminger<\/p>\n\n\n\n<p><br><strong>SERVI\u00c7O<\/strong><\/p>\n\n\n\n<p><strong>Leituras dram\u00e1ticas do Festival Yesu Luso \u2013 Teatro e Outras Express\u00f5es Lus\u00f3fonas<\/strong><\/p>\n\n\n\n<p><strong>Quando:<\/strong>&nbsp;4 a 6 de junho, das 19h30 \u00e0s 21h30<\/p>\n\n\n\n<p><strong>Centro de Pesquisa e Forma\u00e7\u00e3o do Sesc S\u00e3o Paulo<\/strong>&nbsp;\u2013 Rua Dr. Pl\u00ednio Barreto, 285, &#8211; 4\u00ba andar &#8211; Bela Vista<\/p>\n\n\n\n<p><strong>Ingressos:&nbsp;<\/strong>Gr\u00e1tis | Distribui\u00e7\u00e3o de ingressos 1h antes do in\u00edcio de cada apresenta\u00e7\u00e3o, sendo at\u00e9 2 ingressos por pessoa.<br><br><strong>Acessibilidade:&nbsp;<\/strong>o teatro e toda a unidade s\u00e3o acess\u00edveis a cadeirantes e pessoas com mobilidade reduzida.<\/p>\n\n\n\n<p><br><a href=\"https:\/\/jornalrol.com.br\/\" title=\"Voltar\">Voltar<\/a><\/p>\n\n\n\n<p><a href=\"https:\/\/www.facebook.com\/JCulturalRol\/\" title=\"Facebook\">Facebook<\/a><\/p>\n","protected":false},"excerpt":{"rendered":"<p>A 4\u00aa ed. Yesu Luso \u2013 Teatro e Outras Express\u00f5es Lus\u00f3fonas chega ao fim ap\u00f3s cinco leituras dram\u00e1ticas idealizadas pelo grupo teatral paulista N\u00facleo Educatho.<\/p>\n","protected":false},"author":6,"featured_media":66996,"comment_status":"open","ping_status":"closed","sticky":false,"template":"","format":"standard","meta":{"_jetpack_newsletter_access":"","_jetpack_dont_email_post_to_subs":false,"_jetpack_newsletter_tier_id":0,"_jetpack_memberships_contains_paywalled_content":false,"_jetpack_memberships_contains_paid_content":false,"footnotes":""},"categories":[9286,11334],"tags":[12099,12097,12101,12098,12100],"class_list":["post-66995","post","type-post","status-publish","format-standard","has-post-thumbnail","hentry","category-arte","category-teatro","tag-arieta-correa","tag-festival-yeso-luso","tag-juliano-barone","tag-nucleo-educatho","tag-pedro-santos"],"aioseo_notices":[],"views":701,"jetpack_featured_media_url":"http:\/\/jornalrol.com.br\/wp-content\/uploads\/2024\/05\/WhatsApp-Image-2024-05-28-at-19.07.28.jpeg","jetpack_sharing_enabled":true,"jetpack_likes_enabled":true,"jetpack-related-posts":[{"id":64760,"url":"http:\/\/jornalrol.com.br\/?p=64760","url_meta":{"origin":66995,"position":0},"title":"N\u00facleo Ajeum abre inscri\u00e7\u00f5es para festival de dan\u00e7a","author":"Sergio Diniz da Costa","date":"4 de mar\u00e7o de 2024","format":false,"excerpt":"N\u00facleo Ajeum abre inscri\u00e7\u00f5es para festival de dan\u00e7a. Com foco no protagonismo da arte negra, ser\u00e3o selecionados projetos de artistas solo e em coletivos...","rel":"","context":"Em &quot;Arte&quot;","block_context":{"text":"Arte","link":"http:\/\/jornalrol.com.br\/?cat=9286"},"img":{"alt_text":"","src":"","width":0,"height":0},"classes":[]},{"id":32799,"url":"http:\/\/jornalrol.com.br\/?p=32799","url_meta":{"origin":66995,"position":1},"title":"55\u00ba Festival de M\u00fasica e Poesia de Paranava\u00ed est\u00e1 com as inscri\u00e7\u00f5es prorrogadas at\u00e9 03 de agosto de 2020","author":"Sergio Diniz da Costa","date":"31 de julho de 2020","format":false,"excerpt":"\u00a0Poesias, Contos, Declama\u00e7\u00f5es, Leituras Dram\u00e1ticas e categorias Musicais 55\u00ba FESTIVAL DE M\u00daSICA E POESIA DE PARANAVA\u00cd Informa\u00e7\u00f5es: a) Aberto a brasileiros em qualquer parte do mundo e a estrangeiros residentes no Brasil b) Poesias, Contos, Declama\u00e7\u00f5es, Leituras Dram\u00e1ticas e categorias Musicais c) Inscri\u00e7\u00e3o pela internet Premia\u00e7\u00e3o: I) Pr\u00eamio em dinheiro\u2026","rel":"","context":"Em &quot;Comunica\u00e7\u00e3o&quot;","block_context":{"text":"Comunica\u00e7\u00e3o","link":"http:\/\/jornalrol.com.br\/?cat=7"},"img":{"alt_text":"","src":"https:\/\/i0.wp.com\/www.jornalrol.com.br\/wp-content\/uploads\/2020\/07\/109573138_3195435093828799_2899023008440209689_o-300x300.jpg?resize=350%2C200","width":350,"height":200},"classes":[]},{"id":44980,"url":"http:\/\/jornalrol.com.br\/?p=44980","url_meta":{"origin":66995,"position":2},"title":"N\u00facleo Experimental faz shows comemorativos de 15 anos de hist\u00f3ria","author":"Veronica Moreira","date":"21 de setembro de 2021","format":false,"excerpt":"Link para download de frames de tela O Festival de Shows - N\u00facleo Experimental 15 Anos, que se inicia dia 23 de setembro \u00e0s 18h, conta com artistas e cantores que j\u00e1 passaram pelo grupo em trabalhos diversos, interpretando m\u00fasicas previamente selecionadas do repert\u00f3rio de pe\u00e7as do N\u00facleo Experimental Revisitar\u2026","rel":"","context":"Em &quot;Comunica\u00e7\u00e3o&quot;","block_context":{"text":"Comunica\u00e7\u00e3o","link":"http:\/\/jornalrol.com.br\/?cat=7"},"img":{"alt_text":"","src":"https:\/\/i0.wp.com\/www.jornalrol.com.br\/wp-content\/uploads\/2021\/09\/Shows-Nucleo_Bruna-Guerin-300x186.png?resize=350%2C200","width":350,"height":200},"classes":[]},{"id":47337,"url":"http:\/\/jornalrol.com.br\/?p=47337","url_meta":{"origin":66995,"position":3},"title":"Premiado dramaturgo Eduardo Aleixo Monteiro disponibiliza gratuitamente livro \u2018Interrup\u00e7\u00e3o\u2019, com direito a uma leitura dram\u00e1tica e uma oficina de escrita teatral","author":"Veronica Moreira","date":"18 de dezembro de 2021","format":false,"excerpt":"Inspirada em um caso real, a trama coloca em cena um juiz e um escriv\u00e3o \u00e0s voltas com um pedido de interrup\u00e7\u00e3o de gravidez, deixando-se influenciar por suas ambi\u00e7\u00f5es e convic\u00e7\u00f5es O texto da pe\u00e7a \u201cInterrup\u00e7\u00e3o\u201d, de Eduardo Aleixo Monteiro, \u00e9 disponibilizado online, publicado pela Editora Ef\u00eamera. O trabalho foi\u2026","rel":"","context":"Em &quot;Comunica\u00e7\u00e3o&quot;","block_context":{"text":"Comunica\u00e7\u00e3o","link":"http:\/\/jornalrol.com.br\/?cat=7"},"img":{"alt_text":"","src":"https:\/\/i0.wp.com\/www.jornalrol.com.br\/wp-content\/uploads\/2021\/12\/image1.jpg?resize=350%2C200","width":350,"height":200,"srcset":"https:\/\/i0.wp.com\/www.jornalrol.com.br\/wp-content\/uploads\/2021\/12\/image1.jpg?resize=350%2C200 1x, https:\/\/i0.wp.com\/www.jornalrol.com.br\/wp-content\/uploads\/2021\/12\/image1.jpg?resize=525%2C300 1.5x"},"classes":[]},{"id":60373,"url":"http:\/\/jornalrol.com.br\/?p=60373","url_meta":{"origin":66995,"position":4},"title":"N\u00daCLEO CABOCLINHAS\u00a0faz mostra de repert\u00f3rio gratuita no Centro Cultural da Penha entre agosto e outubro","author":"Sergio Diniz da Costa","date":"23 de agosto de 2023","format":false,"excerpt":"Conhecido por adaptar textos liter\u00e1rios de autores brasileiros para o universo infantojuvenil, o N\u00facleo Caboclinhas apresenta 4 espet\u00e1culos de seu repert\u00f3rio.","rel":"","context":"Em &quot;Arte&quot;","block_context":{"text":"Arte","link":"http:\/\/jornalrol.com.br\/?cat=9286"},"img":{"alt_text":"","src":"https:\/\/i0.wp.com\/jornalrol.com.br\/wp-content\/uploads\/2023\/08\/image2-1.jpg?resize=350%2C200","width":350,"height":200,"srcset":"https:\/\/i0.wp.com\/jornalrol.com.br\/wp-content\/uploads\/2023\/08\/image2-1.jpg?resize=350%2C200 1x, https:\/\/i0.wp.com\/jornalrol.com.br\/wp-content\/uploads\/2023\/08\/image2-1.jpg?resize=525%2C300 1.5x, https:\/\/i0.wp.com\/jornalrol.com.br\/wp-content\/uploads\/2023\/08\/image2-1.jpg?resize=700%2C400 2x, https:\/\/i0.wp.com\/jornalrol.com.br\/wp-content\/uploads\/2023\/08\/image2-1.jpg?resize=1050%2C600 3x"},"classes":[]},{"id":31044,"url":"http:\/\/jornalrol.com.br\/?p=31044","url_meta":{"origin":66995,"position":5},"title":"Denise Del Vecchio \u00e9 a homenageada do persona desta sexta-feira (17\/4)","author":"Sergio Diniz da Costa","date":"16 de abril de 2020","format":false,"excerpt":"Com participa\u00e7\u00e3o de Alcides Nogueira e Tuna Dwek, vai ao ar a partir das 23h30, na TV Cultura O\u00a0Persona\u00a0desta\u00a0sexta-feira (17\/4)\u00a0recebe a atriz, escritora, diretora e dramaturga\u00a0Denise Del Vecchio. Entrevistada por\u00a0Alcides Nogueira\u00a0e\u00a0Tuna Dwek, com media\u00e7\u00e3o de\u00a0At\u00edlio Bari, a artista conta sobre sua trajet\u00f3ria, ao longo do programa. A edi\u00e7\u00e3o vai ao\u2026","rel":"","context":"Em &quot;Comunica\u00e7\u00e3o&quot;","block_context":{"text":"Comunica\u00e7\u00e3o","link":"http:\/\/jornalrol.com.br\/?cat=7"},"img":{"alt_text":"","src":"https:\/\/i0.wp.com\/www.jornalrol.com.br\/wp-content\/uploads\/2020\/04\/Persona-em-Foco-300x167.png?resize=350%2C200","width":350,"height":200},"classes":[]}],"_links":{"self":[{"href":"http:\/\/jornalrol.com.br\/index.php?rest_route=\/wp\/v2\/posts\/66995","targetHints":{"allow":["GET"]}}],"collection":[{"href":"http:\/\/jornalrol.com.br\/index.php?rest_route=\/wp\/v2\/posts"}],"about":[{"href":"http:\/\/jornalrol.com.br\/index.php?rest_route=\/wp\/v2\/types\/post"}],"author":[{"embeddable":true,"href":"http:\/\/jornalrol.com.br\/index.php?rest_route=\/wp\/v2\/users\/6"}],"replies":[{"embeddable":true,"href":"http:\/\/jornalrol.com.br\/index.php?rest_route=%2Fwp%2Fv2%2Fcomments&post=66995"}],"version-history":[{"count":2,"href":"http:\/\/jornalrol.com.br\/index.php?rest_route=\/wp\/v2\/posts\/66995\/revisions"}],"predecessor-version":[{"id":66998,"href":"http:\/\/jornalrol.com.br\/index.php?rest_route=\/wp\/v2\/posts\/66995\/revisions\/66998"}],"wp:featuredmedia":[{"embeddable":true,"href":"http:\/\/jornalrol.com.br\/index.php?rest_route=\/wp\/v2\/media\/66996"}],"wp:attachment":[{"href":"http:\/\/jornalrol.com.br\/index.php?rest_route=%2Fwp%2Fv2%2Fmedia&parent=66995"}],"wp:term":[{"taxonomy":"category","embeddable":true,"href":"http:\/\/jornalrol.com.br\/index.php?rest_route=%2Fwp%2Fv2%2Fcategories&post=66995"},{"taxonomy":"post_tag","embeddable":true,"href":"http:\/\/jornalrol.com.br\/index.php?rest_route=%2Fwp%2Fv2%2Ftags&post=66995"}],"curies":[{"name":"wp","href":"https:\/\/api.w.org\/{rel}","templated":true}]}}