{"id":67191,"date":"2024-06-05T11:56:04","date_gmt":"2024-06-05T14:56:04","guid":{"rendered":"https:\/\/jornalrol.com.br\/?p=67191"},"modified":"2024-06-05T11:56:17","modified_gmt":"2024-06-05T14:56:17","slug":"que-pais-e-este","status":"publish","type":"post","link":"http:\/\/jornalrol.com.br\/?p=67191","title":{"rendered":"Que pa\u00eds \u00e9 este?"},"content":{"rendered":"<div class=\"pdfprnt-buttons pdfprnt-buttons-post pdfprnt-top-right\"><a href=\"http:\/\/jornalrol.com.br\/index.php?rest_route=%2Fwp%2Fv2%2Fposts%2F67191&print=pdf\" class=\"pdfprnt-button pdfprnt-button-pdf\" target=\"_blank\" ><\/a><a href=\"http:\/\/jornalrol.com.br\/index.php?rest_route=%2Fwp%2Fv2%2Fposts%2F67191&print=print\" class=\"pdfprnt-button pdfprnt-button-print\" target=\"_blank\" ><img decoding=\"async\" src=\"https:\/\/jornalrol.com.br\/wp-content\/plugins\/pdf-print\/images\/print.png\" alt=\"image_print\" title=\"Conte\u00fado de impress\u00e3o\" \/><\/a><\/div>\n<h2 class=\"wp-block-heading has-text-align-center\">Edna Froede: &#8216;Que pa\u00eds \u00e9 este?<br><br><\/h2>\n\n\n<div class=\"wp-block-image is-style-rounded\">\n<figure class=\"aligncenter size-full is-resized\"><img loading=\"lazy\" decoding=\"async\" width=\"720\" height=\"1179\" data-attachment-id=\"52771\" data-permalink=\"http:\/\/jornalrol.com.br\/?attachment_id=52771\" data-orig-file=\"http:\/\/jornalrol.com.br\/wp-content\/uploads\/2022\/11\/391eb80c-4096-450c-a2bf-2870dd88845e.jpg\" data-orig-size=\"720,1179\" data-comments-opened=\"0\" data-image-meta=\"{&quot;aperture&quot;:&quot;0&quot;,&quot;credit&quot;:&quot;&quot;,&quot;camera&quot;:&quot;&quot;,&quot;caption&quot;:&quot;&quot;,&quot;created_timestamp&quot;:&quot;0&quot;,&quot;copyright&quot;:&quot;&quot;,&quot;focal_length&quot;:&quot;0&quot;,&quot;iso&quot;:&quot;0&quot;,&quot;shutter_speed&quot;:&quot;0&quot;,&quot;title&quot;:&quot;&quot;,&quot;orientation&quot;:&quot;0&quot;}\" data-image-title=\"391eb80c-4096-450c-a2bf-2870dd88845e\" data-image-description=\"&lt;p&gt;Edna Froede&lt;\/p&gt;\n\" data-image-caption=\"&lt;p&gt;Edna Froede&lt;\/p&gt;\n\" data-large-file=\"http:\/\/jornalrol.com.br\/wp-content\/uploads\/2022\/11\/391eb80c-4096-450c-a2bf-2870dd88845e.jpg\" src=\"http:\/\/jornalrol.com.br\/wp-content\/uploads\/2022\/11\/391eb80c-4096-450c-a2bf-2870dd88845e.jpg\" alt=\"Edna Froede\" class=\"wp-image-52771\" style=\"width:114px;height:auto\"\/><figcaption class=\"wp-element-caption\">Edna Froede<\/figcaption><\/figure>\n<\/div>\n\n\n<p class=\"has-text-align-center\">Meu pa\u00eds, t\u00e3o lindo, dourado pelo Sol,<br>banhado pelos mares, rios, cachoeiras a rolar,<br>povo hospitaleiro, alegre, diversas ra\u00e7as ao redor,<br>de Norte a Sul, uma gigante na\u00e7\u00e3o a brilhar.<\/p>\n\n\n\n<p class=\"has-text-align-center\">Mas h\u00e1 sombras em meio \u00e0 luz deste lugar,<br>algo que eu n\u00e3o conhecia, que veio a me chocar.<br>Preconceito, discrimina\u00e7\u00e3o, dor a nos cercar.<br>Sou branca, meu marido preto, destino a nos testar.<\/p>\n\n\n\n<p class=\"has-text-align-center\">Em passeios ou a trabalho, pelas estradas a rodar,<br>onde estados se separam, precisamos viajar,<br>muitas e muitas vezes, pela pol\u00edcia a nos parar\u2026<br>Coincid\u00eancia?<br>N\u00e3o sei, mas d\u00f3i, dif\u00edcil de aceitar.<\/p>\n\n\n\n<p class=\"has-text-align-center\">Nas batidas feitas por policiais, a rotina a se formar,<br>somos sempre parados, o cora\u00e7\u00e3o a apertar.<br>Coincid\u00eancia?<br>N\u00e3o creio, a dor a nos devastar,<br>o preconceito a nos seguir, a nos maltratar.<\/p>\n\n\n\n<p class=\"has-text-align-center\">Mas o pior, a\u00ed a tristeza chorou:<br>Viajamos por v\u00e1rios pa\u00edses, e a aleat\u00f3ria dos aeroportos,<br>o que seria normal, nunca nos alcan\u00e7ou,<br>mas no meu pa\u00eds, minha m\u00e3e gentil, mais de cinco vezes nos machucou.<\/p>\n\n\n\n<p class=\"has-text-align-center\">Coincid\u00eancia?<br>Tristeza a nos corroer,<br>a injusti\u00e7a a nos atingir, dif\u00edcil de esquecer,<br>meu pa\u00eds, t\u00e3o lindo, dourado pelo Sol!<br>Mas h\u00e1 sombras que precisam dissipar, para o amor prevalecer.<\/p>\n\n\n\n<p class=\"has-text-align-center\"><br><strong>Edna Froede<\/strong><br>(04\/06\/2024-ter\u00e7a-feira-17h46)<\/p>\n\n\n\n<h3 class=\"wp-block-heading has-text-align-center\"><br>Contatos com a autora<\/h3>\n\n\n\n<div class=\"wp-block-columns is-layout-flex wp-container-core-columns-is-layout-9d6595d7 wp-block-columns-is-layout-flex\">\n<div class=\"wp-block-column is-layout-flow wp-block-column-is-layout-flow\">\n<h4 class=\"wp-block-heading has-text-align-center has-blush-light-purple-gradient-background has-background\"><a href=\"https:\/\/www.facebook.com\/ande.airam.9?locale=pt_BR\" target=\"_blank\" rel=\"noopener\" title=\"Facebook\">Facebook<\/a><\/h4>\n<\/div>\n\n\n\n<div class=\"wp-block-column is-layout-flow wp-block-column-is-layout-flow\">\n<h4 class=\"wp-block-heading has-text-align-center has-blush-light-purple-gradient-background has-background\"><a href=\"https:\/\/www.instagram.com\/@duquesaednafroede\" title=\"Instagram\">Instagram<\/a><\/h4>\n<\/div>\n<\/div>\n\n\n\n<p><a href=\"https:\/\/jornalrol.com.br\/\" title=\"Voltar\">Voltar<\/a><\/p>\n\n\n\n<p><a href=\"https:\/\/www.facebook.com\/JCulturalRol\/\" title=\"Facebook\">Facebook<\/a><\/p>\n","protected":false},"excerpt":{"rendered":"<p>Meu pa\u00eds, t\u00e3o lindo, dourado pelo Sol, banhado pelos mares, rios, cachoeiras a rolar, povo hospitaleiro, alegre, diversas ra\u00e7as ao redor, de Norte a Sul<\/p>\n","protected":false},"author":60,"featured_media":55474,"comment_status":"open","ping_status":"closed","sticky":false,"template":"","format":"standard","meta":{"_jetpack_newsletter_access":"","_jetpack_dont_email_post_to_subs":false,"_jetpack_newsletter_tier_id":0,"_jetpack_memberships_contains_paywalled_content":false,"_jetpack_memberships_contains_paid_content":false,"footnotes":""},"categories":[9285,58],"tags":[12167,12166,10394,12168,7557,8056,10257],"class_list":["post-67191","post","type-post","status-publish","format-standard","has-post-thumbnail","hentry","category-literatura","category-poesias","tag-cachoeiras","tag-mares","tag-nacao","tag-racas","tag-rios","tag-sol","tag-sombras"],"aioseo_notices":[],"views":646,"jetpack_featured_media_url":"http:\/\/jornalrol.com.br\/wp-content\/uploads\/2023\/05\/Edna-Froede.jpg","jetpack_sharing_enabled":true,"jetpack_likes_enabled":true,"jetpack-related-posts":[{"id":50149,"url":"http:\/\/jornalrol.com.br\/?p=50149","url_meta":{"origin":67191,"position":0},"title":"Edna Froede \u00e9 a mais nova colunista do Jornal Cultural ROL!","author":"Sergio Diniz da Costa","date":"12 de maio de 2022","format":false,"excerpt":"Professora e psicopedagoga, Edna Froede \u00e9 tamb\u00e9m uma navegante das letras! Edna Froede,\u00a0natural de Vit\u00f3ria (ES), \u00e9 professora, psicopedagoga e poetisa. \u00c9 acad\u00eamica da FEBACLA - Federa\u00e7\u00e3o Brasileira dos Acad\u00eamicos das Ci\u00eancias, Letras e Hist\u00f3ria e da AIAP - Academia Intercontinental de Artistas e Poetas. Foi agraciada pela FEBACLA com\u2026","rel":"","context":"Em &quot;Comunica\u00e7\u00e3o&quot;","block_context":{"text":"Comunica\u00e7\u00e3o","link":"http:\/\/jornalrol.com.br\/?cat=7"},"img":{"alt_text":"","src":"https:\/\/i0.wp.com\/jornalrol.com.br\/wp-content\/uploads\/2022\/05\/d272f128-6d88-46c3-a46a-c7b360bb1775.jpg?resize=350%2C200","width":350,"height":200,"srcset":"https:\/\/i0.wp.com\/jornalrol.com.br\/wp-content\/uploads\/2022\/05\/d272f128-6d88-46c3-a46a-c7b360bb1775.jpg?resize=350%2C200 1x, https:\/\/i0.wp.com\/jornalrol.com.br\/wp-content\/uploads\/2022\/05\/d272f128-6d88-46c3-a46a-c7b360bb1775.jpg?resize=525%2C300 1.5x"},"classes":[]},{"id":66319,"url":"http:\/\/jornalrol.com.br\/?p=66319","url_meta":{"origin":67191,"position":1},"title":"Vi e senti amor em meio \u00e0 dor","author":"Edna Froede","date":"7 de maio de 2024","format":false,"excerpt":"Testemunhei a f\u00faria da natureza em um \u00fanico Estado, onde chuvas torrenciais, enchentes, rios transbordando e ventos violentos isolavam pessoas, derrubavam casas","rel":"","context":"Em &quot;Cr\u00f4nicas&quot;","block_context":{"text":"Cr\u00f4nicas","link":"http:\/\/jornalrol.com.br\/?cat=9392"},"img":{"alt_text":"Edna Froede","src":"https:\/\/i0.wp.com\/jornalrol.com.br\/wp-content\/uploads\/2023\/05\/Edna-Froede.jpg?resize=350%2C200","width":350,"height":200},"classes":[]},{"id":50235,"url":"http:\/\/jornalrol.com.br\/?p=50235","url_meta":{"origin":67191,"position":2},"title":"Edna Froede: &#039;Somos amor&#039;","author":"Edna Froede","date":"18 de maio de 2022","format":false,"excerpt":"Somos amor Cientificamente, viemos de um mesmo tronco, embora haja um \"elo perdido\". Esse tronco de vida, simbolizando nossos primeiros pais, ancestrais, ou seja l\u00e1 o nome dos tais que se d\u00ea, ou que se cr\u00ea. Somos iguais na esp\u00e9cime: homo sapiens erectus, ou reto - digo eu - fazendo\u2026","rel":"","context":"Em &quot;Comunica\u00e7\u00e3o&quot;","block_context":{"text":"Comunica\u00e7\u00e3o","link":"http:\/\/jornalrol.com.br\/?cat=7"},"img":{"alt_text":"","src":"https:\/\/i0.wp.com\/jornalrol.com.br\/wp-content\/uploads\/2022\/05\/d272f128-6d88-46c3-a46a-c7b360bb1775-186x300.jpg?resize=350%2C200","width":350,"height":200},"classes":[]},{"id":53148,"url":"http:\/\/jornalrol.com.br\/?p=53148","url_meta":{"origin":67191,"position":3},"title":"Edna Froede: &#039;Lucimar&#039;","author":"Edna Froede","date":"28 de dezembro de 2022","format":false,"excerpt":"Lucimar (in memoriam) L ugar antes, t\u00e3o alegre; agora, t\u00e3o cheio do vazio\u2026 U m gemido preso, um chorar dolorido e tardio. C instilava h\u00e1 pouco aqui na terra, minha doce amiga e irm\u00e3! I 'nda em alguns dias, visitar voc\u00ea, eu iria com muito af\u00e3\u2026 M as o tempo\u2026","rel":"","context":"Em &quot;Comunica\u00e7\u00e3o&quot;","block_context":{"text":"Comunica\u00e7\u00e3o","link":"http:\/\/jornalrol.com.br\/?cat=7"},"img":{"alt_text":"","src":"https:\/\/i0.wp.com\/jornalrol.com.br\/wp-content\/uploads\/2022\/11\/391eb80c-4096-450c-a2bf-2870dd88845e-183x300.jpg?resize=350%2C200","width":350,"height":200},"classes":[]},{"id":51029,"url":"http:\/\/jornalrol.com.br\/?p=51029","url_meta":{"origin":67191,"position":4},"title":"Edna Froede: &#039;Grande Firmina!&#039;","author":"Edna Froede","date":"9 de julho de 2022","format":false,"excerpt":"Grande Firmina! Nascida em 11 de mar\u00e7o de 1822, em S\u00e3o Luiz do Maranh\u00e3o, ano em que o nosso Brasil conseguiu sua independ\u00eancia de Portugal, nascia nossa grande Maria Firmina dos Reis, precursora, plantando sementinhas, atrav\u00e9s dos seus muitos escritos e romances, sendo o principal, \u00darsula, para a liberta\u00e7\u00e3o dos\u2026","rel":"","context":"Em &quot;Comunica\u00e7\u00e3o&quot;","block_context":{"text":"Comunica\u00e7\u00e3o","link":"http:\/\/jornalrol.com.br\/?cat=7"},"img":{"alt_text":"","src":"https:\/\/i0.wp.com\/jornalrol.com.br\/wp-content\/uploads\/2022\/05\/d272f128-6d88-46c3-a46a-c7b360bb1775-186x300.jpg?resize=350%2C200","width":350,"height":200},"classes":[]},{"id":66427,"url":"http:\/\/jornalrol.com.br\/?p=66427","url_meta":{"origin":67191,"position":5},"title":"Eva, m\u00e3e","author":"Edna Froede","date":"12 de maio de 2024","format":false,"excerpt":"Nas asas do tempo ela surge, escolhida, ungida: Eva, aquela que leva a vida. Privil\u00e9gio divino em sua sina, trilhar caminhos onde a luz se avista e ensina.","rel":"","context":"Em &quot;Literatura&quot;","block_context":{"text":"Literatura","link":"http:\/\/jornalrol.com.br\/?cat=9285"},"img":{"alt_text":"Edna Froede","src":"https:\/\/i0.wp.com\/jornalrol.com.br\/wp-content\/uploads\/2022\/11\/391eb80c-4096-450c-a2bf-2870dd88845e.jpg?resize=350%2C200","width":350,"height":200,"srcset":"https:\/\/i0.wp.com\/jornalrol.com.br\/wp-content\/uploads\/2022\/11\/391eb80c-4096-450c-a2bf-2870dd88845e.jpg?resize=350%2C200 1x, https:\/\/i0.wp.com\/jornalrol.com.br\/wp-content\/uploads\/2022\/11\/391eb80c-4096-450c-a2bf-2870dd88845e.jpg?resize=525%2C300 1.5x, https:\/\/i0.wp.com\/jornalrol.com.br\/wp-content\/uploads\/2022\/11\/391eb80c-4096-450c-a2bf-2870dd88845e.jpg?resize=700%2C400 2x"},"classes":[]}],"_links":{"self":[{"href":"http:\/\/jornalrol.com.br\/index.php?rest_route=\/wp\/v2\/posts\/67191","targetHints":{"allow":["GET"]}}],"collection":[{"href":"http:\/\/jornalrol.com.br\/index.php?rest_route=\/wp\/v2\/posts"}],"about":[{"href":"http:\/\/jornalrol.com.br\/index.php?rest_route=\/wp\/v2\/types\/post"}],"author":[{"embeddable":true,"href":"http:\/\/jornalrol.com.br\/index.php?rest_route=\/wp\/v2\/users\/60"}],"replies":[{"embeddable":true,"href":"http:\/\/jornalrol.com.br\/index.php?rest_route=%2Fwp%2Fv2%2Fcomments&post=67191"}],"version-history":[{"count":2,"href":"http:\/\/jornalrol.com.br\/index.php?rest_route=\/wp\/v2\/posts\/67191\/revisions"}],"predecessor-version":[{"id":67193,"href":"http:\/\/jornalrol.com.br\/index.php?rest_route=\/wp\/v2\/posts\/67191\/revisions\/67193"}],"wp:featuredmedia":[{"embeddable":true,"href":"http:\/\/jornalrol.com.br\/index.php?rest_route=\/wp\/v2\/media\/55474"}],"wp:attachment":[{"href":"http:\/\/jornalrol.com.br\/index.php?rest_route=%2Fwp%2Fv2%2Fmedia&parent=67191"}],"wp:term":[{"taxonomy":"category","embeddable":true,"href":"http:\/\/jornalrol.com.br\/index.php?rest_route=%2Fwp%2Fv2%2Fcategories&post=67191"},{"taxonomy":"post_tag","embeddable":true,"href":"http:\/\/jornalrol.com.br\/index.php?rest_route=%2Fwp%2Fv2%2Ftags&post=67191"}],"curies":[{"name":"wp","href":"https:\/\/api.w.org\/{rel}","templated":true}]}}