{"id":67519,"date":"2024-06-21T07:30:00","date_gmt":"2024-06-21T10:30:00","guid":{"rendered":"https:\/\/jornalrol.com.br\/?p=67519"},"modified":"2024-06-27T08:34:50","modified_gmt":"2024-06-27T11:34:50","slug":"brincar-e-mais-que-brincadeira","status":"publish","type":"post","link":"http:\/\/jornalrol.com.br\/?p=67519","title":{"rendered":"Brincar \u00e9 mais que brincadeira"},"content":{"rendered":"<div class=\"pdfprnt-buttons pdfprnt-buttons-post pdfprnt-top-right\"><a href=\"http:\/\/jornalrol.com.br\/index.php?rest_route=%2Fwp%2Fv2%2Fposts%2F67519&print=pdf\" class=\"pdfprnt-button pdfprnt-button-pdf\" target=\"_blank\" ><\/a><a href=\"http:\/\/jornalrol.com.br\/index.php?rest_route=%2Fwp%2Fv2%2Fposts%2F67519&print=print\" class=\"pdfprnt-button pdfprnt-button-print\" target=\"_blank\" ><img decoding=\"async\" src=\"https:\/\/jornalrol.com.br\/wp-content\/plugins\/pdf-print\/images\/print.png\" alt=\"image_print\" title=\"Conte\u00fado de impress\u00e3o\" \/><\/a><\/div>\n<h2 class=\"wp-block-heading has-text-align-center\">Valdina Augusto de Souza: <\/h2>\n\n\n\n<h2 class=\"wp-block-heading has-text-align-center\">&#8216;Brincar \u00e9 mais que brincadeira. A import\u00e2ncia do brincar no equil\u00edbrio emocional das crian\u00e7as&#8217;<br><br><\/h2>\n\n\n<div class=\"wp-block-image is-style-rounded\">\n<figure class=\"aligncenter size-full is-resized\"><img loading=\"lazy\" decoding=\"async\" width=\"120\" height=\"120\" data-attachment-id=\"56586\" data-permalink=\"http:\/\/jornalrol.com.br\/?attachment_id=56586\" data-orig-file=\"http:\/\/jornalrol.com.br\/wp-content\/uploads\/2023\/05\/Valdina-Augusto-de-Souza-1.jpg\" data-orig-size=\"120,120\" data-comments-opened=\"1\" data-image-meta=\"{&quot;aperture&quot;:&quot;0&quot;,&quot;credit&quot;:&quot;&quot;,&quot;camera&quot;:&quot;&quot;,&quot;caption&quot;:&quot;&quot;,&quot;created_timestamp&quot;:&quot;0&quot;,&quot;copyright&quot;:&quot;&quot;,&quot;focal_length&quot;:&quot;0&quot;,&quot;iso&quot;:&quot;0&quot;,&quot;shutter_speed&quot;:&quot;0&quot;,&quot;title&quot;:&quot;&quot;,&quot;orientation&quot;:&quot;0&quot;}\" data-image-title=\"Valdina-Augusto-de-Souza-1\" data-image-description=\"&lt;p&gt;Valdina Augusto de Souza&lt;\/p&gt;\n\" data-image-caption=\"&lt;p&gt;Valdina Augusto de Souza&lt;\/p&gt;\n\" data-large-file=\"http:\/\/jornalrol.com.br\/wp-content\/uploads\/2023\/05\/Valdina-Augusto-de-Souza-1.jpg\" src=\"http:\/\/jornalrol.com.br\/wp-content\/uploads\/2023\/05\/Valdina-Augusto-de-Souza-1.jpg\" alt=\"Valdina Augusto de Souza\" class=\"wp-image-56586\" style=\"width:138px;height:auto\"\/><figcaption class=\"wp-element-caption\">Valdina Augusto de Souza<\/figcaption><\/figure>\n<\/div>\n\n<div class=\"wp-block-image\">\n<figure class=\"aligncenter size-full is-resized\"><img loading=\"lazy\" decoding=\"async\" width=\"615\" height=\"615\" data-attachment-id=\"67520\" data-permalink=\"http:\/\/jornalrol.com.br\/?attachment_id=67520\" data-orig-file=\"http:\/\/jornalrol.com.br\/wp-content\/uploads\/2024\/06\/OIG4-2-1.jpg\" data-orig-size=\"615,615\" data-comments-opened=\"1\" data-image-meta=\"{&quot;aperture&quot;:&quot;0&quot;,&quot;credit&quot;:&quot;&quot;,&quot;camera&quot;:&quot;&quot;,&quot;caption&quot;:&quot;&quot;,&quot;created_timestamp&quot;:&quot;0&quot;,&quot;copyright&quot;:&quot;&quot;,&quot;focal_length&quot;:&quot;0&quot;,&quot;iso&quot;:&quot;0&quot;,&quot;shutter_speed&quot;:&quot;0&quot;,&quot;title&quot;:&quot;&quot;,&quot;orientation&quot;:&quot;1&quot;}\" data-image-title=\"OIG4-2-1\" data-image-description=\"\" data-image-caption=\"\" data-large-file=\"http:\/\/jornalrol.com.br\/wp-content\/uploads\/2024\/06\/OIG4-2-1.jpg\" src=\"https:\/\/jornalrol.com.br\/wp-content\/uploads\/2024\/06\/OIG4-2-1.jpg\" alt=\"A import\u00e2ncia do brincar no equil\u00edbrio emocional das crian\u00e7as\" class=\"wp-image-67520\" style=\"width:399px;height:auto\" srcset=\"http:\/\/jornalrol.com.br\/wp-content\/uploads\/2024\/06\/OIG4-2-1.jpg 615w, http:\/\/jornalrol.com.br\/wp-content\/uploads\/2024\/06\/OIG4-2-1-600x600.jpg 600w\" sizes=\"auto, (max-width: 615px) 100vw, 615px\" \/><figcaption class=\"wp-element-caption\">A import\u00e2ncia do brincar no equil\u00edbrio emocional das crian\u00e7as<br><em>Microsoft Bing. Imagem criada pelo Designer<\/em><\/figcaption><\/figure>\n<\/div>\n\n\n<p class=\"has-drop-cap\">A inf\u00e2ncia em nossa sociedade \u00e9 considerada o per\u00edodo do desenvolvimento do ser humano que vai do nascimento at\u00e9 aproximadamente o d\u00e9cimo segundo ano de vida de uma pessoa. Esse per\u00edodo \u00e9 caracterizado por uma linguagem pr\u00f3pria, que tem um significado extremamente importante no desenvolvimento infantil, que \u00e9 o brincar. Atrav\u00e9s dele a crian\u00e7a constr\u00f3i a base principal e o suporte para toda a sua vida.<br><br>O brincar \u00e9 uma a\u00e7\u00e3o que vai al\u00e9m da busca de prazer, \u00e9 uma forma de lidar com os desejos, irrita\u00e7\u00f5es e frustra\u00e7\u00f5es entre outros sentimentos que possam inconscientemente existir dentro da crian\u00e7a, possibilitando conhecer um pouco de si mesma e do outro, quando busca parcerias e explora os objetos.<br><br>O ato de brincar conduz a crian\u00e7a a experimentar, descobrir, inventar, aprender e conferir habilidades al\u00e9m de estimular a curiosidade, a autoconfian\u00e7a, a autonomia e ainda proporciona o desenvolvimento da linguagem, do pensamento e da coordena\u00e7\u00e3o motora.<br><br>A crian\u00e7a quando brinca tem uma intera\u00e7\u00e3o constante, tornando-se cada vez mais criativa ao comunicar-se com seus pares, expressar-se atrav\u00e9s de m\u00faltiplas linguagens, podendo descobrir regras e tomar decis\u00f5es.<br><br>A ludicidade nessa concep\u00e7\u00e3o se torna necess\u00e1ria e indispens\u00e1vel \u00e0 sa\u00fade f\u00edsica, emocional e intelectual da crian\u00e7a conduzindo-a para um desenvolvimento progressivo de uma personalidade sadia.<br><br>Brincando, a crian\u00e7a cria, recria e representa os acontecimentos que lhe deram origem. Toda brincadeira \u00e9 uma imita\u00e7\u00e3o transformada no plano das emo\u00e7\u00f5es e das ideias de uma realidade anterior. Quando brinca a crian\u00e7a se transporta para um mundo de fantasia, de encantamento, de alegria, de sonho onde a realidade e faz de conta se confundem.<br><br>O brincar n\u00e3o \u00e9 um simples passatempo e nem uma a\u00e7\u00e3o sem fun\u00e7\u00e3o importante sendo apenas para o entretenimento da crian\u00e7a, ele tem um significado muito maior relacionado \u00e0 constru\u00e7\u00e3o da identidade da crian\u00e7a.<br><br>A a\u00e7\u00e3o l\u00fadica na inf\u00e2ncia \u00e9 compreendida como um processo que auxilia a crian\u00e7a a confiar em si mesma e em suas capacidades, fazendo com que ela desenvolva uma personalidade adulta capaz de saber lidar com as adversidades e manter-se forte ap\u00f3s enfrent\u00e1-las. Nenhuma crian\u00e7a brinca s\u00f3 para passar o tempo, sua escolha \u00e9 motivada por processos \u00edntimos, desejos, problemas e ansiedades.<br><br>O que est\u00e1 acontecendo com a mente da crian\u00e7a determina sua atividade l\u00fadica, brincar \u00e9 sua linguagem secreta e deve ser respeitada mesmo quando for dif\u00edcil de compreender o seu sentido.<br>A priva\u00e7\u00e3o do l\u00fadico, consequentemente da a\u00e7\u00e3o de brincar na inf\u00e2ncia, faz com que a crian\u00e7a, quando adulta, apresente grande dificuldade de trabalhar em equipe e lidar com as adversidades.<br><br>A ludicidade, ou seja, o brincar deve ser motivo de reflex\u00e3o constante na a\u00e7\u00e3o docente, principalmente na Educa\u00e7\u00e3o Infantil, devido a sua import\u00e2ncia para um desenvolvimento infantil equilibrado do ponto de vista f\u00edsico, cognitivo, emocional e social.<\/p>\n\n\n\n<p class=\"has-text-align-center\"><br><strong>Valdina Augusto de Souza<\/strong><\/p>\n\n\n\n<div class=\"wp-block-columns is-layout-flex wp-container-core-columns-is-layout-9d6595d7 wp-block-columns-is-layout-flex\">\n<div class=\"wp-block-column is-layout-flow wp-block-column-is-layout-flow\">\n<h4 class=\"wp-block-heading has-text-align-center has-blush-light-purple-gradient-background has-background\"><a href=\"https:\/\/wa.me\/18988189492\" target=\"_blank\" rel=\"noopener\" title=\"WhatsApp\">WhatsApp<\/a><\/h4>\n<\/div>\n\n\n\n<div class=\"wp-block-column is-layout-flow wp-block-column-is-layout-flow\">\n<h4 class=\"wp-block-heading has-text-align-center has-blush-light-purple-gradient-background has-background\"><a href=\"https:\/\/www.facebook.com\/valdina.souza.3956\" title=\"Facebook\">Facebook<\/a><\/h4>\n<\/div>\n<\/div>\n\n\n\n<p><a href=\"https:\/\/jornalrol.com.br\/\" title=\"Voltar\">Voltar<\/a><\/p>\n\n\n\n<p><a href=\"https:\/\/www.facebook.com\/JCulturalRol\/\" title=\"Facebook\">Facebook<\/a><\/p>\n","protected":false},"excerpt":{"rendered":"<p>A inf\u00e2ncia em nossa sociedade \u00e9 considerada o per\u00edodo do desenvolvimento do ser humano que vai do nascimento at\u00e9 aproximadamente o d\u00e9cimo segundo ano de vida <\/p>\n","protected":false},"author":66,"featured_media":67520,"comment_status":"open","ping_status":"closed","sticky":false,"template":"","format":"standard","meta":{"_jetpack_newsletter_access":"","_jetpack_dont_email_post_to_subs":false,"_jetpack_newsletter_tier_id":0,"_jetpack_memberships_contains_paywalled_content":false,"_jetpack_memberships_contains_paid_content":false,"footnotes":""},"categories":[9398,9285],"tags":[1477,2423,2719,12277,11435],"class_list":["post-67519","post","type-post","status-publish","format-standard","has-post-thumbnail","hentry","category-artigos","category-literatura","tag-brincadeira","tag-criancas","tag-desequilibrio-emocional","tag-ludicidade","tag-prazer"],"aioseo_notices":[],"views":1513,"jetpack_featured_media_url":"http:\/\/jornalrol.com.br\/wp-content\/uploads\/2024\/06\/OIG4-2-1.jpg","jetpack_sharing_enabled":true,"jetpack_likes_enabled":true,"jetpack-related-posts":[{"id":53621,"url":"http:\/\/jornalrol.com.br\/?p=53621","url_meta":{"origin":67519,"position":0},"title":"Valdina Augusto de Souza: &#039;A chegada&#039;","author":"Valdina Augusto de Souza","date":"5 de fevereiro de 2023","format":false,"excerpt":"A chegada A chegada N\u00e3o determina o sucesso Sucesso? Est\u00e1 no caminho No caminhar Na persist\u00eancia Na resili\u00eancia No achar E perder E procurar No olhar Atento Abrindo portas Seguindo... Tra\u00e7ando o caminho Preparando a chegada Escrevendo hist\u00f3rias Em caminhos E nos caminhos Seguindo... \u00c0s vezes Nas sombras Outras vezes\u2026","rel":"","context":"Em &quot;Comunica\u00e7\u00e3o&quot;","block_context":{"text":"Comunica\u00e7\u00e3o","link":"http:\/\/jornalrol.com.br\/?cat=7"},"img":{"alt_text":"Valdina Augusto de Souza","src":"https:\/\/i0.wp.com\/jornalrol.com.br\/wp-content\/uploads\/2022\/11\/286e9e1a-8c04-44bd-93d1-4a9b98596573.jpg?resize=350%2C200","width":350,"height":200,"srcset":"https:\/\/i0.wp.com\/jornalrol.com.br\/wp-content\/uploads\/2022\/11\/286e9e1a-8c04-44bd-93d1-4a9b98596573.jpg?resize=350%2C200 1x, https:\/\/i0.wp.com\/jornalrol.com.br\/wp-content\/uploads\/2022\/11\/286e9e1a-8c04-44bd-93d1-4a9b98596573.jpg?resize=525%2C300 1.5x"},"classes":[]},{"id":53146,"url":"http:\/\/jornalrol.com.br\/?p=53146","url_meta":{"origin":67519,"position":1},"title":"Valdina Augusto de Souza: &#039;Sonhar&#039;","author":"Valdina Augusto de Souza","date":"28 de dezembro de 2022","format":false,"excerpt":"Sonhar Em campo Aberto Entre Rosas vermelhas E amarelas Andando... Correndo... Rodando Pensando! P\u00e9s descal\u00e7os Bra\u00e7os abertos Em paz Andando... Correndo... Rodando... Sonhando! Por entre Rosas vermelhas E amarelas Sentindo O suave Perfume Pensando Sonhando Voando... Em campo Aberto Por entre Flores E cores Andando Correndo Sonhando... Alma leve P\u00e9s\u2026","rel":"","context":"Em &quot;Comunica\u00e7\u00e3o&quot;","block_context":{"text":"Comunica\u00e7\u00e3o","link":"http:\/\/jornalrol.com.br\/?cat=7"},"img":{"alt_text":"Valdina Augusto de Souza","src":"https:\/\/i0.wp.com\/jornalrol.com.br\/wp-content\/uploads\/2022\/11\/286e9e1a-8c04-44bd-93d1-4a9b98596573.jpg?resize=350%2C200","width":350,"height":200,"srcset":"https:\/\/i0.wp.com\/jornalrol.com.br\/wp-content\/uploads\/2022\/11\/286e9e1a-8c04-44bd-93d1-4a9b98596573.jpg?resize=350%2C200 1x, https:\/\/i0.wp.com\/jornalrol.com.br\/wp-content\/uploads\/2022\/11\/286e9e1a-8c04-44bd-93d1-4a9b98596573.jpg?resize=525%2C300 1.5x"},"classes":[]},{"id":54577,"url":"http:\/\/jornalrol.com.br\/?p=54577","url_meta":{"origin":67519,"position":2},"title":"Valdina Augusto de Souza: &#039;Sonhos e p\u00e1ssaros&#039;","author":"Valdina Augusto de Souza","date":"16 de abril de 2023","format":false,"excerpt":"Sonhos e p\u00e1ssaros Sonhos! Sonhos... Muitos sonhos Azuis Verdes Verdes e azuis Gaiolas abertas Portal Para a liberdade P\u00e1ssaros voam Livres Libertos Sonhos... S\u00f3 Sonhos Voam Livres Como os p\u00e1ssaros Sonhos... Voam Rumo Ao horizonte Infinito Sonhos... Que libertam Que abrem Gaiolas Que fazem Pulsar a vida Sonhos... S\u00f3 Sonhos!\u2026","rel":"","context":"Em &quot;Comunica\u00e7\u00e3o&quot;","block_context":{"text":"Comunica\u00e7\u00e3o","link":"http:\/\/jornalrol.com.br\/?cat=7"},"img":{"alt_text":"","src":"https:\/\/i0.wp.com\/www.jornalrol.com.br\/wp-content\/uploads\/2022\/11\/286e9e1a-8c04-44bd-93d1-4a9b98596573-214x300.jpg?resize=350%2C200","width":350,"height":200},"classes":[]},{"id":59017,"url":"http:\/\/jornalrol.com.br\/?p=59017","url_meta":{"origin":67519,"position":3},"title":"Passos lentos","author":"Valdina Augusto de Souza","date":"18 de julho de 2023","format":false,"excerpt":"Caminhando vou\u2026 Pensando, recordando, revivendo momentos e lugares que s\u00f3 est\u00e3o vivos na mem\u00f3ria. Caminhando vou\u2026 Sem pressa, passos lentos. Caminhando vou\u2026","rel":"","context":"Em &quot;Literatura&quot;","block_context":{"text":"Literatura","link":"http:\/\/jornalrol.com.br\/?cat=9285"},"img":{"alt_text":"Valdina Augusto de Souza","src":"https:\/\/i0.wp.com\/jornalrol.com.br\/wp-content\/uploads\/2022\/11\/286e9e1a-8c04-44bd-93d1-4a9b98596573.jpg?resize=350%2C200","width":350,"height":200,"srcset":"https:\/\/i0.wp.com\/jornalrol.com.br\/wp-content\/uploads\/2022\/11\/286e9e1a-8c04-44bd-93d1-4a9b98596573.jpg?resize=350%2C200 1x, https:\/\/i0.wp.com\/jornalrol.com.br\/wp-content\/uploads\/2022\/11\/286e9e1a-8c04-44bd-93d1-4a9b98596573.jpg?resize=525%2C300 1.5x"},"classes":[]},{"id":52695,"url":"http:\/\/jornalrol.com.br\/?p=52695","url_meta":{"origin":67519,"position":4},"title":"Valdina Augusto de Souza: &#039;Poesia&#039;","author":"Valdina Augusto de Souza","date":"20 de novembro de 2022","format":false,"excerpt":"Poesia Poesia... Magia Em forma De pensamento Transformada Em palavras Poesia... Palavras Que desnudam A alma Fazem rir Ou chorar Poesia... Magia Das palavras Que trazem Sonhos Afloram Reflex\u00f5es Poesia... Muitas vezes Acalento da alma Magia Em palavras Que encantam Que transformam Que alimentam O ser Aquecendo A alma E\u2026","rel":"","context":"Em &quot;Comunica\u00e7\u00e3o&quot;","block_context":{"text":"Comunica\u00e7\u00e3o","link":"http:\/\/jornalrol.com.br\/?cat=7"},"img":{"alt_text":"","src":"https:\/\/i0.wp.com\/jornalrol.com.br\/wp-content\/uploads\/2022\/11\/286e9e1a-8c04-44bd-93d1-4a9b98596573-214x300.jpg?resize=350%2C200","width":350,"height":200},"classes":[]},{"id":63081,"url":"http:\/\/jornalrol.com.br\/?p=63081","url_meta":{"origin":67519,"position":5},"title":"Vento","author":"Valdina Augusto de Souza","date":"16 de novembro de 2023","format":false,"excerpt":"Vento\u2026 Vento forte assopra, leva as folhas secas das \u00e1rvores. Folhas Voam\u2026 Assim como pensamento rumo ao infinito. Folhas secas parecem ter asas...","rel":"","context":"Em &quot;Literatura&quot;","block_context":{"text":"Literatura","link":"http:\/\/jornalrol.com.br\/?cat=9285"},"img":{"alt_text":"","src":"https:\/\/i0.wp.com\/jornalrol.com.br\/wp-content\/uploads\/2023\/11\/OIG-12.jpg?resize=350%2C200","width":350,"height":200,"srcset":"https:\/\/i0.wp.com\/jornalrol.com.br\/wp-content\/uploads\/2023\/11\/OIG-12.jpg?resize=350%2C200 1x, https:\/\/i0.wp.com\/jornalrol.com.br\/wp-content\/uploads\/2023\/11\/OIG-12.jpg?resize=525%2C300 1.5x, https:\/\/i0.wp.com\/jornalrol.com.br\/wp-content\/uploads\/2023\/11\/OIG-12.jpg?resize=700%2C400 2x"},"classes":[]}],"_links":{"self":[{"href":"http:\/\/jornalrol.com.br\/index.php?rest_route=\/wp\/v2\/posts\/67519","targetHints":{"allow":["GET"]}}],"collection":[{"href":"http:\/\/jornalrol.com.br\/index.php?rest_route=\/wp\/v2\/posts"}],"about":[{"href":"http:\/\/jornalrol.com.br\/index.php?rest_route=\/wp\/v2\/types\/post"}],"author":[{"embeddable":true,"href":"http:\/\/jornalrol.com.br\/index.php?rest_route=\/wp\/v2\/users\/66"}],"replies":[{"embeddable":true,"href":"http:\/\/jornalrol.com.br\/index.php?rest_route=%2Fwp%2Fv2%2Fcomments&post=67519"}],"version-history":[{"count":2,"href":"http:\/\/jornalrol.com.br\/index.php?rest_route=\/wp\/v2\/posts\/67519\/revisions"}],"predecessor-version":[{"id":67522,"href":"http:\/\/jornalrol.com.br\/index.php?rest_route=\/wp\/v2\/posts\/67519\/revisions\/67522"}],"wp:featuredmedia":[{"embeddable":true,"href":"http:\/\/jornalrol.com.br\/index.php?rest_route=\/wp\/v2\/media\/67520"}],"wp:attachment":[{"href":"http:\/\/jornalrol.com.br\/index.php?rest_route=%2Fwp%2Fv2%2Fmedia&parent=67519"}],"wp:term":[{"taxonomy":"category","embeddable":true,"href":"http:\/\/jornalrol.com.br\/index.php?rest_route=%2Fwp%2Fv2%2Fcategories&post=67519"},{"taxonomy":"post_tag","embeddable":true,"href":"http:\/\/jornalrol.com.br\/index.php?rest_route=%2Fwp%2Fv2%2Ftags&post=67519"}],"curies":[{"name":"wp","href":"https:\/\/api.w.org\/{rel}","templated":true}]}}