{"id":67841,"date":"2024-06-30T07:45:00","date_gmt":"2024-06-30T10:45:00","guid":{"rendered":"https:\/\/jornalrol.com.br\/?p=67841"},"modified":"2024-06-29T23:44:36","modified_gmt":"2024-06-30T02:44:36","slug":"esperancar-e-um-grito-nosso","status":"publish","type":"post","link":"http:\/\/jornalrol.com.br\/?p=67841","title":{"rendered":"Esperan\u00e7ar \u00e9 um Grito Nosso"},"content":{"rendered":"<div class=\"pdfprnt-buttons pdfprnt-buttons-post pdfprnt-top-right\"><a href=\"http:\/\/jornalrol.com.br\/index.php?rest_route=%2Fwp%2Fv2%2Fposts%2F67841&print=pdf\" class=\"pdfprnt-button pdfprnt-button-pdf\" target=\"_blank\" ><\/a><a href=\"http:\/\/jornalrol.com.br\/index.php?rest_route=%2Fwp%2Fv2%2Fposts%2F67841&print=print\" class=\"pdfprnt-button pdfprnt-button-print\" target=\"_blank\" ><img decoding=\"async\" src=\"https:\/\/jornalrol.com.br\/wp-content\/plugins\/pdf-print\/images\/print.png\" alt=\"image_print\" title=\"Conte\u00fado de impress\u00e3o\" \/><\/a><\/div>\n<h2 class=\"wp-block-heading has-text-align-center\">Gabriela Lopes: <\/h2>\n\n\n\n<h2 class=\"wp-block-heading has-text-align-center\">&#8220;Por que foi criado o poema &#8216;Esperan\u00e7ar \u00e9 um Grito Nosso?'&#8221;<br><\/h2>\n\n\n<div class=\"wp-block-image is-style-rounded\">\n<figure class=\"aligncenter size-full is-resized\"><img loading=\"lazy\" decoding=\"async\" width=\"900\" height=\"1600\" data-attachment-id=\"67842\" data-permalink=\"http:\/\/jornalrol.com.br\/?attachment_id=67842\" data-orig-file=\"http:\/\/jornalrol.com.br\/wp-content\/uploads\/2024\/06\/465d7c1e-7bcc-404d-9ba0-e6de10cec0d6.jpeg\" data-orig-size=\"900,1600\" data-comments-opened=\"1\" data-image-meta=\"{&quot;aperture&quot;:&quot;0&quot;,&quot;credit&quot;:&quot;&quot;,&quot;camera&quot;:&quot;&quot;,&quot;caption&quot;:&quot;&quot;,&quot;created_timestamp&quot;:&quot;0&quot;,&quot;copyright&quot;:&quot;&quot;,&quot;focal_length&quot;:&quot;0&quot;,&quot;iso&quot;:&quot;0&quot;,&quot;shutter_speed&quot;:&quot;0&quot;,&quot;title&quot;:&quot;&quot;,&quot;orientation&quot;:&quot;0&quot;}\" data-image-title=\"465d7c1e-7bcc-404d-9ba0-e6de10cec0d6\" data-image-description=\"\" data-image-caption=\"\" data-large-file=\"http:\/\/jornalrol.com.br\/wp-content\/uploads\/2024\/06\/465d7c1e-7bcc-404d-9ba0-e6de10cec0d6.jpeg\" src=\"https:\/\/jornalrol.com.br\/wp-content\/uploads\/2024\/06\/465d7c1e-7bcc-404d-9ba0-e6de10cec0d6.jpeg\" alt=\"Gabriela Lopes\" class=\"wp-image-67842\" style=\"width:106px;height:auto\" srcset=\"http:\/\/jornalrol.com.br\/wp-content\/uploads\/2024\/06\/465d7c1e-7bcc-404d-9ba0-e6de10cec0d6.jpeg 900w, http:\/\/jornalrol.com.br\/wp-content\/uploads\/2024\/06\/465d7c1e-7bcc-404d-9ba0-e6de10cec0d6-675x1200.jpeg 675w, http:\/\/jornalrol.com.br\/wp-content\/uploads\/2024\/06\/465d7c1e-7bcc-404d-9ba0-e6de10cec0d6-768x1365.jpeg 768w, http:\/\/jornalrol.com.br\/wp-content\/uploads\/2024\/06\/465d7c1e-7bcc-404d-9ba0-e6de10cec0d6-864x1536.jpeg 864w\" sizes=\"auto, (max-width: 900px) 100vw, 900px\" \/><figcaption class=\"wp-element-caption\"><em>Gabriela Lopes<\/em><\/figcaption><\/figure>\n<\/div>\n\n<div class=\"wp-block-image\">\n<figure class=\"aligncenter size-full is-resized\"><img loading=\"lazy\" decoding=\"async\" width=\"1024\" height=\"1024\" data-attachment-id=\"67844\" data-permalink=\"http:\/\/jornalrol.com.br\/?attachment_id=67844\" data-orig-file=\"http:\/\/jornalrol.com.br\/wp-content\/uploads\/2024\/06\/OIG3.j8N6TKqYQKPi.jpeg\" data-orig-size=\"1024,1024\" data-comments-opened=\"1\" data-image-meta=\"{&quot;aperture&quot;:&quot;0&quot;,&quot;credit&quot;:&quot;&quot;,&quot;camera&quot;:&quot;&quot;,&quot;caption&quot;:&quot;&quot;,&quot;created_timestamp&quot;:&quot;0&quot;,&quot;copyright&quot;:&quot;&quot;,&quot;focal_length&quot;:&quot;0&quot;,&quot;iso&quot;:&quot;0&quot;,&quot;shutter_speed&quot;:&quot;0&quot;,&quot;title&quot;:&quot;&quot;,&quot;orientation&quot;:&quot;0&quot;}\" data-image-title=\"OIG3.j8N6TKqYQKPi\" data-image-description=\"\" data-image-caption=\"\" data-large-file=\"http:\/\/jornalrol.com.br\/wp-content\/uploads\/2024\/06\/OIG3.j8N6TKqYQKPi.jpeg\" src=\"https:\/\/jornalrol.com.br\/wp-content\/uploads\/2024\/06\/OIG3.j8N6TKqYQKPi.jpeg\" alt=\"&quot;E se os orvalhos matinais exalassem o aroma da esperan\u00e7a?\u201d\" class=\"wp-image-67844\" style=\"width:421px;height:auto\" srcset=\"http:\/\/jornalrol.com.br\/wp-content\/uploads\/2024\/06\/OIG3.j8N6TKqYQKPi.jpeg 1024w, http:\/\/jornalrol.com.br\/wp-content\/uploads\/2024\/06\/OIG3.j8N6TKqYQKPi-600x600.jpeg 600w, http:\/\/jornalrol.com.br\/wp-content\/uploads\/2024\/06\/OIG3.j8N6TKqYQKPi-768x768.jpeg 768w\" sizes=\"auto, (max-width: 1024px) 100vw, 1024px\" \/><figcaption class=\"wp-element-caption\">&#8220;<em>E se os orvalhos matinais exalassem o aroma da esperan\u00e7a?\u201d<\/em><br>Imagem criada pela IA do Bing<\/figcaption><\/figure>\n<\/div>\n\n\n<p class=\"has-drop-cap\">\u201cO poema \u2018Esperan\u00e7ar \u00e9 um Grito nosso\u2019 surgiu como uma proposta de campanha em favor da esperan\u00e7a. Nasceu de um momento de inquieta\u00e7\u00e3o e profunda reflex\u00e3o sobre as posturas humanas que destroem uns aos outros: as guerras, os ego\u00edsmos, o individualismo, tudo aquilo que gera exclus\u00e3o e sofrimento, que causam divis\u00e3o em vez de uni\u00e3o e paz. Somos agentes respons\u00e1veis e transformadores do mundo que tocamos e do mundo que queremos. N\u00e3o mudamos o mundo de imediato, mas mudamos microuniversos, e se isso acontecer, ent\u00e3o, valeu a pena toda iniciativa de semear altru\u00edsmo, esperan\u00e7a e humanidade. <br><br>Este poema foi um grito da minha alma que quis compartilhar com o coletivo. E notei que o coletivo desejou gritar junto comigo, pedindo esperan\u00e7a, uni\u00e3o e paz. Este poema me emociona profundamente, pois n\u00e3o \u00e9 apenas mais um texto na minha carreira enquanto escritora; ele possui a vibra\u00e7\u00e3o da Terra e a cor dos povos. Ele trata de unifica\u00e7\u00e3o, busca de justi\u00e7a e dignidade humana.\u201d Palavras de Gabriela Lopes.<\/p>\n\n\n\n<p>Abaixo, apresentamos alguns depoimentos dos participantes, relatando suas experi\u00eancias ao participarem desta recita\u00e7\u00e3o internacional, que contou com 7 pa\u00edses e 20 cidades distintas:<\/p>\n\n\n\n<p><em>&#8216;Esperan\u00e7ar \u00e9 um Grito Nosso&#8221; foi uma experi\u00eancia sensacional. Uma realidade que conectou povos do mundo, num \u00fanico objectivo de impactar outros cora\u00e7\u00f5es com a certeza de que apesar de todo dilema deste mundo agitado, a vida em harmonia e solidariedade pode ser a mola impulsionadora que deve orientar os homens no caminho do bem, conc\u00f3rdia, da paz, da amizade e da perspectiva de que ao realizar o outro \u00e9 realizar a n\u00f3s mesmos e a construir a humanidade.&#8221;<\/em> <em><strong>Mozier Jocand<\/strong> (Mois\u00e9s Candumbo) &#8211; Luanda &#8211; Angola.<\/em><\/p>\n\n\n\n<p><em>&#8220;Foi muito prazeroso participar desse projeto com a Gabriela Lopes, a oportunidade de conhecer e participar daqui do Jap\u00e3o foi incr\u00edvel. Parab\u00e9ns aos jovens pelo seu trabalho maravilhoso!&#8221;<\/em> &#8211; <em><strong>Adriana Sugino<\/strong><\/em> &#8211; <em>Presidente do IIEC<\/em> &#8211; <em>Hamamatsu- Jap\u00e3o<\/em><\/p>\n\n\n\n<p><em>&#8220;\u00c9 sempre gratificante transmitir esperan\u00e7a, o ser humano precisa de motiva\u00e7\u00e3o.&#8221; <strong>Valquiria Imperiano<\/strong><\/em> &#8211; <em>Presidente do ICBS<\/em> &#8211; <em>Genebra\/Su\u00ed\u00e7a<\/em><\/p>\n\n\n\n<p><em>&#8220;Participar do poema &#8216;Esperan\u00e7ar \u00e9 um Grito Nosso&#8217; foi emocionante porque traz de forma m\u00fatua a vontade de termos um mundo melhor. A esperan\u00e7a nos traz a calmaria de que mesmo atrav\u00e9s de muitas batalhas, amor, a paz e a fraternidade um dia v\u00e3o deixar de ser ut\u00f3picas e se tornar verdade.&#8221;<\/em> <strong><em>Beatris Hoffmann<\/em> <\/strong>&#8211; <em>Los Angeles\/EUA<\/em><\/p>\n\n\n\n<p><em>\u201cSenti-me profundamente honrado e agradecido por participar do projeto &#8216;Esperan\u00e7ar \u00e9 um Grito Nosso<\/em>&#8216;. <em>Este projeto \u00e9 uma fonte essencial de esperan\u00e7a e inspira\u00e7\u00e3o, especialmente em tempos dif\u00edceis. \u00c9 vital que essa mensagem alcance o maior n\u00famero de pessoas poss\u00edvel, pois acreditamos que juntos podemos construir um futuro melhor.\u201d<\/em> <em><strong>Talisgean Medeiros<\/strong><\/em> &#8211; <em>Macei\u00f3\/Alagoas<\/em><\/p>\n\n\n\n<p>A campanha &#8216;Esperan\u00e7ar \u00e9 um grito nosso&#8217;, visou unir vozes de diferentes pa\u00edses em uma mensagem de uni\u00e3o e esperan\u00e7a. Gabriela convidou pessoas de diversas partes do mundo para recitar seu poema, escolhendo um africano para a abertura do v\u00eddeo, reconhecendo a import\u00e2ncia da \u00c1frica como ber\u00e7o da humanidade e a relev\u00e2ncia de sua voz no clamor por um mundo mais justo e igualit\u00e1rio.<\/p>\n\n\n\n<p><em>\u201cE se os orvalhos matinais exalassem o aroma da esperan\u00e7a?\u201d<\/em><\/p>\n\n\n\n<p class=\"has-text-align-center\"><strong>Gabriela Lopes<\/strong><br><br><\/p>\n\n\n\n<div class=\"wp-block-columns is-layout-flex wp-container-core-columns-is-layout-9d6595d7 wp-block-columns-is-layout-flex\">\n<div class=\"wp-block-column is-layout-flow wp-block-column-is-layout-flow\">\n<figure class=\"wp-block-embed is-type-video is-provider-youtube wp-block-embed-youtube wp-embed-aspect-16-9 wp-has-aspect-ratio\"><div class=\"wp-block-embed__wrapper\">\n<iframe loading=\"lazy\" title=\"TV CHANNEL NETWORK - Projeto ESPERAN\u00c7AR \u00c9 UM GRITO NOSSO - Autora Gabriela Lopes\" width=\"640\" height=\"360\" src=\"https:\/\/www.youtube.com\/embed\/acI5GA-Tr6Y?feature=oembed\" frameborder=\"0\" allow=\"accelerometer; autoplay; clipboard-write; encrypted-media; gyroscope; picture-in-picture; web-share\" referrerpolicy=\"strict-origin-when-cross-origin\" allowfullscreen><\/iframe>\n<\/div><\/figure>\n<\/div>\n<\/div>\n\n\n\n<h3 class=\"wp-block-heading has-text-align-center\">Contatos com a autora<\/h3>\n\n\n\n<div class=\"wp-block-columns is-layout-flex wp-container-core-columns-is-layout-9d6595d7 wp-block-columns-is-layout-flex\">\n<div class=\"wp-block-column is-layout-flow wp-block-column-is-layout-flow\">\n<h4 class=\"wp-block-heading has-text-align-center has-blush-light-purple-gradient-background has-background\"><a href=\"https:\/\/wa.me\/3388537846\" target=\"_blank\" rel=\"noopener\" title=\"WhatsApp\">WhatsApp<\/a><\/h4>\n<\/div>\n\n\n\n<div class=\"wp-block-column is-layout-flow wp-block-column-is-layout-flow\">\n<h4 class=\"wp-block-heading has-text-align-center has-blush-light-purple-gradient-background has-background\"><a href=\"https:\/\/www.facebook.com\/gabrielalopes.gabrielalopes\/photos?locale=pt_BR\" title=\"Facebook\">Facebook<\/a><\/h4>\n<\/div>\n<\/div>\n\n\n\n<p><a href=\"https:\/\/jornalrol.com.br\/\" title=\"Voltar\">Voltar<\/a><\/p>\n\n\n\n<p><a href=\"https:\/\/www.facebook.com\/JCulturalRol\/\" title=\"Facebook\">Facebook<\/a><\/p>\n","protected":false},"excerpt":{"rendered":"<p>\u201cO poema \u2018Esperan\u00e7ar \u00e9 um Grito nosso\u2019 surgiu como uma proposta de campanha em favor da esperan\u00e7a. Nasceu de um momento de inquieta\u00e7\u00e3o e profunda reflex\u00e3o&#8230; <\/p>\n","protected":false},"author":31,"featured_media":67844,"comment_status":"open","ping_status":"closed","sticky":false,"template":"","format":"standard","meta":{"_jetpack_newsletter_access":"","_jetpack_dont_email_post_to_subs":false,"_jetpack_newsletter_tier_id":0,"_jetpack_memberships_contains_paywalled_content":false,"_jetpack_memberships_contains_paid_content":false,"footnotes":""},"categories":[9285,58],"tags":[1565,3433,12363,10559,6658],"class_list":["post-67841","post","type-post","status-publish","format-standard","has-post-thumbnail","hentry","category-literatura","category-poesias","tag-campanha","tag-esperanca","tag-esperancar-e-um-grito-nosso","tag-mundo","tag-paz"],"aioseo_notices":[],"views":823,"jetpack_featured_media_url":"http:\/\/jornalrol.com.br\/wp-content\/uploads\/2024\/06\/OIG3.j8N6TKqYQKPi.jpeg","jetpack_sharing_enabled":true,"jetpack_likes_enabled":true,"jetpack-related-posts":[{"id":40747,"url":"http:\/\/jornalrol.com.br\/?p=40747","url_meta":{"origin":67841,"position":0},"title":"Gabriela Lopes: &#039;Solidariedade&#039;","author":"Gabriela Lopes dos Santos","date":"17 de maio de 2021","format":false,"excerpt":"Solidariedade A cada dia que vivo mais tenho certeza Que o amor cura. Desconcerta o bruto. Joga luz no oculto. Traceja estradas que antes n\u00e3o existiam. Repete-se por meio dos notici\u00e1rios a falta de amor e solidariedade, afinal, o foco da not\u00edcia a maioria das vezes \u00e9 a trag\u00e9dia humana,\u2026","rel":"","context":"Em &quot;Comunica\u00e7\u00e3o&quot;","block_context":{"text":"Comunica\u00e7\u00e3o","link":"http:\/\/jornalrol.com.br\/?cat=7"},"img":{"alt_text":"","src":"https:\/\/i0.wp.com\/www.jornalrol.com.br\/wp-content\/uploads\/2021\/04\/WhatsApp-Image-2021-04-19-at-12.13.01-150x150.jpeg?resize=350%2C200","width":350,"height":200},"classes":[]},{"id":52572,"url":"http:\/\/jornalrol.com.br\/?p=52572","url_meta":{"origin":67841,"position":1},"title":"Ivete Rosa de Souza: &#039;Ecos e gritos&#039;","author":"Ivete Rosa de Souza","date":"7 de novembro de 2022","format":false,"excerpt":"Ecos e gritos Preso em meu peito existe um eco Que repete constante o mesmo grito Uma esperan\u00e7a desvalida e triste Instalada minha alma, meu esp\u00edrito \u00a0 A dor comanda um farejar sem sonho Um pulular de dores incertas destrutivas Uivando nesses la\u00e7os que componho como lobas, feras doidivanas fugitivas\u2026","rel":"","context":"Em &quot;Comunica\u00e7\u00e3o&quot;","block_context":{"text":"Comunica\u00e7\u00e3o","link":"http:\/\/jornalrol.com.br\/?cat=7"},"img":{"alt_text":"","src":"https:\/\/i0.wp.com\/jornalrol.com.br\/wp-content\/uploads\/2022\/10\/24347a66-6eb5-4415-bdec-ba675151ace6-1-150x150.jpg?resize=350%2C200","width":350,"height":200},"classes":[]},{"id":39211,"url":"http:\/\/jornalrol.com.br\/?p=39211","url_meta":{"origin":67841,"position":2},"title":"Gabriela Lopes: &#039;Sobre acreditar no ser humano&#039;","author":"Gabriela Lopes dos Santos","date":"2 de abril de 2021","format":false,"excerpt":"Sobre acreditar no ser humano Vejo s\u00faplicas de miseric\u00f3rdia a Deus, que Ele tenha compaix\u00e3o da humanidade. Vejo clamores diversos... Sei tamb\u00e9m que existem in\u00fameros credos nas v\u00e1rias na\u00e7\u00f5es. Mas todas acreditam na prote\u00e7\u00e3o de um ser superior. Sim... Fr\u00e1geis criaturas somos, sedentos por amparo. Entretanto, tem algo muito errado...\u2026","rel":"","context":"Em &quot;Comunica\u00e7\u00e3o&quot;","block_context":{"text":"Comunica\u00e7\u00e3o","link":"http:\/\/jornalrol.com.br\/?cat=7"},"img":{"alt_text":"","src":"https:\/\/i0.wp.com\/www.jornalrol.com.br\/wp-content\/uploads\/2021\/03\/46393268_2361468247215250_411695378648268800_n-150x150.jpg?resize=350%2C200","width":350,"height":200},"classes":[]},{"id":67077,"url":"http:\/\/jornalrol.com.br\/?p=67077","url_meta":{"origin":67841,"position":3},"title":"Neste mar&#8230;","author":"Carla Pimenta","date":"1 de junho de 2024","format":false,"excerpt":"Mergulho na branca espuma do mar, no grito desesperado de t\u2019encontrar. Sou a onda rebelde e fugitiva que renega um querer t\u2019abra\u00e7ar, neste mar inquieto e...","rel":"","context":"Em &quot;Literatura&quot;","block_context":{"text":"Literatura","link":"http:\/\/jornalrol.com.br\/?cat=9285"},"img":{"alt_text":"Praia de Santa Cruz, Torres Vedras, Portugal. \u00a0Foto de Jo\u00e3o Victor Melo","src":"https:\/\/i0.wp.com\/jornalrol.com.br\/wp-content\/uploads\/2024\/06\/unnamed.jpg?resize=350%2C200","width":350,"height":200,"srcset":"https:\/\/i0.wp.com\/jornalrol.com.br\/wp-content\/uploads\/2024\/06\/unnamed.jpg?resize=350%2C200 1x, https:\/\/i0.wp.com\/jornalrol.com.br\/wp-content\/uploads\/2024\/06\/unnamed.jpg?resize=525%2C300 1.5x, https:\/\/i0.wp.com\/jornalrol.com.br\/wp-content\/uploads\/2024\/06\/unnamed.jpg?resize=700%2C400 2x, https:\/\/i0.wp.com\/jornalrol.com.br\/wp-content\/uploads\/2024\/06\/unnamed.jpg?resize=1050%2C600 3x"},"classes":[]},{"id":53388,"url":"http:\/\/jornalrol.com.br\/?p=53388","url_meta":{"origin":67841,"position":4},"title":"Gabriela Lopes entrevista Carlos Dias, o Poeta do Abba","author":"Gabriela Lopes dos Santos","date":"12 de janeiro de 2023","format":false,"excerpt":"\u00a0\"Poetizar \u00e9 espargir luz e amor atrav\u00e9s das letras. \u00c9 miss\u00e3o feita com mente e cora\u00e7\u00e3o. Envolve corpo, alma e esp\u00edrito. \u00c9 brisa, sussurro e grito!\u00a0Come\u00e7a aqui e vai at\u00e9 o infinito.\" (Carlos Dias-Poeta do Abba) Uma entrevista com Carlos Dias, o Poeta do Abba, diretamente de Feira de Santana\u2026","rel":"","context":"Em &quot;Comunica\u00e7\u00e3o&quot;","block_context":{"text":"Comunica\u00e7\u00e3o","link":"http:\/\/jornalrol.com.br\/?cat=7"},"img":{"alt_text":"","src":"https:\/\/i0.wp.com\/jornalrol.com.br\/wp-content\/uploads\/2023\/01\/05d8a249-7d08-4eec-8ede-05017d6f1cde.jpg?resize=350%2C200","width":350,"height":200},"classes":[]},{"id":47313,"url":"http:\/\/jornalrol.com.br\/?p=47313","url_meta":{"origin":67841,"position":5},"title":"Gabriela Lopes: &#039;O Natal em 2021&#039;","author":"Gabriela Lopes dos Santos","date":"16 de dezembro de 2021","format":false,"excerpt":"O Natal em 2021 Falar com o cora\u00e7\u00e3o \u00e9 o dialeto da poesia. Sentimos intensamente E, assim, o papel recebe cascatas po\u00e9ticas. O Natal tamb\u00e9m \u00e9 poesia. Nele cabe o mundo. Em uma s\u00f3 consuma\u00e7\u00e3o, em um s\u00f3 nascimento. Eis o Cristo vindo ao mundo. O sentimento deste Natal \u00e9\u2026","rel":"","context":"Em &quot;Comunica\u00e7\u00e3o&quot;","block_context":{"text":"Comunica\u00e7\u00e3o","link":"http:\/\/jornalrol.com.br\/?cat=7"},"img":{"alt_text":"","src":"https:\/\/i0.wp.com\/www.jornalrol.com.br\/wp-content\/uploads\/2021\/04\/WhatsApp-Image-2021-04-19-at-12.13.01-181x300.jpeg?resize=350%2C200","width":350,"height":200},"classes":[]}],"_links":{"self":[{"href":"http:\/\/jornalrol.com.br\/index.php?rest_route=\/wp\/v2\/posts\/67841","targetHints":{"allow":["GET"]}}],"collection":[{"href":"http:\/\/jornalrol.com.br\/index.php?rest_route=\/wp\/v2\/posts"}],"about":[{"href":"http:\/\/jornalrol.com.br\/index.php?rest_route=\/wp\/v2\/types\/post"}],"author":[{"embeddable":true,"href":"http:\/\/jornalrol.com.br\/index.php?rest_route=\/wp\/v2\/users\/31"}],"replies":[{"embeddable":true,"href":"http:\/\/jornalrol.com.br\/index.php?rest_route=%2Fwp%2Fv2%2Fcomments&post=67841"}],"version-history":[{"count":2,"href":"http:\/\/jornalrol.com.br\/index.php?rest_route=\/wp\/v2\/posts\/67841\/revisions"}],"predecessor-version":[{"id":67846,"href":"http:\/\/jornalrol.com.br\/index.php?rest_route=\/wp\/v2\/posts\/67841\/revisions\/67846"}],"wp:featuredmedia":[{"embeddable":true,"href":"http:\/\/jornalrol.com.br\/index.php?rest_route=\/wp\/v2\/media\/67844"}],"wp:attachment":[{"href":"http:\/\/jornalrol.com.br\/index.php?rest_route=%2Fwp%2Fv2%2Fmedia&parent=67841"}],"wp:term":[{"taxonomy":"category","embeddable":true,"href":"http:\/\/jornalrol.com.br\/index.php?rest_route=%2Fwp%2Fv2%2Fcategories&post=67841"},{"taxonomy":"post_tag","embeddable":true,"href":"http:\/\/jornalrol.com.br\/index.php?rest_route=%2Fwp%2Fv2%2Ftags&post=67841"}],"curies":[{"name":"wp","href":"https:\/\/api.w.org\/{rel}","templated":true}]}}